{"id":60848,"date":"2019-03-02T08:23:38","date_gmt":"2019-03-02T11:23:38","guid":{"rendered":"https:\/\/www.blogsoestado.com\/danielmatos\/?p=60848"},"modified":"2019-03-02T08:23:38","modified_gmt":"2019-03-02T11:23:38","slug":"sao-luis-sera-sede-do-xxviio-torneio-de-futebol-society-do-ministerio-publico","status":"publish","type":"post","link":"https:\/\/www.blogsoestado.com\/danielmatos\/sao-luis-sera-sede-do-xxviio-torneio-de-futebol-society-do-ministerio-publico\/","title":{"rendered":"S\u00e3o Lu\u00eds ser\u00e1 sede do XXVIII Torneio de Futebol Society do Minist\u00e9rio P\u00fablico"},"content":{"rendered":"\n<figure class=\"wp-block-image\"><img decoding=\"async\" src=\"https:\/\/www.blogsoestado.com\/danielmatos\/files\/2019\/03\/foto_sede_ampem-1024x683.jpg\" alt=\"\" class=\"wp-image-60849\"\/><figcaption>Campo de futebol society da sede recreativa da Ampem, no Calhau<\/figcaption><\/figure>\n\n\n\n<p>A XVIII edi\u00e7\u00e3o do Torneio Nacional de Futebol Society do Minist\u00e9rio P\u00fablico deste ano ocorrer\u00e1 em S\u00e3o Lu\u00eds. O campeonato ser\u00e1 realizado pela Associa\u00e7\u00e3o do Minist\u00e9rio P\u00fablico do Estado do Maranh\u00e3o (AMPEM) e pela Associa\u00e7\u00e3o Nacional dos Membros do Minist\u00e9rio P\u00fablico (CONAMP) de 20 a 23 de junho. Participam apenas membros da institui\u00e7\u00e3o de todo o Brasil. A solenidade de abertura ser\u00e1 \u00e0s 8h do dia 20 de junho, na sede da AABB, localizada no bairro Ponta do Farol.<\/p>\n\n\n\n<p>As inscri\u00e7\u00f5es tiveram in\u00edcio nesta segunda-feira, 25 e seguem at\u00e9 01 de abril &nbsp;por meio do site: <a rel=\"noreferrer noopener\" href=\"http:\/\/www.ampem.org.br\/torneio\" target=\"_blank\">www.ampem.org.br\/<\/a><a href=\"http:\/\/www.ampem.org.br\/torneio\">torneio<\/a> Essa \u00e9 a segunda vez que a AMPEM sedia o campeonato nacional. A primeira foi em 2007.<\/p>\n\n\n\n<p>Estima-se que cerca de mil atletas, membros do Minist\u00e9rio P\u00fablico de todo o pa\u00eds, participar\u00e3o do evento nas categorias S\u00eanior, SuperMaster, Master e For\u00e7a Livre. As partidas ser\u00e3o disputadas na sede da AMPEM, da Associa\u00e7\u00e3o do Magistrados do Maranh\u00e3o (AMMA) e da Associa\u00e7\u00e3o Atl\u00e9tica Banco do Brasil (ABBB).<\/p>\n\n\n\n<p>Para o presidente da AMPEM, Tarc\u00edsio Bonfim, al\u00e9m de proporcionar o congra\u00e7amento de toda a classe es estimular a pr\u00e1tica do esporte, o torneio movimenta a economia da cidade, contribuindo, tamb\u00e9m, para o aquecimento do turismo local.\u00a0 <\/p>\n\n\n\n<p>A \u00faltima edi\u00e7\u00e3o do campeonato, realizada em novembro de 2018, aconteceu em Porto Alegre, Rio Grande de Sul com a participa\u00e7\u00e3o de\u00a0mais de 700 membros do Minist\u00e9rio P\u00fablico brasileiro e 600 familiares.<\/p>\n","protected":false},"excerpt":{"rendered":"<p>A XVIII edi\u00e7\u00e3o do Torneio Nacional de Futebol Society do Minist\u00e9rio P\u00fablico deste ano ocorrer\u00e1 em S\u00e3o Lu\u00eds. O campeonato [&hellip;]<\/p>\n","protected":false},"author":0,"featured_media":0,"comment_status":"open","ping_status":"open","sticky":false,"template":"","format":"standard","meta":{"site-sidebar-layout":"default","site-content-layout":"","ast-site-content-layout":"default","site-content-style":"default","site-sidebar-style":"default","ast-global-header-display":"","ast-banner-title-visibility":"","ast-main-header-display":"","ast-hfb-above-header-display":"","ast-hfb-below-header-display":"","ast-hfb-mobile-header-display":"","site-post-title":"","ast-breadcrumbs-content":"","ast-featured-img":"","footer-sml-layout":"","ast-disable-related-posts":"","theme-transparent-header-meta":"","adv-header-id-meta":"","stick-header-meta":"","header-above-stick-meta":"","header-main-stick-meta":"","header-below-stick-meta":"","astra-migrate-meta-layouts":"default","ast-page-background-enabled":"default","ast-page-background-meta":{"desktop":{"background-color":"var(--ast-global-color-5)","background-image":"","background-repeat":"repeat","background-position":"center center","background-size":"auto","background-attachment":"scroll","background-type":"","background-media":"","overlay-type":"","overlay-color":"","overlay-opacity":"","overlay-gradient":""},"tablet":{"background-color":"","background-image":"","background-repeat":"repeat","background-position":"center center","background-size":"auto","background-attachment":"scroll","background-type":"","background-media":"","overlay-type":"","overlay-color":"","overlay-opacity":"","overlay-gradient":""},"mobile":{"background-color":"","background-image":"","background-repeat":"repeat","background-position":"center center","background-size":"auto","background-attachment":"scroll","background-type":"","background-media":"","overlay-type":"","overlay-color":"","overlay-opacity":"","overlay-gradient":""}},"ast-content-background-meta":{"desktop":{"background-color":"var(--ast-global-color-4)","background-image":"","background-repeat":"repeat","background-position":"center center","background-size":"auto","background-attachment":"scroll","background-type":"","background-media":"","overlay-type":"","overlay-color":"","overlay-opacity":"","overlay-gradient":""},"tablet":{"background-color":"var(--ast-global-color-4)","background-image":"","background-repeat":"repeat","background-position":"center center","background-size":"auto","background-attachment":"scroll","background-type":"","background-media":"","overlay-type":"","overlay-color":"","overlay-opacity":"","overlay-gradient":""},"mobile":{"background-color":"var(--ast-global-color-4)","background-image":"","background-repeat":"repeat","background-position":"center center","background-size":"auto","background-attachment":"scroll","background-type":"","background-media":"","overlay-type":"","overlay-color":"","overlay-opacity":"","overlay-gradient":""}},"footnotes":""},"categories":[1],"tags":[],"class_list":["post-60848","post","type-post","status-publish","format-standard","hentry","category-sem-categoria"],"yoast_head":"<!-- This site is optimized with the Yoast SEO plugin v26.6 - https:\/\/yoast.com\/wordpress\/plugins\/seo\/ -->\n<title>S\u00e3o Lu\u00eds ser\u00e1 sede do XXVIII Torneio de Futebol Society do Minist\u00e9rio P\u00fablico - Daniel Matos<\/title>\n<meta name=\"robots\" content=\"index, follow, max-snippet:-1, max-image-preview:large, max-video-preview:-1\" \/>\n<link rel=\"canonical\" href=\"https:\/\/www.blogsoestado.com\/danielmatos\/sao-luis-sera-sede-do-xxviio-torneio-de-futebol-society-do-ministerio-publico\/\" \/>\n<meta property=\"og:locale\" content=\"pt_BR\" \/>\n<meta property=\"og:type\" content=\"article\" \/>\n<meta property=\"og:title\" content=\"S\u00e3o Lu\u00eds ser\u00e1 sede do XXVIII Torneio de Futebol Society do Minist\u00e9rio P\u00fablico - Daniel Matos\" \/>\n<meta property=\"og:description\" content=\"A XVIII edi\u00e7\u00e3o do Torneio Nacional de Futebol Society do Minist\u00e9rio P\u00fablico deste ano ocorrer\u00e1 em S\u00e3o Lu\u00eds. O campeonato [&hellip;]\" \/>\n<meta property=\"og:url\" content=\"https:\/\/www.blogsoestado.com\/danielmatos\/sao-luis-sera-sede-do-xxviio-torneio-de-futebol-society-do-ministerio-publico\/\" \/>\n<meta property=\"og:site_name\" content=\"Daniel Matos\" \/>\n<meta property=\"article:published_time\" content=\"2019-03-02T11:23:38+00:00\" \/>\n<meta property=\"og:image\" content=\"https:\/\/www.blogsoestado.com\/danielmatos\/files\/2019\/03\/foto_sede_ampem-1024x683.jpg\" \/>\n<meta name=\"twitter:card\" content=\"summary_large_image\" \/>\n<meta name=\"twitter:label1\" content=\"Est. tempo de leitura\" \/>\n\t<meta name=\"twitter:data1\" content=\"1 minuto\" \/>\n<script type=\"application\/ld+json\" class=\"yoast-schema-graph\">{\"@context\":\"https:\/\/schema.org\",\"@graph\":[{\"@type\":\"WebPage\",\"@id\":\"https:\/\/www.blogsoestado.com\/danielmatos\/sao-luis-sera-sede-do-xxviio-torneio-de-futebol-society-do-ministerio-publico\/\",\"url\":\"https:\/\/www.blogsoestado.com\/danielmatos\/sao-luis-sera-sede-do-xxviio-torneio-de-futebol-society-do-ministerio-publico\/\",\"name\":\"S\u00e3o Lu\u00eds ser\u00e1 sede do XXVIII Torneio de Futebol Society do Minist\u00e9rio P\u00fablico - Daniel Matos\",\"isPartOf\":{\"@id\":\"https:\/\/www.blogsoestado.com\/danielmatos\/#website\"},\"primaryImageOfPage\":{\"@id\":\"https:\/\/www.blogsoestado.com\/danielmatos\/sao-luis-sera-sede-do-xxviio-torneio-de-futebol-society-do-ministerio-publico\/#primaryimage\"},\"image\":{\"@id\":\"https:\/\/www.blogsoestado.com\/danielmatos\/sao-luis-sera-sede-do-xxviio-torneio-de-futebol-society-do-ministerio-publico\/#primaryimage\"},\"thumbnailUrl\":\"https:\/\/www.blogsoestado.com\/danielmatos\/files\/2019\/03\/foto_sede_ampem-1024x683.jpg\",\"datePublished\":\"2019-03-02T11:23:38+00:00\",\"author\":{\"@id\":\"\"},\"breadcrumb\":{\"@id\":\"https:\/\/www.blogsoestado.com\/danielmatos\/sao-luis-sera-sede-do-xxviio-torneio-de-futebol-society-do-ministerio-publico\/#breadcrumb\"},\"inLanguage\":\"pt-BR\",\"potentialAction\":[{\"@type\":\"ReadAction\",\"target\":[\"https:\/\/www.blogsoestado.com\/danielmatos\/sao-luis-sera-sede-do-xxviio-torneio-de-futebol-society-do-ministerio-publico\/\"]}]},{\"@type\":\"ImageObject\",\"inLanguage\":\"pt-BR\",\"@id\":\"https:\/\/www.blogsoestado.com\/danielmatos\/sao-luis-sera-sede-do-xxviio-torneio-de-futebol-society-do-ministerio-publico\/#primaryimage\",\"url\":\"https:\/\/www.blogsoestado.com\/danielmatos\/files\/2019\/03\/foto_sede_ampem-1024x683.jpg\",\"contentUrl\":\"https:\/\/www.blogsoestado.com\/danielmatos\/files\/2019\/03\/foto_sede_ampem-1024x683.jpg\"},{\"@type\":\"BreadcrumbList\",\"@id\":\"https:\/\/www.blogsoestado.com\/danielmatos\/sao-luis-sera-sede-do-xxviio-torneio-de-futebol-society-do-ministerio-publico\/#breadcrumb\",\"itemListElement\":[{\"@type\":\"ListItem\",\"position\":1,\"name\":\"In\u00edcio\",\"item\":\"https:\/\/www.blogsoestado.com\/danielmatos\/\"},{\"@type\":\"ListItem\",\"position\":2,\"name\":\"S\u00e3o Lu\u00eds ser\u00e1 sede do XXVIII Torneio de Futebol Society do Minist\u00e9rio P\u00fablico\"}]},{\"@type\":\"WebSite\",\"@id\":\"https:\/\/www.blogsoestado.com\/danielmatos\/#website\",\"url\":\"https:\/\/www.blogsoestado.com\/danielmatos\/\",\"name\":\"Daniel Matos\",\"description\":\"\",\"potentialAction\":[{\"@type\":\"SearchAction\",\"target\":{\"@type\":\"EntryPoint\",\"urlTemplate\":\"https:\/\/www.blogsoestado.com\/danielmatos\/?s={search_term_string}\"},\"query-input\":{\"@type\":\"PropertyValueSpecification\",\"valueRequired\":true,\"valueName\":\"search_term_string\"}}],\"inLanguage\":\"pt-BR\"}]}<\/script>\n<!-- \/ Yoast SEO plugin. -->","yoast_head_json":{"title":"S\u00e3o Lu\u00eds ser\u00e1 sede do XXVIII Torneio de Futebol Society do Minist\u00e9rio P\u00fablico - Daniel Matos","robots":{"index":"index","follow":"follow","max-snippet":"max-snippet:-1","max-image-preview":"max-image-preview:large","max-video-preview":"max-video-preview:-1"},"canonical":"https:\/\/www.blogsoestado.com\/danielmatos\/sao-luis-sera-sede-do-xxviio-torneio-de-futebol-society-do-ministerio-publico\/","og_locale":"pt_BR","og_type":"article","og_title":"S\u00e3o Lu\u00eds ser\u00e1 sede do XXVIII Torneio de Futebol Society do Minist\u00e9rio P\u00fablico - Daniel Matos","og_description":"A XVIII edi\u00e7\u00e3o do Torneio Nacional de Futebol Society do Minist\u00e9rio P\u00fablico deste ano ocorrer\u00e1 em S\u00e3o Lu\u00eds. O campeonato [&hellip;]","og_url":"https:\/\/www.blogsoestado.com\/danielmatos\/sao-luis-sera-sede-do-xxviio-torneio-de-futebol-society-do-ministerio-publico\/","og_site_name":"Daniel Matos","article_published_time":"2019-03-02T11:23:38+00:00","og_image":[{"url":"https:\/\/www.blogsoestado.com\/danielmatos\/files\/2019\/03\/foto_sede_ampem-1024x683.jpg","type":"","width":"","height":""}],"twitter_card":"summary_large_image","twitter_misc":{"Est. tempo de leitura":"1 minuto"},"schema":{"@context":"https:\/\/schema.org","@graph":[{"@type":"WebPage","@id":"https:\/\/www.blogsoestado.com\/danielmatos\/sao-luis-sera-sede-do-xxviio-torneio-de-futebol-society-do-ministerio-publico\/","url":"https:\/\/www.blogsoestado.com\/danielmatos\/sao-luis-sera-sede-do-xxviio-torneio-de-futebol-society-do-ministerio-publico\/","name":"S\u00e3o Lu\u00eds ser\u00e1 sede do XXVIII Torneio de Futebol Society do Minist\u00e9rio P\u00fablico - Daniel Matos","isPartOf":{"@id":"https:\/\/www.blogsoestado.com\/danielmatos\/#website"},"primaryImageOfPage":{"@id":"https:\/\/www.blogsoestado.com\/danielmatos\/sao-luis-sera-sede-do-xxviio-torneio-de-futebol-society-do-ministerio-publico\/#primaryimage"},"image":{"@id":"https:\/\/www.blogsoestado.com\/danielmatos\/sao-luis-sera-sede-do-xxviio-torneio-de-futebol-society-do-ministerio-publico\/#primaryimage"},"thumbnailUrl":"https:\/\/www.blogsoestado.com\/danielmatos\/files\/2019\/03\/foto_sede_ampem-1024x683.jpg","datePublished":"2019-03-02T11:23:38+00:00","author":{"@id":""},"breadcrumb":{"@id":"https:\/\/www.blogsoestado.com\/danielmatos\/sao-luis-sera-sede-do-xxviio-torneio-de-futebol-society-do-ministerio-publico\/#breadcrumb"},"inLanguage":"pt-BR","potentialAction":[{"@type":"ReadAction","target":["https:\/\/www.blogsoestado.com\/danielmatos\/sao-luis-sera-sede-do-xxviio-torneio-de-futebol-society-do-ministerio-publico\/"]}]},{"@type":"ImageObject","inLanguage":"pt-BR","@id":"https:\/\/www.blogsoestado.com\/danielmatos\/sao-luis-sera-sede-do-xxviio-torneio-de-futebol-society-do-ministerio-publico\/#primaryimage","url":"https:\/\/www.blogsoestado.com\/danielmatos\/files\/2019\/03\/foto_sede_ampem-1024x683.jpg","contentUrl":"https:\/\/www.blogsoestado.com\/danielmatos\/files\/2019\/03\/foto_sede_ampem-1024x683.jpg"},{"@type":"BreadcrumbList","@id":"https:\/\/www.blogsoestado.com\/danielmatos\/sao-luis-sera-sede-do-xxviio-torneio-de-futebol-society-do-ministerio-publico\/#breadcrumb","itemListElement":[{"@type":"ListItem","position":1,"name":"In\u00edcio","item":"https:\/\/www.blogsoestado.com\/danielmatos\/"},{"@type":"ListItem","position":2,"name":"S\u00e3o Lu\u00eds ser\u00e1 sede do XXVIII Torneio de Futebol Society do Minist\u00e9rio P\u00fablico"}]},{"@type":"WebSite","@id":"https:\/\/www.blogsoestado.com\/danielmatos\/#website","url":"https:\/\/www.blogsoestado.com\/danielmatos\/","name":"Daniel Matos","description":"","potentialAction":[{"@type":"SearchAction","target":{"@type":"EntryPoint","urlTemplate":"https:\/\/www.blogsoestado.com\/danielmatos\/?s={search_term_string}"},"query-input":{"@type":"PropertyValueSpecification","valueRequired":true,"valueName":"search_term_string"}}],"inLanguage":"pt-BR"}]}},"jetpack_featured_media_url":"","_links":{"self":[{"href":"https:\/\/www.blogsoestado.com\/danielmatos\/wp-json\/wp\/v2\/posts\/60848","targetHints":{"allow":["GET"]}}],"collection":[{"href":"https:\/\/www.blogsoestado.com\/danielmatos\/wp-json\/wp\/v2\/posts"}],"about":[{"href":"https:\/\/www.blogsoestado.com\/danielmatos\/wp-json\/wp\/v2\/types\/post"}],"replies":[{"embeddable":true,"href":"https:\/\/www.blogsoestado.com\/danielmatos\/wp-json\/wp\/v2\/comments?post=60848"}],"version-history":[{"count":0,"href":"https:\/\/www.blogsoestado.com\/danielmatos\/wp-json\/wp\/v2\/posts\/60848\/revisions"}],"wp:attachment":[{"href":"https:\/\/www.blogsoestado.com\/danielmatos\/wp-json\/wp\/v2\/media?parent=60848"}],"wp:term":[{"taxonomy":"category","embeddable":true,"href":"https:\/\/www.blogsoestado.com\/danielmatos\/wp-json\/wp\/v2\/categories?post=60848"},{"taxonomy":"post_tag","embeddable":true,"href":"https:\/\/www.blogsoestado.com\/danielmatos\/wp-json\/wp\/v2\/tags?post=60848"}],"curies":[{"name":"wp","href":"https:\/\/api.w.org\/{rel}","templated":true}]}}