{"id":60853,"date":"2019-03-03T11:24:45","date_gmt":"2019-03-03T14:24:45","guid":{"rendered":"https:\/\/www.blogsoestado.com\/danielmatos\/?p=60853"},"modified":"2019-03-03T11:24:45","modified_gmt":"2019-03-03T14:24:45","slug":"prefeitura-e-carnaval-combinam-ou-nao-combinam","status":"publish","type":"post","link":"https:\/\/www.blogsoestado.com\/danielmatos\/prefeitura-e-carnaval-combinam-ou-nao-combinam\/","title":{"rendered":"Prefeitura e Carnaval combinam, ou n\u00e3o combinam?"},"content":{"rendered":"\n<p><strong>Coluna do Adriano<\/strong><\/p>\n\n\n\n<div class=\"wp-block-image\"><figure class=\"alignright\"><img decoding=\"async\" src=\"https:\/\/www.blogsoestado.com\/danielmatos\/files\/2019\/03\/adriano-carnaval.jpg\" alt=\"\" class=\"wp-image-60854\"\/><figcaption>Adriano: &#8220;ao cidad\u00e3o n\u00e3o \u00e9 permitido saber onde est\u00e3o sendo gastos os recursos p\u00fablicos&#8221; <\/figcaption><\/figure><\/div>\n\n\n\n<p>Estamos oficialmente no Carnaval. Um evento que, para os mais atentos, transcende o status de uma simples festa. O reinado de Momo, quando \u00e9 bem administrado, quando \u00e9 fruto de uma pol\u00edtica de cultura respons\u00e1vel e comprometida com o desenvolvimento da cidade, traz como consequ\u00eancia muitos benef\u00edcios como gera\u00e7\u00e3o de emprego e renda, atra\u00e7\u00e3o de investimentos em infraestrutura, fortalecimento do setor de turismo e, claro, felicidade para a popula\u00e7\u00e3o. Este seria o cen\u00e1rio ideal. Entretanto, passei os \u00faltimos tempos pesquisando e avaliando a folia em nossa capital para chegar \u00e0 conclus\u00e3o insalubre de que, aos poucos, ele est\u00e1 sendo abandonado pela Prefeitura de S\u00e3o Lu\u00eds.<\/p>\n\n\n\n<p>Provavelmente S\u00e3o Lu\u00eds viveu seu \u00faltimo Carnaval sob apoio intenso e participativo da Prefeitura de S\u00e3o Lu\u00eds ainda em 2012. De l\u00e1 para c\u00e1, com a elei\u00e7\u00e3o de Edivaldo Holanda Jr, o que se viu foi a decad\u00eancia de uma de nossas maiores manifesta\u00e7\u00f5es populares. Decl\u00ednio causado pelo total desinteresse do prefeito.<\/p>\n\n\n\n<p>Alguns dizem que sua escolha pelo abandono se d\u00e1 por raz\u00f5es religiosas. Acredito que, pelo menos pessoalmente, o prefeito tem o direito de n\u00e3o gostar do Carnaval. No entanto, como homem p\u00fablico ele n\u00e3o poderia eximir a Prefeitura de suas obriga\u00e7\u00f5es.<\/p>\n\n\n\n<p>Ali\u00e1s, a falta de empenho da Prefeitura em patrocinar o Carnaval contrasta com gastos milion\u00e1rios. Eu e minha equipe tentamos na \u00faltima semana saber quanto gasta a Prefeitura no Carnaval. Para nossa surpresa descobrimos que s\u00e3o consumidos mais de R$ 4 milh\u00f5es, de uma previs\u00e3o de R$ 15 milh\u00f5es anuais, pela Secretaria de Cultura no per\u00edodo carnavalesco. Infelizmente n\u00e3o se tem como saber se esse dinheiro est\u00e1 sendo gasto na festa ou abastecendo contas de interesses diversos, pois o Portal da Transpar\u00eancia da Prefeitura de S\u00e3o Lu\u00eds \u00e9 ineficiente.<\/p>\n\n\n\n<p>Trocando em mi\u00fados: Ao cidad\u00e3o n\u00e3o \u00e9 permitido saber onde est\u00e3o sendo gastos os recursos p\u00fablicos. N\u00e3o podemos saber com clareza os gastos com aluguel de estrutura de palco, luz e som. Nem tampouco quanto cada brincadeira est\u00e1 recebendo e muito menos quanto \u00e9 designado ao custeio de eventos. Talvez esse seja o maior despaut\u00e9rio administrativo de S\u00e3o Lu\u00eds em toda sua hist\u00f3ria. Pretendo acionar o Minist\u00e9rio P\u00fablico para que esse descalabro seja investigado.<\/p>\n\n\n\n<p>Voltando ao Carnaval. A festa n\u00e3o pode ser penalizada pela inefici\u00eancia de nossos gestores. Ele n\u00e3o apenas poderia, mas deveria ser prioridade no calend\u00e1rio da Prefeitura de S\u00e3o Lu\u00eds. \u00c9 preciso ter em mente que uma festa bem organizada, limpa e segura \u00e9 obriga\u00e7\u00e3o do poder p\u00fablico para com os moradores de S\u00e3o Lu\u00eds.<\/p>\n\n\n\n<p>Proporcionar uma festa democr\u00e1tica e atrativa \u00e9 quest\u00e3o de obriga\u00e7\u00e3o. E isso poderia ser feito descentralizando os blocos de rua. Com o crescimento de S\u00e3o Lu\u00eds, a ideia de manter um \u00fanico circuito est\u00e1 ultrapassada. A folia deve ser incentivada n\u00e3o em apenas um bairro, mas nos quatro cantos da cidade. <\/p>\n\n\n\n<p>Resgatar o glamour dos festejos tradicionais no Centro Hist\u00f3rico com mais investimentos para as manifesta\u00e7\u00f5es culturais e, principalmente, a discuss\u00e3o de uma pol\u00edtica municipal de cultura com todos os segmentos da sociedade tamb\u00e9m se faz necess\u00e1rio.<\/p>\n\n\n\n<p>A pr\u00f3xima gest\u00e3o deve repensar o Carnaval, estabelecendo di\u00e1logo aberto e franco com todas as manifesta\u00e7\u00f5es, incluindo, o Conselho Municipal de Cultura, avan\u00e7ando para um modelo s\u00f3cio economicamente sustent\u00e1vel.<\/p>\n\n\n\n<p>Prefeitura e Carnaval devem combinar, n\u00e3o destoar.<\/p>\n\n\n\n<p>Assista ao v\u00eddeo:<\/p>\n\n\n\n<figure class=\"wp-block-embed-youtube wp-block-embed is-type-video is-provider-youtube wp-embed-aspect-16-9 wp-has-aspect-ratio\"><div class=\"wp-block-embed__wrapper\">\n<iframe title=\"PREFEITURA E CARNAVAL: COMBINAM OU N\u00c3O COMBINAM?\" width=\"500\" height=\"281\" src=\"https:\/\/www.youtube.com\/embed\/9vvxkD6XrtM?feature=oembed\" frameborder=\"0\" allow=\"accelerometer; autoplay; clipboard-write; encrypted-media; gyroscope; picture-in-picture; web-share\" referrerpolicy=\"strict-origin-when-cross-origin\" allowfullscreen><\/iframe>\n<\/div><\/figure>\n\n\n\n<p><strong>Adriano Sarney<\/strong><br> Deputado Estadual, Economista com p\u00f3s-gradua\u00e7\u00e3o pela Universit\u00e9 Paris (Sorbone, Fran\u00e7a) e em Gest\u00e3o pela Universidade Harvard.<br> Email: <a href=\"jadrianocs@post.harvard.edu\">jadrianocs@post.harvard.edu<\/a><br> Twitter: <a href=\"http:\/\/@AdrianoSarney\">@AdrianoSarney<\/a><br> Facebook: <a href=\"http:\/\/@adriano.sarney\">@adriano.sarney<\/a><br> Instagram: <a href=\"http:\/\/@adrianosarney\">@adrianosarney<\/a><\/p>\n","protected":false},"excerpt":{"rendered":"<p>Coluna do Adriano Estamos oficialmente no Carnaval. Um evento que, para os mais atentos, transcende o status de uma simples [&hellip;]<\/p>\n","protected":false},"author":0,"featured_media":0,"comment_status":"open","ping_status":"open","sticky":false,"template":"","format":"standard","meta":{"site-sidebar-layout":"default","site-content-layout":"","ast-site-content-layout":"default","site-content-style":"default","site-sidebar-style":"default","ast-global-header-display":"","ast-banner-title-visibility":"","ast-main-header-display":"","ast-hfb-above-header-display":"","ast-hfb-below-header-display":"","ast-hfb-mobile-header-display":"","site-post-title":"","ast-breadcrumbs-content":"","ast-featured-img":"","footer-sml-layout":"","ast-disable-related-posts":"","theme-transparent-header-meta":"","adv-header-id-meta":"","stick-header-meta":"","header-above-stick-meta":"","header-main-stick-meta":"","header-below-stick-meta":"","astra-migrate-meta-layouts":"default","ast-page-background-enabled":"default","ast-page-background-meta":{"desktop":{"background-color":"var(--ast-global-color-5)","background-image":"","background-repeat":"repeat","background-position":"center center","background-size":"auto","background-attachment":"scroll","background-type":"","background-media":"","overlay-type":"","overlay-color":"","overlay-opacity":"","overlay-gradient":""},"tablet":{"background-color":"","background-image":"","background-repeat":"repeat","background-position":"center center","background-size":"auto","background-attachment":"scroll","background-type":"","background-media":"","overlay-type":"","overlay-color":"","overlay-opacity":"","overlay-gradient":""},"mobile":{"background-color":"","background-image":"","background-repeat":"repeat","background-position":"center center","background-size":"auto","background-attachment":"scroll","background-type":"","background-media":"","overlay-type":"","overlay-color":"","overlay-opacity":"","overlay-gradient":""}},"ast-content-background-meta":{"desktop":{"background-color":"var(--ast-global-color-4)","background-image":"","background-repeat":"repeat","background-position":"center center","background-size":"auto","background-attachment":"scroll","background-type":"","background-media":"","overlay-type":"","overlay-color":"","overlay-opacity":"","overlay-gradient":""},"tablet":{"background-color":"var(--ast-global-color-4)","background-image":"","background-repeat":"repeat","background-position":"center center","background-size":"auto","background-attachment":"scroll","background-type":"","background-media":"","overlay-type":"","overlay-color":"","overlay-opacity":"","overlay-gradient":""},"mobile":{"background-color":"var(--ast-global-color-4)","background-image":"","background-repeat":"repeat","background-position":"center center","background-size":"auto","background-attachment":"scroll","background-type":"","background-media":"","overlay-type":"","overlay-color":"","overlay-opacity":"","overlay-gradient":""}},"footnotes":""},"categories":[1],"tags":[],"class_list":["post-60853","post","type-post","status-publish","format-standard","hentry","category-sem-categoria"],"yoast_head":"<!-- This site is optimized with the Yoast SEO plugin v26.6 - https:\/\/yoast.com\/wordpress\/plugins\/seo\/ -->\n<title>Prefeitura e Carnaval combinam, ou n\u00e3o combinam? - Daniel Matos<\/title>\n<meta name=\"robots\" content=\"index, follow, max-snippet:-1, max-image-preview:large, max-video-preview:-1\" \/>\n<link rel=\"canonical\" href=\"https:\/\/www.blogsoestado.com\/danielmatos\/prefeitura-e-carnaval-combinam-ou-nao-combinam\/\" \/>\n<meta property=\"og:locale\" content=\"pt_BR\" \/>\n<meta property=\"og:type\" content=\"article\" \/>\n<meta property=\"og:title\" content=\"Prefeitura e Carnaval combinam, ou n\u00e3o combinam? - Daniel Matos\" \/>\n<meta property=\"og:description\" content=\"Coluna do Adriano Estamos oficialmente no Carnaval. Um evento que, para os mais atentos, transcende o status de uma simples [&hellip;]\" \/>\n<meta property=\"og:url\" content=\"https:\/\/www.blogsoestado.com\/danielmatos\/prefeitura-e-carnaval-combinam-ou-nao-combinam\/\" \/>\n<meta property=\"og:site_name\" content=\"Daniel Matos\" \/>\n<meta property=\"article:published_time\" content=\"2019-03-03T14:24:45+00:00\" \/>\n<meta property=\"og:image\" content=\"https:\/\/www.blogsoestado.com\/danielmatos\/files\/2019\/03\/adriano-carnaval.jpg\" \/>\n<meta name=\"twitter:card\" content=\"summary_large_image\" \/>\n<meta name=\"twitter:label1\" content=\"Est. tempo de leitura\" \/>\n\t<meta name=\"twitter:data1\" content=\"3 minutos\" \/>\n<script type=\"application\/ld+json\" class=\"yoast-schema-graph\">{\"@context\":\"https:\/\/schema.org\",\"@graph\":[{\"@type\":\"WebPage\",\"@id\":\"https:\/\/www.blogsoestado.com\/danielmatos\/prefeitura-e-carnaval-combinam-ou-nao-combinam\/\",\"url\":\"https:\/\/www.blogsoestado.com\/danielmatos\/prefeitura-e-carnaval-combinam-ou-nao-combinam\/\",\"name\":\"Prefeitura e Carnaval combinam, ou n\u00e3o combinam? - Daniel Matos\",\"isPartOf\":{\"@id\":\"https:\/\/www.blogsoestado.com\/danielmatos\/#website\"},\"primaryImageOfPage\":{\"@id\":\"https:\/\/www.blogsoestado.com\/danielmatos\/prefeitura-e-carnaval-combinam-ou-nao-combinam\/#primaryimage\"},\"image\":{\"@id\":\"https:\/\/www.blogsoestado.com\/danielmatos\/prefeitura-e-carnaval-combinam-ou-nao-combinam\/#primaryimage\"},\"thumbnailUrl\":\"https:\/\/www.blogsoestado.com\/danielmatos\/files\/2019\/03\/adriano-carnaval.jpg\",\"datePublished\":\"2019-03-03T14:24:45+00:00\",\"author\":{\"@id\":\"\"},\"breadcrumb\":{\"@id\":\"https:\/\/www.blogsoestado.com\/danielmatos\/prefeitura-e-carnaval-combinam-ou-nao-combinam\/#breadcrumb\"},\"inLanguage\":\"pt-BR\",\"potentialAction\":[{\"@type\":\"ReadAction\",\"target\":[\"https:\/\/www.blogsoestado.com\/danielmatos\/prefeitura-e-carnaval-combinam-ou-nao-combinam\/\"]}]},{\"@type\":\"ImageObject\",\"inLanguage\":\"pt-BR\",\"@id\":\"https:\/\/www.blogsoestado.com\/danielmatos\/prefeitura-e-carnaval-combinam-ou-nao-combinam\/#primaryimage\",\"url\":\"https:\/\/www.blogsoestado.com\/danielmatos\/files\/2019\/03\/adriano-carnaval.jpg\",\"contentUrl\":\"https:\/\/www.blogsoestado.com\/danielmatos\/files\/2019\/03\/adriano-carnaval.jpg\"},{\"@type\":\"BreadcrumbList\",\"@id\":\"https:\/\/www.blogsoestado.com\/danielmatos\/prefeitura-e-carnaval-combinam-ou-nao-combinam\/#breadcrumb\",\"itemListElement\":[{\"@type\":\"ListItem\",\"position\":1,\"name\":\"In\u00edcio\",\"item\":\"https:\/\/www.blogsoestado.com\/danielmatos\/\"},{\"@type\":\"ListItem\",\"position\":2,\"name\":\"Prefeitura e Carnaval combinam, ou n\u00e3o combinam?\"}]},{\"@type\":\"WebSite\",\"@id\":\"https:\/\/www.blogsoestado.com\/danielmatos\/#website\",\"url\":\"https:\/\/www.blogsoestado.com\/danielmatos\/\",\"name\":\"Daniel Matos\",\"description\":\"\",\"potentialAction\":[{\"@type\":\"SearchAction\",\"target\":{\"@type\":\"EntryPoint\",\"urlTemplate\":\"https:\/\/www.blogsoestado.com\/danielmatos\/?s={search_term_string}\"},\"query-input\":{\"@type\":\"PropertyValueSpecification\",\"valueRequired\":true,\"valueName\":\"search_term_string\"}}],\"inLanguage\":\"pt-BR\"}]}<\/script>\n<!-- \/ Yoast SEO plugin. -->","yoast_head_json":{"title":"Prefeitura e Carnaval combinam, ou n\u00e3o combinam? - Daniel Matos","robots":{"index":"index","follow":"follow","max-snippet":"max-snippet:-1","max-image-preview":"max-image-preview:large","max-video-preview":"max-video-preview:-1"},"canonical":"https:\/\/www.blogsoestado.com\/danielmatos\/prefeitura-e-carnaval-combinam-ou-nao-combinam\/","og_locale":"pt_BR","og_type":"article","og_title":"Prefeitura e Carnaval combinam, ou n\u00e3o combinam? - Daniel Matos","og_description":"Coluna do Adriano Estamos oficialmente no Carnaval. Um evento que, para os mais atentos, transcende o status de uma simples [&hellip;]","og_url":"https:\/\/www.blogsoestado.com\/danielmatos\/prefeitura-e-carnaval-combinam-ou-nao-combinam\/","og_site_name":"Daniel Matos","article_published_time":"2019-03-03T14:24:45+00:00","og_image":[{"url":"https:\/\/www.blogsoestado.com\/danielmatos\/files\/2019\/03\/adriano-carnaval.jpg","type":"","width":"","height":""}],"twitter_card":"summary_large_image","twitter_misc":{"Est. tempo de leitura":"3 minutos"},"schema":{"@context":"https:\/\/schema.org","@graph":[{"@type":"WebPage","@id":"https:\/\/www.blogsoestado.com\/danielmatos\/prefeitura-e-carnaval-combinam-ou-nao-combinam\/","url":"https:\/\/www.blogsoestado.com\/danielmatos\/prefeitura-e-carnaval-combinam-ou-nao-combinam\/","name":"Prefeitura e Carnaval combinam, ou n\u00e3o combinam? - Daniel Matos","isPartOf":{"@id":"https:\/\/www.blogsoestado.com\/danielmatos\/#website"},"primaryImageOfPage":{"@id":"https:\/\/www.blogsoestado.com\/danielmatos\/prefeitura-e-carnaval-combinam-ou-nao-combinam\/#primaryimage"},"image":{"@id":"https:\/\/www.blogsoestado.com\/danielmatos\/prefeitura-e-carnaval-combinam-ou-nao-combinam\/#primaryimage"},"thumbnailUrl":"https:\/\/www.blogsoestado.com\/danielmatos\/files\/2019\/03\/adriano-carnaval.jpg","datePublished":"2019-03-03T14:24:45+00:00","author":{"@id":""},"breadcrumb":{"@id":"https:\/\/www.blogsoestado.com\/danielmatos\/prefeitura-e-carnaval-combinam-ou-nao-combinam\/#breadcrumb"},"inLanguage":"pt-BR","potentialAction":[{"@type":"ReadAction","target":["https:\/\/www.blogsoestado.com\/danielmatos\/prefeitura-e-carnaval-combinam-ou-nao-combinam\/"]}]},{"@type":"ImageObject","inLanguage":"pt-BR","@id":"https:\/\/www.blogsoestado.com\/danielmatos\/prefeitura-e-carnaval-combinam-ou-nao-combinam\/#primaryimage","url":"https:\/\/www.blogsoestado.com\/danielmatos\/files\/2019\/03\/adriano-carnaval.jpg","contentUrl":"https:\/\/www.blogsoestado.com\/danielmatos\/files\/2019\/03\/adriano-carnaval.jpg"},{"@type":"BreadcrumbList","@id":"https:\/\/www.blogsoestado.com\/danielmatos\/prefeitura-e-carnaval-combinam-ou-nao-combinam\/#breadcrumb","itemListElement":[{"@type":"ListItem","position":1,"name":"In\u00edcio","item":"https:\/\/www.blogsoestado.com\/danielmatos\/"},{"@type":"ListItem","position":2,"name":"Prefeitura e Carnaval combinam, ou n\u00e3o combinam?"}]},{"@type":"WebSite","@id":"https:\/\/www.blogsoestado.com\/danielmatos\/#website","url":"https:\/\/www.blogsoestado.com\/danielmatos\/","name":"Daniel Matos","description":"","potentialAction":[{"@type":"SearchAction","target":{"@type":"EntryPoint","urlTemplate":"https:\/\/www.blogsoestado.com\/danielmatos\/?s={search_term_string}"},"query-input":{"@type":"PropertyValueSpecification","valueRequired":true,"valueName":"search_term_string"}}],"inLanguage":"pt-BR"}]}},"jetpack_featured_media_url":"","_links":{"self":[{"href":"https:\/\/www.blogsoestado.com\/danielmatos\/wp-json\/wp\/v2\/posts\/60853","targetHints":{"allow":["GET"]}}],"collection":[{"href":"https:\/\/www.blogsoestado.com\/danielmatos\/wp-json\/wp\/v2\/posts"}],"about":[{"href":"https:\/\/www.blogsoestado.com\/danielmatos\/wp-json\/wp\/v2\/types\/post"}],"replies":[{"embeddable":true,"href":"https:\/\/www.blogsoestado.com\/danielmatos\/wp-json\/wp\/v2\/comments?post=60853"}],"version-history":[{"count":0,"href":"https:\/\/www.blogsoestado.com\/danielmatos\/wp-json\/wp\/v2\/posts\/60853\/revisions"}],"wp:attachment":[{"href":"https:\/\/www.blogsoestado.com\/danielmatos\/wp-json\/wp\/v2\/media?parent=60853"}],"wp:term":[{"taxonomy":"category","embeddable":true,"href":"https:\/\/www.blogsoestado.com\/danielmatos\/wp-json\/wp\/v2\/categories?post=60853"},{"taxonomy":"post_tag","embeddable":true,"href":"https:\/\/www.blogsoestado.com\/danielmatos\/wp-json\/wp\/v2\/tags?post=60853"}],"curies":[{"name":"wp","href":"https:\/\/api.w.org\/{rel}","templated":true}]}}