{"id":60857,"date":"2019-03-03T17:54:53","date_gmt":"2019-03-03T20:54:53","guid":{"rendered":"https:\/\/www.blogsoestado.com\/danielmatos\/?p=60857"},"modified":"2019-03-03T17:54:53","modified_gmt":"2019-03-03T20:54:53","slug":"onibus-e-atacado-em-rodovia-em-santa-ines-seguranca-reage-a-tiros-e-motorista-quase-leva-balaco-na-cabeca","status":"publish","type":"post","link":"https:\/\/www.blogsoestado.com\/danielmatos\/onibus-e-atacado-em-rodovia-em-santa-ines-seguranca-reage-a-tiros-e-motorista-quase-leva-balaco-na-cabeca\/","title":{"rendered":"\u00d4nibus \u00e9 atacado em rodovia, em Santa In\u00eas, seguran\u00e7a reage a tiros e motorista quase leva bala\u00e7o na cabe\u00e7a"},"content":{"rendered":"\n<figure class=\"wp-block-image\"><img decoding=\"async\" src=\"https:\/\/www.blogsoestado.com\/danielmatos\/files\/2019\/03\/IMG-20190303-WA0173-1024x768.jpg\" alt=\"\" class=\"wp-image-60859\"\/><figcaption>Para-brisas dianteiro do \u00f4nibus ficou crivado de balas<\/figcaption><\/figure>\n\n\n\n<p>Cinco homens tentaram assaltar, ontem, no trecho de rodovia entre Santa In\u00eas e Santa Luzia, um \u00f4nibus de transporte intermunicipal de passageiros, da empresa Sat\u00e9lite Norte, e quase alvejaram o motorista na cabe\u00e7a. O crime s\u00f3 n\u00e3o foi concretizado por causa da interven\u00e7\u00e3o de um seguran\u00e7a, que reagiu a tiros quando os bandidos tentaram interceptar o ve\u00edculo.<\/p>\n\n\n\n<p>Segundo relato de uma testemunha, um homem atravessou a estrada puxando um jegue por uma corda. Ao avistar o desconhecido e o animal na pista, o motorista reduziu a velocidade para n\u00e3o atropel\u00e1-los. Nesse momento, outros quatro homens sa\u00edram de dentro do matagal que cobre o acostamento, um deles armado.<\/p>\n\n\n\n<p>Atento, o seguran\u00e7a sacou a arma e desferiu v\u00e1rios tiros na dire\u00e7\u00e3o do bando, afugentando os ladr\u00f5es. O bandido que estava armado atirou na dire\u00e7\u00e3o do motorista. A bala perfurou o para-brisas e passou a poucos cent\u00edmetros da cabe\u00e7a do condutor. O proj\u00e9til tamb\u00e9m atingiu a carenagem da cabine e alojou-se em uma gaveta.<\/p>\n\n\n\n<p>Por causa da viol\u00eancia nas rodovias maranhenses, empresas que fazem transporte interestadual e intermunicipal de passageiros passaram a contratar seguran\u00e7as particulares para acompanhar as viagens, dentro dos \u00f4nibus, medida que, dessa vez, evitou o pior. Assista:<\/p>\n\n\n\n<figure class=\"wp-block-embed-youtube wp-block-embed is-type-video is-provider-youtube wp-embed-aspect-4-3 wp-has-aspect-ratio\"><div class=\"wp-block-embed__wrapper\">\n<iframe title=\"Blog do Daniel Matos - \u00d4nibus atingido por bala no Maranh\u00e3o.\" width=\"500\" height=\"281\" src=\"https:\/\/www.youtube.com\/embed\/VSthfEvzASE?feature=oembed\" frameborder=\"0\" allow=\"accelerometer; autoplay; clipboard-write; encrypted-media; gyroscope; picture-in-picture; web-share\" referrerpolicy=\"strict-origin-when-cross-origin\" allowfullscreen><\/iframe>\n<\/div><\/figure>\n","protected":false},"excerpt":{"rendered":"<p>Cinco homens tentaram assaltar, ontem, no trecho de rodovia entre Santa In\u00eas e Santa Luzia, um \u00f4nibus de transporte intermunicipal [&hellip;]<\/p>\n","protected":false},"author":0,"featured_media":0,"comment_status":"open","ping_status":"open","sticky":false,"template":"","format":"standard","meta":{"site-sidebar-layout":"default","site-content-layout":"","ast-site-content-layout":"default","site-content-style":"default","site-sidebar-style":"default","ast-global-header-display":"","ast-banner-title-visibility":"","ast-main-header-display":"","ast-hfb-above-header-display":"","ast-hfb-below-header-display":"","ast-hfb-mobile-header-display":"","site-post-title":"","ast-breadcrumbs-content":"","ast-featured-img":"","footer-sml-layout":"","ast-disable-related-posts":"","theme-transparent-header-meta":"","adv-header-id-meta":"","stick-header-meta":"","header-above-stick-meta":"","header-main-stick-meta":"","header-below-stick-meta":"","astra-migrate-meta-layouts":"default","ast-page-background-enabled":"default","ast-page-background-meta":{"desktop":{"background-color":"var(--ast-global-color-5)","background-image":"","background-repeat":"repeat","background-position":"center center","background-size":"auto","background-attachment":"scroll","background-type":"","background-media":"","overlay-type":"","overlay-color":"","overlay-opacity":"","overlay-gradient":""},"tablet":{"background-color":"","background-image":"","background-repeat":"repeat","background-position":"center center","background-size":"auto","background-attachment":"scroll","background-type":"","background-media":"","overlay-type":"","overlay-color":"","overlay-opacity":"","overlay-gradient":""},"mobile":{"background-color":"","background-image":"","background-repeat":"repeat","background-position":"center center","background-size":"auto","background-attachment":"scroll","background-type":"","background-media":"","overlay-type":"","overlay-color":"","overlay-opacity":"","overlay-gradient":""}},"ast-content-background-meta":{"desktop":{"background-color":"var(--ast-global-color-4)","background-image":"","background-repeat":"repeat","background-position":"center center","background-size":"auto","background-attachment":"scroll","background-type":"","background-media":"","overlay-type":"","overlay-color":"","overlay-opacity":"","overlay-gradient":""},"tablet":{"background-color":"var(--ast-global-color-4)","background-image":"","background-repeat":"repeat","background-position":"center center","background-size":"auto","background-attachment":"scroll","background-type":"","background-media":"","overlay-type":"","overlay-color":"","overlay-opacity":"","overlay-gradient":""},"mobile":{"background-color":"var(--ast-global-color-4)","background-image":"","background-repeat":"repeat","background-position":"center center","background-size":"auto","background-attachment":"scroll","background-type":"","background-media":"","overlay-type":"","overlay-color":"","overlay-opacity":"","overlay-gradient":""}},"footnotes":""},"categories":[1],"tags":[],"class_list":["post-60857","post","type-post","status-publish","format-standard","hentry","category-sem-categoria"],"yoast_head":"<!-- This site is optimized with the Yoast SEO plugin v26.6 - https:\/\/yoast.com\/wordpress\/plugins\/seo\/ -->\n<title>\u00d4nibus \u00e9 atacado em rodovia, em Santa In\u00eas, seguran\u00e7a reage a tiros e motorista quase leva bala\u00e7o na cabe\u00e7a - Daniel Matos<\/title>\n<meta name=\"robots\" content=\"index, follow, max-snippet:-1, max-image-preview:large, max-video-preview:-1\" \/>\n<link rel=\"canonical\" href=\"https:\/\/www.blogsoestado.com\/danielmatos\/onibus-e-atacado-em-rodovia-em-santa-ines-seguranca-reage-a-tiros-e-motorista-quase-leva-balaco-na-cabeca\/\" \/>\n<meta property=\"og:locale\" content=\"pt_BR\" \/>\n<meta property=\"og:type\" content=\"article\" \/>\n<meta property=\"og:title\" content=\"\u00d4nibus \u00e9 atacado em rodovia, em Santa In\u00eas, seguran\u00e7a reage a tiros e motorista quase leva bala\u00e7o na cabe\u00e7a - Daniel Matos\" \/>\n<meta property=\"og:description\" content=\"Cinco homens tentaram assaltar, ontem, no trecho de rodovia entre Santa In\u00eas e Santa Luzia, um \u00f4nibus de transporte intermunicipal [&hellip;]\" \/>\n<meta property=\"og:url\" content=\"https:\/\/www.blogsoestado.com\/danielmatos\/onibus-e-atacado-em-rodovia-em-santa-ines-seguranca-reage-a-tiros-e-motorista-quase-leva-balaco-na-cabeca\/\" \/>\n<meta property=\"og:site_name\" content=\"Daniel Matos\" \/>\n<meta property=\"article:published_time\" content=\"2019-03-03T20:54:53+00:00\" \/>\n<meta property=\"og:image\" content=\"https:\/\/www.blogsoestado.com\/danielmatos\/files\/2019\/03\/IMG-20190303-WA0173-1024x768.jpg\" \/>\n<meta name=\"twitter:card\" content=\"summary_large_image\" \/>\n<meta name=\"twitter:label1\" content=\"Est. tempo de leitura\" \/>\n\t<meta name=\"twitter:data1\" content=\"1 minuto\" \/>\n<script type=\"application\/ld+json\" class=\"yoast-schema-graph\">{\"@context\":\"https:\/\/schema.org\",\"@graph\":[{\"@type\":\"WebPage\",\"@id\":\"https:\/\/www.blogsoestado.com\/danielmatos\/onibus-e-atacado-em-rodovia-em-santa-ines-seguranca-reage-a-tiros-e-motorista-quase-leva-balaco-na-cabeca\/\",\"url\":\"https:\/\/www.blogsoestado.com\/danielmatos\/onibus-e-atacado-em-rodovia-em-santa-ines-seguranca-reage-a-tiros-e-motorista-quase-leva-balaco-na-cabeca\/\",\"name\":\"\u00d4nibus \u00e9 atacado em rodovia, em Santa In\u00eas, seguran\u00e7a reage a tiros e motorista quase leva bala\u00e7o na cabe\u00e7a - Daniel Matos\",\"isPartOf\":{\"@id\":\"https:\/\/www.blogsoestado.com\/danielmatos\/#website\"},\"primaryImageOfPage\":{\"@id\":\"https:\/\/www.blogsoestado.com\/danielmatos\/onibus-e-atacado-em-rodovia-em-santa-ines-seguranca-reage-a-tiros-e-motorista-quase-leva-balaco-na-cabeca\/#primaryimage\"},\"image\":{\"@id\":\"https:\/\/www.blogsoestado.com\/danielmatos\/onibus-e-atacado-em-rodovia-em-santa-ines-seguranca-reage-a-tiros-e-motorista-quase-leva-balaco-na-cabeca\/#primaryimage\"},\"thumbnailUrl\":\"https:\/\/www.blogsoestado.com\/danielmatos\/files\/2019\/03\/IMG-20190303-WA0173-1024x768.jpg\",\"datePublished\":\"2019-03-03T20:54:53+00:00\",\"author\":{\"@id\":\"\"},\"breadcrumb\":{\"@id\":\"https:\/\/www.blogsoestado.com\/danielmatos\/onibus-e-atacado-em-rodovia-em-santa-ines-seguranca-reage-a-tiros-e-motorista-quase-leva-balaco-na-cabeca\/#breadcrumb\"},\"inLanguage\":\"pt-BR\",\"potentialAction\":[{\"@type\":\"ReadAction\",\"target\":[\"https:\/\/www.blogsoestado.com\/danielmatos\/onibus-e-atacado-em-rodovia-em-santa-ines-seguranca-reage-a-tiros-e-motorista-quase-leva-balaco-na-cabeca\/\"]}]},{\"@type\":\"ImageObject\",\"inLanguage\":\"pt-BR\",\"@id\":\"https:\/\/www.blogsoestado.com\/danielmatos\/onibus-e-atacado-em-rodovia-em-santa-ines-seguranca-reage-a-tiros-e-motorista-quase-leva-balaco-na-cabeca\/#primaryimage\",\"url\":\"https:\/\/www.blogsoestado.com\/danielmatos\/files\/2019\/03\/IMG-20190303-WA0173-1024x768.jpg\",\"contentUrl\":\"https:\/\/www.blogsoestado.com\/danielmatos\/files\/2019\/03\/IMG-20190303-WA0173-1024x768.jpg\"},{\"@type\":\"BreadcrumbList\",\"@id\":\"https:\/\/www.blogsoestado.com\/danielmatos\/onibus-e-atacado-em-rodovia-em-santa-ines-seguranca-reage-a-tiros-e-motorista-quase-leva-balaco-na-cabeca\/#breadcrumb\",\"itemListElement\":[{\"@type\":\"ListItem\",\"position\":1,\"name\":\"In\u00edcio\",\"item\":\"https:\/\/www.blogsoestado.com\/danielmatos\/\"},{\"@type\":\"ListItem\",\"position\":2,\"name\":\"\u00d4nibus \u00e9 atacado em rodovia, em Santa In\u00eas, seguran\u00e7a reage a tiros e motorista quase leva bala\u00e7o na cabe\u00e7a\"}]},{\"@type\":\"WebSite\",\"@id\":\"https:\/\/www.blogsoestado.com\/danielmatos\/#website\",\"url\":\"https:\/\/www.blogsoestado.com\/danielmatos\/\",\"name\":\"Daniel Matos\",\"description\":\"\",\"potentialAction\":[{\"@type\":\"SearchAction\",\"target\":{\"@type\":\"EntryPoint\",\"urlTemplate\":\"https:\/\/www.blogsoestado.com\/danielmatos\/?s={search_term_string}\"},\"query-input\":{\"@type\":\"PropertyValueSpecification\",\"valueRequired\":true,\"valueName\":\"search_term_string\"}}],\"inLanguage\":\"pt-BR\"}]}<\/script>\n<!-- \/ Yoast SEO plugin. -->","yoast_head_json":{"title":"\u00d4nibus \u00e9 atacado em rodovia, em Santa In\u00eas, seguran\u00e7a reage a tiros e motorista quase leva bala\u00e7o na cabe\u00e7a - Daniel Matos","robots":{"index":"index","follow":"follow","max-snippet":"max-snippet:-1","max-image-preview":"max-image-preview:large","max-video-preview":"max-video-preview:-1"},"canonical":"https:\/\/www.blogsoestado.com\/danielmatos\/onibus-e-atacado-em-rodovia-em-santa-ines-seguranca-reage-a-tiros-e-motorista-quase-leva-balaco-na-cabeca\/","og_locale":"pt_BR","og_type":"article","og_title":"\u00d4nibus \u00e9 atacado em rodovia, em Santa In\u00eas, seguran\u00e7a reage a tiros e motorista quase leva bala\u00e7o na cabe\u00e7a - Daniel Matos","og_description":"Cinco homens tentaram assaltar, ontem, no trecho de rodovia entre Santa In\u00eas e Santa Luzia, um \u00f4nibus de transporte intermunicipal [&hellip;]","og_url":"https:\/\/www.blogsoestado.com\/danielmatos\/onibus-e-atacado-em-rodovia-em-santa-ines-seguranca-reage-a-tiros-e-motorista-quase-leva-balaco-na-cabeca\/","og_site_name":"Daniel Matos","article_published_time":"2019-03-03T20:54:53+00:00","og_image":[{"url":"https:\/\/www.blogsoestado.com\/danielmatos\/files\/2019\/03\/IMG-20190303-WA0173-1024x768.jpg","type":"","width":"","height":""}],"twitter_card":"summary_large_image","twitter_misc":{"Est. tempo de leitura":"1 minuto"},"schema":{"@context":"https:\/\/schema.org","@graph":[{"@type":"WebPage","@id":"https:\/\/www.blogsoestado.com\/danielmatos\/onibus-e-atacado-em-rodovia-em-santa-ines-seguranca-reage-a-tiros-e-motorista-quase-leva-balaco-na-cabeca\/","url":"https:\/\/www.blogsoestado.com\/danielmatos\/onibus-e-atacado-em-rodovia-em-santa-ines-seguranca-reage-a-tiros-e-motorista-quase-leva-balaco-na-cabeca\/","name":"\u00d4nibus \u00e9 atacado em rodovia, em Santa In\u00eas, seguran\u00e7a reage a tiros e motorista quase leva bala\u00e7o na cabe\u00e7a - Daniel Matos","isPartOf":{"@id":"https:\/\/www.blogsoestado.com\/danielmatos\/#website"},"primaryImageOfPage":{"@id":"https:\/\/www.blogsoestado.com\/danielmatos\/onibus-e-atacado-em-rodovia-em-santa-ines-seguranca-reage-a-tiros-e-motorista-quase-leva-balaco-na-cabeca\/#primaryimage"},"image":{"@id":"https:\/\/www.blogsoestado.com\/danielmatos\/onibus-e-atacado-em-rodovia-em-santa-ines-seguranca-reage-a-tiros-e-motorista-quase-leva-balaco-na-cabeca\/#primaryimage"},"thumbnailUrl":"https:\/\/www.blogsoestado.com\/danielmatos\/files\/2019\/03\/IMG-20190303-WA0173-1024x768.jpg","datePublished":"2019-03-03T20:54:53+00:00","author":{"@id":""},"breadcrumb":{"@id":"https:\/\/www.blogsoestado.com\/danielmatos\/onibus-e-atacado-em-rodovia-em-santa-ines-seguranca-reage-a-tiros-e-motorista-quase-leva-balaco-na-cabeca\/#breadcrumb"},"inLanguage":"pt-BR","potentialAction":[{"@type":"ReadAction","target":["https:\/\/www.blogsoestado.com\/danielmatos\/onibus-e-atacado-em-rodovia-em-santa-ines-seguranca-reage-a-tiros-e-motorista-quase-leva-balaco-na-cabeca\/"]}]},{"@type":"ImageObject","inLanguage":"pt-BR","@id":"https:\/\/www.blogsoestado.com\/danielmatos\/onibus-e-atacado-em-rodovia-em-santa-ines-seguranca-reage-a-tiros-e-motorista-quase-leva-balaco-na-cabeca\/#primaryimage","url":"https:\/\/www.blogsoestado.com\/danielmatos\/files\/2019\/03\/IMG-20190303-WA0173-1024x768.jpg","contentUrl":"https:\/\/www.blogsoestado.com\/danielmatos\/files\/2019\/03\/IMG-20190303-WA0173-1024x768.jpg"},{"@type":"BreadcrumbList","@id":"https:\/\/www.blogsoestado.com\/danielmatos\/onibus-e-atacado-em-rodovia-em-santa-ines-seguranca-reage-a-tiros-e-motorista-quase-leva-balaco-na-cabeca\/#breadcrumb","itemListElement":[{"@type":"ListItem","position":1,"name":"In\u00edcio","item":"https:\/\/www.blogsoestado.com\/danielmatos\/"},{"@type":"ListItem","position":2,"name":"\u00d4nibus \u00e9 atacado em rodovia, em Santa In\u00eas, seguran\u00e7a reage a tiros e motorista quase leva bala\u00e7o na cabe\u00e7a"}]},{"@type":"WebSite","@id":"https:\/\/www.blogsoestado.com\/danielmatos\/#website","url":"https:\/\/www.blogsoestado.com\/danielmatos\/","name":"Daniel Matos","description":"","potentialAction":[{"@type":"SearchAction","target":{"@type":"EntryPoint","urlTemplate":"https:\/\/www.blogsoestado.com\/danielmatos\/?s={search_term_string}"},"query-input":{"@type":"PropertyValueSpecification","valueRequired":true,"valueName":"search_term_string"}}],"inLanguage":"pt-BR"}]}},"jetpack_featured_media_url":"","_links":{"self":[{"href":"https:\/\/www.blogsoestado.com\/danielmatos\/wp-json\/wp\/v2\/posts\/60857","targetHints":{"allow":["GET"]}}],"collection":[{"href":"https:\/\/www.blogsoestado.com\/danielmatos\/wp-json\/wp\/v2\/posts"}],"about":[{"href":"https:\/\/www.blogsoestado.com\/danielmatos\/wp-json\/wp\/v2\/types\/post"}],"replies":[{"embeddable":true,"href":"https:\/\/www.blogsoestado.com\/danielmatos\/wp-json\/wp\/v2\/comments?post=60857"}],"version-history":[{"count":0,"href":"https:\/\/www.blogsoestado.com\/danielmatos\/wp-json\/wp\/v2\/posts\/60857\/revisions"}],"wp:attachment":[{"href":"https:\/\/www.blogsoestado.com\/danielmatos\/wp-json\/wp\/v2\/media?parent=60857"}],"wp:term":[{"taxonomy":"category","embeddable":true,"href":"https:\/\/www.blogsoestado.com\/danielmatos\/wp-json\/wp\/v2\/categories?post=60857"},{"taxonomy":"post_tag","embeddable":true,"href":"https:\/\/www.blogsoestado.com\/danielmatos\/wp-json\/wp\/v2\/tags?post=60857"}],"curies":[{"name":"wp","href":"https:\/\/api.w.org\/{rel}","templated":true}]}}