{"id":60890,"date":"2019-03-06T09:12:10","date_gmt":"2019-03-06T12:12:10","guid":{"rendered":"https:\/\/www.blogsoestado.com\/danielmatos\/?p=60890"},"modified":"2019-03-06T09:12:10","modified_gmt":"2019-03-06T12:12:10","slug":"e-a-populacao-que-sofre-com-o-aumento-de-impostos-a-incompetencia-e-o-desgoverno-de-flavio-dino-diz-deputado-wellington","status":"publish","type":"post","link":"https:\/\/www.blogsoestado.com\/danielmatos\/e-a-populacao-que-sofre-com-o-aumento-de-impostos-a-incompetencia-e-o-desgoverno-de-flavio-dino-diz-deputado-wellington\/","title":{"rendered":"\u201c\u00c9 a popula\u00e7\u00e3o que sofre com o aumento de impostos, a incompet\u00eancia e o desgoverno de Fl\u00e1vio Dino\u201d, diz deputado Wellington"},"content":{"rendered":"\n<figure class=\"wp-block-image\"><img decoding=\"async\" src=\"https:\/\/www.blogsoestado.com\/danielmatos\/files\/2019\/03\/w-impostos.jpg\" alt=\"\" class=\"wp-image-60891\"\/><figcaption>Deputado Wellington disse que o aumento de impostos \u00e9 uma medida absurda diante do n\u00famero elevado de desempregados no Maranh\u00e3o<\/figcaption><\/figure>\n\n\n\n<p>Desde ontem. Ter\u00e7a-Feira de Carnaval (5), diminuiu, ainda mais, o poder aquisitivo dos maranhenses com o aumento do ICMS da gasolina, diesel, biodiesel, bebidas alco\u00f3licas, refrigerantes, entre outros. O deputado Wellington do Curso votou contra o Projeto de Lei n\u00ba 239\/2018, de autoria do governo Fl\u00e1vio Dino (PCdoB) que aumentou, pela terceira vez em sua gest\u00e3o, al\u00edquotas de Imposto sobre Circula\u00e7\u00e3o de Mercadorias e Servi\u00e7os (ICMS) em v\u00e1rias faixas de consumo em todo o Maranh\u00e3o. A contas dos maranhenses passam a ficar mais altas a partir de hoje, gra\u00e7as a gan\u00e2ncia do governador Fl\u00e1vio Dino em arrecadar cada vez mais, com o \u00fanico projeto que deu certo no seu governo: O MAIS IMPOSTOS. <\/p>\n\n\n\n<p>\u201cDiante do alto n\u00famero de desempregados no Maranh\u00e3o, n\u00e3o podemos permitir que a popula\u00e7\u00e3o pague a conta da inefic\u00e1cia da administra\u00e7\u00e3o p\u00fablica por meio de altas cargas tribut\u00e1rias. \u00c9 a popula\u00e7\u00e3o que sofre com o aumento de impostos, a incompet\u00eancia e o desgoverno de Fl\u00e1vio Dino. O Estado do Maranh\u00e3o registra uma das maiores taxas de desemprego do Brasil. O com\u00e9rcio j\u00e1 est\u00e1 quase parando e se continuar assim, o Maranh\u00e3o pode entrar em colapso. Eu tenho a certeza que o consumidor, o povo maranhense n\u00e3o merece tanto desrespeito assim. N\u00f3s conhecemos essa realidade. N\u00f3s ouvimos a reclama\u00e7\u00e3o da popula\u00e7\u00e3o, o descontentamento dos empres\u00e1rios e comerciantes, enquanto o desemprego s\u00f3 aumenta. Estamos diante de um dos maiores desgovernos j\u00e1 vistos em nosso Estado. Como se j\u00e1 n\u00e3o bastasse o inferno que todos os empres\u00e1rios passam atualmente, o Governo do Estado massacra ainda mais, aumentando impostos e gastando dinheiro p\u00fablico com propaganda mentirosa\u201d, diz o professor e deputado Wellington do Curso.<\/p>\n\n\n\n<p>Wellington j\u00e1 prop\u00f4s que o Governo usasse outras formas para n\u00e3o prejudicar a popula\u00e7\u00e3o, como a redu\u00e7\u00e3o dos gastos p\u00fablicos. <\/p>\n\n\n\n<p>\u201cAcreditamos que o Governo precisa, antes de tudo, enxugar a m\u00e1quina p\u00fablica. Existem v\u00e1rias formas, como redu\u00e7\u00e3o de despesas correntes, redu\u00e7\u00e3o do n\u00famero de secretarias, redu\u00e7\u00e3o dos cargos e sal\u00e1rios comissionados. Precisamos garantir a efici\u00eancia na administra\u00e7\u00e3o p\u00fablica para que n\u00e3o joguemos o preju\u00edzo no bolso do cidad\u00e3o maranhense. Mas o que Fl\u00e1vio Dino fez? Totalmente o contr\u00e1rio, continua com a velha pratica pol\u00edtica, loteando o governo, empregando os aliados e afiliados pol\u00edticos, para se manter no poder. Por isso, em favor do empres\u00e1rio, do consumidor e do trabalhador maranhense eu votei CONTRA o aumento de impostos\u201d, finalizou Wellington.<\/p>\n\n\n\n<p>Assista:<\/p>\n\n\n\n<figure class=\"wp-block-embed-youtube wp-block-embed is-type-video is-provider-youtube wp-embed-aspect-4-3 wp-has-aspect-ratio\"><div class=\"wp-block-embed__wrapper\">\n<iframe title=\"Deputado Wellington condena mais um aumento de impostos cobrados pelo governo Fl\u00e1vio Dino\" width=\"500\" height=\"375\" src=\"https:\/\/www.youtube.com\/embed\/I_QsfYp-bG4?feature=oembed\" frameborder=\"0\" allow=\"accelerometer; autoplay; clipboard-write; encrypted-media; gyroscope; picture-in-picture; web-share\" referrerpolicy=\"strict-origin-when-cross-origin\" allowfullscreen><\/iframe>\n<\/div><\/figure>\n","protected":false},"excerpt":{"rendered":"<p>Desde ontem. Ter\u00e7a-Feira de Carnaval (5), diminuiu, ainda mais, o poder aquisitivo dos maranhenses com o aumento do ICMS da [&hellip;]<\/p>\n","protected":false},"author":0,"featured_media":0,"comment_status":"open","ping_status":"open","sticky":false,"template":"","format":"standard","meta":{"site-sidebar-layout":"default","site-content-layout":"","ast-site-content-layout":"default","site-content-style":"default","site-sidebar-style":"default","ast-global-header-display":"","ast-banner-title-visibility":"","ast-main-header-display":"","ast-hfb-above-header-display":"","ast-hfb-below-header-display":"","ast-hfb-mobile-header-display":"","site-post-title":"","ast-breadcrumbs-content":"","ast-featured-img":"","footer-sml-layout":"","ast-disable-related-posts":"","theme-transparent-header-meta":"","adv-header-id-meta":"","stick-header-meta":"","header-above-stick-meta":"","header-main-stick-meta":"","header-below-stick-meta":"","astra-migrate-meta-layouts":"default","ast-page-background-enabled":"default","ast-page-background-meta":{"desktop":{"background-color":"var(--ast-global-color-5)","background-image":"","background-repeat":"repeat","background-position":"center center","background-size":"auto","background-attachment":"scroll","background-type":"","background-media":"","overlay-type":"","overlay-color":"","overlay-opacity":"","overlay-gradient":""},"tablet":{"background-color":"","background-image":"","background-repeat":"repeat","background-position":"center center","background-size":"auto","background-attachment":"scroll","background-type":"","background-media":"","overlay-type":"","overlay-color":"","overlay-opacity":"","overlay-gradient":""},"mobile":{"background-color":"","background-image":"","background-repeat":"repeat","background-position":"center center","background-size":"auto","background-attachment":"scroll","background-type":"","background-media":"","overlay-type":"","overlay-color":"","overlay-opacity":"","overlay-gradient":""}},"ast-content-background-meta":{"desktop":{"background-color":"var(--ast-global-color-4)","background-image":"","background-repeat":"repeat","background-position":"center center","background-size":"auto","background-attachment":"scroll","background-type":"","background-media":"","overlay-type":"","overlay-color":"","overlay-opacity":"","overlay-gradient":""},"tablet":{"background-color":"var(--ast-global-color-4)","background-image":"","background-repeat":"repeat","background-position":"center center","background-size":"auto","background-attachment":"scroll","background-type":"","background-media":"","overlay-type":"","overlay-color":"","overlay-opacity":"","overlay-gradient":""},"mobile":{"background-color":"var(--ast-global-color-4)","background-image":"","background-repeat":"repeat","background-position":"center center","background-size":"auto","background-attachment":"scroll","background-type":"","background-media":"","overlay-type":"","overlay-color":"","overlay-opacity":"","overlay-gradient":""}},"footnotes":""},"categories":[1],"tags":[],"class_list":["post-60890","post","type-post","status-publish","format-standard","hentry","category-sem-categoria"],"yoast_head":"<!-- This site is optimized with the Yoast SEO plugin v26.6 - https:\/\/yoast.com\/wordpress\/plugins\/seo\/ -->\n<title>\u201c\u00c9 a popula\u00e7\u00e3o que sofre com o aumento de impostos, a incompet\u00eancia e o desgoverno de Fl\u00e1vio Dino\u201d, diz deputado Wellington - Daniel Matos<\/title>\n<meta name=\"robots\" content=\"index, follow, max-snippet:-1, max-image-preview:large, max-video-preview:-1\" \/>\n<link rel=\"canonical\" href=\"https:\/\/www.blogsoestado.com\/danielmatos\/e-a-populacao-que-sofre-com-o-aumento-de-impostos-a-incompetencia-e-o-desgoverno-de-flavio-dino-diz-deputado-wellington\/\" \/>\n<meta property=\"og:locale\" content=\"pt_BR\" \/>\n<meta property=\"og:type\" content=\"article\" \/>\n<meta property=\"og:title\" content=\"\u201c\u00c9 a popula\u00e7\u00e3o que sofre com o aumento de impostos, a incompet\u00eancia e o desgoverno de Fl\u00e1vio Dino\u201d, diz deputado Wellington - Daniel Matos\" \/>\n<meta property=\"og:description\" content=\"Desde ontem. Ter\u00e7a-Feira de Carnaval (5), diminuiu, ainda mais, o poder aquisitivo dos maranhenses com o aumento do ICMS da [&hellip;]\" \/>\n<meta property=\"og:url\" content=\"https:\/\/www.blogsoestado.com\/danielmatos\/e-a-populacao-que-sofre-com-o-aumento-de-impostos-a-incompetencia-e-o-desgoverno-de-flavio-dino-diz-deputado-wellington\/\" \/>\n<meta property=\"og:site_name\" content=\"Daniel Matos\" \/>\n<meta property=\"article:published_time\" content=\"2019-03-06T12:12:10+00:00\" \/>\n<meta property=\"og:image\" content=\"https:\/\/www.blogsoestado.com\/danielmatos\/files\/2019\/03\/w-impostos.jpg\" \/>\n<meta name=\"twitter:card\" content=\"summary_large_image\" \/>\n<meta name=\"twitter:label1\" content=\"Est. tempo de leitura\" \/>\n\t<meta name=\"twitter:data1\" content=\"2 minutos\" \/>\n<script type=\"application\/ld+json\" class=\"yoast-schema-graph\">{\"@context\":\"https:\/\/schema.org\",\"@graph\":[{\"@type\":\"WebPage\",\"@id\":\"https:\/\/www.blogsoestado.com\/danielmatos\/e-a-populacao-que-sofre-com-o-aumento-de-impostos-a-incompetencia-e-o-desgoverno-de-flavio-dino-diz-deputado-wellington\/\",\"url\":\"https:\/\/www.blogsoestado.com\/danielmatos\/e-a-populacao-que-sofre-com-o-aumento-de-impostos-a-incompetencia-e-o-desgoverno-de-flavio-dino-diz-deputado-wellington\/\",\"name\":\"\u201c\u00c9 a popula\u00e7\u00e3o que sofre com o aumento de impostos, a incompet\u00eancia e o desgoverno de Fl\u00e1vio Dino\u201d, diz deputado Wellington - Daniel Matos\",\"isPartOf\":{\"@id\":\"https:\/\/www.blogsoestado.com\/danielmatos\/#website\"},\"primaryImageOfPage\":{\"@id\":\"https:\/\/www.blogsoestado.com\/danielmatos\/e-a-populacao-que-sofre-com-o-aumento-de-impostos-a-incompetencia-e-o-desgoverno-de-flavio-dino-diz-deputado-wellington\/#primaryimage\"},\"image\":{\"@id\":\"https:\/\/www.blogsoestado.com\/danielmatos\/e-a-populacao-que-sofre-com-o-aumento-de-impostos-a-incompetencia-e-o-desgoverno-de-flavio-dino-diz-deputado-wellington\/#primaryimage\"},\"thumbnailUrl\":\"https:\/\/www.blogsoestado.com\/danielmatos\/files\/2019\/03\/w-impostos.jpg\",\"datePublished\":\"2019-03-06T12:12:10+00:00\",\"author\":{\"@id\":\"\"},\"breadcrumb\":{\"@id\":\"https:\/\/www.blogsoestado.com\/danielmatos\/e-a-populacao-que-sofre-com-o-aumento-de-impostos-a-incompetencia-e-o-desgoverno-de-flavio-dino-diz-deputado-wellington\/#breadcrumb\"},\"inLanguage\":\"pt-BR\",\"potentialAction\":[{\"@type\":\"ReadAction\",\"target\":[\"https:\/\/www.blogsoestado.com\/danielmatos\/e-a-populacao-que-sofre-com-o-aumento-de-impostos-a-incompetencia-e-o-desgoverno-de-flavio-dino-diz-deputado-wellington\/\"]}]},{\"@type\":\"ImageObject\",\"inLanguage\":\"pt-BR\",\"@id\":\"https:\/\/www.blogsoestado.com\/danielmatos\/e-a-populacao-que-sofre-com-o-aumento-de-impostos-a-incompetencia-e-o-desgoverno-de-flavio-dino-diz-deputado-wellington\/#primaryimage\",\"url\":\"https:\/\/www.blogsoestado.com\/danielmatos\/files\/2019\/03\/w-impostos.jpg\",\"contentUrl\":\"https:\/\/www.blogsoestado.com\/danielmatos\/files\/2019\/03\/w-impostos.jpg\"},{\"@type\":\"BreadcrumbList\",\"@id\":\"https:\/\/www.blogsoestado.com\/danielmatos\/e-a-populacao-que-sofre-com-o-aumento-de-impostos-a-incompetencia-e-o-desgoverno-de-flavio-dino-diz-deputado-wellington\/#breadcrumb\",\"itemListElement\":[{\"@type\":\"ListItem\",\"position\":1,\"name\":\"In\u00edcio\",\"item\":\"https:\/\/www.blogsoestado.com\/danielmatos\/\"},{\"@type\":\"ListItem\",\"position\":2,\"name\":\"\u201c\u00c9 a popula\u00e7\u00e3o que sofre com o aumento de impostos, a incompet\u00eancia e o desgoverno de Fl\u00e1vio Dino\u201d, diz deputado Wellington\"}]},{\"@type\":\"WebSite\",\"@id\":\"https:\/\/www.blogsoestado.com\/danielmatos\/#website\",\"url\":\"https:\/\/www.blogsoestado.com\/danielmatos\/\",\"name\":\"Daniel Matos\",\"description\":\"\",\"potentialAction\":[{\"@type\":\"SearchAction\",\"target\":{\"@type\":\"EntryPoint\",\"urlTemplate\":\"https:\/\/www.blogsoestado.com\/danielmatos\/?s={search_term_string}\"},\"query-input\":{\"@type\":\"PropertyValueSpecification\",\"valueRequired\":true,\"valueName\":\"search_term_string\"}}],\"inLanguage\":\"pt-BR\"}]}<\/script>\n<!-- \/ Yoast SEO plugin. -->","yoast_head_json":{"title":"\u201c\u00c9 a popula\u00e7\u00e3o que sofre com o aumento de impostos, a incompet\u00eancia e o desgoverno de Fl\u00e1vio Dino\u201d, diz deputado Wellington - Daniel Matos","robots":{"index":"index","follow":"follow","max-snippet":"max-snippet:-1","max-image-preview":"max-image-preview:large","max-video-preview":"max-video-preview:-1"},"canonical":"https:\/\/www.blogsoestado.com\/danielmatos\/e-a-populacao-que-sofre-com-o-aumento-de-impostos-a-incompetencia-e-o-desgoverno-de-flavio-dino-diz-deputado-wellington\/","og_locale":"pt_BR","og_type":"article","og_title":"\u201c\u00c9 a popula\u00e7\u00e3o que sofre com o aumento de impostos, a incompet\u00eancia e o desgoverno de Fl\u00e1vio Dino\u201d, diz deputado Wellington - Daniel Matos","og_description":"Desde ontem. Ter\u00e7a-Feira de Carnaval (5), diminuiu, ainda mais, o poder aquisitivo dos maranhenses com o aumento do ICMS da [&hellip;]","og_url":"https:\/\/www.blogsoestado.com\/danielmatos\/e-a-populacao-que-sofre-com-o-aumento-de-impostos-a-incompetencia-e-o-desgoverno-de-flavio-dino-diz-deputado-wellington\/","og_site_name":"Daniel Matos","article_published_time":"2019-03-06T12:12:10+00:00","og_image":[{"url":"https:\/\/www.blogsoestado.com\/danielmatos\/files\/2019\/03\/w-impostos.jpg","type":"","width":"","height":""}],"twitter_card":"summary_large_image","twitter_misc":{"Est. tempo de leitura":"2 minutos"},"schema":{"@context":"https:\/\/schema.org","@graph":[{"@type":"WebPage","@id":"https:\/\/www.blogsoestado.com\/danielmatos\/e-a-populacao-que-sofre-com-o-aumento-de-impostos-a-incompetencia-e-o-desgoverno-de-flavio-dino-diz-deputado-wellington\/","url":"https:\/\/www.blogsoestado.com\/danielmatos\/e-a-populacao-que-sofre-com-o-aumento-de-impostos-a-incompetencia-e-o-desgoverno-de-flavio-dino-diz-deputado-wellington\/","name":"\u201c\u00c9 a popula\u00e7\u00e3o que sofre com o aumento de impostos, a incompet\u00eancia e o desgoverno de Fl\u00e1vio Dino\u201d, diz deputado Wellington - Daniel Matos","isPartOf":{"@id":"https:\/\/www.blogsoestado.com\/danielmatos\/#website"},"primaryImageOfPage":{"@id":"https:\/\/www.blogsoestado.com\/danielmatos\/e-a-populacao-que-sofre-com-o-aumento-de-impostos-a-incompetencia-e-o-desgoverno-de-flavio-dino-diz-deputado-wellington\/#primaryimage"},"image":{"@id":"https:\/\/www.blogsoestado.com\/danielmatos\/e-a-populacao-que-sofre-com-o-aumento-de-impostos-a-incompetencia-e-o-desgoverno-de-flavio-dino-diz-deputado-wellington\/#primaryimage"},"thumbnailUrl":"https:\/\/www.blogsoestado.com\/danielmatos\/files\/2019\/03\/w-impostos.jpg","datePublished":"2019-03-06T12:12:10+00:00","author":{"@id":""},"breadcrumb":{"@id":"https:\/\/www.blogsoestado.com\/danielmatos\/e-a-populacao-que-sofre-com-o-aumento-de-impostos-a-incompetencia-e-o-desgoverno-de-flavio-dino-diz-deputado-wellington\/#breadcrumb"},"inLanguage":"pt-BR","potentialAction":[{"@type":"ReadAction","target":["https:\/\/www.blogsoestado.com\/danielmatos\/e-a-populacao-que-sofre-com-o-aumento-de-impostos-a-incompetencia-e-o-desgoverno-de-flavio-dino-diz-deputado-wellington\/"]}]},{"@type":"ImageObject","inLanguage":"pt-BR","@id":"https:\/\/www.blogsoestado.com\/danielmatos\/e-a-populacao-que-sofre-com-o-aumento-de-impostos-a-incompetencia-e-o-desgoverno-de-flavio-dino-diz-deputado-wellington\/#primaryimage","url":"https:\/\/www.blogsoestado.com\/danielmatos\/files\/2019\/03\/w-impostos.jpg","contentUrl":"https:\/\/www.blogsoestado.com\/danielmatos\/files\/2019\/03\/w-impostos.jpg"},{"@type":"BreadcrumbList","@id":"https:\/\/www.blogsoestado.com\/danielmatos\/e-a-populacao-que-sofre-com-o-aumento-de-impostos-a-incompetencia-e-o-desgoverno-de-flavio-dino-diz-deputado-wellington\/#breadcrumb","itemListElement":[{"@type":"ListItem","position":1,"name":"In\u00edcio","item":"https:\/\/www.blogsoestado.com\/danielmatos\/"},{"@type":"ListItem","position":2,"name":"\u201c\u00c9 a popula\u00e7\u00e3o que sofre com o aumento de impostos, a incompet\u00eancia e o desgoverno de Fl\u00e1vio Dino\u201d, diz deputado Wellington"}]},{"@type":"WebSite","@id":"https:\/\/www.blogsoestado.com\/danielmatos\/#website","url":"https:\/\/www.blogsoestado.com\/danielmatos\/","name":"Daniel Matos","description":"","potentialAction":[{"@type":"SearchAction","target":{"@type":"EntryPoint","urlTemplate":"https:\/\/www.blogsoestado.com\/danielmatos\/?s={search_term_string}"},"query-input":{"@type":"PropertyValueSpecification","valueRequired":true,"valueName":"search_term_string"}}],"inLanguage":"pt-BR"}]}},"jetpack_featured_media_url":"","_links":{"self":[{"href":"https:\/\/www.blogsoestado.com\/danielmatos\/wp-json\/wp\/v2\/posts\/60890","targetHints":{"allow":["GET"]}}],"collection":[{"href":"https:\/\/www.blogsoestado.com\/danielmatos\/wp-json\/wp\/v2\/posts"}],"about":[{"href":"https:\/\/www.blogsoestado.com\/danielmatos\/wp-json\/wp\/v2\/types\/post"}],"replies":[{"embeddable":true,"href":"https:\/\/www.blogsoestado.com\/danielmatos\/wp-json\/wp\/v2\/comments?post=60890"}],"version-history":[{"count":0,"href":"https:\/\/www.blogsoestado.com\/danielmatos\/wp-json\/wp\/v2\/posts\/60890\/revisions"}],"wp:attachment":[{"href":"https:\/\/www.blogsoestado.com\/danielmatos\/wp-json\/wp\/v2\/media?parent=60890"}],"wp:term":[{"taxonomy":"category","embeddable":true,"href":"https:\/\/www.blogsoestado.com\/danielmatos\/wp-json\/wp\/v2\/categories?post=60890"},{"taxonomy":"post_tag","embeddable":true,"href":"https:\/\/www.blogsoestado.com\/danielmatos\/wp-json\/wp\/v2\/tags?post=60890"}],"curies":[{"name":"wp","href":"https:\/\/api.w.org\/{rel}","templated":true}]}}