{"id":60894,"date":"2019-03-06T13:56:18","date_gmt":"2019-03-06T16:56:18","guid":{"rendered":"https:\/\/www.blogsoestado.com\/danielmatos\/?p=60894"},"modified":"2019-03-06T13:56:18","modified_gmt":"2019-03-06T16:56:18","slug":"teto-do-ginasio-castelinho-desaba-durante-forte-chuva","status":"publish","type":"post","link":"https:\/\/www.blogsoestado.com\/danielmatos\/teto-do-ginasio-castelinho-desaba-durante-forte-chuva\/","title":{"rendered":"Teto do Gin\u00e1sio Castelinho desaba durante forte chuva"},"content":{"rendered":"\n<figure class=\"wp-block-image\"><img decoding=\"async\" src=\"https:\/\/www.blogsoestado.com\/danielmatos\/files\/2019\/03\/castelinho-desaba.jpg\" alt=\"\" class=\"wp-image-60895\"\/><figcaption>Cobertura do Castelinho n\u00e3o suportou a chuva; Corpo de Bombeiros faz levantamentos para apontar a causa do desastre<\/figcaption><\/figure>\n\n\n\n<p>O teto do Gin\u00e1sio Georgiana Pflueger desabou, no in\u00edcio da tarde desta Quarta-Feira de Cinzas, durante uma forte chuva. Mais conhecido como Castelinho, o espa\u00e7o esportivo perdeu quase toda a cobertura, que, provavelmente, n\u00e3o suportou sucessivos anos sem manuten\u00e7\u00e3o.<\/p>\n\n\n\n<p>Segundo informa\u00e7\u00f5es apuradas pelo blog, o desabamento n\u00e3o deixou v\u00edtimas. Por ser ponto facultativo, hoje, em todas as reparti\u00e7\u00f5es p\u00fablicas estaduais, apenas os vigilantes estavam no pr\u00e9dio, mas nenhum se feriu.<\/p>\n\n\n\n<p>Equipes do Corpo de Bombeiros foram acionadas para o Castelinho para isolar a \u00e1rea, avaliar os estragos e fazer levantamentos, a fim de descobrir a causa do desastre.<\/p>\n\n\n\n<p>O secret\u00e1rio de Estado de Desportos e Lazer, Rog\u00e9rio Cafeteira, foi ao gin\u00e1sio e deve apresentar, a qualquer moimento, informa\u00e7\u00f5es oficiais sobre o desabamento.   <\/p>\n\n\n\n<p>Assista:<\/p>\n\n\n\n<figure class=\"wp-block-embed-youtube wp-block-embed is-type-video is-provider-youtube wp-embed-aspect-4-3 wp-has-aspect-ratio\"><div class=\"wp-block-embed__wrapper\">\n<iframe title=\"Teto do Gin\u00e1sio Castelinho desaba\" width=\"500\" height=\"281\" src=\"https:\/\/www.youtube.com\/embed\/YSK6UNVLxe0?feature=oembed\" frameborder=\"0\" allow=\"accelerometer; autoplay; clipboard-write; encrypted-media; gyroscope; picture-in-picture; web-share\" referrerpolicy=\"strict-origin-when-cross-origin\" allowfullscreen><\/iframe>\n<\/div><\/figure>\n","protected":false},"excerpt":{"rendered":"<p>O teto do Gin\u00e1sio Georgiana Pflueger desabou, no in\u00edcio da tarde desta Quarta-Feira de Cinzas, durante uma forte chuva. Mais [&hellip;]<\/p>\n","protected":false},"author":0,"featured_media":0,"comment_status":"open","ping_status":"open","sticky":false,"template":"","format":"standard","meta":{"site-sidebar-layout":"default","site-content-layout":"","ast-site-content-layout":"default","site-content-style":"default","site-sidebar-style":"default","ast-global-header-display":"","ast-banner-title-visibility":"","ast-main-header-display":"","ast-hfb-above-header-display":"","ast-hfb-below-header-display":"","ast-hfb-mobile-header-display":"","site-post-title":"","ast-breadcrumbs-content":"","ast-featured-img":"","footer-sml-layout":"","ast-disable-related-posts":"","theme-transparent-header-meta":"","adv-header-id-meta":"","stick-header-meta":"","header-above-stick-meta":"","header-main-stick-meta":"","header-below-stick-meta":"","astra-migrate-meta-layouts":"default","ast-page-background-enabled":"default","ast-page-background-meta":{"desktop":{"background-color":"var(--ast-global-color-5)","background-image":"","background-repeat":"repeat","background-position":"center center","background-size":"auto","background-attachment":"scroll","background-type":"","background-media":"","overlay-type":"","overlay-color":"","overlay-opacity":"","overlay-gradient":""},"tablet":{"background-color":"","background-image":"","background-repeat":"repeat","background-position":"center center","background-size":"auto","background-attachment":"scroll","background-type":"","background-media":"","overlay-type":"","overlay-color":"","overlay-opacity":"","overlay-gradient":""},"mobile":{"background-color":"","background-image":"","background-repeat":"repeat","background-position":"center center","background-size":"auto","background-attachment":"scroll","background-type":"","background-media":"","overlay-type":"","overlay-color":"","overlay-opacity":"","overlay-gradient":""}},"ast-content-background-meta":{"desktop":{"background-color":"var(--ast-global-color-4)","background-image":"","background-repeat":"repeat","background-position":"center center","background-size":"auto","background-attachment":"scroll","background-type":"","background-media":"","overlay-type":"","overlay-color":"","overlay-opacity":"","overlay-gradient":""},"tablet":{"background-color":"var(--ast-global-color-4)","background-image":"","background-repeat":"repeat","background-position":"center center","background-size":"auto","background-attachment":"scroll","background-type":"","background-media":"","overlay-type":"","overlay-color":"","overlay-opacity":"","overlay-gradient":""},"mobile":{"background-color":"var(--ast-global-color-4)","background-image":"","background-repeat":"repeat","background-position":"center center","background-size":"auto","background-attachment":"scroll","background-type":"","background-media":"","overlay-type":"","overlay-color":"","overlay-opacity":"","overlay-gradient":""}},"footnotes":""},"categories":[1],"tags":[],"class_list":["post-60894","post","type-post","status-publish","format-standard","hentry","category-sem-categoria"],"yoast_head":"<!-- This site is optimized with the Yoast SEO plugin v26.6 - https:\/\/yoast.com\/wordpress\/plugins\/seo\/ -->\n<title>Teto do Gin\u00e1sio Castelinho desaba durante forte chuva - Daniel Matos<\/title>\n<meta name=\"robots\" content=\"index, follow, max-snippet:-1, max-image-preview:large, max-video-preview:-1\" \/>\n<link rel=\"canonical\" href=\"https:\/\/www.blogsoestado.com\/danielmatos\/teto-do-ginasio-castelinho-desaba-durante-forte-chuva\/\" \/>\n<meta property=\"og:locale\" content=\"pt_BR\" \/>\n<meta property=\"og:type\" content=\"article\" \/>\n<meta property=\"og:title\" content=\"Teto do Gin\u00e1sio Castelinho desaba durante forte chuva - Daniel Matos\" \/>\n<meta property=\"og:description\" content=\"O teto do Gin\u00e1sio Georgiana Pflueger desabou, no in\u00edcio da tarde desta Quarta-Feira de Cinzas, durante uma forte chuva. Mais [&hellip;]\" \/>\n<meta property=\"og:url\" content=\"https:\/\/www.blogsoestado.com\/danielmatos\/teto-do-ginasio-castelinho-desaba-durante-forte-chuva\/\" \/>\n<meta property=\"og:site_name\" content=\"Daniel Matos\" \/>\n<meta property=\"article:published_time\" content=\"2019-03-06T16:56:18+00:00\" \/>\n<meta property=\"og:image\" content=\"https:\/\/www.blogsoestado.com\/danielmatos\/files\/2019\/03\/castelinho-desaba.jpg\" \/>\n<meta name=\"twitter:card\" content=\"summary_large_image\" \/>\n<meta name=\"twitter:label1\" content=\"Est. tempo de leitura\" \/>\n\t<meta name=\"twitter:data1\" content=\"1 minuto\" \/>\n<script type=\"application\/ld+json\" class=\"yoast-schema-graph\">{\"@context\":\"https:\/\/schema.org\",\"@graph\":[{\"@type\":\"WebPage\",\"@id\":\"https:\/\/www.blogsoestado.com\/danielmatos\/teto-do-ginasio-castelinho-desaba-durante-forte-chuva\/\",\"url\":\"https:\/\/www.blogsoestado.com\/danielmatos\/teto-do-ginasio-castelinho-desaba-durante-forte-chuva\/\",\"name\":\"Teto do Gin\u00e1sio Castelinho desaba durante forte chuva - Daniel Matos\",\"isPartOf\":{\"@id\":\"https:\/\/www.blogsoestado.com\/danielmatos\/#website\"},\"primaryImageOfPage\":{\"@id\":\"https:\/\/www.blogsoestado.com\/danielmatos\/teto-do-ginasio-castelinho-desaba-durante-forte-chuva\/#primaryimage\"},\"image\":{\"@id\":\"https:\/\/www.blogsoestado.com\/danielmatos\/teto-do-ginasio-castelinho-desaba-durante-forte-chuva\/#primaryimage\"},\"thumbnailUrl\":\"https:\/\/www.blogsoestado.com\/danielmatos\/files\/2019\/03\/castelinho-desaba.jpg\",\"datePublished\":\"2019-03-06T16:56:18+00:00\",\"author\":{\"@id\":\"\"},\"breadcrumb\":{\"@id\":\"https:\/\/www.blogsoestado.com\/danielmatos\/teto-do-ginasio-castelinho-desaba-durante-forte-chuva\/#breadcrumb\"},\"inLanguage\":\"pt-BR\",\"potentialAction\":[{\"@type\":\"ReadAction\",\"target\":[\"https:\/\/www.blogsoestado.com\/danielmatos\/teto-do-ginasio-castelinho-desaba-durante-forte-chuva\/\"]}]},{\"@type\":\"ImageObject\",\"inLanguage\":\"pt-BR\",\"@id\":\"https:\/\/www.blogsoestado.com\/danielmatos\/teto-do-ginasio-castelinho-desaba-durante-forte-chuva\/#primaryimage\",\"url\":\"https:\/\/www.blogsoestado.com\/danielmatos\/files\/2019\/03\/castelinho-desaba.jpg\",\"contentUrl\":\"https:\/\/www.blogsoestado.com\/danielmatos\/files\/2019\/03\/castelinho-desaba.jpg\"},{\"@type\":\"BreadcrumbList\",\"@id\":\"https:\/\/www.blogsoestado.com\/danielmatos\/teto-do-ginasio-castelinho-desaba-durante-forte-chuva\/#breadcrumb\",\"itemListElement\":[{\"@type\":\"ListItem\",\"position\":1,\"name\":\"In\u00edcio\",\"item\":\"https:\/\/www.blogsoestado.com\/danielmatos\/\"},{\"@type\":\"ListItem\",\"position\":2,\"name\":\"Teto do Gin\u00e1sio Castelinho desaba durante forte chuva\"}]},{\"@type\":\"WebSite\",\"@id\":\"https:\/\/www.blogsoestado.com\/danielmatos\/#website\",\"url\":\"https:\/\/www.blogsoestado.com\/danielmatos\/\",\"name\":\"Daniel Matos\",\"description\":\"\",\"potentialAction\":[{\"@type\":\"SearchAction\",\"target\":{\"@type\":\"EntryPoint\",\"urlTemplate\":\"https:\/\/www.blogsoestado.com\/danielmatos\/?s={search_term_string}\"},\"query-input\":{\"@type\":\"PropertyValueSpecification\",\"valueRequired\":true,\"valueName\":\"search_term_string\"}}],\"inLanguage\":\"pt-BR\"}]}<\/script>\n<!-- \/ Yoast SEO plugin. -->","yoast_head_json":{"title":"Teto do Gin\u00e1sio Castelinho desaba durante forte chuva - Daniel Matos","robots":{"index":"index","follow":"follow","max-snippet":"max-snippet:-1","max-image-preview":"max-image-preview:large","max-video-preview":"max-video-preview:-1"},"canonical":"https:\/\/www.blogsoestado.com\/danielmatos\/teto-do-ginasio-castelinho-desaba-durante-forte-chuva\/","og_locale":"pt_BR","og_type":"article","og_title":"Teto do Gin\u00e1sio Castelinho desaba durante forte chuva - Daniel Matos","og_description":"O teto do Gin\u00e1sio Georgiana Pflueger desabou, no in\u00edcio da tarde desta Quarta-Feira de Cinzas, durante uma forte chuva. Mais [&hellip;]","og_url":"https:\/\/www.blogsoestado.com\/danielmatos\/teto-do-ginasio-castelinho-desaba-durante-forte-chuva\/","og_site_name":"Daniel Matos","article_published_time":"2019-03-06T16:56:18+00:00","og_image":[{"url":"https:\/\/www.blogsoestado.com\/danielmatos\/files\/2019\/03\/castelinho-desaba.jpg","type":"","width":"","height":""}],"twitter_card":"summary_large_image","twitter_misc":{"Est. tempo de leitura":"1 minuto"},"schema":{"@context":"https:\/\/schema.org","@graph":[{"@type":"WebPage","@id":"https:\/\/www.blogsoestado.com\/danielmatos\/teto-do-ginasio-castelinho-desaba-durante-forte-chuva\/","url":"https:\/\/www.blogsoestado.com\/danielmatos\/teto-do-ginasio-castelinho-desaba-durante-forte-chuva\/","name":"Teto do Gin\u00e1sio Castelinho desaba durante forte chuva - Daniel Matos","isPartOf":{"@id":"https:\/\/www.blogsoestado.com\/danielmatos\/#website"},"primaryImageOfPage":{"@id":"https:\/\/www.blogsoestado.com\/danielmatos\/teto-do-ginasio-castelinho-desaba-durante-forte-chuva\/#primaryimage"},"image":{"@id":"https:\/\/www.blogsoestado.com\/danielmatos\/teto-do-ginasio-castelinho-desaba-durante-forte-chuva\/#primaryimage"},"thumbnailUrl":"https:\/\/www.blogsoestado.com\/danielmatos\/files\/2019\/03\/castelinho-desaba.jpg","datePublished":"2019-03-06T16:56:18+00:00","author":{"@id":""},"breadcrumb":{"@id":"https:\/\/www.blogsoestado.com\/danielmatos\/teto-do-ginasio-castelinho-desaba-durante-forte-chuva\/#breadcrumb"},"inLanguage":"pt-BR","potentialAction":[{"@type":"ReadAction","target":["https:\/\/www.blogsoestado.com\/danielmatos\/teto-do-ginasio-castelinho-desaba-durante-forte-chuva\/"]}]},{"@type":"ImageObject","inLanguage":"pt-BR","@id":"https:\/\/www.blogsoestado.com\/danielmatos\/teto-do-ginasio-castelinho-desaba-durante-forte-chuva\/#primaryimage","url":"https:\/\/www.blogsoestado.com\/danielmatos\/files\/2019\/03\/castelinho-desaba.jpg","contentUrl":"https:\/\/www.blogsoestado.com\/danielmatos\/files\/2019\/03\/castelinho-desaba.jpg"},{"@type":"BreadcrumbList","@id":"https:\/\/www.blogsoestado.com\/danielmatos\/teto-do-ginasio-castelinho-desaba-durante-forte-chuva\/#breadcrumb","itemListElement":[{"@type":"ListItem","position":1,"name":"In\u00edcio","item":"https:\/\/www.blogsoestado.com\/danielmatos\/"},{"@type":"ListItem","position":2,"name":"Teto do Gin\u00e1sio Castelinho desaba durante forte chuva"}]},{"@type":"WebSite","@id":"https:\/\/www.blogsoestado.com\/danielmatos\/#website","url":"https:\/\/www.blogsoestado.com\/danielmatos\/","name":"Daniel Matos","description":"","potentialAction":[{"@type":"SearchAction","target":{"@type":"EntryPoint","urlTemplate":"https:\/\/www.blogsoestado.com\/danielmatos\/?s={search_term_string}"},"query-input":{"@type":"PropertyValueSpecification","valueRequired":true,"valueName":"search_term_string"}}],"inLanguage":"pt-BR"}]}},"jetpack_featured_media_url":"","_links":{"self":[{"href":"https:\/\/www.blogsoestado.com\/danielmatos\/wp-json\/wp\/v2\/posts\/60894","targetHints":{"allow":["GET"]}}],"collection":[{"href":"https:\/\/www.blogsoestado.com\/danielmatos\/wp-json\/wp\/v2\/posts"}],"about":[{"href":"https:\/\/www.blogsoestado.com\/danielmatos\/wp-json\/wp\/v2\/types\/post"}],"replies":[{"embeddable":true,"href":"https:\/\/www.blogsoestado.com\/danielmatos\/wp-json\/wp\/v2\/comments?post=60894"}],"version-history":[{"count":0,"href":"https:\/\/www.blogsoestado.com\/danielmatos\/wp-json\/wp\/v2\/posts\/60894\/revisions"}],"wp:attachment":[{"href":"https:\/\/www.blogsoestado.com\/danielmatos\/wp-json\/wp\/v2\/media?parent=60894"}],"wp:term":[{"taxonomy":"category","embeddable":true,"href":"https:\/\/www.blogsoestado.com\/danielmatos\/wp-json\/wp\/v2\/categories?post=60894"},{"taxonomy":"post_tag","embeddable":true,"href":"https:\/\/www.blogsoestado.com\/danielmatos\/wp-json\/wp\/v2\/tags?post=60894"}],"curies":[{"name":"wp","href":"https:\/\/api.w.org\/{rel}","templated":true}]}}