{"id":60899,"date":"2019-03-06T17:08:34","date_gmt":"2019-03-06T20:08:34","guid":{"rendered":"https:\/\/www.blogsoestado.com\/danielmatos\/?p=60899"},"modified":"2019-03-06T17:08:34","modified_gmt":"2019-03-06T20:08:34","slug":"carnaval-transcorreu-em-clima-de-paz-em-santa-rita-e-bacabeira-informa-policia","status":"publish","type":"post","link":"https:\/\/www.blogsoestado.com\/danielmatos\/carnaval-transcorreu-em-clima-de-paz-em-santa-rita-e-bacabeira-informa-policia\/","title":{"rendered":"Carnaval transcorreu em clima de paz em Santa Rita e Bacabeira, informa pol\u00edcia"},"content":{"rendered":"\n<figure class=\"wp-block-image\"><img decoding=\"async\" src=\"https:\/\/www.blogsoestado.com\/danielmatos\/files\/2019\/03\/hilton-folia.jpg\" alt=\"\" class=\"wp-image-60902\"\/><figcaption>Prefeito de Santa Rita, Hilton Gon\u00e7alo e sua esposa Fernanda, prefeita de Bacabeira, comemoram o sucesso e a tranquilidade do Carnaval nos dois munic\u00edpios<\/figcaption><\/figure>\n\n\n\n<p>Balan\u00e7o divulgado pela Pol\u00edcia Civil informa que n\u00e3o foram registradas ocorr\u00eancias graves em Santa Rita e Bacabeira durante o Carnaval. Documento assinado pelo delegado Ednaldo Santos, em exerc\u00edcio nas delegacias dos dois munic\u00edpios, o empenho e o profissionalismo dos profissionais de seguran\u00e7a p\u00fablica proporcionou aos foli\u00f5es, aos vendedores ambulantes e \u00e0s pessoas que n\u00e3o participaram da festa um clima ordeiro e de paz.<\/p>\n\n\n\n<p> &#8220;Todos tiveram o direito de ir, vir e brincar sem que sofressem viol\u00eancia de qualquer natureza&#8221;, registrou o delegado.<\/p>\n\n\n\n<p>O delegado afirmou que Santa Rita e em Bacabeira realizaram as festividades de Carnaval mais tranquilas e seguras de todo o Maranh\u00e3o.<\/p>\n\n\n\n<p>Confira o documento: <\/p>\n\n\n\n<div class=\"wp-block-image\"><figure class=\"aligncenter\"><img decoding=\"async\" src=\"https:\/\/www.blogsoestado.com\/danielmatos\/files\/2019\/03\/ocorrencias-santa-rita-1.jpg\" alt=\"\" class=\"wp-image-60901\"\/><\/figure><\/div>\n","protected":false},"excerpt":{"rendered":"<p>Balan\u00e7o divulgado pela Pol\u00edcia Civil informa que n\u00e3o foram registradas ocorr\u00eancias graves em Santa Rita e Bacabeira durante o Carnaval. [&hellip;]<\/p>\n","protected":false},"author":0,"featured_media":0,"comment_status":"open","ping_status":"open","sticky":false,"template":"","format":"standard","meta":{"site-sidebar-layout":"default","site-content-layout":"","ast-site-content-layout":"default","site-content-style":"default","site-sidebar-style":"default","ast-global-header-display":"","ast-banner-title-visibility":"","ast-main-header-display":"","ast-hfb-above-header-display":"","ast-hfb-below-header-display":"","ast-hfb-mobile-header-display":"","site-post-title":"","ast-breadcrumbs-content":"","ast-featured-img":"","footer-sml-layout":"","ast-disable-related-posts":"","theme-transparent-header-meta":"","adv-header-id-meta":"","stick-header-meta":"","header-above-stick-meta":"","header-main-stick-meta":"","header-below-stick-meta":"","astra-migrate-meta-layouts":"default","ast-page-background-enabled":"default","ast-page-background-meta":{"desktop":{"background-color":"var(--ast-global-color-5)","background-image":"","background-repeat":"repeat","background-position":"center center","background-size":"auto","background-attachment":"scroll","background-type":"","background-media":"","overlay-type":"","overlay-color":"","overlay-opacity":"","overlay-gradient":""},"tablet":{"background-color":"","background-image":"","background-repeat":"repeat","background-position":"center center","background-size":"auto","background-attachment":"scroll","background-type":"","background-media":"","overlay-type":"","overlay-color":"","overlay-opacity":"","overlay-gradient":""},"mobile":{"background-color":"","background-image":"","background-repeat":"repeat","background-position":"center center","background-size":"auto","background-attachment":"scroll","background-type":"","background-media":"","overlay-type":"","overlay-color":"","overlay-opacity":"","overlay-gradient":""}},"ast-content-background-meta":{"desktop":{"background-color":"var(--ast-global-color-4)","background-image":"","background-repeat":"repeat","background-position":"center center","background-size":"auto","background-attachment":"scroll","background-type":"","background-media":"","overlay-type":"","overlay-color":"","overlay-opacity":"","overlay-gradient":""},"tablet":{"background-color":"var(--ast-global-color-4)","background-image":"","background-repeat":"repeat","background-position":"center center","background-size":"auto","background-attachment":"scroll","background-type":"","background-media":"","overlay-type":"","overlay-color":"","overlay-opacity":"","overlay-gradient":""},"mobile":{"background-color":"var(--ast-global-color-4)","background-image":"","background-repeat":"repeat","background-position":"center center","background-size":"auto","background-attachment":"scroll","background-type":"","background-media":"","overlay-type":"","overlay-color":"","overlay-opacity":"","overlay-gradient":""}},"footnotes":""},"categories":[1],"tags":[],"class_list":["post-60899","post","type-post","status-publish","format-standard","hentry","category-sem-categoria"],"yoast_head":"<!-- This site is optimized with the Yoast SEO plugin v26.6 - https:\/\/yoast.com\/wordpress\/plugins\/seo\/ -->\n<title>Carnaval transcorreu em clima de paz em Santa Rita e Bacabeira, informa pol\u00edcia - Daniel Matos<\/title>\n<meta name=\"robots\" content=\"index, follow, max-snippet:-1, max-image-preview:large, max-video-preview:-1\" \/>\n<link rel=\"canonical\" href=\"https:\/\/www.blogsoestado.com\/danielmatos\/carnaval-transcorreu-em-clima-de-paz-em-santa-rita-e-bacabeira-informa-policia\/\" \/>\n<meta property=\"og:locale\" content=\"pt_BR\" \/>\n<meta property=\"og:type\" content=\"article\" \/>\n<meta property=\"og:title\" content=\"Carnaval transcorreu em clima de paz em Santa Rita e Bacabeira, informa pol\u00edcia - Daniel Matos\" \/>\n<meta property=\"og:description\" content=\"Balan\u00e7o divulgado pela Pol\u00edcia Civil informa que n\u00e3o foram registradas ocorr\u00eancias graves em Santa Rita e Bacabeira durante o Carnaval. [&hellip;]\" \/>\n<meta property=\"og:url\" content=\"https:\/\/www.blogsoestado.com\/danielmatos\/carnaval-transcorreu-em-clima-de-paz-em-santa-rita-e-bacabeira-informa-policia\/\" \/>\n<meta property=\"og:site_name\" content=\"Daniel Matos\" \/>\n<meta property=\"article:published_time\" content=\"2019-03-06T20:08:34+00:00\" \/>\n<meta property=\"og:image\" content=\"https:\/\/www.blogsoestado.com\/danielmatos\/files\/2019\/03\/hilton-folia.jpg\" \/>\n<meta name=\"twitter:card\" content=\"summary_large_image\" \/>\n<meta name=\"twitter:label1\" content=\"Est. tempo de leitura\" \/>\n\t<meta name=\"twitter:data1\" content=\"1 minuto\" \/>\n<script type=\"application\/ld+json\" class=\"yoast-schema-graph\">{\"@context\":\"https:\/\/schema.org\",\"@graph\":[{\"@type\":\"WebPage\",\"@id\":\"https:\/\/www.blogsoestado.com\/danielmatos\/carnaval-transcorreu-em-clima-de-paz-em-santa-rita-e-bacabeira-informa-policia\/\",\"url\":\"https:\/\/www.blogsoestado.com\/danielmatos\/carnaval-transcorreu-em-clima-de-paz-em-santa-rita-e-bacabeira-informa-policia\/\",\"name\":\"Carnaval transcorreu em clima de paz em Santa Rita e Bacabeira, informa pol\u00edcia - Daniel Matos\",\"isPartOf\":{\"@id\":\"https:\/\/www.blogsoestado.com\/danielmatos\/#website\"},\"primaryImageOfPage\":{\"@id\":\"https:\/\/www.blogsoestado.com\/danielmatos\/carnaval-transcorreu-em-clima-de-paz-em-santa-rita-e-bacabeira-informa-policia\/#primaryimage\"},\"image\":{\"@id\":\"https:\/\/www.blogsoestado.com\/danielmatos\/carnaval-transcorreu-em-clima-de-paz-em-santa-rita-e-bacabeira-informa-policia\/#primaryimage\"},\"thumbnailUrl\":\"https:\/\/www.blogsoestado.com\/danielmatos\/files\/2019\/03\/hilton-folia.jpg\",\"datePublished\":\"2019-03-06T20:08:34+00:00\",\"author\":{\"@id\":\"\"},\"breadcrumb\":{\"@id\":\"https:\/\/www.blogsoestado.com\/danielmatos\/carnaval-transcorreu-em-clima-de-paz-em-santa-rita-e-bacabeira-informa-policia\/#breadcrumb\"},\"inLanguage\":\"pt-BR\",\"potentialAction\":[{\"@type\":\"ReadAction\",\"target\":[\"https:\/\/www.blogsoestado.com\/danielmatos\/carnaval-transcorreu-em-clima-de-paz-em-santa-rita-e-bacabeira-informa-policia\/\"]}]},{\"@type\":\"ImageObject\",\"inLanguage\":\"pt-BR\",\"@id\":\"https:\/\/www.blogsoestado.com\/danielmatos\/carnaval-transcorreu-em-clima-de-paz-em-santa-rita-e-bacabeira-informa-policia\/#primaryimage\",\"url\":\"https:\/\/www.blogsoestado.com\/danielmatos\/files\/2019\/03\/hilton-folia.jpg\",\"contentUrl\":\"https:\/\/www.blogsoestado.com\/danielmatos\/files\/2019\/03\/hilton-folia.jpg\"},{\"@type\":\"BreadcrumbList\",\"@id\":\"https:\/\/www.blogsoestado.com\/danielmatos\/carnaval-transcorreu-em-clima-de-paz-em-santa-rita-e-bacabeira-informa-policia\/#breadcrumb\",\"itemListElement\":[{\"@type\":\"ListItem\",\"position\":1,\"name\":\"In\u00edcio\",\"item\":\"https:\/\/www.blogsoestado.com\/danielmatos\/\"},{\"@type\":\"ListItem\",\"position\":2,\"name\":\"Carnaval transcorreu em clima de paz em Santa Rita e Bacabeira, informa pol\u00edcia\"}]},{\"@type\":\"WebSite\",\"@id\":\"https:\/\/www.blogsoestado.com\/danielmatos\/#website\",\"url\":\"https:\/\/www.blogsoestado.com\/danielmatos\/\",\"name\":\"Daniel Matos\",\"description\":\"\",\"potentialAction\":[{\"@type\":\"SearchAction\",\"target\":{\"@type\":\"EntryPoint\",\"urlTemplate\":\"https:\/\/www.blogsoestado.com\/danielmatos\/?s={search_term_string}\"},\"query-input\":{\"@type\":\"PropertyValueSpecification\",\"valueRequired\":true,\"valueName\":\"search_term_string\"}}],\"inLanguage\":\"pt-BR\"}]}<\/script>\n<!-- \/ Yoast SEO plugin. -->","yoast_head_json":{"title":"Carnaval transcorreu em clima de paz em Santa Rita e Bacabeira, informa pol\u00edcia - Daniel Matos","robots":{"index":"index","follow":"follow","max-snippet":"max-snippet:-1","max-image-preview":"max-image-preview:large","max-video-preview":"max-video-preview:-1"},"canonical":"https:\/\/www.blogsoestado.com\/danielmatos\/carnaval-transcorreu-em-clima-de-paz-em-santa-rita-e-bacabeira-informa-policia\/","og_locale":"pt_BR","og_type":"article","og_title":"Carnaval transcorreu em clima de paz em Santa Rita e Bacabeira, informa pol\u00edcia - Daniel Matos","og_description":"Balan\u00e7o divulgado pela Pol\u00edcia Civil informa que n\u00e3o foram registradas ocorr\u00eancias graves em Santa Rita e Bacabeira durante o Carnaval. [&hellip;]","og_url":"https:\/\/www.blogsoestado.com\/danielmatos\/carnaval-transcorreu-em-clima-de-paz-em-santa-rita-e-bacabeira-informa-policia\/","og_site_name":"Daniel Matos","article_published_time":"2019-03-06T20:08:34+00:00","og_image":[{"url":"https:\/\/www.blogsoestado.com\/danielmatos\/files\/2019\/03\/hilton-folia.jpg","type":"","width":"","height":""}],"twitter_card":"summary_large_image","twitter_misc":{"Est. tempo de leitura":"1 minuto"},"schema":{"@context":"https:\/\/schema.org","@graph":[{"@type":"WebPage","@id":"https:\/\/www.blogsoestado.com\/danielmatos\/carnaval-transcorreu-em-clima-de-paz-em-santa-rita-e-bacabeira-informa-policia\/","url":"https:\/\/www.blogsoestado.com\/danielmatos\/carnaval-transcorreu-em-clima-de-paz-em-santa-rita-e-bacabeira-informa-policia\/","name":"Carnaval transcorreu em clima de paz em Santa Rita e Bacabeira, informa pol\u00edcia - Daniel Matos","isPartOf":{"@id":"https:\/\/www.blogsoestado.com\/danielmatos\/#website"},"primaryImageOfPage":{"@id":"https:\/\/www.blogsoestado.com\/danielmatos\/carnaval-transcorreu-em-clima-de-paz-em-santa-rita-e-bacabeira-informa-policia\/#primaryimage"},"image":{"@id":"https:\/\/www.blogsoestado.com\/danielmatos\/carnaval-transcorreu-em-clima-de-paz-em-santa-rita-e-bacabeira-informa-policia\/#primaryimage"},"thumbnailUrl":"https:\/\/www.blogsoestado.com\/danielmatos\/files\/2019\/03\/hilton-folia.jpg","datePublished":"2019-03-06T20:08:34+00:00","author":{"@id":""},"breadcrumb":{"@id":"https:\/\/www.blogsoestado.com\/danielmatos\/carnaval-transcorreu-em-clima-de-paz-em-santa-rita-e-bacabeira-informa-policia\/#breadcrumb"},"inLanguage":"pt-BR","potentialAction":[{"@type":"ReadAction","target":["https:\/\/www.blogsoestado.com\/danielmatos\/carnaval-transcorreu-em-clima-de-paz-em-santa-rita-e-bacabeira-informa-policia\/"]}]},{"@type":"ImageObject","inLanguage":"pt-BR","@id":"https:\/\/www.blogsoestado.com\/danielmatos\/carnaval-transcorreu-em-clima-de-paz-em-santa-rita-e-bacabeira-informa-policia\/#primaryimage","url":"https:\/\/www.blogsoestado.com\/danielmatos\/files\/2019\/03\/hilton-folia.jpg","contentUrl":"https:\/\/www.blogsoestado.com\/danielmatos\/files\/2019\/03\/hilton-folia.jpg"},{"@type":"BreadcrumbList","@id":"https:\/\/www.blogsoestado.com\/danielmatos\/carnaval-transcorreu-em-clima-de-paz-em-santa-rita-e-bacabeira-informa-policia\/#breadcrumb","itemListElement":[{"@type":"ListItem","position":1,"name":"In\u00edcio","item":"https:\/\/www.blogsoestado.com\/danielmatos\/"},{"@type":"ListItem","position":2,"name":"Carnaval transcorreu em clima de paz em Santa Rita e Bacabeira, informa pol\u00edcia"}]},{"@type":"WebSite","@id":"https:\/\/www.blogsoestado.com\/danielmatos\/#website","url":"https:\/\/www.blogsoestado.com\/danielmatos\/","name":"Daniel Matos","description":"","potentialAction":[{"@type":"SearchAction","target":{"@type":"EntryPoint","urlTemplate":"https:\/\/www.blogsoestado.com\/danielmatos\/?s={search_term_string}"},"query-input":{"@type":"PropertyValueSpecification","valueRequired":true,"valueName":"search_term_string"}}],"inLanguage":"pt-BR"}]}},"jetpack_featured_media_url":"","_links":{"self":[{"href":"https:\/\/www.blogsoestado.com\/danielmatos\/wp-json\/wp\/v2\/posts\/60899","targetHints":{"allow":["GET"]}}],"collection":[{"href":"https:\/\/www.blogsoestado.com\/danielmatos\/wp-json\/wp\/v2\/posts"}],"about":[{"href":"https:\/\/www.blogsoestado.com\/danielmatos\/wp-json\/wp\/v2\/types\/post"}],"replies":[{"embeddable":true,"href":"https:\/\/www.blogsoestado.com\/danielmatos\/wp-json\/wp\/v2\/comments?post=60899"}],"version-history":[{"count":0,"href":"https:\/\/www.blogsoestado.com\/danielmatos\/wp-json\/wp\/v2\/posts\/60899\/revisions"}],"wp:attachment":[{"href":"https:\/\/www.blogsoestado.com\/danielmatos\/wp-json\/wp\/v2\/media?parent=60899"}],"wp:term":[{"taxonomy":"category","embeddable":true,"href":"https:\/\/www.blogsoestado.com\/danielmatos\/wp-json\/wp\/v2\/categories?post=60899"},{"taxonomy":"post_tag","embeddable":true,"href":"https:\/\/www.blogsoestado.com\/danielmatos\/wp-json\/wp\/v2\/tags?post=60899"}],"curies":[{"name":"wp","href":"https:\/\/api.w.org\/{rel}","templated":true}]}}