{"id":60910,"date":"2019-03-06T20:48:46","date_gmt":"2019-03-06T23:48:46","guid":{"rendered":"https:\/\/www.blogsoestado.com\/danielmatos\/?p=60910"},"modified":"2019-03-06T20:48:46","modified_gmt":"2019-03-06T23:48:46","slug":"a-unica-coisa-que-flavio-dino-fez-pelo-castelinho-foi-pintar-as-grades-com-a-cor-do-seu-partido-denunciou-o-deputado-wellington-do-curso","status":"publish","type":"post","link":"https:\/\/www.blogsoestado.com\/danielmatos\/a-unica-coisa-que-flavio-dino-fez-pelo-castelinho-foi-pintar-as-grades-com-a-cor-do-seu-partido-denunciou-o-deputado-wellington-do-curso\/","title":{"rendered":"\u201cA \u00fanica coisa que Fl\u00e1vio Dino fez pelo Castelinho foi pintar as grades com a cor do seu partido\u201d, denunciou o deputado Wellington do Curso"},"content":{"rendered":"\n<figure class=\"wp-block-image\"><img decoding=\"async\" src=\"https:\/\/www.blogsoestado.com\/danielmatos\/files\/2019\/03\/IMG-20190306-WA0197.jpg\" alt=\"\" class=\"wp-image-60911\"\/><figcaption>Grades do Complexo Esportivo Canhoteiro pintadas de vermelho, cor que remete ao comunismo<\/figcaption><\/figure>\n\n\n\n<p>No in\u00edcio da tarde desta quarta-feira (de cinzas), 06, parte da estrutura do teto do Gin\u00e1sio Castelinho desabou devido a forte ventania e chuva que caia na capital no momento do incidente.<\/p>\n\n\n\n<p>\u00c9 claro que o fat\u00eddico acontecimento se deu pela for\u00e7a da natureza, mas n\u00e3o \u00e9 por isso que se pode descartar a omiss\u00e3o, a falta de investimentos, a irresponsabilidade e o descaso do Governo do Estado no que diz respeito ao esporte maranhense. <\/p>\n\n\n\n<p>H\u00e1 anos o Castelinho vem sendo pauta nos ve\u00edculos de comunica\u00e7\u00e3o, que cedem espa\u00e7o para lamentar e denunciar o que aquele grande local de lazer e disputa esportiva se transformou: incont\u00e1veis problemas estruturais, piscinas cheias e sujas &#8211;  sem manuten\u00e7\u00e3o, arquibancadas com boa parte enferrujada, mato alto e lixo acumulado, entre outras dezenas de problemas estruturais. Resumo de um completo abandono.<\/p>\n\n\n\n<p>A\u00ed algu\u00e9m sabe como foi a \u00faltima \u201creforma\u201d do governo Fl\u00e1vio Dino no local?<br>\nMandou pintar toda a parte da grande (de fora) na cor vermelha, cor do seu partido comunista.<\/p>\n\n\n\n<p>O deputado Wellington do Curso, assim que soube do acontecido, se posicionou, mais uma vez, em defesa da popula\u00e7\u00e3o e argumentou que \u00e9 imposs\u00edvel o governo do Maranh\u00e3o continuar mascarando servi\u00e7os p\u00fablicos para a popula\u00e7\u00e3o, num eterno faz-de-conta que fez, porque \u201ca fatura sempre chega\u201d.<\/p>\n\n\n\n<p>\u201cQuando eu fui informado do que aconteceu hoje \u00e0 tarde no Castelinho, fiquei muito preocupado e procurei logo saber se tinha algu\u00e9m no local na hora desse desabamento, afinal, quem sempre paga a conta do desservi\u00e7o de um governo mascarado e faz-de-conta, \u00e9 a popula\u00e7\u00e3o, \u00e9 o povo.<\/p>\n\n\n\n<p>Falta investimento no esporte maranhense! O estado \u00e9 omisso! A secretaria de Desporto e Lazer \u00e9 tratada como a cozinha do governo. Os nossos atletas, os nossos esportistas n\u00e3o recebem nenhum tipo de ajuda ou patroc\u00ednio. Os que n\u00e3o abrem m\u00e3o dos seus sonhos, pagam grande pre\u00e7o, tendo que vender \u00e1gua em retornos e sem\u00e1foros, para arcarem com os campeonatos e disputas que participam\u201d, disparou o deputado que faz oposi\u00e7\u00e3o declarada ao governo Fl\u00e1vio Dino.<\/p>\n\n\n\n<p>Wellington ainda foi mais enf\u00e1tico quando denunciou que \u201creforma n\u00e3o \u00e9 apenas pintar grades de vermelho, na cor do seu partido, governador. \u00c9 algo muito al\u00e9m disso e que os maranhenses t\u00eam direito a uma estrutura que lhes garanta seguran\u00e7a\u201d.<\/p>\n\n\n\n<p>Aqui \u00e9 assim, \u201cas coisas\u201d s\u00f3 recebem tratamento e aten\u00e7\u00e3o adequada (e olhe l\u00e1), quando o pior j\u00e1 aconteceu, quando j\u00e1 est\u00e1 no ch\u00e3o, prova disso \u00e9 que s\u00f3 ap\u00f3s o desabamento do teto o governador confirmou que toda a estrutura do teto est\u00e1 comprometida e que j\u00e1 foi determinada a imediata recupera\u00e7\u00e3o do Castelinho.<\/p>\n","protected":false},"excerpt":{"rendered":"<p>No in\u00edcio da tarde desta quarta-feira (de cinzas), 06, parte da estrutura do teto do Gin\u00e1sio Castelinho desabou devido a [&hellip;]<\/p>\n","protected":false},"author":0,"featured_media":0,"comment_status":"open","ping_status":"open","sticky":false,"template":"","format":"standard","meta":{"site-sidebar-layout":"default","site-content-layout":"","ast-site-content-layout":"default","site-content-style":"default","site-sidebar-style":"default","ast-global-header-display":"","ast-banner-title-visibility":"","ast-main-header-display":"","ast-hfb-above-header-display":"","ast-hfb-below-header-display":"","ast-hfb-mobile-header-display":"","site-post-title":"","ast-breadcrumbs-content":"","ast-featured-img":"","footer-sml-layout":"","ast-disable-related-posts":"","theme-transparent-header-meta":"","adv-header-id-meta":"","stick-header-meta":"","header-above-stick-meta":"","header-main-stick-meta":"","header-below-stick-meta":"","astra-migrate-meta-layouts":"default","ast-page-background-enabled":"default","ast-page-background-meta":{"desktop":{"background-color":"var(--ast-global-color-5)","background-image":"","background-repeat":"repeat","background-position":"center center","background-size":"auto","background-attachment":"scroll","background-type":"","background-media":"","overlay-type":"","overlay-color":"","overlay-opacity":"","overlay-gradient":""},"tablet":{"background-color":"","background-image":"","background-repeat":"repeat","background-position":"center center","background-size":"auto","background-attachment":"scroll","background-type":"","background-media":"","overlay-type":"","overlay-color":"","overlay-opacity":"","overlay-gradient":""},"mobile":{"background-color":"","background-image":"","background-repeat":"repeat","background-position":"center center","background-size":"auto","background-attachment":"scroll","background-type":"","background-media":"","overlay-type":"","overlay-color":"","overlay-opacity":"","overlay-gradient":""}},"ast-content-background-meta":{"desktop":{"background-color":"var(--ast-global-color-4)","background-image":"","background-repeat":"repeat","background-position":"center center","background-size":"auto","background-attachment":"scroll","background-type":"","background-media":"","overlay-type":"","overlay-color":"","overlay-opacity":"","overlay-gradient":""},"tablet":{"background-color":"var(--ast-global-color-4)","background-image":"","background-repeat":"repeat","background-position":"center center","background-size":"auto","background-attachment":"scroll","background-type":"","background-media":"","overlay-type":"","overlay-color":"","overlay-opacity":"","overlay-gradient":""},"mobile":{"background-color":"var(--ast-global-color-4)","background-image":"","background-repeat":"repeat","background-position":"center center","background-size":"auto","background-attachment":"scroll","background-type":"","background-media":"","overlay-type":"","overlay-color":"","overlay-opacity":"","overlay-gradient":""}},"footnotes":""},"categories":[1],"tags":[],"class_list":["post-60910","post","type-post","status-publish","format-standard","hentry","category-sem-categoria"],"yoast_head":"<!-- This site is optimized with the Yoast SEO plugin v26.6 - https:\/\/yoast.com\/wordpress\/plugins\/seo\/ -->\n<title>\u201cA \u00fanica coisa que Fl\u00e1vio Dino fez pelo Castelinho foi pintar as grades com a cor do seu partido\u201d, denunciou o deputado Wellington do Curso - Daniel Matos<\/title>\n<meta name=\"robots\" content=\"index, follow, max-snippet:-1, max-image-preview:large, max-video-preview:-1\" \/>\n<link rel=\"canonical\" href=\"https:\/\/www.blogsoestado.com\/danielmatos\/a-unica-coisa-que-flavio-dino-fez-pelo-castelinho-foi-pintar-as-grades-com-a-cor-do-seu-partido-denunciou-o-deputado-wellington-do-curso\/\" \/>\n<meta property=\"og:locale\" content=\"pt_BR\" \/>\n<meta property=\"og:type\" content=\"article\" \/>\n<meta property=\"og:title\" content=\"\u201cA \u00fanica coisa que Fl\u00e1vio Dino fez pelo Castelinho foi pintar as grades com a cor do seu partido\u201d, denunciou o deputado Wellington do Curso - Daniel Matos\" \/>\n<meta property=\"og:description\" content=\"No in\u00edcio da tarde desta quarta-feira (de cinzas), 06, parte da estrutura do teto do Gin\u00e1sio Castelinho desabou devido a [&hellip;]\" \/>\n<meta property=\"og:url\" content=\"https:\/\/www.blogsoestado.com\/danielmatos\/a-unica-coisa-que-flavio-dino-fez-pelo-castelinho-foi-pintar-as-grades-com-a-cor-do-seu-partido-denunciou-o-deputado-wellington-do-curso\/\" \/>\n<meta property=\"og:site_name\" content=\"Daniel Matos\" \/>\n<meta property=\"article:published_time\" content=\"2019-03-06T23:48:46+00:00\" \/>\n<meta property=\"og:image\" content=\"https:\/\/www.blogsoestado.com\/danielmatos\/files\/2019\/03\/IMG-20190306-WA0197.jpg\" \/>\n<meta name=\"twitter:card\" content=\"summary_large_image\" \/>\n<meta name=\"twitter:label1\" content=\"Est. tempo de leitura\" \/>\n\t<meta name=\"twitter:data1\" content=\"2 minutos\" \/>\n<script type=\"application\/ld+json\" class=\"yoast-schema-graph\">{\"@context\":\"https:\/\/schema.org\",\"@graph\":[{\"@type\":\"WebPage\",\"@id\":\"https:\/\/www.blogsoestado.com\/danielmatos\/a-unica-coisa-que-flavio-dino-fez-pelo-castelinho-foi-pintar-as-grades-com-a-cor-do-seu-partido-denunciou-o-deputado-wellington-do-curso\/\",\"url\":\"https:\/\/www.blogsoestado.com\/danielmatos\/a-unica-coisa-que-flavio-dino-fez-pelo-castelinho-foi-pintar-as-grades-com-a-cor-do-seu-partido-denunciou-o-deputado-wellington-do-curso\/\",\"name\":\"\u201cA \u00fanica coisa que Fl\u00e1vio Dino fez pelo Castelinho foi pintar as grades com a cor do seu partido\u201d, denunciou o deputado Wellington do Curso - Daniel Matos\",\"isPartOf\":{\"@id\":\"https:\/\/www.blogsoestado.com\/danielmatos\/#website\"},\"primaryImageOfPage\":{\"@id\":\"https:\/\/www.blogsoestado.com\/danielmatos\/a-unica-coisa-que-flavio-dino-fez-pelo-castelinho-foi-pintar-as-grades-com-a-cor-do-seu-partido-denunciou-o-deputado-wellington-do-curso\/#primaryimage\"},\"image\":{\"@id\":\"https:\/\/www.blogsoestado.com\/danielmatos\/a-unica-coisa-que-flavio-dino-fez-pelo-castelinho-foi-pintar-as-grades-com-a-cor-do-seu-partido-denunciou-o-deputado-wellington-do-curso\/#primaryimage\"},\"thumbnailUrl\":\"https:\/\/www.blogsoestado.com\/danielmatos\/files\/2019\/03\/IMG-20190306-WA0197.jpg\",\"datePublished\":\"2019-03-06T23:48:46+00:00\",\"author\":{\"@id\":\"\"},\"breadcrumb\":{\"@id\":\"https:\/\/www.blogsoestado.com\/danielmatos\/a-unica-coisa-que-flavio-dino-fez-pelo-castelinho-foi-pintar-as-grades-com-a-cor-do-seu-partido-denunciou-o-deputado-wellington-do-curso\/#breadcrumb\"},\"inLanguage\":\"pt-BR\",\"potentialAction\":[{\"@type\":\"ReadAction\",\"target\":[\"https:\/\/www.blogsoestado.com\/danielmatos\/a-unica-coisa-que-flavio-dino-fez-pelo-castelinho-foi-pintar-as-grades-com-a-cor-do-seu-partido-denunciou-o-deputado-wellington-do-curso\/\"]}]},{\"@type\":\"ImageObject\",\"inLanguage\":\"pt-BR\",\"@id\":\"https:\/\/www.blogsoestado.com\/danielmatos\/a-unica-coisa-que-flavio-dino-fez-pelo-castelinho-foi-pintar-as-grades-com-a-cor-do-seu-partido-denunciou-o-deputado-wellington-do-curso\/#primaryimage\",\"url\":\"https:\/\/www.blogsoestado.com\/danielmatos\/files\/2019\/03\/IMG-20190306-WA0197.jpg\",\"contentUrl\":\"https:\/\/www.blogsoestado.com\/danielmatos\/files\/2019\/03\/IMG-20190306-WA0197.jpg\"},{\"@type\":\"BreadcrumbList\",\"@id\":\"https:\/\/www.blogsoestado.com\/danielmatos\/a-unica-coisa-que-flavio-dino-fez-pelo-castelinho-foi-pintar-as-grades-com-a-cor-do-seu-partido-denunciou-o-deputado-wellington-do-curso\/#breadcrumb\",\"itemListElement\":[{\"@type\":\"ListItem\",\"position\":1,\"name\":\"In\u00edcio\",\"item\":\"https:\/\/www.blogsoestado.com\/danielmatos\/\"},{\"@type\":\"ListItem\",\"position\":2,\"name\":\"\u201cA \u00fanica coisa que Fl\u00e1vio Dino fez pelo Castelinho foi pintar as grades com a cor do seu partido\u201d, denunciou o deputado Wellington do Curso\"}]},{\"@type\":\"WebSite\",\"@id\":\"https:\/\/www.blogsoestado.com\/danielmatos\/#website\",\"url\":\"https:\/\/www.blogsoestado.com\/danielmatos\/\",\"name\":\"Daniel Matos\",\"description\":\"\",\"potentialAction\":[{\"@type\":\"SearchAction\",\"target\":{\"@type\":\"EntryPoint\",\"urlTemplate\":\"https:\/\/www.blogsoestado.com\/danielmatos\/?s={search_term_string}\"},\"query-input\":{\"@type\":\"PropertyValueSpecification\",\"valueRequired\":true,\"valueName\":\"search_term_string\"}}],\"inLanguage\":\"pt-BR\"}]}<\/script>\n<!-- \/ Yoast SEO plugin. -->","yoast_head_json":{"title":"\u201cA \u00fanica coisa que Fl\u00e1vio Dino fez pelo Castelinho foi pintar as grades com a cor do seu partido\u201d, denunciou o deputado Wellington do Curso - Daniel Matos","robots":{"index":"index","follow":"follow","max-snippet":"max-snippet:-1","max-image-preview":"max-image-preview:large","max-video-preview":"max-video-preview:-1"},"canonical":"https:\/\/www.blogsoestado.com\/danielmatos\/a-unica-coisa-que-flavio-dino-fez-pelo-castelinho-foi-pintar-as-grades-com-a-cor-do-seu-partido-denunciou-o-deputado-wellington-do-curso\/","og_locale":"pt_BR","og_type":"article","og_title":"\u201cA \u00fanica coisa que Fl\u00e1vio Dino fez pelo Castelinho foi pintar as grades com a cor do seu partido\u201d, denunciou o deputado Wellington do Curso - Daniel Matos","og_description":"No in\u00edcio da tarde desta quarta-feira (de cinzas), 06, parte da estrutura do teto do Gin\u00e1sio Castelinho desabou devido a [&hellip;]","og_url":"https:\/\/www.blogsoestado.com\/danielmatos\/a-unica-coisa-que-flavio-dino-fez-pelo-castelinho-foi-pintar-as-grades-com-a-cor-do-seu-partido-denunciou-o-deputado-wellington-do-curso\/","og_site_name":"Daniel Matos","article_published_time":"2019-03-06T23:48:46+00:00","og_image":[{"url":"https:\/\/www.blogsoestado.com\/danielmatos\/files\/2019\/03\/IMG-20190306-WA0197.jpg","type":"","width":"","height":""}],"twitter_card":"summary_large_image","twitter_misc":{"Est. tempo de leitura":"2 minutos"},"schema":{"@context":"https:\/\/schema.org","@graph":[{"@type":"WebPage","@id":"https:\/\/www.blogsoestado.com\/danielmatos\/a-unica-coisa-que-flavio-dino-fez-pelo-castelinho-foi-pintar-as-grades-com-a-cor-do-seu-partido-denunciou-o-deputado-wellington-do-curso\/","url":"https:\/\/www.blogsoestado.com\/danielmatos\/a-unica-coisa-que-flavio-dino-fez-pelo-castelinho-foi-pintar-as-grades-com-a-cor-do-seu-partido-denunciou-o-deputado-wellington-do-curso\/","name":"\u201cA \u00fanica coisa que Fl\u00e1vio Dino fez pelo Castelinho foi pintar as grades com a cor do seu partido\u201d, denunciou o deputado Wellington do Curso - Daniel Matos","isPartOf":{"@id":"https:\/\/www.blogsoestado.com\/danielmatos\/#website"},"primaryImageOfPage":{"@id":"https:\/\/www.blogsoestado.com\/danielmatos\/a-unica-coisa-que-flavio-dino-fez-pelo-castelinho-foi-pintar-as-grades-com-a-cor-do-seu-partido-denunciou-o-deputado-wellington-do-curso\/#primaryimage"},"image":{"@id":"https:\/\/www.blogsoestado.com\/danielmatos\/a-unica-coisa-que-flavio-dino-fez-pelo-castelinho-foi-pintar-as-grades-com-a-cor-do-seu-partido-denunciou-o-deputado-wellington-do-curso\/#primaryimage"},"thumbnailUrl":"https:\/\/www.blogsoestado.com\/danielmatos\/files\/2019\/03\/IMG-20190306-WA0197.jpg","datePublished":"2019-03-06T23:48:46+00:00","author":{"@id":""},"breadcrumb":{"@id":"https:\/\/www.blogsoestado.com\/danielmatos\/a-unica-coisa-que-flavio-dino-fez-pelo-castelinho-foi-pintar-as-grades-com-a-cor-do-seu-partido-denunciou-o-deputado-wellington-do-curso\/#breadcrumb"},"inLanguage":"pt-BR","potentialAction":[{"@type":"ReadAction","target":["https:\/\/www.blogsoestado.com\/danielmatos\/a-unica-coisa-que-flavio-dino-fez-pelo-castelinho-foi-pintar-as-grades-com-a-cor-do-seu-partido-denunciou-o-deputado-wellington-do-curso\/"]}]},{"@type":"ImageObject","inLanguage":"pt-BR","@id":"https:\/\/www.blogsoestado.com\/danielmatos\/a-unica-coisa-que-flavio-dino-fez-pelo-castelinho-foi-pintar-as-grades-com-a-cor-do-seu-partido-denunciou-o-deputado-wellington-do-curso\/#primaryimage","url":"https:\/\/www.blogsoestado.com\/danielmatos\/files\/2019\/03\/IMG-20190306-WA0197.jpg","contentUrl":"https:\/\/www.blogsoestado.com\/danielmatos\/files\/2019\/03\/IMG-20190306-WA0197.jpg"},{"@type":"BreadcrumbList","@id":"https:\/\/www.blogsoestado.com\/danielmatos\/a-unica-coisa-que-flavio-dino-fez-pelo-castelinho-foi-pintar-as-grades-com-a-cor-do-seu-partido-denunciou-o-deputado-wellington-do-curso\/#breadcrumb","itemListElement":[{"@type":"ListItem","position":1,"name":"In\u00edcio","item":"https:\/\/www.blogsoestado.com\/danielmatos\/"},{"@type":"ListItem","position":2,"name":"\u201cA \u00fanica coisa que Fl\u00e1vio Dino fez pelo Castelinho foi pintar as grades com a cor do seu partido\u201d, denunciou o deputado Wellington do Curso"}]},{"@type":"WebSite","@id":"https:\/\/www.blogsoestado.com\/danielmatos\/#website","url":"https:\/\/www.blogsoestado.com\/danielmatos\/","name":"Daniel Matos","description":"","potentialAction":[{"@type":"SearchAction","target":{"@type":"EntryPoint","urlTemplate":"https:\/\/www.blogsoestado.com\/danielmatos\/?s={search_term_string}"},"query-input":{"@type":"PropertyValueSpecification","valueRequired":true,"valueName":"search_term_string"}}],"inLanguage":"pt-BR"}]}},"jetpack_featured_media_url":"","_links":{"self":[{"href":"https:\/\/www.blogsoestado.com\/danielmatos\/wp-json\/wp\/v2\/posts\/60910","targetHints":{"allow":["GET"]}}],"collection":[{"href":"https:\/\/www.blogsoestado.com\/danielmatos\/wp-json\/wp\/v2\/posts"}],"about":[{"href":"https:\/\/www.blogsoestado.com\/danielmatos\/wp-json\/wp\/v2\/types\/post"}],"replies":[{"embeddable":true,"href":"https:\/\/www.blogsoestado.com\/danielmatos\/wp-json\/wp\/v2\/comments?post=60910"}],"version-history":[{"count":0,"href":"https:\/\/www.blogsoestado.com\/danielmatos\/wp-json\/wp\/v2\/posts\/60910\/revisions"}],"wp:attachment":[{"href":"https:\/\/www.blogsoestado.com\/danielmatos\/wp-json\/wp\/v2\/media?parent=60910"}],"wp:term":[{"taxonomy":"category","embeddable":true,"href":"https:\/\/www.blogsoestado.com\/danielmatos\/wp-json\/wp\/v2\/categories?post=60910"},{"taxonomy":"post_tag","embeddable":true,"href":"https:\/\/www.blogsoestado.com\/danielmatos\/wp-json\/wp\/v2\/tags?post=60910"}],"curies":[{"name":"wp","href":"https:\/\/api.w.org\/{rel}","templated":true}]}}