{"id":60926,"date":"2019-03-07T16:17:36","date_gmt":"2019-03-07T19:17:36","guid":{"rendered":"https:\/\/www.blogsoestado.com\/danielmatos\/?p=60926"},"modified":"2019-03-07T16:17:36","modified_gmt":"2019-03-07T19:17:36","slug":"osmar-filho-firma-compromisso-para-beneficiar-apae","status":"publish","type":"post","link":"https:\/\/www.blogsoestado.com\/danielmatos\/osmar-filho-firma-compromisso-para-beneficiar-apae\/","title":{"rendered":"Osmar Filho firma compromisso para beneficiar Apae"},"content":{"rendered":"\n<figure class=\"wp-block-image\"><img decoding=\"async\" src=\"https:\/\/www.blogsoestado.com\/danielmatos\/files\/2019\/03\/osmar-parceria-1024x682.jpg\" alt=\"\" class=\"wp-image-60927\"\/><figcaption> Osmar Filho comprometeu-se em destinar recursos de emendas de sua autoria para auxiliar no desenvolvimento das a\u00e7\u00f5es da organiza\u00e7\u00e3o social <\/figcaption><\/figure>\n\n\n\n<p>O presidente da C\u00e2mara Municipal de S\u00e3o Lu\u00eds, Osmar Filho (PDT), visitou, nesta quinta-feira (07), a Associa\u00e7\u00e3o de Pais e Amigos dos Excepcionais de S\u00e3o Lu\u00eds (Apae), localizada no bairro Outeiro da Cruz.<\/p>\n\n\n\n<p>Na oportunidade, o vereador comprometeu-se em destinar recursos de emendas de sua autoria para auxiliar no desenvolvimento das a\u00e7\u00f5es da organiza\u00e7\u00e3o social. Al\u00e9m disso, prop\u00f4s levar o debate para a Casa Legislativa objetivando fazer com que os demais parlamentares conhe\u00e7am o trabalho da Associa\u00e7\u00e3o e, desta forma, tamb\u00e9m possam contribuir com a mesma atrav\u00e9s da destina\u00e7\u00e3o de recursos provenientes de emendas.<\/p>\n\n\n\n<figure class=\"wp-block-image\"><img decoding=\"async\" src=\"https:\/\/www.blogsoestado.com\/danielmatos\/files\/2019\/03\/osmar-parceria2-1024x682.jpg\" alt=\"\" class=\"wp-image-60928\"\/><figcaption>Presidente da C\u00e2mara abra\u00e7a usu\u00e1ria dos servi\u00e7os da Apae de S\u00e3o Lu\u00eds<\/figcaption><\/figure>\n\n\n\n<p>\u201cPudemos observar o trabalho grandioso que \u00e9 desenvolvido aqui, o que nos deixou sensibilizados. J\u00e1 nos comprometemos em destinar uma parte das nossas emendas para serem alocadas para o custeio da institui\u00e7\u00e3o, para a aquisi\u00e7\u00e3o de equipamentos ou para outras destina\u00e7\u00f5es que contribuam para o seu melhor funcionamento e amplia\u00e7\u00e3o do atendimento\u201d, disse o presidente.<\/p>\n\n\n\n<p>Osmar Filho visitou a Apae atendendo convite do ex-vereador e atual deputado federal, Pedro Lucas Fernandes (PTB).<\/p>\n\n\n\n<p>O deputado, durante o encontro, anunciou a destina\u00e7\u00e3o de duas emendas do ex-deputado federal Pedro Fernandes (PTB), seu pai, para a entidade \u2013 R$ 150 mil para a unidade de S\u00e3o Lu\u00eds e igual valor para a de Araioses.<\/p>\n\n\n\n<figure class=\"wp-block-image\"><img decoding=\"async\" src=\"https:\/\/www.blogsoestado.com\/danielmatos\/files\/2019\/03\/osmar-parceria3-1024x682.jpg\" alt=\"\" class=\"wp-image-60929\"\/><figcaption>Acompanhado do deputado federal Pedro Lucas, Osmar conheceu atividades realizadas pela Apae <\/figcaption><\/figure>\n\n\n\n<p>Pedro Lucas tamb\u00e9m se comprometeu em ajudar com recursos de emendas individuais nesta nova legislatura na C\u00e2mara Federal.<\/p>\n\n\n\n<p>O presidente da Associa\u00e7\u00e3o, Vanderlan Rolim, destacou a import\u00e2ncia da visita dos parlamentares.<\/p>\n\n\n\n<p>Segundo ele, a sinaliza\u00e7\u00e3o de parceria em um momento t\u00e3o importante para a entidade, que completar\u00e1 48 anos este ano, \u00e9 uma grande vit\u00f3ria.<\/p>\n\n\n\n<figure class=\"wp-block-image\"><img decoding=\"async\" src=\"https:\/\/www.blogsoestado.com\/danielmatos\/files\/2019\/03\/osmar-parceria4-1024x682.jpg\" alt=\"\" class=\"wp-image-60930\"\/><figcaption>O deputado e o vereador foram muito bem recepcionados pela equipe da Apae<\/figcaption><\/figure>\n\n\n\n<p>\u201cPara n\u00f3s \u00e9 importante constatarmos nossos parlamentares sens\u00edveis a uma causa t\u00e3o nobre, porque nestes 48 anos de exist\u00eancia a Apae vem realizando um trabalho de muita relev\u00e2ncia para a sociedade, j\u00e1 que nossa atua\u00e7\u00e3o n\u00e3o se restringe \u00e0 quest\u00e3o educacional da pessoa com defici\u00eancia, mas na sua inclus\u00e3o social\u201d, comentou.<\/p>\n\n\n\n<p>Tamb\u00e9m participaram do encontro Christiane Diniz e Concei\u00e7\u00e3o Rolim, gestora e assessoria jur\u00eddica da Associa\u00e7\u00e3o, respectivamente; o volunt\u00e1rio Eufr\u00e2nio Cavalcante; Luiz Borralho e Cl\u00e9o Matias Rocha \u2013 assessor do deputado e da prefeitura da capital, respectivamente.<\/p>\n","protected":false},"excerpt":{"rendered":"<p>O presidente da C\u00e2mara Municipal de S\u00e3o Lu\u00eds, Osmar Filho (PDT), visitou, nesta quinta-feira (07), a Associa\u00e7\u00e3o de Pais e [&hellip;]<\/p>\n","protected":false},"author":0,"featured_media":0,"comment_status":"open","ping_status":"open","sticky":false,"template":"","format":"standard","meta":{"site-sidebar-layout":"default","site-content-layout":"","ast-site-content-layout":"default","site-content-style":"default","site-sidebar-style":"default","ast-global-header-display":"","ast-banner-title-visibility":"","ast-main-header-display":"","ast-hfb-above-header-display":"","ast-hfb-below-header-display":"","ast-hfb-mobile-header-display":"","site-post-title":"","ast-breadcrumbs-content":"","ast-featured-img":"","footer-sml-layout":"","ast-disable-related-posts":"","theme-transparent-header-meta":"","adv-header-id-meta":"","stick-header-meta":"","header-above-stick-meta":"","header-main-stick-meta":"","header-below-stick-meta":"","astra-migrate-meta-layouts":"default","ast-page-background-enabled":"default","ast-page-background-meta":{"desktop":{"background-color":"var(--ast-global-color-5)","background-image":"","background-repeat":"repeat","background-position":"center center","background-size":"auto","background-attachment":"scroll","background-type":"","background-media":"","overlay-type":"","overlay-color":"","overlay-opacity":"","overlay-gradient":""},"tablet":{"background-color":"","background-image":"","background-repeat":"repeat","background-position":"center center","background-size":"auto","background-attachment":"scroll","background-type":"","background-media":"","overlay-type":"","overlay-color":"","overlay-opacity":"","overlay-gradient":""},"mobile":{"background-color":"","background-image":"","background-repeat":"repeat","background-position":"center center","background-size":"auto","background-attachment":"scroll","background-type":"","background-media":"","overlay-type":"","overlay-color":"","overlay-opacity":"","overlay-gradient":""}},"ast-content-background-meta":{"desktop":{"background-color":"var(--ast-global-color-4)","background-image":"","background-repeat":"repeat","background-position":"center center","background-size":"auto","background-attachment":"scroll","background-type":"","background-media":"","overlay-type":"","overlay-color":"","overlay-opacity":"","overlay-gradient":""},"tablet":{"background-color":"var(--ast-global-color-4)","background-image":"","background-repeat":"repeat","background-position":"center center","background-size":"auto","background-attachment":"scroll","background-type":"","background-media":"","overlay-type":"","overlay-color":"","overlay-opacity":"","overlay-gradient":""},"mobile":{"background-color":"var(--ast-global-color-4)","background-image":"","background-repeat":"repeat","background-position":"center center","background-size":"auto","background-attachment":"scroll","background-type":"","background-media":"","overlay-type":"","overlay-color":"","overlay-opacity":"","overlay-gradient":""}},"footnotes":""},"categories":[1],"tags":[],"class_list":["post-60926","post","type-post","status-publish","format-standard","hentry","category-sem-categoria"],"yoast_head":"<!-- This site is optimized with the Yoast SEO plugin v26.6 - https:\/\/yoast.com\/wordpress\/plugins\/seo\/ -->\n<title>Osmar Filho firma compromisso para beneficiar Apae - Daniel Matos<\/title>\n<meta name=\"robots\" content=\"index, follow, max-snippet:-1, max-image-preview:large, max-video-preview:-1\" \/>\n<link rel=\"canonical\" href=\"https:\/\/www.blogsoestado.com\/danielmatos\/osmar-filho-firma-compromisso-para-beneficiar-apae\/\" \/>\n<meta property=\"og:locale\" content=\"pt_BR\" \/>\n<meta property=\"og:type\" content=\"article\" \/>\n<meta property=\"og:title\" content=\"Osmar Filho firma compromisso para beneficiar Apae - Daniel Matos\" \/>\n<meta property=\"og:description\" content=\"O presidente da C\u00e2mara Municipal de S\u00e3o Lu\u00eds, Osmar Filho (PDT), visitou, nesta quinta-feira (07), a Associa\u00e7\u00e3o de Pais e [&hellip;]\" \/>\n<meta property=\"og:url\" content=\"https:\/\/www.blogsoestado.com\/danielmatos\/osmar-filho-firma-compromisso-para-beneficiar-apae\/\" \/>\n<meta property=\"og:site_name\" content=\"Daniel Matos\" \/>\n<meta property=\"article:published_time\" content=\"2019-03-07T19:17:36+00:00\" \/>\n<meta property=\"og:image\" content=\"https:\/\/www.blogsoestado.com\/danielmatos\/files\/2019\/03\/osmar-parceria-1024x682.jpg\" \/>\n<meta name=\"twitter:card\" content=\"summary_large_image\" \/>\n<meta name=\"twitter:label1\" content=\"Est. tempo de leitura\" \/>\n\t<meta name=\"twitter:data1\" content=\"2 minutos\" \/>\n<script type=\"application\/ld+json\" class=\"yoast-schema-graph\">{\"@context\":\"https:\/\/schema.org\",\"@graph\":[{\"@type\":\"WebPage\",\"@id\":\"https:\/\/www.blogsoestado.com\/danielmatos\/osmar-filho-firma-compromisso-para-beneficiar-apae\/\",\"url\":\"https:\/\/www.blogsoestado.com\/danielmatos\/osmar-filho-firma-compromisso-para-beneficiar-apae\/\",\"name\":\"Osmar Filho firma compromisso para beneficiar Apae - Daniel Matos\",\"isPartOf\":{\"@id\":\"https:\/\/www.blogsoestado.com\/danielmatos\/#website\"},\"primaryImageOfPage\":{\"@id\":\"https:\/\/www.blogsoestado.com\/danielmatos\/osmar-filho-firma-compromisso-para-beneficiar-apae\/#primaryimage\"},\"image\":{\"@id\":\"https:\/\/www.blogsoestado.com\/danielmatos\/osmar-filho-firma-compromisso-para-beneficiar-apae\/#primaryimage\"},\"thumbnailUrl\":\"https:\/\/www.blogsoestado.com\/danielmatos\/files\/2019\/03\/osmar-parceria-1024x682.jpg\",\"datePublished\":\"2019-03-07T19:17:36+00:00\",\"author\":{\"@id\":\"\"},\"breadcrumb\":{\"@id\":\"https:\/\/www.blogsoestado.com\/danielmatos\/osmar-filho-firma-compromisso-para-beneficiar-apae\/#breadcrumb\"},\"inLanguage\":\"pt-BR\",\"potentialAction\":[{\"@type\":\"ReadAction\",\"target\":[\"https:\/\/www.blogsoestado.com\/danielmatos\/osmar-filho-firma-compromisso-para-beneficiar-apae\/\"]}]},{\"@type\":\"ImageObject\",\"inLanguage\":\"pt-BR\",\"@id\":\"https:\/\/www.blogsoestado.com\/danielmatos\/osmar-filho-firma-compromisso-para-beneficiar-apae\/#primaryimage\",\"url\":\"https:\/\/www.blogsoestado.com\/danielmatos\/files\/2019\/03\/osmar-parceria-1024x682.jpg\",\"contentUrl\":\"https:\/\/www.blogsoestado.com\/danielmatos\/files\/2019\/03\/osmar-parceria-1024x682.jpg\"},{\"@type\":\"BreadcrumbList\",\"@id\":\"https:\/\/www.blogsoestado.com\/danielmatos\/osmar-filho-firma-compromisso-para-beneficiar-apae\/#breadcrumb\",\"itemListElement\":[{\"@type\":\"ListItem\",\"position\":1,\"name\":\"In\u00edcio\",\"item\":\"https:\/\/www.blogsoestado.com\/danielmatos\/\"},{\"@type\":\"ListItem\",\"position\":2,\"name\":\"Osmar Filho firma compromisso para beneficiar Apae\"}]},{\"@type\":\"WebSite\",\"@id\":\"https:\/\/www.blogsoestado.com\/danielmatos\/#website\",\"url\":\"https:\/\/www.blogsoestado.com\/danielmatos\/\",\"name\":\"Daniel Matos\",\"description\":\"\",\"potentialAction\":[{\"@type\":\"SearchAction\",\"target\":{\"@type\":\"EntryPoint\",\"urlTemplate\":\"https:\/\/www.blogsoestado.com\/danielmatos\/?s={search_term_string}\"},\"query-input\":{\"@type\":\"PropertyValueSpecification\",\"valueRequired\":true,\"valueName\":\"search_term_string\"}}],\"inLanguage\":\"pt-BR\"}]}<\/script>\n<!-- \/ Yoast SEO plugin. -->","yoast_head_json":{"title":"Osmar Filho firma compromisso para beneficiar Apae - Daniel Matos","robots":{"index":"index","follow":"follow","max-snippet":"max-snippet:-1","max-image-preview":"max-image-preview:large","max-video-preview":"max-video-preview:-1"},"canonical":"https:\/\/www.blogsoestado.com\/danielmatos\/osmar-filho-firma-compromisso-para-beneficiar-apae\/","og_locale":"pt_BR","og_type":"article","og_title":"Osmar Filho firma compromisso para beneficiar Apae - Daniel Matos","og_description":"O presidente da C\u00e2mara Municipal de S\u00e3o Lu\u00eds, Osmar Filho (PDT), visitou, nesta quinta-feira (07), a Associa\u00e7\u00e3o de Pais e [&hellip;]","og_url":"https:\/\/www.blogsoestado.com\/danielmatos\/osmar-filho-firma-compromisso-para-beneficiar-apae\/","og_site_name":"Daniel Matos","article_published_time":"2019-03-07T19:17:36+00:00","og_image":[{"url":"https:\/\/www.blogsoestado.com\/danielmatos\/files\/2019\/03\/osmar-parceria-1024x682.jpg","type":"","width":"","height":""}],"twitter_card":"summary_large_image","twitter_misc":{"Est. tempo de leitura":"2 minutos"},"schema":{"@context":"https:\/\/schema.org","@graph":[{"@type":"WebPage","@id":"https:\/\/www.blogsoestado.com\/danielmatos\/osmar-filho-firma-compromisso-para-beneficiar-apae\/","url":"https:\/\/www.blogsoestado.com\/danielmatos\/osmar-filho-firma-compromisso-para-beneficiar-apae\/","name":"Osmar Filho firma compromisso para beneficiar Apae - Daniel Matos","isPartOf":{"@id":"https:\/\/www.blogsoestado.com\/danielmatos\/#website"},"primaryImageOfPage":{"@id":"https:\/\/www.blogsoestado.com\/danielmatos\/osmar-filho-firma-compromisso-para-beneficiar-apae\/#primaryimage"},"image":{"@id":"https:\/\/www.blogsoestado.com\/danielmatos\/osmar-filho-firma-compromisso-para-beneficiar-apae\/#primaryimage"},"thumbnailUrl":"https:\/\/www.blogsoestado.com\/danielmatos\/files\/2019\/03\/osmar-parceria-1024x682.jpg","datePublished":"2019-03-07T19:17:36+00:00","author":{"@id":""},"breadcrumb":{"@id":"https:\/\/www.blogsoestado.com\/danielmatos\/osmar-filho-firma-compromisso-para-beneficiar-apae\/#breadcrumb"},"inLanguage":"pt-BR","potentialAction":[{"@type":"ReadAction","target":["https:\/\/www.blogsoestado.com\/danielmatos\/osmar-filho-firma-compromisso-para-beneficiar-apae\/"]}]},{"@type":"ImageObject","inLanguage":"pt-BR","@id":"https:\/\/www.blogsoestado.com\/danielmatos\/osmar-filho-firma-compromisso-para-beneficiar-apae\/#primaryimage","url":"https:\/\/www.blogsoestado.com\/danielmatos\/files\/2019\/03\/osmar-parceria-1024x682.jpg","contentUrl":"https:\/\/www.blogsoestado.com\/danielmatos\/files\/2019\/03\/osmar-parceria-1024x682.jpg"},{"@type":"BreadcrumbList","@id":"https:\/\/www.blogsoestado.com\/danielmatos\/osmar-filho-firma-compromisso-para-beneficiar-apae\/#breadcrumb","itemListElement":[{"@type":"ListItem","position":1,"name":"In\u00edcio","item":"https:\/\/www.blogsoestado.com\/danielmatos\/"},{"@type":"ListItem","position":2,"name":"Osmar Filho firma compromisso para beneficiar Apae"}]},{"@type":"WebSite","@id":"https:\/\/www.blogsoestado.com\/danielmatos\/#website","url":"https:\/\/www.blogsoestado.com\/danielmatos\/","name":"Daniel Matos","description":"","potentialAction":[{"@type":"SearchAction","target":{"@type":"EntryPoint","urlTemplate":"https:\/\/www.blogsoestado.com\/danielmatos\/?s={search_term_string}"},"query-input":{"@type":"PropertyValueSpecification","valueRequired":true,"valueName":"search_term_string"}}],"inLanguage":"pt-BR"}]}},"jetpack_featured_media_url":"","_links":{"self":[{"href":"https:\/\/www.blogsoestado.com\/danielmatos\/wp-json\/wp\/v2\/posts\/60926","targetHints":{"allow":["GET"]}}],"collection":[{"href":"https:\/\/www.blogsoestado.com\/danielmatos\/wp-json\/wp\/v2\/posts"}],"about":[{"href":"https:\/\/www.blogsoestado.com\/danielmatos\/wp-json\/wp\/v2\/types\/post"}],"replies":[{"embeddable":true,"href":"https:\/\/www.blogsoestado.com\/danielmatos\/wp-json\/wp\/v2\/comments?post=60926"}],"version-history":[{"count":0,"href":"https:\/\/www.blogsoestado.com\/danielmatos\/wp-json\/wp\/v2\/posts\/60926\/revisions"}],"wp:attachment":[{"href":"https:\/\/www.blogsoestado.com\/danielmatos\/wp-json\/wp\/v2\/media?parent=60926"}],"wp:term":[{"taxonomy":"category","embeddable":true,"href":"https:\/\/www.blogsoestado.com\/danielmatos\/wp-json\/wp\/v2\/categories?post=60926"},{"taxonomy":"post_tag","embeddable":true,"href":"https:\/\/www.blogsoestado.com\/danielmatos\/wp-json\/wp\/v2\/tags?post=60926"}],"curies":[{"name":"wp","href":"https:\/\/api.w.org\/{rel}","templated":true}]}}