{"id":60932,"date":"2019-03-07T17:20:04","date_gmt":"2019-03-07T20:20:04","guid":{"rendered":"https:\/\/www.blogsoestado.com\/danielmatos\/?p=60932"},"modified":"2019-03-07T17:20:04","modified_gmt":"2019-03-07T20:20:04","slug":"prefeitura-de-santa-rita-fecha-o-carnaval-20219-com-chave-de-ouro","status":"publish","type":"post","link":"https:\/\/www.blogsoestado.com\/danielmatos\/prefeitura-de-santa-rita-fecha-o-carnaval-20219-com-chave-de-ouro\/","title":{"rendered":"Prefeitura de Santa Rita fecha o Carnaval 2019 com chave de ouro"},"content":{"rendered":"\n<figure class=\"wp-block-image\"><img decoding=\"async\" src=\"https:\/\/www.blogsoestado.com\/danielmatos\/files\/2019\/03\/santa-rita-fecha-1024x576.jpg\" alt=\"\" class=\"wp-image-60933\"\/><figcaption>Prefeito Hilton Gon\u00e7alo e a esposa, Fernanda, prefeita de Bacabeira, comemora o sucesso do Carnaval<\/figcaption><\/figure>\n\n\n\n<p>Foram quatro noites de muita alegria, muita divers\u00e3o e paz na temporada carnavalesca de Santa Rita. A prefeitura realizou a temporada momesca 2019 com muita compet\u00eancia e o destaque ficou por conta da participa\u00e7\u00e3o do grande p\u00fablico que prestigiou os eventos na pra\u00e7a Dr Carlos Macieira. <\/p>\n\n\n\n<p>Com in\u00edcio da programa\u00e7\u00e3o cultural no s\u00e1bado (02) a prefeitura manteve a tradi\u00e7\u00e3o de valorizar os artistas e grupos culturais locais, dando espa\u00e7o de destaque nas apresenta\u00e7\u00f5es, al\u00e9m \u00e9 claro da presen\u00e7a constante do prefeito Hilton Gon\u00e7alo, de sua esposa, a prefeita de Bacabeira &#8211; Fernanda Gon\u00e7alo, do Deputado Estadual Ariston, o presidente da C\u00e2mara &#8211; Fredilson Carvalo, vereadores, secret\u00e1rios e demais autoridades. <\/p>\n\n\n\n<p><strong>GERANDO RENDA<\/strong><\/p>\n\n\n\n<figure class=\"wp-block-image\"><img decoding=\"async\" src=\"https:\/\/www.blogsoestado.com\/danielmatos\/files\/2019\/03\/santa-rita-fecha3-1024x576.jpg\" alt=\"\" class=\"wp-image-60934\"\/><figcaption>Multid\u00e3o vibra durante um dos shows da programa\u00e7\u00e3o de Carnaval de Santa Rita <\/figcaption><\/figure>\n\n\n\n<p>Outro ponto importante foi a comercializa\u00e7\u00e3o livre de v\u00e1rios produtos no corredor da folia, dezenas de barqueiros e ambulantes, obtiveram uma lucratividade acima do esperado. Vale destacar que Santa Rita \u00e9 recordista em n\u00fameros de MEI (Micro Empreendedor individual) na regi\u00e3o.<\/p>\n\n\n\n<p><strong>SEGURAN\u00c7A GARANTIDA<\/strong><\/p>\n\n\n\n<figure class=\"wp-block-image\"><img decoding=\"async\" src=\"https:\/\/www.blogsoestado.com\/danielmatos\/files\/2019\/03\/santa-rita-fecha2-1024x576.jpg\" alt=\"\" class=\"wp-image-60936\"\/><figcaption>Prefeito Hilton Gon\u00e7alo comandou grupo animado de foli\u00f5es no Carnaval<\/figcaption><\/figure>\n\n\n\n<p>Algo muito positivo tamb\u00e9m foi a seguran\u00e7a, segundo relat\u00f3rio da delegacia local, a cobertura das pol\u00edcias Civil e Militar, garantiram um carnaval seguro e sem ocorr\u00eancias de natureza grave, recebendo ent\u00e3o o destaque estadual por ser o carnaval mais tranquilo e seguro.<\/p>\n\n\n\n<p>Com tantos pontos positivos, nesta ter\u00e7a-feira (05) os shows de encerramento ficaram por conta das bandas  Sacode Mais(local), banda Tok Show, Bonde Forrozeiro e a banda Forr\u00f3 de Qualidade, que retornou a Santa Rita para confirmar seu favoritismo na cidade e garantir o sucesso do encerramento do carnaval 2019.<\/p>\n","protected":false},"excerpt":{"rendered":"<p>Foram quatro noites de muita alegria, muita divers\u00e3o e paz na temporada carnavalesca de Santa Rita. A prefeitura realizou a [&hellip;]<\/p>\n","protected":false},"author":0,"featured_media":0,"comment_status":"open","ping_status":"open","sticky":false,"template":"","format":"standard","meta":{"site-sidebar-layout":"default","site-content-layout":"","ast-site-content-layout":"default","site-content-style":"default","site-sidebar-style":"default","ast-global-header-display":"","ast-banner-title-visibility":"","ast-main-header-display":"","ast-hfb-above-header-display":"","ast-hfb-below-header-display":"","ast-hfb-mobile-header-display":"","site-post-title":"","ast-breadcrumbs-content":"","ast-featured-img":"","footer-sml-layout":"","ast-disable-related-posts":"","theme-transparent-header-meta":"","adv-header-id-meta":"","stick-header-meta":"","header-above-stick-meta":"","header-main-stick-meta":"","header-below-stick-meta":"","astra-migrate-meta-layouts":"default","ast-page-background-enabled":"default","ast-page-background-meta":{"desktop":{"background-color":"var(--ast-global-color-5)","background-image":"","background-repeat":"repeat","background-position":"center center","background-size":"auto","background-attachment":"scroll","background-type":"","background-media":"","overlay-type":"","overlay-color":"","overlay-opacity":"","overlay-gradient":""},"tablet":{"background-color":"","background-image":"","background-repeat":"repeat","background-position":"center center","background-size":"auto","background-attachment":"scroll","background-type":"","background-media":"","overlay-type":"","overlay-color":"","overlay-opacity":"","overlay-gradient":""},"mobile":{"background-color":"","background-image":"","background-repeat":"repeat","background-position":"center center","background-size":"auto","background-attachment":"scroll","background-type":"","background-media":"","overlay-type":"","overlay-color":"","overlay-opacity":"","overlay-gradient":""}},"ast-content-background-meta":{"desktop":{"background-color":"var(--ast-global-color-4)","background-image":"","background-repeat":"repeat","background-position":"center center","background-size":"auto","background-attachment":"scroll","background-type":"","background-media":"","overlay-type":"","overlay-color":"","overlay-opacity":"","overlay-gradient":""},"tablet":{"background-color":"var(--ast-global-color-4)","background-image":"","background-repeat":"repeat","background-position":"center center","background-size":"auto","background-attachment":"scroll","background-type":"","background-media":"","overlay-type":"","overlay-color":"","overlay-opacity":"","overlay-gradient":""},"mobile":{"background-color":"var(--ast-global-color-4)","background-image":"","background-repeat":"repeat","background-position":"center center","background-size":"auto","background-attachment":"scroll","background-type":"","background-media":"","overlay-type":"","overlay-color":"","overlay-opacity":"","overlay-gradient":""}},"footnotes":""},"categories":[1],"tags":[],"class_list":["post-60932","post","type-post","status-publish","format-standard","hentry","category-sem-categoria"],"yoast_head":"<!-- This site is optimized with the Yoast SEO plugin v26.6 - https:\/\/yoast.com\/wordpress\/plugins\/seo\/ -->\n<title>Prefeitura de Santa Rita fecha o Carnaval 2019 com chave de ouro - Daniel Matos<\/title>\n<meta name=\"robots\" content=\"index, follow, max-snippet:-1, max-image-preview:large, max-video-preview:-1\" \/>\n<link rel=\"canonical\" href=\"https:\/\/www.blogsoestado.com\/danielmatos\/prefeitura-de-santa-rita-fecha-o-carnaval-20219-com-chave-de-ouro\/\" \/>\n<meta property=\"og:locale\" content=\"pt_BR\" \/>\n<meta property=\"og:type\" content=\"article\" \/>\n<meta property=\"og:title\" content=\"Prefeitura de Santa Rita fecha o Carnaval 2019 com chave de ouro - Daniel Matos\" \/>\n<meta property=\"og:description\" content=\"Foram quatro noites de muita alegria, muita divers\u00e3o e paz na temporada carnavalesca de Santa Rita. A prefeitura realizou a [&hellip;]\" \/>\n<meta property=\"og:url\" content=\"https:\/\/www.blogsoestado.com\/danielmatos\/prefeitura-de-santa-rita-fecha-o-carnaval-20219-com-chave-de-ouro\/\" \/>\n<meta property=\"og:site_name\" content=\"Daniel Matos\" \/>\n<meta property=\"article:published_time\" content=\"2019-03-07T20:20:04+00:00\" \/>\n<meta property=\"og:image\" content=\"https:\/\/www.blogsoestado.com\/danielmatos\/files\/2019\/03\/santa-rita-fecha-1024x576.jpg\" \/>\n<meta name=\"twitter:card\" content=\"summary_large_image\" \/>\n<meta name=\"twitter:label1\" content=\"Est. tempo de leitura\" \/>\n\t<meta name=\"twitter:data1\" content=\"2 minutos\" \/>\n<script type=\"application\/ld+json\" class=\"yoast-schema-graph\">{\"@context\":\"https:\/\/schema.org\",\"@graph\":[{\"@type\":\"WebPage\",\"@id\":\"https:\/\/www.blogsoestado.com\/danielmatos\/prefeitura-de-santa-rita-fecha-o-carnaval-20219-com-chave-de-ouro\/\",\"url\":\"https:\/\/www.blogsoestado.com\/danielmatos\/prefeitura-de-santa-rita-fecha-o-carnaval-20219-com-chave-de-ouro\/\",\"name\":\"Prefeitura de Santa Rita fecha o Carnaval 2019 com chave de ouro - Daniel Matos\",\"isPartOf\":{\"@id\":\"https:\/\/www.blogsoestado.com\/danielmatos\/#website\"},\"primaryImageOfPage\":{\"@id\":\"https:\/\/www.blogsoestado.com\/danielmatos\/prefeitura-de-santa-rita-fecha-o-carnaval-20219-com-chave-de-ouro\/#primaryimage\"},\"image\":{\"@id\":\"https:\/\/www.blogsoestado.com\/danielmatos\/prefeitura-de-santa-rita-fecha-o-carnaval-20219-com-chave-de-ouro\/#primaryimage\"},\"thumbnailUrl\":\"https:\/\/www.blogsoestado.com\/danielmatos\/files\/2019\/03\/santa-rita-fecha-1024x576.jpg\",\"datePublished\":\"2019-03-07T20:20:04+00:00\",\"author\":{\"@id\":\"\"},\"breadcrumb\":{\"@id\":\"https:\/\/www.blogsoestado.com\/danielmatos\/prefeitura-de-santa-rita-fecha-o-carnaval-20219-com-chave-de-ouro\/#breadcrumb\"},\"inLanguage\":\"pt-BR\",\"potentialAction\":[{\"@type\":\"ReadAction\",\"target\":[\"https:\/\/www.blogsoestado.com\/danielmatos\/prefeitura-de-santa-rita-fecha-o-carnaval-20219-com-chave-de-ouro\/\"]}]},{\"@type\":\"ImageObject\",\"inLanguage\":\"pt-BR\",\"@id\":\"https:\/\/www.blogsoestado.com\/danielmatos\/prefeitura-de-santa-rita-fecha-o-carnaval-20219-com-chave-de-ouro\/#primaryimage\",\"url\":\"https:\/\/www.blogsoestado.com\/danielmatos\/files\/2019\/03\/santa-rita-fecha-1024x576.jpg\",\"contentUrl\":\"https:\/\/www.blogsoestado.com\/danielmatos\/files\/2019\/03\/santa-rita-fecha-1024x576.jpg\"},{\"@type\":\"BreadcrumbList\",\"@id\":\"https:\/\/www.blogsoestado.com\/danielmatos\/prefeitura-de-santa-rita-fecha-o-carnaval-20219-com-chave-de-ouro\/#breadcrumb\",\"itemListElement\":[{\"@type\":\"ListItem\",\"position\":1,\"name\":\"In\u00edcio\",\"item\":\"https:\/\/www.blogsoestado.com\/danielmatos\/\"},{\"@type\":\"ListItem\",\"position\":2,\"name\":\"Prefeitura de Santa Rita fecha o Carnaval 2019 com chave de ouro\"}]},{\"@type\":\"WebSite\",\"@id\":\"https:\/\/www.blogsoestado.com\/danielmatos\/#website\",\"url\":\"https:\/\/www.blogsoestado.com\/danielmatos\/\",\"name\":\"Daniel Matos\",\"description\":\"\",\"potentialAction\":[{\"@type\":\"SearchAction\",\"target\":{\"@type\":\"EntryPoint\",\"urlTemplate\":\"https:\/\/www.blogsoestado.com\/danielmatos\/?s={search_term_string}\"},\"query-input\":{\"@type\":\"PropertyValueSpecification\",\"valueRequired\":true,\"valueName\":\"search_term_string\"}}],\"inLanguage\":\"pt-BR\"}]}<\/script>\n<!-- \/ Yoast SEO plugin. -->","yoast_head_json":{"title":"Prefeitura de Santa Rita fecha o Carnaval 2019 com chave de ouro - Daniel Matos","robots":{"index":"index","follow":"follow","max-snippet":"max-snippet:-1","max-image-preview":"max-image-preview:large","max-video-preview":"max-video-preview:-1"},"canonical":"https:\/\/www.blogsoestado.com\/danielmatos\/prefeitura-de-santa-rita-fecha-o-carnaval-20219-com-chave-de-ouro\/","og_locale":"pt_BR","og_type":"article","og_title":"Prefeitura de Santa Rita fecha o Carnaval 2019 com chave de ouro - Daniel Matos","og_description":"Foram quatro noites de muita alegria, muita divers\u00e3o e paz na temporada carnavalesca de Santa Rita. A prefeitura realizou a [&hellip;]","og_url":"https:\/\/www.blogsoestado.com\/danielmatos\/prefeitura-de-santa-rita-fecha-o-carnaval-20219-com-chave-de-ouro\/","og_site_name":"Daniel Matos","article_published_time":"2019-03-07T20:20:04+00:00","og_image":[{"url":"https:\/\/www.blogsoestado.com\/danielmatos\/files\/2019\/03\/santa-rita-fecha-1024x576.jpg","type":"","width":"","height":""}],"twitter_card":"summary_large_image","twitter_misc":{"Est. tempo de leitura":"2 minutos"},"schema":{"@context":"https:\/\/schema.org","@graph":[{"@type":"WebPage","@id":"https:\/\/www.blogsoestado.com\/danielmatos\/prefeitura-de-santa-rita-fecha-o-carnaval-20219-com-chave-de-ouro\/","url":"https:\/\/www.blogsoestado.com\/danielmatos\/prefeitura-de-santa-rita-fecha-o-carnaval-20219-com-chave-de-ouro\/","name":"Prefeitura de Santa Rita fecha o Carnaval 2019 com chave de ouro - Daniel Matos","isPartOf":{"@id":"https:\/\/www.blogsoestado.com\/danielmatos\/#website"},"primaryImageOfPage":{"@id":"https:\/\/www.blogsoestado.com\/danielmatos\/prefeitura-de-santa-rita-fecha-o-carnaval-20219-com-chave-de-ouro\/#primaryimage"},"image":{"@id":"https:\/\/www.blogsoestado.com\/danielmatos\/prefeitura-de-santa-rita-fecha-o-carnaval-20219-com-chave-de-ouro\/#primaryimage"},"thumbnailUrl":"https:\/\/www.blogsoestado.com\/danielmatos\/files\/2019\/03\/santa-rita-fecha-1024x576.jpg","datePublished":"2019-03-07T20:20:04+00:00","author":{"@id":""},"breadcrumb":{"@id":"https:\/\/www.blogsoestado.com\/danielmatos\/prefeitura-de-santa-rita-fecha-o-carnaval-20219-com-chave-de-ouro\/#breadcrumb"},"inLanguage":"pt-BR","potentialAction":[{"@type":"ReadAction","target":["https:\/\/www.blogsoestado.com\/danielmatos\/prefeitura-de-santa-rita-fecha-o-carnaval-20219-com-chave-de-ouro\/"]}]},{"@type":"ImageObject","inLanguage":"pt-BR","@id":"https:\/\/www.blogsoestado.com\/danielmatos\/prefeitura-de-santa-rita-fecha-o-carnaval-20219-com-chave-de-ouro\/#primaryimage","url":"https:\/\/www.blogsoestado.com\/danielmatos\/files\/2019\/03\/santa-rita-fecha-1024x576.jpg","contentUrl":"https:\/\/www.blogsoestado.com\/danielmatos\/files\/2019\/03\/santa-rita-fecha-1024x576.jpg"},{"@type":"BreadcrumbList","@id":"https:\/\/www.blogsoestado.com\/danielmatos\/prefeitura-de-santa-rita-fecha-o-carnaval-20219-com-chave-de-ouro\/#breadcrumb","itemListElement":[{"@type":"ListItem","position":1,"name":"In\u00edcio","item":"https:\/\/www.blogsoestado.com\/danielmatos\/"},{"@type":"ListItem","position":2,"name":"Prefeitura de Santa Rita fecha o Carnaval 2019 com chave de ouro"}]},{"@type":"WebSite","@id":"https:\/\/www.blogsoestado.com\/danielmatos\/#website","url":"https:\/\/www.blogsoestado.com\/danielmatos\/","name":"Daniel Matos","description":"","potentialAction":[{"@type":"SearchAction","target":{"@type":"EntryPoint","urlTemplate":"https:\/\/www.blogsoestado.com\/danielmatos\/?s={search_term_string}"},"query-input":{"@type":"PropertyValueSpecification","valueRequired":true,"valueName":"search_term_string"}}],"inLanguage":"pt-BR"}]}},"jetpack_featured_media_url":"","_links":{"self":[{"href":"https:\/\/www.blogsoestado.com\/danielmatos\/wp-json\/wp\/v2\/posts\/60932","targetHints":{"allow":["GET"]}}],"collection":[{"href":"https:\/\/www.blogsoestado.com\/danielmatos\/wp-json\/wp\/v2\/posts"}],"about":[{"href":"https:\/\/www.blogsoestado.com\/danielmatos\/wp-json\/wp\/v2\/types\/post"}],"replies":[{"embeddable":true,"href":"https:\/\/www.blogsoestado.com\/danielmatos\/wp-json\/wp\/v2\/comments?post=60932"}],"version-history":[{"count":0,"href":"https:\/\/www.blogsoestado.com\/danielmatos\/wp-json\/wp\/v2\/posts\/60932\/revisions"}],"wp:attachment":[{"href":"https:\/\/www.blogsoestado.com\/danielmatos\/wp-json\/wp\/v2\/media?parent=60932"}],"wp:term":[{"taxonomy":"category","embeddable":true,"href":"https:\/\/www.blogsoestado.com\/danielmatos\/wp-json\/wp\/v2\/categories?post=60932"},{"taxonomy":"post_tag","embeddable":true,"href":"https:\/\/www.blogsoestado.com\/danielmatos\/wp-json\/wp\/v2\/tags?post=60932"}],"curies":[{"name":"wp","href":"https:\/\/api.w.org\/{rel}","templated":true}]}}