{"id":60957,"date":"2019-03-08T11:57:59","date_gmt":"2019-03-08T14:57:59","guid":{"rendered":"https:\/\/www.blogsoestado.com\/danielmatos\/?p=60957"},"modified":"2019-03-08T11:57:59","modified_gmt":"2019-03-08T14:57:59","slug":"no-aniversario-de-32-anos-da-cidade-operario-marcial-lima-ouve-reclames-da-comunidade-do-bairro","status":"publish","type":"post","link":"https:\/\/www.blogsoestado.com\/danielmatos\/no-aniversario-de-32-anos-da-cidade-operario-marcial-lima-ouve-reclames-da-comunidade-do-bairro\/","title":{"rendered":"No anivers\u00e1rio de 32 anos da Cidade Oper\u00e1ria, Marcial Lima vai ao bairro ouvir reclames da comunidade"},"content":{"rendered":"\n<p class=\"has-text-color has-large-font-size has-vivid-red-color\">Populares denunciaram ao vereador e jornalista o abandono das obras de uma maternidade, a buraqueira em ruas e avenidas e a n\u00e3o constru\u00e7\u00e3o de uma creche  <\/p>\n\n\n\n<figure class=\"wp-block-image\"><img decoding=\"async\" src=\"https:\/\/www.blogsoestado.com\/danielmatos\/files\/2019\/03\/marcial-populares.jpg\" alt=\"\" class=\"wp-image-60959\"\/><figcaption>Marcial Lima mais no meio do povo, desta vez para dar voz \u00e0s den\u00fancias da comunidade da Cidade Oper\u00e1ria<\/figcaption><\/figure>\n\n\n\n<p>O vereador Marcial Lima (PRTB) visitou a Cidade Oper\u00e1ria, na manh\u00e3 desta sexta-feira, para parabenizar os moradores pelos 32 anos de funda\u00e7\u00e3o do bairro. Ele aproveitou para a mostrar a situa\u00e7\u00e3o da obra da maternidade municipal que seria constru\u00edda no local, servi\u00e7o que foi abandonado, segundo a comunidade, depois que foram erguidas algumas poucas estruturas. <\/p>\n\n\n\n<p>Marcial Lima ouviu representes da comunidade, que apresentaram um documento por meio do qual formalizaram den\u00fancia ao Minist\u00e9rio P\u00fablico Federal e \u00e0 Pol\u00edcia Federal sobre a n\u00e3o constru\u00e7\u00e3o da maternidade. Os populares pedem aos dois \u00f3rg\u00e3os que investiguem a destina\u00e7\u00e3o dada ao conv\u00eanio firmado entre a Prefeitura de S\u00e3o Lu\u00eds e o Governo Federal, no valor de R$ 24 milh\u00f5es, para a execu\u00e7\u00e3o da obra.<\/p>\n\n\n\n<p>O vereador lembrou que a constru\u00e7\u00e3o da maternidade foi divulgada exaustivamente na campanha pol\u00edtica de 2016, quando o prefeito Edivaldo Holanda J\u00fanior (PDT) acabou conquistando a reelei\u00e7\u00e3o. Recordou, ainda, que a obra foi lan\u00e7ada dois anos antes, em julho de 2014. Lideran\u00e7as do bairro informaram que a assinatura do conv\u00eanio s\u00f3 foi poss\u00edvel com o aval da comunidade, que aprovou a transforma\u00e7\u00e3o do terreno de \u00e1rea verde para \u00e1rea institucional.<\/p>\n\n\n\n<p>De acordo com o projeto, a maternidade da Cidade Oper\u00e1ria teria quatro andares e quatro salas cir\u00fargicas e, segundo os populares, seria de vital import\u00e2ncia para todos o p\u00f3lo da Cidade Oper\u00e1ria, formado por dezenas de bairros, que n\u00e3o conta com um servi\u00e7o dessa magnitude. Diante da necessidade, os moradores reivindicam a conclus\u00e3o da obra.  Para refor\u00e7ar a cobran\u00e7a, produziram um abaixo-assinado com ades\u00e3o de mais de 2 mil pessoas, documento foi anexado \u00e0 den\u00fancia formulada \u00e0 PF e ao MPF.<\/p>\n\n\n\n<p>Aproveitando a onda de sensibiliza\u00e7\u00e3o que marca o Dia Internacional da Mulher, os moradores fizeram um apelo pela constru\u00e7\u00e3o da maternidade, ressaltando que a obra beneficiar\u00e1, primordialmente, as mulheres, h\u00e1 tempos obrigadas a dar \u00e0 luz em lugares distantes e em meio \u00e0 precariedade do atendimento, o que j\u00e1 provocou a morte de v\u00e1rias gestantes.<\/p>\n\n\n\n<p>O vereador tamb\u00e9m ouviu reclames dos populares quanto \u00e0 opera\u00e7\u00e3o tapa-buracos, que n\u00e3o contempla o bairro a contento, apesar das p\u00e9ssimas condi\u00e7\u00f5es de muitas vias. Outro apelo refere-se \u00e0 constru\u00e7\u00e3o da creche municipal, outra benfeitoria anunciada para o bairro, mas nunca realizada.<\/p>\n\n\n\n<p>Marcial Lima foi convidado pelos populares a participar de um ato p\u00fablico, no qual os m\u00faltiplos problemas ser\u00e3o expostos de forma mais enf\u00e1tica \u00e0s autoridades.<\/p>\n\n\n\n<p><strong>Clique <a href=\"https:\/\/www.facebook.com\/marciallima2\/videos\/1075504439324437\/\">aqui<\/a> e assista ao v\u00eddeo.<\/strong><\/p>\n\n\n\n<p> <\/p>\n","protected":false},"excerpt":{"rendered":"<p>Populares denunciaram ao vereador e jornalista o abandono das obras de uma maternidade, a buraqueira em ruas e avenidas e [&hellip;]<\/p>\n","protected":false},"author":0,"featured_media":0,"comment_status":"open","ping_status":"open","sticky":false,"template":"","format":"standard","meta":{"site-sidebar-layout":"default","site-content-layout":"","ast-site-content-layout":"default","site-content-style":"default","site-sidebar-style":"default","ast-global-header-display":"","ast-banner-title-visibility":"","ast-main-header-display":"","ast-hfb-above-header-display":"","ast-hfb-below-header-display":"","ast-hfb-mobile-header-display":"","site-post-title":"","ast-breadcrumbs-content":"","ast-featured-img":"","footer-sml-layout":"","ast-disable-related-posts":"","theme-transparent-header-meta":"","adv-header-id-meta":"","stick-header-meta":"","header-above-stick-meta":"","header-main-stick-meta":"","header-below-stick-meta":"","astra-migrate-meta-layouts":"default","ast-page-background-enabled":"default","ast-page-background-meta":{"desktop":{"background-color":"var(--ast-global-color-5)","background-image":"","background-repeat":"repeat","background-position":"center center","background-size":"auto","background-attachment":"scroll","background-type":"","background-media":"","overlay-type":"","overlay-color":"","overlay-opacity":"","overlay-gradient":""},"tablet":{"background-color":"","background-image":"","background-repeat":"repeat","background-position":"center center","background-size":"auto","background-attachment":"scroll","background-type":"","background-media":"","overlay-type":"","overlay-color":"","overlay-opacity":"","overlay-gradient":""},"mobile":{"background-color":"","background-image":"","background-repeat":"repeat","background-position":"center center","background-size":"auto","background-attachment":"scroll","background-type":"","background-media":"","overlay-type":"","overlay-color":"","overlay-opacity":"","overlay-gradient":""}},"ast-content-background-meta":{"desktop":{"background-color":"var(--ast-global-color-4)","background-image":"","background-repeat":"repeat","background-position":"center center","background-size":"auto","background-attachment":"scroll","background-type":"","background-media":"","overlay-type":"","overlay-color":"","overlay-opacity":"","overlay-gradient":""},"tablet":{"background-color":"var(--ast-global-color-4)","background-image":"","background-repeat":"repeat","background-position":"center center","background-size":"auto","background-attachment":"scroll","background-type":"","background-media":"","overlay-type":"","overlay-color":"","overlay-opacity":"","overlay-gradient":""},"mobile":{"background-color":"var(--ast-global-color-4)","background-image":"","background-repeat":"repeat","background-position":"center center","background-size":"auto","background-attachment":"scroll","background-type":"","background-media":"","overlay-type":"","overlay-color":"","overlay-opacity":"","overlay-gradient":""}},"footnotes":""},"categories":[4,25,1],"tags":[],"class_list":["post-60957","post","type-post","status-publish","format-standard","hentry","category-caos","category-sao-luis","category-sem-categoria"],"yoast_head":"<!-- This site is optimized with the Yoast SEO plugin v26.6 - https:\/\/yoast.com\/wordpress\/plugins\/seo\/ -->\n<title>No anivers\u00e1rio de 32 anos da Cidade Oper\u00e1ria, Marcial Lima vai ao bairro ouvir reclames da comunidade - Daniel Matos<\/title>\n<meta name=\"robots\" content=\"index, follow, max-snippet:-1, max-image-preview:large, max-video-preview:-1\" \/>\n<link rel=\"canonical\" href=\"https:\/\/www.blogsoestado.com\/danielmatos\/no-aniversario-de-32-anos-da-cidade-operario-marcial-lima-ouve-reclames-da-comunidade-do-bairro\/\" \/>\n<meta property=\"og:locale\" content=\"pt_BR\" \/>\n<meta property=\"og:type\" content=\"article\" \/>\n<meta property=\"og:title\" content=\"No anivers\u00e1rio de 32 anos da Cidade Oper\u00e1ria, Marcial Lima vai ao bairro ouvir reclames da comunidade - Daniel Matos\" \/>\n<meta property=\"og:description\" content=\"Populares denunciaram ao vereador e jornalista o abandono das obras de uma maternidade, a buraqueira em ruas e avenidas e [&hellip;]\" \/>\n<meta property=\"og:url\" content=\"https:\/\/www.blogsoestado.com\/danielmatos\/no-aniversario-de-32-anos-da-cidade-operario-marcial-lima-ouve-reclames-da-comunidade-do-bairro\/\" \/>\n<meta property=\"og:site_name\" content=\"Daniel Matos\" \/>\n<meta property=\"article:published_time\" content=\"2019-03-08T14:57:59+00:00\" \/>\n<meta property=\"og:image\" content=\"https:\/\/www.blogsoestado.com\/danielmatos\/files\/2019\/03\/marcial-populares.jpg\" \/>\n<meta name=\"twitter:card\" content=\"summary_large_image\" \/>\n<meta name=\"twitter:label1\" content=\"Est. tempo de leitura\" \/>\n\t<meta name=\"twitter:data1\" content=\"2 minutos\" \/>\n<script type=\"application\/ld+json\" class=\"yoast-schema-graph\">{\"@context\":\"https:\/\/schema.org\",\"@graph\":[{\"@type\":\"WebPage\",\"@id\":\"https:\/\/www.blogsoestado.com\/danielmatos\/no-aniversario-de-32-anos-da-cidade-operario-marcial-lima-ouve-reclames-da-comunidade-do-bairro\/\",\"url\":\"https:\/\/www.blogsoestado.com\/danielmatos\/no-aniversario-de-32-anos-da-cidade-operario-marcial-lima-ouve-reclames-da-comunidade-do-bairro\/\",\"name\":\"No anivers\u00e1rio de 32 anos da Cidade Oper\u00e1ria, Marcial Lima vai ao bairro ouvir reclames da comunidade - Daniel Matos\",\"isPartOf\":{\"@id\":\"https:\/\/www.blogsoestado.com\/danielmatos\/#website\"},\"primaryImageOfPage\":{\"@id\":\"https:\/\/www.blogsoestado.com\/danielmatos\/no-aniversario-de-32-anos-da-cidade-operario-marcial-lima-ouve-reclames-da-comunidade-do-bairro\/#primaryimage\"},\"image\":{\"@id\":\"https:\/\/www.blogsoestado.com\/danielmatos\/no-aniversario-de-32-anos-da-cidade-operario-marcial-lima-ouve-reclames-da-comunidade-do-bairro\/#primaryimage\"},\"thumbnailUrl\":\"https:\/\/www.blogsoestado.com\/danielmatos\/files\/2019\/03\/marcial-populares.jpg\",\"datePublished\":\"2019-03-08T14:57:59+00:00\",\"author\":{\"@id\":\"\"},\"breadcrumb\":{\"@id\":\"https:\/\/www.blogsoestado.com\/danielmatos\/no-aniversario-de-32-anos-da-cidade-operario-marcial-lima-ouve-reclames-da-comunidade-do-bairro\/#breadcrumb\"},\"inLanguage\":\"pt-BR\",\"potentialAction\":[{\"@type\":\"ReadAction\",\"target\":[\"https:\/\/www.blogsoestado.com\/danielmatos\/no-aniversario-de-32-anos-da-cidade-operario-marcial-lima-ouve-reclames-da-comunidade-do-bairro\/\"]}]},{\"@type\":\"ImageObject\",\"inLanguage\":\"pt-BR\",\"@id\":\"https:\/\/www.blogsoestado.com\/danielmatos\/no-aniversario-de-32-anos-da-cidade-operario-marcial-lima-ouve-reclames-da-comunidade-do-bairro\/#primaryimage\",\"url\":\"https:\/\/www.blogsoestado.com\/danielmatos\/files\/2019\/03\/marcial-populares.jpg\",\"contentUrl\":\"https:\/\/www.blogsoestado.com\/danielmatos\/files\/2019\/03\/marcial-populares.jpg\"},{\"@type\":\"BreadcrumbList\",\"@id\":\"https:\/\/www.blogsoestado.com\/danielmatos\/no-aniversario-de-32-anos-da-cidade-operario-marcial-lima-ouve-reclames-da-comunidade-do-bairro\/#breadcrumb\",\"itemListElement\":[{\"@type\":\"ListItem\",\"position\":1,\"name\":\"In\u00edcio\",\"item\":\"https:\/\/www.blogsoestado.com\/danielmatos\/\"},{\"@type\":\"ListItem\",\"position\":2,\"name\":\"No anivers\u00e1rio de 32 anos da Cidade Oper\u00e1ria, Marcial Lima vai ao bairro ouvir reclames da comunidade\"}]},{\"@type\":\"WebSite\",\"@id\":\"https:\/\/www.blogsoestado.com\/danielmatos\/#website\",\"url\":\"https:\/\/www.blogsoestado.com\/danielmatos\/\",\"name\":\"Daniel Matos\",\"description\":\"\",\"potentialAction\":[{\"@type\":\"SearchAction\",\"target\":{\"@type\":\"EntryPoint\",\"urlTemplate\":\"https:\/\/www.blogsoestado.com\/danielmatos\/?s={search_term_string}\"},\"query-input\":{\"@type\":\"PropertyValueSpecification\",\"valueRequired\":true,\"valueName\":\"search_term_string\"}}],\"inLanguage\":\"pt-BR\"}]}<\/script>\n<!-- \/ Yoast SEO plugin. -->","yoast_head_json":{"title":"No anivers\u00e1rio de 32 anos da Cidade Oper\u00e1ria, Marcial Lima vai ao bairro ouvir reclames da comunidade - Daniel Matos","robots":{"index":"index","follow":"follow","max-snippet":"max-snippet:-1","max-image-preview":"max-image-preview:large","max-video-preview":"max-video-preview:-1"},"canonical":"https:\/\/www.blogsoestado.com\/danielmatos\/no-aniversario-de-32-anos-da-cidade-operario-marcial-lima-ouve-reclames-da-comunidade-do-bairro\/","og_locale":"pt_BR","og_type":"article","og_title":"No anivers\u00e1rio de 32 anos da Cidade Oper\u00e1ria, Marcial Lima vai ao bairro ouvir reclames da comunidade - Daniel Matos","og_description":"Populares denunciaram ao vereador e jornalista o abandono das obras de uma maternidade, a buraqueira em ruas e avenidas e [&hellip;]","og_url":"https:\/\/www.blogsoestado.com\/danielmatos\/no-aniversario-de-32-anos-da-cidade-operario-marcial-lima-ouve-reclames-da-comunidade-do-bairro\/","og_site_name":"Daniel Matos","article_published_time":"2019-03-08T14:57:59+00:00","og_image":[{"url":"https:\/\/www.blogsoestado.com\/danielmatos\/files\/2019\/03\/marcial-populares.jpg","type":"","width":"","height":""}],"twitter_card":"summary_large_image","twitter_misc":{"Est. tempo de leitura":"2 minutos"},"schema":{"@context":"https:\/\/schema.org","@graph":[{"@type":"WebPage","@id":"https:\/\/www.blogsoestado.com\/danielmatos\/no-aniversario-de-32-anos-da-cidade-operario-marcial-lima-ouve-reclames-da-comunidade-do-bairro\/","url":"https:\/\/www.blogsoestado.com\/danielmatos\/no-aniversario-de-32-anos-da-cidade-operario-marcial-lima-ouve-reclames-da-comunidade-do-bairro\/","name":"No anivers\u00e1rio de 32 anos da Cidade Oper\u00e1ria, Marcial Lima vai ao bairro ouvir reclames da comunidade - Daniel Matos","isPartOf":{"@id":"https:\/\/www.blogsoestado.com\/danielmatos\/#website"},"primaryImageOfPage":{"@id":"https:\/\/www.blogsoestado.com\/danielmatos\/no-aniversario-de-32-anos-da-cidade-operario-marcial-lima-ouve-reclames-da-comunidade-do-bairro\/#primaryimage"},"image":{"@id":"https:\/\/www.blogsoestado.com\/danielmatos\/no-aniversario-de-32-anos-da-cidade-operario-marcial-lima-ouve-reclames-da-comunidade-do-bairro\/#primaryimage"},"thumbnailUrl":"https:\/\/www.blogsoestado.com\/danielmatos\/files\/2019\/03\/marcial-populares.jpg","datePublished":"2019-03-08T14:57:59+00:00","author":{"@id":""},"breadcrumb":{"@id":"https:\/\/www.blogsoestado.com\/danielmatos\/no-aniversario-de-32-anos-da-cidade-operario-marcial-lima-ouve-reclames-da-comunidade-do-bairro\/#breadcrumb"},"inLanguage":"pt-BR","potentialAction":[{"@type":"ReadAction","target":["https:\/\/www.blogsoestado.com\/danielmatos\/no-aniversario-de-32-anos-da-cidade-operario-marcial-lima-ouve-reclames-da-comunidade-do-bairro\/"]}]},{"@type":"ImageObject","inLanguage":"pt-BR","@id":"https:\/\/www.blogsoestado.com\/danielmatos\/no-aniversario-de-32-anos-da-cidade-operario-marcial-lima-ouve-reclames-da-comunidade-do-bairro\/#primaryimage","url":"https:\/\/www.blogsoestado.com\/danielmatos\/files\/2019\/03\/marcial-populares.jpg","contentUrl":"https:\/\/www.blogsoestado.com\/danielmatos\/files\/2019\/03\/marcial-populares.jpg"},{"@type":"BreadcrumbList","@id":"https:\/\/www.blogsoestado.com\/danielmatos\/no-aniversario-de-32-anos-da-cidade-operario-marcial-lima-ouve-reclames-da-comunidade-do-bairro\/#breadcrumb","itemListElement":[{"@type":"ListItem","position":1,"name":"In\u00edcio","item":"https:\/\/www.blogsoestado.com\/danielmatos\/"},{"@type":"ListItem","position":2,"name":"No anivers\u00e1rio de 32 anos da Cidade Oper\u00e1ria, Marcial Lima vai ao bairro ouvir reclames da comunidade"}]},{"@type":"WebSite","@id":"https:\/\/www.blogsoestado.com\/danielmatos\/#website","url":"https:\/\/www.blogsoestado.com\/danielmatos\/","name":"Daniel Matos","description":"","potentialAction":[{"@type":"SearchAction","target":{"@type":"EntryPoint","urlTemplate":"https:\/\/www.blogsoestado.com\/danielmatos\/?s={search_term_string}"},"query-input":{"@type":"PropertyValueSpecification","valueRequired":true,"valueName":"search_term_string"}}],"inLanguage":"pt-BR"}]}},"jetpack_featured_media_url":"","_links":{"self":[{"href":"https:\/\/www.blogsoestado.com\/danielmatos\/wp-json\/wp\/v2\/posts\/60957","targetHints":{"allow":["GET"]}}],"collection":[{"href":"https:\/\/www.blogsoestado.com\/danielmatos\/wp-json\/wp\/v2\/posts"}],"about":[{"href":"https:\/\/www.blogsoestado.com\/danielmatos\/wp-json\/wp\/v2\/types\/post"}],"replies":[{"embeddable":true,"href":"https:\/\/www.blogsoestado.com\/danielmatos\/wp-json\/wp\/v2\/comments?post=60957"}],"version-history":[{"count":0,"href":"https:\/\/www.blogsoestado.com\/danielmatos\/wp-json\/wp\/v2\/posts\/60957\/revisions"}],"wp:attachment":[{"href":"https:\/\/www.blogsoestado.com\/danielmatos\/wp-json\/wp\/v2\/media?parent=60957"}],"wp:term":[{"taxonomy":"category","embeddable":true,"href":"https:\/\/www.blogsoestado.com\/danielmatos\/wp-json\/wp\/v2\/categories?post=60957"},{"taxonomy":"post_tag","embeddable":true,"href":"https:\/\/www.blogsoestado.com\/danielmatos\/wp-json\/wp\/v2\/tags?post=60957"}],"curies":[{"name":"wp","href":"https:\/\/api.w.org\/{rel}","templated":true}]}}