{"id":60977,"date":"2019-03-08T16:30:32","date_gmt":"2019-03-08T19:30:32","guid":{"rendered":"https:\/\/www.blogsoestado.com\/danielmatos\/?p=60977"},"modified":"2019-03-08T16:30:32","modified_gmt":"2019-03-08T19:30:32","slug":"acusado-de-assassinar-idosa-de-106-anos-em-feira-nova-do-maranhao-e-condenado-a-30-anos-de-prisao","status":"publish","type":"post","link":"https:\/\/www.blogsoestado.com\/danielmatos\/acusado-de-assassinar-idosa-de-106-anos-em-feira-nova-do-maranhao-e-condenado-a-30-anos-de-prisao\/","title":{"rendered":"Acusado de assassinar idosa de 106 anos em Feira Nova do Maranh\u00e3o \u00e9 condenado a 30 anos de pris\u00e3o"},"content":{"rendered":"\n<figure class=\"wp-block-image\"><img decoding=\"async\" src=\"https:\/\/www.blogsoestado.com\/danielmatos\/files\/2019\/03\/matador-de-idosa.jpeg\" alt=\"\" class=\"wp-image-60978\"\/><figcaption> Alypio da Silva matou a idosa, que era sua tia-av\u00f3, com empurr\u00f5es e golpes de faca na cabe\u00e7a <\/figcaption><\/figure>\n\n\n\n<p>O Poder Judici\u00e1rio da Comarca de Riach\u00e3o (765 km da Capital) condenou o acusado Alypio Noleto da Silva \u00e0 pena definitiva de 30 anos de pris\u00e3o por crime de latroc\u00ednio ocorrido no dia 17 de novembro de 2018, no munic\u00edpio de Feira Nova do Maranh\u00e3o, contra a idosa Ant\u00f4nia Concei\u00e7\u00e3o da Silva, com 106 anos de idade. O magistrado Eilson Santos da Silva, titular da comarca, manteve a pris\u00e3o preventiva do acusado e fixou o regime fechado para o in\u00edcio do cumprimento da pena, devendo respeitar o disposto na Lei n\u00ba 8.072\/90 (Lei de Crimes Hediondos). A senten\u00e7a foi disponibilizada nesta sexta-feira (8) no sistema Jurisconsult.<\/p>\n\n\n\n<p>Narra a den\u00fancia, que no 17 de novembro de 2018, por volta de 1h da manh\u00e3, na Rua Tocantins, Centro, munic\u00edpio de Feira Nova do Maranh\u00e3o, Alypio da Silva teria invadido a casa da v\u00edtima no intuito de subtrair dinheiro ou objetos de valor econ\u00f4mico, quando, ao ser surpreendido pela idosa na cozinha do im\u00f3vel e ser reconhecido como um dos sobrinhos netos da v\u00edtima, decidiu mat\u00e1-la com empurr\u00f5es e golpes de faca na cabe\u00e7a.<\/p>\n\n\n\n<p>O Minist\u00e9rio P\u00fablico (MPMA) descreve, no processo, que o acusado teria derrubado a idosa com um violento empurr\u00e3o, e utilizado uma faca de cozinha para efetivar o crime. \u201cO r\u00e9u, momento antes de praticar o crime, encontrava-se numa festa dan\u00e7ante (seresta), que acontecia nas proximidades da resid\u00eancia da v\u00edtima, tendo ingerido bebida alco\u00f3lica e, j\u00e1 sem dinheiro para continuar a beber na festa, decidiu invadir a resid\u00eancia da idosa para subtrair dinheiro para adquirir mais bebidas, aproveitando-se que a idosa estava sozinha na casa\u201d, frisa a pe\u00e7a ministerial.<\/p>\n\n\n\n<p>O julgador tamb\u00e9m condenou o acusado ao pagamento de R$ 40 mil reais aos herdeiros da v\u00edtima, como repara\u00e7\u00e3o civil pelos danos morais e materiais. A medida \u00e9 prevista no art. 387, inciso IV, do C\u00f3digo de Processo Penal, acrescido pela lei n\u00ba 11.719\/2008, que d\u00e1 ao juiz, ao proferir senten\u00e7a condenat\u00f3ria, o poder de fixar um valor m\u00ednimo para a repara\u00e7\u00e3o do dano civil.<\/p>\n\n\n\n<p><strong>MOTIVO F\u00daTIL<\/strong><\/p>\n\n\n\n<p>O magistrado reconheceu, na senten\u00e7a, que o acusado praticou o crime por motivo f\u00fatil (insignificante, banal, completamente desproporcional \u00e0 natureza do crime praticado etc.), uma vez que, conforme confessado pelo pr\u00f3prio r\u00e9u (extrajudicialmente), a pr\u00e1tica do crime se dera para obter dinheiro para adquirir mais bebida alco\u00f3lica. \u201cO meio que dificultou ou impossibilitou a defesa da v\u00edtima tamb\u00e9m resta presente, porquanto a ofendida foi surpreendida dentro da sua casa e, sem qualquer discuss\u00e3o, foi empurrada contra uma quina de uma parede e depois, j\u00e1 ao ch\u00e3o, atingida com golpe de faca. Patente, ainda, a despropor\u00e7\u00e3o de for\u00e7as dado que a v\u00edtima era mulher e possu\u00eda 106 anos de idade, e o ofensor 24 anos e em pleno gozo de sa\u00fade f\u00edsica\u201d, registra no documento decis\u00f3rio.<\/p>\n\n\n\n<p>O crime, de grande repercuss\u00e3o social no pa\u00eds, foi julgado pelo Judici\u00e1rio em menos de quatro meses. Levando-se em considera\u00e7\u00e3o o per\u00edodo de recesso forense, entre o fato e o julgamento, o tempo foi inferior a 90 dias.<\/p>\n","protected":false},"excerpt":{"rendered":"<p>O Poder Judici\u00e1rio da Comarca de Riach\u00e3o (765 km da Capital) condenou o acusado Alypio Noleto da Silva \u00e0 pena [&hellip;]<\/p>\n","protected":false},"author":0,"featured_media":0,"comment_status":"open","ping_status":"open","sticky":false,"template":"","format":"standard","meta":{"site-sidebar-layout":"default","site-content-layout":"","ast-site-content-layout":"default","site-content-style":"default","site-sidebar-style":"default","ast-global-header-display":"","ast-banner-title-visibility":"","ast-main-header-display":"","ast-hfb-above-header-display":"","ast-hfb-below-header-display":"","ast-hfb-mobile-header-display":"","site-post-title":"","ast-breadcrumbs-content":"","ast-featured-img":"","footer-sml-layout":"","ast-disable-related-posts":"","theme-transparent-header-meta":"","adv-header-id-meta":"","stick-header-meta":"","header-above-stick-meta":"","header-main-stick-meta":"","header-below-stick-meta":"","astra-migrate-meta-layouts":"default","ast-page-background-enabled":"default","ast-page-background-meta":{"desktop":{"background-color":"var(--ast-global-color-5)","background-image":"","background-repeat":"repeat","background-position":"center center","background-size":"auto","background-attachment":"scroll","background-type":"","background-media":"","overlay-type":"","overlay-color":"","overlay-opacity":"","overlay-gradient":""},"tablet":{"background-color":"","background-image":"","background-repeat":"repeat","background-position":"center center","background-size":"auto","background-attachment":"scroll","background-type":"","background-media":"","overlay-type":"","overlay-color":"","overlay-opacity":"","overlay-gradient":""},"mobile":{"background-color":"","background-image":"","background-repeat":"repeat","background-position":"center center","background-size":"auto","background-attachment":"scroll","background-type":"","background-media":"","overlay-type":"","overlay-color":"","overlay-opacity":"","overlay-gradient":""}},"ast-content-background-meta":{"desktop":{"background-color":"var(--ast-global-color-4)","background-image":"","background-repeat":"repeat","background-position":"center center","background-size":"auto","background-attachment":"scroll","background-type":"","background-media":"","overlay-type":"","overlay-color":"","overlay-opacity":"","overlay-gradient":""},"tablet":{"background-color":"var(--ast-global-color-4)","background-image":"","background-repeat":"repeat","background-position":"center center","background-size":"auto","background-attachment":"scroll","background-type":"","background-media":"","overlay-type":"","overlay-color":"","overlay-opacity":"","overlay-gradient":""},"mobile":{"background-color":"var(--ast-global-color-4)","background-image":"","background-repeat":"repeat","background-position":"center center","background-size":"auto","background-attachment":"scroll","background-type":"","background-media":"","overlay-type":"","overlay-color":"","overlay-opacity":"","overlay-gradient":""}},"footnotes":""},"categories":[1],"tags":[],"class_list":["post-60977","post","type-post","status-publish","format-standard","hentry","category-sem-categoria"],"yoast_head":"<!-- This site is optimized with the Yoast SEO plugin v26.6 - https:\/\/yoast.com\/wordpress\/plugins\/seo\/ -->\n<title>Acusado de assassinar idosa de 106 anos em Feira Nova do Maranh\u00e3o \u00e9 condenado a 30 anos de pris\u00e3o - Daniel Matos<\/title>\n<meta name=\"robots\" content=\"index, follow, max-snippet:-1, max-image-preview:large, max-video-preview:-1\" \/>\n<link rel=\"canonical\" href=\"https:\/\/www.blogsoestado.com\/danielmatos\/acusado-de-assassinar-idosa-de-106-anos-em-feira-nova-do-maranhao-e-condenado-a-30-anos-de-prisao\/\" \/>\n<meta property=\"og:locale\" content=\"pt_BR\" \/>\n<meta property=\"og:type\" content=\"article\" \/>\n<meta property=\"og:title\" content=\"Acusado de assassinar idosa de 106 anos em Feira Nova do Maranh\u00e3o \u00e9 condenado a 30 anos de pris\u00e3o - Daniel Matos\" \/>\n<meta property=\"og:description\" content=\"O Poder Judici\u00e1rio da Comarca de Riach\u00e3o (765 km da Capital) condenou o acusado Alypio Noleto da Silva \u00e0 pena [&hellip;]\" \/>\n<meta property=\"og:url\" content=\"https:\/\/www.blogsoestado.com\/danielmatos\/acusado-de-assassinar-idosa-de-106-anos-em-feira-nova-do-maranhao-e-condenado-a-30-anos-de-prisao\/\" \/>\n<meta property=\"og:site_name\" content=\"Daniel Matos\" \/>\n<meta property=\"article:published_time\" content=\"2019-03-08T19:30:32+00:00\" \/>\n<meta property=\"og:image\" content=\"https:\/\/www.blogsoestado.com\/danielmatos\/files\/2019\/03\/matador-de-idosa.jpeg\" \/>\n<meta name=\"twitter:card\" content=\"summary_large_image\" \/>\n<meta name=\"twitter:label1\" content=\"Est. tempo de leitura\" \/>\n\t<meta name=\"twitter:data1\" content=\"3 minutos\" \/>\n<script type=\"application\/ld+json\" class=\"yoast-schema-graph\">{\"@context\":\"https:\/\/schema.org\",\"@graph\":[{\"@type\":\"WebPage\",\"@id\":\"https:\/\/www.blogsoestado.com\/danielmatos\/acusado-de-assassinar-idosa-de-106-anos-em-feira-nova-do-maranhao-e-condenado-a-30-anos-de-prisao\/\",\"url\":\"https:\/\/www.blogsoestado.com\/danielmatos\/acusado-de-assassinar-idosa-de-106-anos-em-feira-nova-do-maranhao-e-condenado-a-30-anos-de-prisao\/\",\"name\":\"Acusado de assassinar idosa de 106 anos em Feira Nova do Maranh\u00e3o \u00e9 condenado a 30 anos de pris\u00e3o - Daniel Matos\",\"isPartOf\":{\"@id\":\"https:\/\/www.blogsoestado.com\/danielmatos\/#website\"},\"primaryImageOfPage\":{\"@id\":\"https:\/\/www.blogsoestado.com\/danielmatos\/acusado-de-assassinar-idosa-de-106-anos-em-feira-nova-do-maranhao-e-condenado-a-30-anos-de-prisao\/#primaryimage\"},\"image\":{\"@id\":\"https:\/\/www.blogsoestado.com\/danielmatos\/acusado-de-assassinar-idosa-de-106-anos-em-feira-nova-do-maranhao-e-condenado-a-30-anos-de-prisao\/#primaryimage\"},\"thumbnailUrl\":\"https:\/\/www.blogsoestado.com\/danielmatos\/files\/2019\/03\/matador-de-idosa.jpeg\",\"datePublished\":\"2019-03-08T19:30:32+00:00\",\"author\":{\"@id\":\"\"},\"breadcrumb\":{\"@id\":\"https:\/\/www.blogsoestado.com\/danielmatos\/acusado-de-assassinar-idosa-de-106-anos-em-feira-nova-do-maranhao-e-condenado-a-30-anos-de-prisao\/#breadcrumb\"},\"inLanguage\":\"pt-BR\",\"potentialAction\":[{\"@type\":\"ReadAction\",\"target\":[\"https:\/\/www.blogsoestado.com\/danielmatos\/acusado-de-assassinar-idosa-de-106-anos-em-feira-nova-do-maranhao-e-condenado-a-30-anos-de-prisao\/\"]}]},{\"@type\":\"ImageObject\",\"inLanguage\":\"pt-BR\",\"@id\":\"https:\/\/www.blogsoestado.com\/danielmatos\/acusado-de-assassinar-idosa-de-106-anos-em-feira-nova-do-maranhao-e-condenado-a-30-anos-de-prisao\/#primaryimage\",\"url\":\"https:\/\/www.blogsoestado.com\/danielmatos\/files\/2019\/03\/matador-de-idosa.jpeg\",\"contentUrl\":\"https:\/\/www.blogsoestado.com\/danielmatos\/files\/2019\/03\/matador-de-idosa.jpeg\"},{\"@type\":\"BreadcrumbList\",\"@id\":\"https:\/\/www.blogsoestado.com\/danielmatos\/acusado-de-assassinar-idosa-de-106-anos-em-feira-nova-do-maranhao-e-condenado-a-30-anos-de-prisao\/#breadcrumb\",\"itemListElement\":[{\"@type\":\"ListItem\",\"position\":1,\"name\":\"In\u00edcio\",\"item\":\"https:\/\/www.blogsoestado.com\/danielmatos\/\"},{\"@type\":\"ListItem\",\"position\":2,\"name\":\"Acusado de assassinar idosa de 106 anos em Feira Nova do Maranh\u00e3o \u00e9 condenado a 30 anos de pris\u00e3o\"}]},{\"@type\":\"WebSite\",\"@id\":\"https:\/\/www.blogsoestado.com\/danielmatos\/#website\",\"url\":\"https:\/\/www.blogsoestado.com\/danielmatos\/\",\"name\":\"Daniel Matos\",\"description\":\"\",\"potentialAction\":[{\"@type\":\"SearchAction\",\"target\":{\"@type\":\"EntryPoint\",\"urlTemplate\":\"https:\/\/www.blogsoestado.com\/danielmatos\/?s={search_term_string}\"},\"query-input\":{\"@type\":\"PropertyValueSpecification\",\"valueRequired\":true,\"valueName\":\"search_term_string\"}}],\"inLanguage\":\"pt-BR\"}]}<\/script>\n<!-- \/ Yoast SEO plugin. -->","yoast_head_json":{"title":"Acusado de assassinar idosa de 106 anos em Feira Nova do Maranh\u00e3o \u00e9 condenado a 30 anos de pris\u00e3o - Daniel Matos","robots":{"index":"index","follow":"follow","max-snippet":"max-snippet:-1","max-image-preview":"max-image-preview:large","max-video-preview":"max-video-preview:-1"},"canonical":"https:\/\/www.blogsoestado.com\/danielmatos\/acusado-de-assassinar-idosa-de-106-anos-em-feira-nova-do-maranhao-e-condenado-a-30-anos-de-prisao\/","og_locale":"pt_BR","og_type":"article","og_title":"Acusado de assassinar idosa de 106 anos em Feira Nova do Maranh\u00e3o \u00e9 condenado a 30 anos de pris\u00e3o - Daniel Matos","og_description":"O Poder Judici\u00e1rio da Comarca de Riach\u00e3o (765 km da Capital) condenou o acusado Alypio Noleto da Silva \u00e0 pena [&hellip;]","og_url":"https:\/\/www.blogsoestado.com\/danielmatos\/acusado-de-assassinar-idosa-de-106-anos-em-feira-nova-do-maranhao-e-condenado-a-30-anos-de-prisao\/","og_site_name":"Daniel Matos","article_published_time":"2019-03-08T19:30:32+00:00","og_image":[{"url":"https:\/\/www.blogsoestado.com\/danielmatos\/files\/2019\/03\/matador-de-idosa.jpeg","type":"","width":"","height":""}],"twitter_card":"summary_large_image","twitter_misc":{"Est. tempo de leitura":"3 minutos"},"schema":{"@context":"https:\/\/schema.org","@graph":[{"@type":"WebPage","@id":"https:\/\/www.blogsoestado.com\/danielmatos\/acusado-de-assassinar-idosa-de-106-anos-em-feira-nova-do-maranhao-e-condenado-a-30-anos-de-prisao\/","url":"https:\/\/www.blogsoestado.com\/danielmatos\/acusado-de-assassinar-idosa-de-106-anos-em-feira-nova-do-maranhao-e-condenado-a-30-anos-de-prisao\/","name":"Acusado de assassinar idosa de 106 anos em Feira Nova do Maranh\u00e3o \u00e9 condenado a 30 anos de pris\u00e3o - Daniel Matos","isPartOf":{"@id":"https:\/\/www.blogsoestado.com\/danielmatos\/#website"},"primaryImageOfPage":{"@id":"https:\/\/www.blogsoestado.com\/danielmatos\/acusado-de-assassinar-idosa-de-106-anos-em-feira-nova-do-maranhao-e-condenado-a-30-anos-de-prisao\/#primaryimage"},"image":{"@id":"https:\/\/www.blogsoestado.com\/danielmatos\/acusado-de-assassinar-idosa-de-106-anos-em-feira-nova-do-maranhao-e-condenado-a-30-anos-de-prisao\/#primaryimage"},"thumbnailUrl":"https:\/\/www.blogsoestado.com\/danielmatos\/files\/2019\/03\/matador-de-idosa.jpeg","datePublished":"2019-03-08T19:30:32+00:00","author":{"@id":""},"breadcrumb":{"@id":"https:\/\/www.blogsoestado.com\/danielmatos\/acusado-de-assassinar-idosa-de-106-anos-em-feira-nova-do-maranhao-e-condenado-a-30-anos-de-prisao\/#breadcrumb"},"inLanguage":"pt-BR","potentialAction":[{"@type":"ReadAction","target":["https:\/\/www.blogsoestado.com\/danielmatos\/acusado-de-assassinar-idosa-de-106-anos-em-feira-nova-do-maranhao-e-condenado-a-30-anos-de-prisao\/"]}]},{"@type":"ImageObject","inLanguage":"pt-BR","@id":"https:\/\/www.blogsoestado.com\/danielmatos\/acusado-de-assassinar-idosa-de-106-anos-em-feira-nova-do-maranhao-e-condenado-a-30-anos-de-prisao\/#primaryimage","url":"https:\/\/www.blogsoestado.com\/danielmatos\/files\/2019\/03\/matador-de-idosa.jpeg","contentUrl":"https:\/\/www.blogsoestado.com\/danielmatos\/files\/2019\/03\/matador-de-idosa.jpeg"},{"@type":"BreadcrumbList","@id":"https:\/\/www.blogsoestado.com\/danielmatos\/acusado-de-assassinar-idosa-de-106-anos-em-feira-nova-do-maranhao-e-condenado-a-30-anos-de-prisao\/#breadcrumb","itemListElement":[{"@type":"ListItem","position":1,"name":"In\u00edcio","item":"https:\/\/www.blogsoestado.com\/danielmatos\/"},{"@type":"ListItem","position":2,"name":"Acusado de assassinar idosa de 106 anos em Feira Nova do Maranh\u00e3o \u00e9 condenado a 30 anos de pris\u00e3o"}]},{"@type":"WebSite","@id":"https:\/\/www.blogsoestado.com\/danielmatos\/#website","url":"https:\/\/www.blogsoestado.com\/danielmatos\/","name":"Daniel Matos","description":"","potentialAction":[{"@type":"SearchAction","target":{"@type":"EntryPoint","urlTemplate":"https:\/\/www.blogsoestado.com\/danielmatos\/?s={search_term_string}"},"query-input":{"@type":"PropertyValueSpecification","valueRequired":true,"valueName":"search_term_string"}}],"inLanguage":"pt-BR"}]}},"jetpack_featured_media_url":"","_links":{"self":[{"href":"https:\/\/www.blogsoestado.com\/danielmatos\/wp-json\/wp\/v2\/posts\/60977","targetHints":{"allow":["GET"]}}],"collection":[{"href":"https:\/\/www.blogsoestado.com\/danielmatos\/wp-json\/wp\/v2\/posts"}],"about":[{"href":"https:\/\/www.blogsoestado.com\/danielmatos\/wp-json\/wp\/v2\/types\/post"}],"replies":[{"embeddable":true,"href":"https:\/\/www.blogsoestado.com\/danielmatos\/wp-json\/wp\/v2\/comments?post=60977"}],"version-history":[{"count":0,"href":"https:\/\/www.blogsoestado.com\/danielmatos\/wp-json\/wp\/v2\/posts\/60977\/revisions"}],"wp:attachment":[{"href":"https:\/\/www.blogsoestado.com\/danielmatos\/wp-json\/wp\/v2\/media?parent=60977"}],"wp:term":[{"taxonomy":"category","embeddable":true,"href":"https:\/\/www.blogsoestado.com\/danielmatos\/wp-json\/wp\/v2\/categories?post=60977"},{"taxonomy":"post_tag","embeddable":true,"href":"https:\/\/www.blogsoestado.com\/danielmatos\/wp-json\/wp\/v2\/tags?post=60977"}],"curies":[{"name":"wp","href":"https:\/\/api.w.org\/{rel}","templated":true}]}}