{"id":60989,"date":"2019-03-09T09:47:10","date_gmt":"2019-03-09T12:47:10","guid":{"rendered":"https:\/\/www.blogsoestado.com\/danielmatos\/?p=60989"},"modified":"2019-03-09T09:47:10","modified_gmt":"2019-03-09T12:47:10","slug":"deputado-do-maranhao-aliado-de-flavio-dino-e-preso-em-bar-de-teresina-e-ameaca-policiais","status":"publish","type":"post","link":"https:\/\/www.blogsoestado.com\/danielmatos\/deputado-do-maranhao-aliado-de-flavio-dino-e-preso-em-bar-de-teresina-e-ameaca-policiais\/","title":{"rendered":"Deputado do Maranh\u00e3o, aliado de Fl\u00e1vio Dino, \u00e9 preso em bar de Teresina e amea\u00e7a policiais"},"content":{"rendered":"\n<p><strong>Por Efrem Ribeiro &#8211; Portal Meio Norte<\/strong><\/p>\n\n\n\n<p><strong>TERESINA<\/strong> &#8211; Um deputado do estado do Maranh\u00e3o identificado como F\u00e1bio Mac\u00eado (PDT), foi acusado de lesionar duas pessoas e supostamente amea\u00e7ar de morte, na madrugada deste s\u00e1bado (09), pol\u00edciais do Piau\u00ed, que o encaminharam para a Central de Flagrantes de Teresina ap\u00f3s um evento na zona Leste de Teresina<\/p>\n\n\n\n<p>O parlamentar, que integra a base aliada ao governador Fl\u00e1vio Dino (PCdoB), foi preso ap\u00f3s tentar pegar o microfone do cantor Leo Cachorr\u00e3o, que estava se apresentando em uma casa de shows no bairro de F\u00e1tima, na zona Leste de Teresina. Ele supostamente teria agredido o m\u00fasico que teria evitado que o deputado tomasse o microfone para cantar e depois, supostamente, agredido o policial que foi chamado para evitar a briga. F\u00e1bio Macedo \u00e9 filho do empres\u00e1rio e hoteleiro Ded\u00e9 Mac\u00eado.<\/p>\n\n\n\n<p>Durante a condu\u00e7\u00e3o de F\u00e1bio Mac\u00eado para a Central, os policiais gravaram suas amea\u00e7as.<\/p>\n\n\n\n<figure class=\"wp-block-image\"><img decoding=\"async\" src=\"https:\/\/static.meionorte.com\/uploads\/imagens\/2019\/3\/9\/1d47721c-72b0-46d0-a7f6-eea97c1260ac-c2336513-ca5f-4566-b848-c5159a909e94.jpeg\" alt=\"\"\/><figcaption>Deputado F\u00e1bio Macedo preso ap\u00f3s lesionar duas pessoas<\/figcaption><\/figure>\n\n\n\n<p><strong>Veja a reprodu\u00e7\u00e3o da grava\u00e7\u00e3o:<\/strong><\/p>\n\n\n\n<p><em>\u201cA\u00ed vai morrer gente. Gente mata gente. Voc\u00eas s\u00e3o pol\u00edcia, mas gente mata gente\u201d,&nbsp;<\/em>diz o deputado.<\/p>\n\n\n\n<p><em>\u201cEu n\u00e3o entendi\u201d,&nbsp;<\/em>fala o policial do Piau\u00ed.<\/p>\n\n\n\n<p><em>\u201cMata, pode matar\u201d,&nbsp;<\/em>respondeu.<\/p>\n\n\n\n<figure class=\"wp-block-image\"><img decoding=\"async\" src=\"https:\/\/static.meionorte.com\/uploads\/imagens\/2019\/3\/9\/275ca552-a741-44b3-beb2-61b65b7dbe26-6e35c53f-b7cb-4209-9ae7-4077d6849fce.jpg\" alt=\"\"\/><figcaption>Centra de Flagrantes da Pol\u00edcia Civil do Piau\u00ed, em Teresina<\/figcaption><\/figure>\n\n\n\n<p><em>Central de flagrantes de Teresina (Reprodu\u00e7\u00e3o)<\/em><\/p>\n\n\n\n<p><em>\u201cEu sou deputado estadual, eu n\u00e3o sou nada, n\u00e3o, reeleito. Eu n\u00e3o fiz nada\u201d, &nbsp;<\/em>declarou F\u00e1bio Mac\u00eado.<\/p>\n\n\n\n<p><em>\u201cVoc\u00ea lesionou duas pessoas. Um policial e outro cidad\u00e3o\u201d,<\/em>&nbsp;falou o policial.<\/p>\n\n\n\n<p><em>\u201cPolicial? Eu nem trisquei nele. Eu tenho provas tamb\u00e9m. Compadre, em trisquei em voc\u00ea?\u201d,&nbsp;<\/em>indagou o parlamentar.<\/p>\n\n\n\n<p><em>\u201cEu estou aqui lesionado. Eu tenho testemunhas. Voc\u00ea me lesionou. Por isso, eu estou te levando para a Central (de Flagrantes) . Vamos ser sinceros \u201d,&nbsp;<\/em>contraargumentou o policial.<\/p>\n\n\n\n<p><em>\u201cIsso \u00e9 certo, isso \u00e9 certo. N\u00e3o fui, eu. N\u00e3o fui, eu\u201d,<\/em>&nbsp;falou o deputado estadual.<\/p>\n\n\n\n<p><em>\u201cPor isso, eu estou te levando para a Central. Eu te convidei para ir para a Central?\u201d,&nbsp;<\/em>disse o policial.<\/p>\n\n\n\n<p><em>\u201cVoc\u00ea grita agora porque \u00e9 policial, mas eu te pego\u201d,&nbsp;<\/em>falou o homem que se identificou como deputado estadual reeleito F\u00e1bio Mac\u00eado.<\/p>\n\n\n\n<p><em>\u201cVoc\u00ea n\u00e3o &nbsp;\u00e9 autoridade , rapaz?\u201d,&nbsp;<\/em>indagou o policial, j\u00e1 bastante irritado.<\/p>\n\n\n\n<p><em>\u201cMas, eu sou. Sou mais do que tu, sou deputado, sou rico. Vou mandar te matar, vagabundo. Vou te pegar, eu te mato. Eu vou te matar. Chama teus policiais\u201d,&nbsp;<\/em>falou o deputado.<\/p>\n\n\n\n<p><em>\u201cTranquilo\u201d,&nbsp;<\/em>responde o policial.<\/p>\n\n\n\n<p><em>\u201cVou mandar te matar\u201d,&nbsp;<\/em>retruca o parlamentar.<\/p>\n\n\n\n<p><em>\u201cT\u00e1\u201d,<\/em>&nbsp;responde o policial.<\/p>\n\n\n\n<p><em>\u201cEsse cara est\u00e1 morto\u201d,&nbsp;<\/em>fala o deputado estadual, no final da grava\u00e7\u00e3o feita pelos policiais.<\/p>\n","protected":false},"excerpt":{"rendered":"<p>Por Efrem Ribeiro &#8211; Portal Meio Norte TERESINA &#8211; Um deputado do estado do Maranh\u00e3o identificado como F\u00e1bio Mac\u00eado (PDT), [&hellip;]<\/p>\n","protected":false},"author":0,"featured_media":0,"comment_status":"open","ping_status":"open","sticky":false,"template":"","format":"standard","meta":{"site-sidebar-layout":"default","site-content-layout":"","ast-site-content-layout":"default","site-content-style":"default","site-sidebar-style":"default","ast-global-header-display":"","ast-banner-title-visibility":"","ast-main-header-display":"","ast-hfb-above-header-display":"","ast-hfb-below-header-display":"","ast-hfb-mobile-header-display":"","site-post-title":"","ast-breadcrumbs-content":"","ast-featured-img":"","footer-sml-layout":"","ast-disable-related-posts":"","theme-transparent-header-meta":"","adv-header-id-meta":"","stick-header-meta":"","header-above-stick-meta":"","header-main-stick-meta":"","header-below-stick-meta":"","astra-migrate-meta-layouts":"default","ast-page-background-enabled":"default","ast-page-background-meta":{"desktop":{"background-color":"var(--ast-global-color-5)","background-image":"","background-repeat":"repeat","background-position":"center center","background-size":"auto","background-attachment":"scroll","background-type":"","background-media":"","overlay-type":"","overlay-color":"","overlay-opacity":"","overlay-gradient":""},"tablet":{"background-color":"","background-image":"","background-repeat":"repeat","background-position":"center center","background-size":"auto","background-attachment":"scroll","background-type":"","background-media":"","overlay-type":"","overlay-color":"","overlay-opacity":"","overlay-gradient":""},"mobile":{"background-color":"","background-image":"","background-repeat":"repeat","background-position":"center center","background-size":"auto","background-attachment":"scroll","background-type":"","background-media":"","overlay-type":"","overlay-color":"","overlay-opacity":"","overlay-gradient":""}},"ast-content-background-meta":{"desktop":{"background-color":"var(--ast-global-color-4)","background-image":"","background-repeat":"repeat","background-position":"center center","background-size":"auto","background-attachment":"scroll","background-type":"","background-media":"","overlay-type":"","overlay-color":"","overlay-opacity":"","overlay-gradient":""},"tablet":{"background-color":"var(--ast-global-color-4)","background-image":"","background-repeat":"repeat","background-position":"center center","background-size":"auto","background-attachment":"scroll","background-type":"","background-media":"","overlay-type":"","overlay-color":"","overlay-opacity":"","overlay-gradient":""},"mobile":{"background-color":"var(--ast-global-color-4)","background-image":"","background-repeat":"repeat","background-position":"center center","background-size":"auto","background-attachment":"scroll","background-type":"","background-media":"","overlay-type":"","overlay-color":"","overlay-opacity":"","overlay-gradient":""}},"footnotes":""},"categories":[1],"tags":[],"class_list":["post-60989","post","type-post","status-publish","format-standard","hentry","category-sem-categoria"],"yoast_head":"<!-- This site is optimized with the Yoast SEO plugin v26.6 - https:\/\/yoast.com\/wordpress\/plugins\/seo\/ -->\n<title>Deputado do Maranh\u00e3o, aliado de Fl\u00e1vio Dino, \u00e9 preso em bar de Teresina e amea\u00e7a policiais - Daniel Matos<\/title>\n<meta name=\"robots\" content=\"index, follow, max-snippet:-1, max-image-preview:large, max-video-preview:-1\" \/>\n<link rel=\"canonical\" href=\"https:\/\/www.blogsoestado.com\/danielmatos\/deputado-do-maranhao-aliado-de-flavio-dino-e-preso-em-bar-de-teresina-e-ameaca-policiais\/\" \/>\n<meta property=\"og:locale\" content=\"pt_BR\" \/>\n<meta property=\"og:type\" content=\"article\" \/>\n<meta property=\"og:title\" content=\"Deputado do Maranh\u00e3o, aliado de Fl\u00e1vio Dino, \u00e9 preso em bar de Teresina e amea\u00e7a policiais - Daniel Matos\" \/>\n<meta property=\"og:description\" content=\"Por Efrem Ribeiro &#8211; Portal Meio Norte TERESINA &#8211; Um deputado do estado do Maranh\u00e3o identificado como F\u00e1bio Mac\u00eado (PDT), [&hellip;]\" \/>\n<meta property=\"og:url\" content=\"https:\/\/www.blogsoestado.com\/danielmatos\/deputado-do-maranhao-aliado-de-flavio-dino-e-preso-em-bar-de-teresina-e-ameaca-policiais\/\" \/>\n<meta property=\"og:site_name\" content=\"Daniel Matos\" \/>\n<meta property=\"article:published_time\" content=\"2019-03-09T12:47:10+00:00\" \/>\n<meta property=\"og:image\" content=\"https:\/\/static.meionorte.com\/uploads\/imagens\/2019\/3\/9\/1d47721c-72b0-46d0-a7f6-eea97c1260ac-c2336513-ca5f-4566-b848-c5159a909e94.jpeg\" \/>\n<meta name=\"twitter:card\" content=\"summary_large_image\" \/>\n<meta name=\"twitter:label1\" content=\"Est. tempo de leitura\" \/>\n\t<meta name=\"twitter:data1\" content=\"2 minutos\" \/>\n<script type=\"application\/ld+json\" class=\"yoast-schema-graph\">{\"@context\":\"https:\/\/schema.org\",\"@graph\":[{\"@type\":\"WebPage\",\"@id\":\"https:\/\/www.blogsoestado.com\/danielmatos\/deputado-do-maranhao-aliado-de-flavio-dino-e-preso-em-bar-de-teresina-e-ameaca-policiais\/\",\"url\":\"https:\/\/www.blogsoestado.com\/danielmatos\/deputado-do-maranhao-aliado-de-flavio-dino-e-preso-em-bar-de-teresina-e-ameaca-policiais\/\",\"name\":\"Deputado do Maranh\u00e3o, aliado de Fl\u00e1vio Dino, \u00e9 preso em bar de Teresina e amea\u00e7a policiais - Daniel Matos\",\"isPartOf\":{\"@id\":\"https:\/\/www.blogsoestado.com\/danielmatos\/#website\"},\"primaryImageOfPage\":{\"@id\":\"https:\/\/www.blogsoestado.com\/danielmatos\/deputado-do-maranhao-aliado-de-flavio-dino-e-preso-em-bar-de-teresina-e-ameaca-policiais\/#primaryimage\"},\"image\":{\"@id\":\"https:\/\/www.blogsoestado.com\/danielmatos\/deputado-do-maranhao-aliado-de-flavio-dino-e-preso-em-bar-de-teresina-e-ameaca-policiais\/#primaryimage\"},\"thumbnailUrl\":\"https:\/\/static.meionorte.com\/uploads\/imagens\/2019\/3\/9\/1d47721c-72b0-46d0-a7f6-eea97c1260ac-c2336513-ca5f-4566-b848-c5159a909e94.jpeg\",\"datePublished\":\"2019-03-09T12:47:10+00:00\",\"author\":{\"@id\":\"\"},\"breadcrumb\":{\"@id\":\"https:\/\/www.blogsoestado.com\/danielmatos\/deputado-do-maranhao-aliado-de-flavio-dino-e-preso-em-bar-de-teresina-e-ameaca-policiais\/#breadcrumb\"},\"inLanguage\":\"pt-BR\",\"potentialAction\":[{\"@type\":\"ReadAction\",\"target\":[\"https:\/\/www.blogsoestado.com\/danielmatos\/deputado-do-maranhao-aliado-de-flavio-dino-e-preso-em-bar-de-teresina-e-ameaca-policiais\/\"]}]},{\"@type\":\"ImageObject\",\"inLanguage\":\"pt-BR\",\"@id\":\"https:\/\/www.blogsoestado.com\/danielmatos\/deputado-do-maranhao-aliado-de-flavio-dino-e-preso-em-bar-de-teresina-e-ameaca-policiais\/#primaryimage\",\"url\":\"https:\/\/static.meionorte.com\/uploads\/imagens\/2019\/3\/9\/1d47721c-72b0-46d0-a7f6-eea97c1260ac-c2336513-ca5f-4566-b848-c5159a909e94.jpeg\",\"contentUrl\":\"https:\/\/static.meionorte.com\/uploads\/imagens\/2019\/3\/9\/1d47721c-72b0-46d0-a7f6-eea97c1260ac-c2336513-ca5f-4566-b848-c5159a909e94.jpeg\"},{\"@type\":\"BreadcrumbList\",\"@id\":\"https:\/\/www.blogsoestado.com\/danielmatos\/deputado-do-maranhao-aliado-de-flavio-dino-e-preso-em-bar-de-teresina-e-ameaca-policiais\/#breadcrumb\",\"itemListElement\":[{\"@type\":\"ListItem\",\"position\":1,\"name\":\"In\u00edcio\",\"item\":\"https:\/\/www.blogsoestado.com\/danielmatos\/\"},{\"@type\":\"ListItem\",\"position\":2,\"name\":\"Deputado do Maranh\u00e3o, aliado de Fl\u00e1vio Dino, \u00e9 preso em bar de Teresina e amea\u00e7a policiais\"}]},{\"@type\":\"WebSite\",\"@id\":\"https:\/\/www.blogsoestado.com\/danielmatos\/#website\",\"url\":\"https:\/\/www.blogsoestado.com\/danielmatos\/\",\"name\":\"Daniel Matos\",\"description\":\"\",\"potentialAction\":[{\"@type\":\"SearchAction\",\"target\":{\"@type\":\"EntryPoint\",\"urlTemplate\":\"https:\/\/www.blogsoestado.com\/danielmatos\/?s={search_term_string}\"},\"query-input\":{\"@type\":\"PropertyValueSpecification\",\"valueRequired\":true,\"valueName\":\"search_term_string\"}}],\"inLanguage\":\"pt-BR\"}]}<\/script>\n<!-- \/ Yoast SEO plugin. -->","yoast_head_json":{"title":"Deputado do Maranh\u00e3o, aliado de Fl\u00e1vio Dino, \u00e9 preso em bar de Teresina e amea\u00e7a policiais - Daniel Matos","robots":{"index":"index","follow":"follow","max-snippet":"max-snippet:-1","max-image-preview":"max-image-preview:large","max-video-preview":"max-video-preview:-1"},"canonical":"https:\/\/www.blogsoestado.com\/danielmatos\/deputado-do-maranhao-aliado-de-flavio-dino-e-preso-em-bar-de-teresina-e-ameaca-policiais\/","og_locale":"pt_BR","og_type":"article","og_title":"Deputado do Maranh\u00e3o, aliado de Fl\u00e1vio Dino, \u00e9 preso em bar de Teresina e amea\u00e7a policiais - Daniel Matos","og_description":"Por Efrem Ribeiro &#8211; Portal Meio Norte TERESINA &#8211; Um deputado do estado do Maranh\u00e3o identificado como F\u00e1bio Mac\u00eado (PDT), [&hellip;]","og_url":"https:\/\/www.blogsoestado.com\/danielmatos\/deputado-do-maranhao-aliado-de-flavio-dino-e-preso-em-bar-de-teresina-e-ameaca-policiais\/","og_site_name":"Daniel Matos","article_published_time":"2019-03-09T12:47:10+00:00","og_image":[{"url":"https:\/\/static.meionorte.com\/uploads\/imagens\/2019\/3\/9\/1d47721c-72b0-46d0-a7f6-eea97c1260ac-c2336513-ca5f-4566-b848-c5159a909e94.jpeg","type":"","width":"","height":""}],"twitter_card":"summary_large_image","twitter_misc":{"Est. tempo de leitura":"2 minutos"},"schema":{"@context":"https:\/\/schema.org","@graph":[{"@type":"WebPage","@id":"https:\/\/www.blogsoestado.com\/danielmatos\/deputado-do-maranhao-aliado-de-flavio-dino-e-preso-em-bar-de-teresina-e-ameaca-policiais\/","url":"https:\/\/www.blogsoestado.com\/danielmatos\/deputado-do-maranhao-aliado-de-flavio-dino-e-preso-em-bar-de-teresina-e-ameaca-policiais\/","name":"Deputado do Maranh\u00e3o, aliado de Fl\u00e1vio Dino, \u00e9 preso em bar de Teresina e amea\u00e7a policiais - Daniel Matos","isPartOf":{"@id":"https:\/\/www.blogsoestado.com\/danielmatos\/#website"},"primaryImageOfPage":{"@id":"https:\/\/www.blogsoestado.com\/danielmatos\/deputado-do-maranhao-aliado-de-flavio-dino-e-preso-em-bar-de-teresina-e-ameaca-policiais\/#primaryimage"},"image":{"@id":"https:\/\/www.blogsoestado.com\/danielmatos\/deputado-do-maranhao-aliado-de-flavio-dino-e-preso-em-bar-de-teresina-e-ameaca-policiais\/#primaryimage"},"thumbnailUrl":"https:\/\/static.meionorte.com\/uploads\/imagens\/2019\/3\/9\/1d47721c-72b0-46d0-a7f6-eea97c1260ac-c2336513-ca5f-4566-b848-c5159a909e94.jpeg","datePublished":"2019-03-09T12:47:10+00:00","author":{"@id":""},"breadcrumb":{"@id":"https:\/\/www.blogsoestado.com\/danielmatos\/deputado-do-maranhao-aliado-de-flavio-dino-e-preso-em-bar-de-teresina-e-ameaca-policiais\/#breadcrumb"},"inLanguage":"pt-BR","potentialAction":[{"@type":"ReadAction","target":["https:\/\/www.blogsoestado.com\/danielmatos\/deputado-do-maranhao-aliado-de-flavio-dino-e-preso-em-bar-de-teresina-e-ameaca-policiais\/"]}]},{"@type":"ImageObject","inLanguage":"pt-BR","@id":"https:\/\/www.blogsoestado.com\/danielmatos\/deputado-do-maranhao-aliado-de-flavio-dino-e-preso-em-bar-de-teresina-e-ameaca-policiais\/#primaryimage","url":"https:\/\/static.meionorte.com\/uploads\/imagens\/2019\/3\/9\/1d47721c-72b0-46d0-a7f6-eea97c1260ac-c2336513-ca5f-4566-b848-c5159a909e94.jpeg","contentUrl":"https:\/\/static.meionorte.com\/uploads\/imagens\/2019\/3\/9\/1d47721c-72b0-46d0-a7f6-eea97c1260ac-c2336513-ca5f-4566-b848-c5159a909e94.jpeg"},{"@type":"BreadcrumbList","@id":"https:\/\/www.blogsoestado.com\/danielmatos\/deputado-do-maranhao-aliado-de-flavio-dino-e-preso-em-bar-de-teresina-e-ameaca-policiais\/#breadcrumb","itemListElement":[{"@type":"ListItem","position":1,"name":"In\u00edcio","item":"https:\/\/www.blogsoestado.com\/danielmatos\/"},{"@type":"ListItem","position":2,"name":"Deputado do Maranh\u00e3o, aliado de Fl\u00e1vio Dino, \u00e9 preso em bar de Teresina e amea\u00e7a policiais"}]},{"@type":"WebSite","@id":"https:\/\/www.blogsoestado.com\/danielmatos\/#website","url":"https:\/\/www.blogsoestado.com\/danielmatos\/","name":"Daniel Matos","description":"","potentialAction":[{"@type":"SearchAction","target":{"@type":"EntryPoint","urlTemplate":"https:\/\/www.blogsoestado.com\/danielmatos\/?s={search_term_string}"},"query-input":{"@type":"PropertyValueSpecification","valueRequired":true,"valueName":"search_term_string"}}],"inLanguage":"pt-BR"}]}},"jetpack_featured_media_url":"","_links":{"self":[{"href":"https:\/\/www.blogsoestado.com\/danielmatos\/wp-json\/wp\/v2\/posts\/60989","targetHints":{"allow":["GET"]}}],"collection":[{"href":"https:\/\/www.blogsoestado.com\/danielmatos\/wp-json\/wp\/v2\/posts"}],"about":[{"href":"https:\/\/www.blogsoestado.com\/danielmatos\/wp-json\/wp\/v2\/types\/post"}],"replies":[{"embeddable":true,"href":"https:\/\/www.blogsoestado.com\/danielmatos\/wp-json\/wp\/v2\/comments?post=60989"}],"version-history":[{"count":0,"href":"https:\/\/www.blogsoestado.com\/danielmatos\/wp-json\/wp\/v2\/posts\/60989\/revisions"}],"wp:attachment":[{"href":"https:\/\/www.blogsoestado.com\/danielmatos\/wp-json\/wp\/v2\/media?parent=60989"}],"wp:term":[{"taxonomy":"category","embeddable":true,"href":"https:\/\/www.blogsoestado.com\/danielmatos\/wp-json\/wp\/v2\/categories?post=60989"},{"taxonomy":"post_tag","embeddable":true,"href":"https:\/\/www.blogsoestado.com\/danielmatos\/wp-json\/wp\/v2\/tags?post=60989"}],"curies":[{"name":"wp","href":"https:\/\/api.w.org\/{rel}","templated":true}]}}