{"id":60991,"date":"2019-03-09T10:14:26","date_gmt":"2019-03-09T13:14:26","guid":{"rendered":"https:\/\/www.blogsoestado.com\/danielmatos\/?p=60991"},"modified":"2019-03-09T10:14:26","modified_gmt":"2019-03-09T13:14:26","slug":"programacao-do-marco-lilas-no-hospital-de-cancer-do-maranhao-comeca-neste-sabado","status":"publish","type":"post","link":"https:\/\/www.blogsoestado.com\/danielmatos\/programacao-do-marco-lilas-no-hospital-de-cancer-do-maranhao-comeca-neste-sabado\/","title":{"rendered":"Programa\u00e7\u00e3o do \u201cMar\u00e7o Lil\u00e1s\u201d no Hospital de C\u00e2ncer do Maranh\u00e3o come\u00e7a neste s\u00e1bado"},"content":{"rendered":"\n<figure class=\"wp-block-image\"><img decoding=\"async\" src=\"https:\/\/www.blogsoestado.com\/danielmatos\/files\/2019\/03\/Dr.-St\u00eanio-Roberto-Santos-1024x683.jpg\" alt=\"\" class=\"wp-image-60992\"\/><figcaption>Dr. Stenio Roberto dos Santos, diretor do hospital, far\u00e1 a abertura da programa\u00e7\u00e3o<\/figcaption><\/figure>\n\n\n\n<p><strong>S\u00e3o Lu\u00eds<\/strong> &#8211; O per\u00edodo \u00e9 da campanha \u201cMar\u00e7o Lil\u00e1s\u201d, de alerta para o c\u00e2ncer de colo de \u00fatero. Para tal, a programa\u00e7\u00e3o alusiva no Hospital de C\u00e2ncer do Maranh\u00e3o j\u00e1 est\u00e1 montada. A abertura acontecer\u00e1 no pr\u00f3ximo dia 11, \u00e0s 8h, no Ambulat\u00f3rio, com a presen\u00e7a do diretor cl\u00ednico da unidade, Dr. St\u00eanio Roberto Santos. Haver\u00e1 ainda distribui\u00e7\u00e3o de brindes, apresenta\u00e7\u00e3o do grupo de canto coral \u201cCanta Geral\u201d e caf\u00e9 da manh\u00e3.<\/p>\n\n\n\n<p>No dia 13, na Recep\u00e7\u00e3o SPA, haver\u00e1 vacina\u00e7\u00e3o contra HPV (meninos e meninas de 9 a 13 anos), com distribu\u00eddas de 100 senhas. O p\u00fablico-alvo: filhos de funcion\u00e1rios e de acompanhantes. A programa\u00e7\u00e3o inclui ainda entrega de chocolates para crian\u00e7as vacinadas, blitz nas recep\u00e7\u00f5es e entrega de panfletos, preservativos e brindes, das 8h \u00e0s 17h.<\/p>\n\n\n\n<p>No dia 21, a partir das 8h30, a programa\u00e7\u00e3o ter\u00e1 continuidade, com a presen\u00e7a da gerente de Gente e Gest\u00e3o, Vivian Pac\u00edfico; da secret\u00e1ria de Sa\u00fade do munic\u00edpio de S\u00e3o Jos\u00e9 de Ribamar, Adriana Mota; do diretor cl\u00ednico do Hospital de C\u00e2ncer, St\u00eanio Roberto Santos; do secret\u00e1rio de Estado da Sa\u00fade, Carlos Lula, e do grupo Anjos da Alegria.<\/p>\n\n\n\n<p>O encerramento da campanha \u201cMar\u00e7o Lil\u00e1s\u201d ser\u00e1 com a batida do sino da cura.<\/p>\n\n\n\n<p><strong>Terceiro tumor mais frequente<\/strong><\/p>\n\n\n\n<p>Segundo o Dr. St\u00eanio Roberto Santos, o c\u00e2ncer de colo do \u00fatero \u00e9 o terceiro tumor maligno mais frequente na popula\u00e7\u00e3o feminina e a quarta causa de morte de mulheres por c\u00e2ncer no Brasil.<\/p>\n\n\n\n<p>Dados do Instituto Nacional do C\u00e2ncer revelam que 5.727 mortes ocorreram em 2015 (\u00faltimo dado disponibilizado) e, no ano passado, estimativas indicavam mais 16.370 novos casos no Brasil.&nbsp;<br><br>\u201cOs dados s\u00e3o alarmantes, considerando-se que este tipo de c\u00e2ncer \u00e9 facilmente preven\u00edvel e depende de pol\u00edticas p\u00fablicas eficientes de preven\u00e7\u00e3o\u201d, afirma St\u00eanio Roberto Santos.<\/p>\n\n\n\n<p>O c\u00e2ncer de colo do \u00fatero, tamb\u00e9m conhecido como c\u00e2ncer cervical, \u00e9 causado pela infec\u00e7\u00e3o persistente por alguns tipos do Papalomav\u00edrus humano-HPV oncog\u00eanicos.<\/p>\n\n\n\n<p>A infec\u00e7\u00e3o genital por esse v\u00edrus \u00e9 muito frequente e n\u00e3o causa doen\u00e7a na maioria das vezes. Entretanto, em alguns casos, ocorrem altera\u00e7\u00f5es celulares que podem evoluir para o c\u00e2ncer.<\/p>\n\n\n\n<p>&#8220;Essas altera\u00e7\u00f5es s\u00e3o descobertas facilmente no exame preventivo conhecido como Papanicolau e s\u00e3o cur\u00e1veis na quase totalidade dos casos. Por isso, \u00e9 importante a realiza\u00e7\u00e3o peri\u00f3dica desse exame&#8221;, frisa St\u00eanio Roberto Santos.<\/p>\n","protected":false},"excerpt":{"rendered":"<p>S\u00e3o Lu\u00eds &#8211; O per\u00edodo \u00e9 da campanha \u201cMar\u00e7o Lil\u00e1s\u201d, de alerta para o c\u00e2ncer de colo de \u00fatero. Para [&hellip;]<\/p>\n","protected":false},"author":0,"featured_media":0,"comment_status":"open","ping_status":"open","sticky":false,"template":"","format":"standard","meta":{"site-sidebar-layout":"default","site-content-layout":"","ast-site-content-layout":"default","site-content-style":"default","site-sidebar-style":"default","ast-global-header-display":"","ast-banner-title-visibility":"","ast-main-header-display":"","ast-hfb-above-header-display":"","ast-hfb-below-header-display":"","ast-hfb-mobile-header-display":"","site-post-title":"","ast-breadcrumbs-content":"","ast-featured-img":"","footer-sml-layout":"","ast-disable-related-posts":"","theme-transparent-header-meta":"","adv-header-id-meta":"","stick-header-meta":"","header-above-stick-meta":"","header-main-stick-meta":"","header-below-stick-meta":"","astra-migrate-meta-layouts":"default","ast-page-background-enabled":"default","ast-page-background-meta":{"desktop":{"background-color":"var(--ast-global-color-5)","background-image":"","background-repeat":"repeat","background-position":"center center","background-size":"auto","background-attachment":"scroll","background-type":"","background-media":"","overlay-type":"","overlay-color":"","overlay-opacity":"","overlay-gradient":""},"tablet":{"background-color":"","background-image":"","background-repeat":"repeat","background-position":"center center","background-size":"auto","background-attachment":"scroll","background-type":"","background-media":"","overlay-type":"","overlay-color":"","overlay-opacity":"","overlay-gradient":""},"mobile":{"background-color":"","background-image":"","background-repeat":"repeat","background-position":"center center","background-size":"auto","background-attachment":"scroll","background-type":"","background-media":"","overlay-type":"","overlay-color":"","overlay-opacity":"","overlay-gradient":""}},"ast-content-background-meta":{"desktop":{"background-color":"var(--ast-global-color-4)","background-image":"","background-repeat":"repeat","background-position":"center center","background-size":"auto","background-attachment":"scroll","background-type":"","background-media":"","overlay-type":"","overlay-color":"","overlay-opacity":"","overlay-gradient":""},"tablet":{"background-color":"var(--ast-global-color-4)","background-image":"","background-repeat":"repeat","background-position":"center center","background-size":"auto","background-attachment":"scroll","background-type":"","background-media":"","overlay-type":"","overlay-color":"","overlay-opacity":"","overlay-gradient":""},"mobile":{"background-color":"var(--ast-global-color-4)","background-image":"","background-repeat":"repeat","background-position":"center center","background-size":"auto","background-attachment":"scroll","background-type":"","background-media":"","overlay-type":"","overlay-color":"","overlay-opacity":"","overlay-gradient":""}},"footnotes":""},"categories":[1],"tags":[],"class_list":["post-60991","post","type-post","status-publish","format-standard","hentry","category-sem-categoria"],"yoast_head":"<!-- This site is optimized with the Yoast SEO plugin v26.6 - https:\/\/yoast.com\/wordpress\/plugins\/seo\/ -->\n<title>Programa\u00e7\u00e3o do \u201cMar\u00e7o Lil\u00e1s\u201d no Hospital de C\u00e2ncer do Maranh\u00e3o come\u00e7a neste s\u00e1bado - Daniel Matos<\/title>\n<meta name=\"robots\" content=\"index, follow, max-snippet:-1, max-image-preview:large, max-video-preview:-1\" \/>\n<link rel=\"canonical\" href=\"https:\/\/www.blogsoestado.com\/danielmatos\/programacao-do-marco-lilas-no-hospital-de-cancer-do-maranhao-comeca-neste-sabado\/\" \/>\n<meta property=\"og:locale\" content=\"pt_BR\" \/>\n<meta property=\"og:type\" content=\"article\" \/>\n<meta property=\"og:title\" content=\"Programa\u00e7\u00e3o do \u201cMar\u00e7o Lil\u00e1s\u201d no Hospital de C\u00e2ncer do Maranh\u00e3o come\u00e7a neste s\u00e1bado - Daniel Matos\" \/>\n<meta property=\"og:description\" content=\"S\u00e3o Lu\u00eds &#8211; O per\u00edodo \u00e9 da campanha \u201cMar\u00e7o Lil\u00e1s\u201d, de alerta para o c\u00e2ncer de colo de \u00fatero. Para [&hellip;]\" \/>\n<meta property=\"og:url\" content=\"https:\/\/www.blogsoestado.com\/danielmatos\/programacao-do-marco-lilas-no-hospital-de-cancer-do-maranhao-comeca-neste-sabado\/\" \/>\n<meta property=\"og:site_name\" content=\"Daniel Matos\" \/>\n<meta property=\"article:published_time\" content=\"2019-03-09T13:14:26+00:00\" \/>\n<meta name=\"twitter:card\" content=\"summary_large_image\" \/>\n<meta name=\"twitter:label1\" content=\"Est. tempo de leitura\" \/>\n\t<meta name=\"twitter:data1\" content=\"2 minutos\" \/>\n<script type=\"application\/ld+json\" class=\"yoast-schema-graph\">{\"@context\":\"https:\/\/schema.org\",\"@graph\":[{\"@type\":\"WebPage\",\"@id\":\"https:\/\/www.blogsoestado.com\/danielmatos\/programacao-do-marco-lilas-no-hospital-de-cancer-do-maranhao-comeca-neste-sabado\/\",\"url\":\"https:\/\/www.blogsoestado.com\/danielmatos\/programacao-do-marco-lilas-no-hospital-de-cancer-do-maranhao-comeca-neste-sabado\/\",\"name\":\"Programa\u00e7\u00e3o do \u201cMar\u00e7o Lil\u00e1s\u201d no Hospital de C\u00e2ncer do Maranh\u00e3o come\u00e7a neste s\u00e1bado - Daniel Matos\",\"isPartOf\":{\"@id\":\"https:\/\/www.blogsoestado.com\/danielmatos\/#website\"},\"datePublished\":\"2019-03-09T13:14:26+00:00\",\"author\":{\"@id\":\"\"},\"breadcrumb\":{\"@id\":\"https:\/\/www.blogsoestado.com\/danielmatos\/programacao-do-marco-lilas-no-hospital-de-cancer-do-maranhao-comeca-neste-sabado\/#breadcrumb\"},\"inLanguage\":\"pt-BR\",\"potentialAction\":[{\"@type\":\"ReadAction\",\"target\":[\"https:\/\/www.blogsoestado.com\/danielmatos\/programacao-do-marco-lilas-no-hospital-de-cancer-do-maranhao-comeca-neste-sabado\/\"]}]},{\"@type\":\"BreadcrumbList\",\"@id\":\"https:\/\/www.blogsoestado.com\/danielmatos\/programacao-do-marco-lilas-no-hospital-de-cancer-do-maranhao-comeca-neste-sabado\/#breadcrumb\",\"itemListElement\":[{\"@type\":\"ListItem\",\"position\":1,\"name\":\"In\u00edcio\",\"item\":\"https:\/\/www.blogsoestado.com\/danielmatos\/\"},{\"@type\":\"ListItem\",\"position\":2,\"name\":\"Programa\u00e7\u00e3o do \u201cMar\u00e7o Lil\u00e1s\u201d no Hospital de C\u00e2ncer do Maranh\u00e3o come\u00e7a neste s\u00e1bado\"}]},{\"@type\":\"WebSite\",\"@id\":\"https:\/\/www.blogsoestado.com\/danielmatos\/#website\",\"url\":\"https:\/\/www.blogsoestado.com\/danielmatos\/\",\"name\":\"Daniel Matos\",\"description\":\"\",\"potentialAction\":[{\"@type\":\"SearchAction\",\"target\":{\"@type\":\"EntryPoint\",\"urlTemplate\":\"https:\/\/www.blogsoestado.com\/danielmatos\/?s={search_term_string}\"},\"query-input\":{\"@type\":\"PropertyValueSpecification\",\"valueRequired\":true,\"valueName\":\"search_term_string\"}}],\"inLanguage\":\"pt-BR\"}]}<\/script>\n<!-- \/ Yoast SEO plugin. -->","yoast_head_json":{"title":"Programa\u00e7\u00e3o do \u201cMar\u00e7o Lil\u00e1s\u201d no Hospital de C\u00e2ncer do Maranh\u00e3o come\u00e7a neste s\u00e1bado - Daniel Matos","robots":{"index":"index","follow":"follow","max-snippet":"max-snippet:-1","max-image-preview":"max-image-preview:large","max-video-preview":"max-video-preview:-1"},"canonical":"https:\/\/www.blogsoestado.com\/danielmatos\/programacao-do-marco-lilas-no-hospital-de-cancer-do-maranhao-comeca-neste-sabado\/","og_locale":"pt_BR","og_type":"article","og_title":"Programa\u00e7\u00e3o do \u201cMar\u00e7o Lil\u00e1s\u201d no Hospital de C\u00e2ncer do Maranh\u00e3o come\u00e7a neste s\u00e1bado - Daniel Matos","og_description":"S\u00e3o Lu\u00eds &#8211; O per\u00edodo \u00e9 da campanha \u201cMar\u00e7o Lil\u00e1s\u201d, de alerta para o c\u00e2ncer de colo de \u00fatero. Para [&hellip;]","og_url":"https:\/\/www.blogsoestado.com\/danielmatos\/programacao-do-marco-lilas-no-hospital-de-cancer-do-maranhao-comeca-neste-sabado\/","og_site_name":"Daniel Matos","article_published_time":"2019-03-09T13:14:26+00:00","twitter_card":"summary_large_image","twitter_misc":{"Est. tempo de leitura":"2 minutos"},"schema":{"@context":"https:\/\/schema.org","@graph":[{"@type":"WebPage","@id":"https:\/\/www.blogsoestado.com\/danielmatos\/programacao-do-marco-lilas-no-hospital-de-cancer-do-maranhao-comeca-neste-sabado\/","url":"https:\/\/www.blogsoestado.com\/danielmatos\/programacao-do-marco-lilas-no-hospital-de-cancer-do-maranhao-comeca-neste-sabado\/","name":"Programa\u00e7\u00e3o do \u201cMar\u00e7o Lil\u00e1s\u201d no Hospital de C\u00e2ncer do Maranh\u00e3o come\u00e7a neste s\u00e1bado - Daniel Matos","isPartOf":{"@id":"https:\/\/www.blogsoestado.com\/danielmatos\/#website"},"datePublished":"2019-03-09T13:14:26+00:00","author":{"@id":""},"breadcrumb":{"@id":"https:\/\/www.blogsoestado.com\/danielmatos\/programacao-do-marco-lilas-no-hospital-de-cancer-do-maranhao-comeca-neste-sabado\/#breadcrumb"},"inLanguage":"pt-BR","potentialAction":[{"@type":"ReadAction","target":["https:\/\/www.blogsoestado.com\/danielmatos\/programacao-do-marco-lilas-no-hospital-de-cancer-do-maranhao-comeca-neste-sabado\/"]}]},{"@type":"BreadcrumbList","@id":"https:\/\/www.blogsoestado.com\/danielmatos\/programacao-do-marco-lilas-no-hospital-de-cancer-do-maranhao-comeca-neste-sabado\/#breadcrumb","itemListElement":[{"@type":"ListItem","position":1,"name":"In\u00edcio","item":"https:\/\/www.blogsoestado.com\/danielmatos\/"},{"@type":"ListItem","position":2,"name":"Programa\u00e7\u00e3o do \u201cMar\u00e7o Lil\u00e1s\u201d no Hospital de C\u00e2ncer do Maranh\u00e3o come\u00e7a neste s\u00e1bado"}]},{"@type":"WebSite","@id":"https:\/\/www.blogsoestado.com\/danielmatos\/#website","url":"https:\/\/www.blogsoestado.com\/danielmatos\/","name":"Daniel Matos","description":"","potentialAction":[{"@type":"SearchAction","target":{"@type":"EntryPoint","urlTemplate":"https:\/\/www.blogsoestado.com\/danielmatos\/?s={search_term_string}"},"query-input":{"@type":"PropertyValueSpecification","valueRequired":true,"valueName":"search_term_string"}}],"inLanguage":"pt-BR"}]}},"jetpack_featured_media_url":"","_links":{"self":[{"href":"https:\/\/www.blogsoestado.com\/danielmatos\/wp-json\/wp\/v2\/posts\/60991","targetHints":{"allow":["GET"]}}],"collection":[{"href":"https:\/\/www.blogsoestado.com\/danielmatos\/wp-json\/wp\/v2\/posts"}],"about":[{"href":"https:\/\/www.blogsoestado.com\/danielmatos\/wp-json\/wp\/v2\/types\/post"}],"replies":[{"embeddable":true,"href":"https:\/\/www.blogsoestado.com\/danielmatos\/wp-json\/wp\/v2\/comments?post=60991"}],"version-history":[{"count":0,"href":"https:\/\/www.blogsoestado.com\/danielmatos\/wp-json\/wp\/v2\/posts\/60991\/revisions"}],"wp:attachment":[{"href":"https:\/\/www.blogsoestado.com\/danielmatos\/wp-json\/wp\/v2\/media?parent=60991"}],"wp:term":[{"taxonomy":"category","embeddable":true,"href":"https:\/\/www.blogsoestado.com\/danielmatos\/wp-json\/wp\/v2\/categories?post=60991"},{"taxonomy":"post_tag","embeddable":true,"href":"https:\/\/www.blogsoestado.com\/danielmatos\/wp-json\/wp\/v2\/tags?post=60991"}],"curies":[{"name":"wp","href":"https:\/\/api.w.org\/{rel}","templated":true}]}}