{"id":60994,"date":"2019-03-10T14:50:19","date_gmt":"2019-03-10T17:50:19","guid":{"rendered":"https:\/\/www.blogsoestado.com\/danielmatos\/?p=60994"},"modified":"2019-03-10T14:50:19","modified_gmt":"2019-03-10T17:50:19","slug":"deputado-fabio-macedo-pede-desculpas-por-descontrole-emocional-e-admite-alcoolismo","status":"publish","type":"post","link":"https:\/\/www.blogsoestado.com\/danielmatos\/deputado-fabio-macedo-pede-desculpas-por-descontrole-emocional-e-admite-alcoolismo\/","title":{"rendered":"Deputado F\u00e1bio Macedo pede desculpas por descontrole emocional e admite alcoolismo"},"content":{"rendered":"\n<div class=\"wp-block-image\"><figure class=\"alignleft\"><img decoding=\"async\" src=\"https:\/\/www.blogsoestado.com\/danielmatos\/files\/2019\/03\/fabio-macedo.jpg\" alt=\"\" class=\"wp-image-60995\"\/><figcaption>F\u00e1bio Macedo pediu desculpas pela confus\u00e3o que protagonizou em Teresina<\/figcaption><\/figure><\/div>\n\n\n\n<p>Em carta dirigida aos maranhenses, o deputado estadual F\u00e1bio Macedo (PDT) pediu desculpas pelas agress\u00f5es que cometeu contra duas pessoas, em um bar de Teresina (PI) e pelas amea\u00e7as que fez a policiais militares piauienses que o prenderam (veja mat\u00e9ria abaixo. O parlamentar admitiu sofrer com alcoolismo e de depress\u00e3o e afirmou que nos \u00faltimos dias teve uma reca\u00edda do tratamento que faz contra as duas doen\u00e7as.<\/p>\n\n\n\n<p> F\u00e1bio Macedo garantiu que assumir\u00e1 todas responsabilidades morais e legais inerentes ao epis\u00f3dio e prometeu continuar tratando os problemas de sa\u00fade, que o acometem h\u00e1 v\u00e1rios anos.<\/p>\n\n\n\n<p>Abaixo, a carta na \u00edntegra:<\/p>\n\n\n\n<p>Aos maranhenses que me elegeram e confiaram como seu representante, pe\u00e7o as mais sinceras desculpas por meu descontrole emocional na \u00faltima madrugada, onde ap\u00f3s o consumo de bebidas alco\u00f3licas, associadas ao uso de medica\u00e7\u00f5es para tratamento de sa\u00fade, me envolvi em uma confus\u00e3o em um bar na cidade de Teresina. H\u00e1 anos enfrento problemas de depress\u00e3o e alcoolismo e no momento da confus\u00e3o estava sem o controle de minhas faculdades mentais e em estado total de embriaguez. Sei que nada justifica minhas atitudes e como homem que sou, assumirei todas as responsabilidade legais e morais. Tamb\u00e9m pe\u00e7o desculpas \u00e0 Corpora\u00e7\u00e3o da Pol\u00edcia de Teresina, a quem muito respeito e admiro o trabalho.<\/p>\n\n\n\n<p>Chegar a este momento \u00e9 muito dif\u00edcil e at\u00e9 doloroso, mas a verdade deve ser dita, n\u00e3o para me justificar ou fugir das responsabilidades, mas para que possam entender o que tenho passado nos \u00faltimos anos. Depois da realiza\u00e7\u00e3o de uma cirurgia bari\u00e1trica, a qual fui submetido para a retirada de um bal\u00e3o g\u00e1strico, que estava me causando v\u00e1rias complica\u00e7\u00f5es de sa\u00fade, tive novamente uma reca\u00edda na depress\u00e3o, algo com que convivi parte da minha vida e que pensei ter sido superado por completo. Al\u00e9m da depress\u00e3o, passei a ter problemas com alcoolismo, meu organismo n\u00e3o consegue mais processar o consumo de bebidas corretamente, qualquer quantidade faz com que logo eu perca a raz\u00e3o e o controle emocional, algo que trouxe um peso enorme para minha vida, assim como meus pais, irm\u00e3os, esposa e filhos, que todo este tempo tem lutado ao meu lado, me dando for\u00e7as para continuar seguindo. <\/p>\n\n\n\n<p>Infelizmente, nos \u00faltimos dias, tive sucessivas reca\u00eddas, algo que n\u00e3o me orgulho. O alcoolismo, assim como a depress\u00e3o, infelizmente, s\u00e3o doen\u00e7as graves, desta forma me comprometo em continuar com o tratamento de sa\u00fade para superar essa condi\u00e7\u00e3o.<\/p>\n\n\n\n<p>Fabio Macedo &#8211; Deputado estadual<\/p>\n","protected":false},"excerpt":{"rendered":"<p>Em carta dirigida aos maranhenses, o deputado estadual F\u00e1bio Macedo (PDT) pediu desculpas pelas agress\u00f5es que cometeu contra duas pessoas, [&hellip;]<\/p>\n","protected":false},"author":0,"featured_media":0,"comment_status":"open","ping_status":"open","sticky":false,"template":"","format":"standard","meta":{"site-sidebar-layout":"default","site-content-layout":"","ast-site-content-layout":"default","site-content-style":"default","site-sidebar-style":"default","ast-global-header-display":"","ast-banner-title-visibility":"","ast-main-header-display":"","ast-hfb-above-header-display":"","ast-hfb-below-header-display":"","ast-hfb-mobile-header-display":"","site-post-title":"","ast-breadcrumbs-content":"","ast-featured-img":"","footer-sml-layout":"","ast-disable-related-posts":"","theme-transparent-header-meta":"","adv-header-id-meta":"","stick-header-meta":"","header-above-stick-meta":"","header-main-stick-meta":"","header-below-stick-meta":"","astra-migrate-meta-layouts":"default","ast-page-background-enabled":"default","ast-page-background-meta":{"desktop":{"background-color":"var(--ast-global-color-5)","background-image":"","background-repeat":"repeat","background-position":"center center","background-size":"auto","background-attachment":"scroll","background-type":"","background-media":"","overlay-type":"","overlay-color":"","overlay-opacity":"","overlay-gradient":""},"tablet":{"background-color":"","background-image":"","background-repeat":"repeat","background-position":"center center","background-size":"auto","background-attachment":"scroll","background-type":"","background-media":"","overlay-type":"","overlay-color":"","overlay-opacity":"","overlay-gradient":""},"mobile":{"background-color":"","background-image":"","background-repeat":"repeat","background-position":"center center","background-size":"auto","background-attachment":"scroll","background-type":"","background-media":"","overlay-type":"","overlay-color":"","overlay-opacity":"","overlay-gradient":""}},"ast-content-background-meta":{"desktop":{"background-color":"var(--ast-global-color-4)","background-image":"","background-repeat":"repeat","background-position":"center center","background-size":"auto","background-attachment":"scroll","background-type":"","background-media":"","overlay-type":"","overlay-color":"","overlay-opacity":"","overlay-gradient":""},"tablet":{"background-color":"var(--ast-global-color-4)","background-image":"","background-repeat":"repeat","background-position":"center center","background-size":"auto","background-attachment":"scroll","background-type":"","background-media":"","overlay-type":"","overlay-color":"","overlay-opacity":"","overlay-gradient":""},"mobile":{"background-color":"var(--ast-global-color-4)","background-image":"","background-repeat":"repeat","background-position":"center center","background-size":"auto","background-attachment":"scroll","background-type":"","background-media":"","overlay-type":"","overlay-color":"","overlay-opacity":"","overlay-gradient":""}},"footnotes":""},"categories":[1],"tags":[],"class_list":["post-60994","post","type-post","status-publish","format-standard","hentry","category-sem-categoria"],"yoast_head":"<!-- This site is optimized with the Yoast SEO plugin v26.6 - https:\/\/yoast.com\/wordpress\/plugins\/seo\/ -->\n<title>Deputado F\u00e1bio Macedo pede desculpas por descontrole emocional e admite alcoolismo - Daniel Matos<\/title>\n<meta name=\"robots\" content=\"index, follow, max-snippet:-1, max-image-preview:large, max-video-preview:-1\" \/>\n<link rel=\"canonical\" href=\"https:\/\/www.blogsoestado.com\/danielmatos\/deputado-fabio-macedo-pede-desculpas-por-descontrole-emocional-e-admite-alcoolismo\/\" \/>\n<meta property=\"og:locale\" content=\"pt_BR\" \/>\n<meta property=\"og:type\" content=\"article\" \/>\n<meta property=\"og:title\" content=\"Deputado F\u00e1bio Macedo pede desculpas por descontrole emocional e admite alcoolismo - Daniel Matos\" \/>\n<meta property=\"og:description\" content=\"Em carta dirigida aos maranhenses, o deputado estadual F\u00e1bio Macedo (PDT) pediu desculpas pelas agress\u00f5es que cometeu contra duas pessoas, [&hellip;]\" \/>\n<meta property=\"og:url\" content=\"https:\/\/www.blogsoestado.com\/danielmatos\/deputado-fabio-macedo-pede-desculpas-por-descontrole-emocional-e-admite-alcoolismo\/\" \/>\n<meta property=\"og:site_name\" content=\"Daniel Matos\" \/>\n<meta property=\"article:published_time\" content=\"2019-03-10T17:50:19+00:00\" \/>\n<meta property=\"og:image\" content=\"https:\/\/www.blogsoestado.com\/danielmatos\/files\/2019\/03\/fabio-macedo.jpg\" \/>\n<meta name=\"twitter:card\" content=\"summary_large_image\" \/>\n<meta name=\"twitter:label1\" content=\"Est. tempo de leitura\" \/>\n\t<meta name=\"twitter:data1\" content=\"2 minutos\" \/>\n<script type=\"application\/ld+json\" class=\"yoast-schema-graph\">{\"@context\":\"https:\/\/schema.org\",\"@graph\":[{\"@type\":\"WebPage\",\"@id\":\"https:\/\/www.blogsoestado.com\/danielmatos\/deputado-fabio-macedo-pede-desculpas-por-descontrole-emocional-e-admite-alcoolismo\/\",\"url\":\"https:\/\/www.blogsoestado.com\/danielmatos\/deputado-fabio-macedo-pede-desculpas-por-descontrole-emocional-e-admite-alcoolismo\/\",\"name\":\"Deputado F\u00e1bio Macedo pede desculpas por descontrole emocional e admite alcoolismo - Daniel Matos\",\"isPartOf\":{\"@id\":\"https:\/\/www.blogsoestado.com\/danielmatos\/#website\"},\"primaryImageOfPage\":{\"@id\":\"https:\/\/www.blogsoestado.com\/danielmatos\/deputado-fabio-macedo-pede-desculpas-por-descontrole-emocional-e-admite-alcoolismo\/#primaryimage\"},\"image\":{\"@id\":\"https:\/\/www.blogsoestado.com\/danielmatos\/deputado-fabio-macedo-pede-desculpas-por-descontrole-emocional-e-admite-alcoolismo\/#primaryimage\"},\"thumbnailUrl\":\"https:\/\/www.blogsoestado.com\/danielmatos\/files\/2019\/03\/fabio-macedo.jpg\",\"datePublished\":\"2019-03-10T17:50:19+00:00\",\"author\":{\"@id\":\"\"},\"breadcrumb\":{\"@id\":\"https:\/\/www.blogsoestado.com\/danielmatos\/deputado-fabio-macedo-pede-desculpas-por-descontrole-emocional-e-admite-alcoolismo\/#breadcrumb\"},\"inLanguage\":\"pt-BR\",\"potentialAction\":[{\"@type\":\"ReadAction\",\"target\":[\"https:\/\/www.blogsoestado.com\/danielmatos\/deputado-fabio-macedo-pede-desculpas-por-descontrole-emocional-e-admite-alcoolismo\/\"]}]},{\"@type\":\"ImageObject\",\"inLanguage\":\"pt-BR\",\"@id\":\"https:\/\/www.blogsoestado.com\/danielmatos\/deputado-fabio-macedo-pede-desculpas-por-descontrole-emocional-e-admite-alcoolismo\/#primaryimage\",\"url\":\"https:\/\/www.blogsoestado.com\/danielmatos\/files\/2019\/03\/fabio-macedo.jpg\",\"contentUrl\":\"https:\/\/www.blogsoestado.com\/danielmatos\/files\/2019\/03\/fabio-macedo.jpg\"},{\"@type\":\"BreadcrumbList\",\"@id\":\"https:\/\/www.blogsoestado.com\/danielmatos\/deputado-fabio-macedo-pede-desculpas-por-descontrole-emocional-e-admite-alcoolismo\/#breadcrumb\",\"itemListElement\":[{\"@type\":\"ListItem\",\"position\":1,\"name\":\"In\u00edcio\",\"item\":\"https:\/\/www.blogsoestado.com\/danielmatos\/\"},{\"@type\":\"ListItem\",\"position\":2,\"name\":\"Deputado F\u00e1bio Macedo pede desculpas por descontrole emocional e admite alcoolismo\"}]},{\"@type\":\"WebSite\",\"@id\":\"https:\/\/www.blogsoestado.com\/danielmatos\/#website\",\"url\":\"https:\/\/www.blogsoestado.com\/danielmatos\/\",\"name\":\"Daniel Matos\",\"description\":\"\",\"potentialAction\":[{\"@type\":\"SearchAction\",\"target\":{\"@type\":\"EntryPoint\",\"urlTemplate\":\"https:\/\/www.blogsoestado.com\/danielmatos\/?s={search_term_string}\"},\"query-input\":{\"@type\":\"PropertyValueSpecification\",\"valueRequired\":true,\"valueName\":\"search_term_string\"}}],\"inLanguage\":\"pt-BR\"}]}<\/script>\n<!-- \/ Yoast SEO plugin. -->","yoast_head_json":{"title":"Deputado F\u00e1bio Macedo pede desculpas por descontrole emocional e admite alcoolismo - Daniel Matos","robots":{"index":"index","follow":"follow","max-snippet":"max-snippet:-1","max-image-preview":"max-image-preview:large","max-video-preview":"max-video-preview:-1"},"canonical":"https:\/\/www.blogsoestado.com\/danielmatos\/deputado-fabio-macedo-pede-desculpas-por-descontrole-emocional-e-admite-alcoolismo\/","og_locale":"pt_BR","og_type":"article","og_title":"Deputado F\u00e1bio Macedo pede desculpas por descontrole emocional e admite alcoolismo - Daniel Matos","og_description":"Em carta dirigida aos maranhenses, o deputado estadual F\u00e1bio Macedo (PDT) pediu desculpas pelas agress\u00f5es que cometeu contra duas pessoas, [&hellip;]","og_url":"https:\/\/www.blogsoestado.com\/danielmatos\/deputado-fabio-macedo-pede-desculpas-por-descontrole-emocional-e-admite-alcoolismo\/","og_site_name":"Daniel Matos","article_published_time":"2019-03-10T17:50:19+00:00","og_image":[{"url":"https:\/\/www.blogsoestado.com\/danielmatos\/files\/2019\/03\/fabio-macedo.jpg","type":"","width":"","height":""}],"twitter_card":"summary_large_image","twitter_misc":{"Est. tempo de leitura":"2 minutos"},"schema":{"@context":"https:\/\/schema.org","@graph":[{"@type":"WebPage","@id":"https:\/\/www.blogsoestado.com\/danielmatos\/deputado-fabio-macedo-pede-desculpas-por-descontrole-emocional-e-admite-alcoolismo\/","url":"https:\/\/www.blogsoestado.com\/danielmatos\/deputado-fabio-macedo-pede-desculpas-por-descontrole-emocional-e-admite-alcoolismo\/","name":"Deputado F\u00e1bio Macedo pede desculpas por descontrole emocional e admite alcoolismo - Daniel Matos","isPartOf":{"@id":"https:\/\/www.blogsoestado.com\/danielmatos\/#website"},"primaryImageOfPage":{"@id":"https:\/\/www.blogsoestado.com\/danielmatos\/deputado-fabio-macedo-pede-desculpas-por-descontrole-emocional-e-admite-alcoolismo\/#primaryimage"},"image":{"@id":"https:\/\/www.blogsoestado.com\/danielmatos\/deputado-fabio-macedo-pede-desculpas-por-descontrole-emocional-e-admite-alcoolismo\/#primaryimage"},"thumbnailUrl":"https:\/\/www.blogsoestado.com\/danielmatos\/files\/2019\/03\/fabio-macedo.jpg","datePublished":"2019-03-10T17:50:19+00:00","author":{"@id":""},"breadcrumb":{"@id":"https:\/\/www.blogsoestado.com\/danielmatos\/deputado-fabio-macedo-pede-desculpas-por-descontrole-emocional-e-admite-alcoolismo\/#breadcrumb"},"inLanguage":"pt-BR","potentialAction":[{"@type":"ReadAction","target":["https:\/\/www.blogsoestado.com\/danielmatos\/deputado-fabio-macedo-pede-desculpas-por-descontrole-emocional-e-admite-alcoolismo\/"]}]},{"@type":"ImageObject","inLanguage":"pt-BR","@id":"https:\/\/www.blogsoestado.com\/danielmatos\/deputado-fabio-macedo-pede-desculpas-por-descontrole-emocional-e-admite-alcoolismo\/#primaryimage","url":"https:\/\/www.blogsoestado.com\/danielmatos\/files\/2019\/03\/fabio-macedo.jpg","contentUrl":"https:\/\/www.blogsoestado.com\/danielmatos\/files\/2019\/03\/fabio-macedo.jpg"},{"@type":"BreadcrumbList","@id":"https:\/\/www.blogsoestado.com\/danielmatos\/deputado-fabio-macedo-pede-desculpas-por-descontrole-emocional-e-admite-alcoolismo\/#breadcrumb","itemListElement":[{"@type":"ListItem","position":1,"name":"In\u00edcio","item":"https:\/\/www.blogsoestado.com\/danielmatos\/"},{"@type":"ListItem","position":2,"name":"Deputado F\u00e1bio Macedo pede desculpas por descontrole emocional e admite alcoolismo"}]},{"@type":"WebSite","@id":"https:\/\/www.blogsoestado.com\/danielmatos\/#website","url":"https:\/\/www.blogsoestado.com\/danielmatos\/","name":"Daniel Matos","description":"","potentialAction":[{"@type":"SearchAction","target":{"@type":"EntryPoint","urlTemplate":"https:\/\/www.blogsoestado.com\/danielmatos\/?s={search_term_string}"},"query-input":{"@type":"PropertyValueSpecification","valueRequired":true,"valueName":"search_term_string"}}],"inLanguage":"pt-BR"}]}},"jetpack_featured_media_url":"","_links":{"self":[{"href":"https:\/\/www.blogsoestado.com\/danielmatos\/wp-json\/wp\/v2\/posts\/60994","targetHints":{"allow":["GET"]}}],"collection":[{"href":"https:\/\/www.blogsoestado.com\/danielmatos\/wp-json\/wp\/v2\/posts"}],"about":[{"href":"https:\/\/www.blogsoestado.com\/danielmatos\/wp-json\/wp\/v2\/types\/post"}],"replies":[{"embeddable":true,"href":"https:\/\/www.blogsoestado.com\/danielmatos\/wp-json\/wp\/v2\/comments?post=60994"}],"version-history":[{"count":0,"href":"https:\/\/www.blogsoestado.com\/danielmatos\/wp-json\/wp\/v2\/posts\/60994\/revisions"}],"wp:attachment":[{"href":"https:\/\/www.blogsoestado.com\/danielmatos\/wp-json\/wp\/v2\/media?parent=60994"}],"wp:term":[{"taxonomy":"category","embeddable":true,"href":"https:\/\/www.blogsoestado.com\/danielmatos\/wp-json\/wp\/v2\/categories?post=60994"},{"taxonomy":"post_tag","embeddable":true,"href":"https:\/\/www.blogsoestado.com\/danielmatos\/wp-json\/wp\/v2\/tags?post=60994"}],"curies":[{"name":"wp","href":"https:\/\/api.w.org\/{rel}","templated":true}]}}