{"id":60997,"date":"2019-03-10T15:21:27","date_gmt":"2019-03-10T18:21:27","guid":{"rendered":"https:\/\/www.blogsoestado.com\/danielmatos\/?p=60997"},"modified":"2019-03-10T15:21:27","modified_gmt":"2019-03-10T18:21:27","slug":"imobilidade-urbana-e-propostas-parte-2","status":"publish","type":"post","link":"https:\/\/www.blogsoestado.com\/danielmatos\/imobilidade-urbana-e-propostas-parte-2\/","title":{"rendered":"Imobilidade urbana e propostas &#8211; parte 2"},"content":{"rendered":"\n<figure class=\"wp-block-image\"><img decoding=\"async\" src=\"https:\/\/www.blogsoestado.com\/danielmatos\/files\/2019\/03\/adriano-mobilidade2.jpg\" alt=\"\" class=\"wp-image-60999\"\/><figcaption>Adriano alerta que S\u00e3o Lu\u00eds precisa de uma legisla\u00e7\u00e3o que discipline hor\u00e1rios de carga e descarga de grandes ve\u00edculos <\/figcaption><\/figure>\n\n\n\n<p>Cerca de dois dias ap\u00f3s minha primeira abordagem em rela\u00e7\u00e3o ao tema mobilidade urbana, S\u00e3o Lu\u00eds viveu uma paralisa\u00e7\u00e3o surpresa no seu transporte p\u00fablico. Tamb\u00e9m na mesma semana a cidade viveu um caos no tr\u00e2nsito. Dezenas de pessoas relataram situa\u00e7\u00f5es absurdas que demonstram uma realidade muito pior do que a relatada por mim em artigo anterior.<\/p>\n\n\n\n<p>Na segunda-feira (25 de fevereiro) uma equipe de empresa de telecomunica\u00e7\u00e3o decidiu fazer, em pleno hor\u00e1rio de pico, um reparo em fia\u00e7\u00e3o de poste na esquina da Rua Renato Vieira e Avenida dos Franceses. Os t\u00e9cnicos interditaram metade da via e l\u00e1 ficaram por horas. A a\u00e7\u00e3o destrambelhada causou um engarrafamento que se alastrou do bairro Alemanha at\u00e9 o bairro Cohama.<\/p>\n\n\n\n<p>Em pleno 2019 e a Prefeitura de S\u00e3o Lu\u00eds sequer \u00e9 comunicada de uma atitude danosa ao tr\u00e2nsito, ou seja, fica evidente uma completa falta de sintonia entre a administra\u00e7\u00e3o municipal e as empresas, privadas ou p\u00fablicas, que prestam servi\u00e7os no per\u00edmetro urbano.<\/p>\n\n\n\n<p>S\u00e3o Lu\u00eds precisa de uma legisla\u00e7\u00e3o que discipline hor\u00e1rios de carga e descarga de grandes ve\u00edculos, como caminh\u00f5es pesados, extra-pesados e trucados, em vias de grande fluxo. \u00c9 inadmiss\u00edvel que empres\u00e1rios, ou at\u00e9 mesmo o poder p\u00fablico, se apossem de ruas e avenidas impedindo o ir e vir das pessoas.<\/p>\n\n\n\n<p>E em rela\u00e7\u00e3o aos reparos e outros servi\u00e7os que necessitam de espa\u00e7os nas vias, o ideal seria impedir que eles acontecessem em momentos cr\u00edticos no tr\u00e2nsito. Caso sejam inevit\u00e1veis, devem ser comunicados a Prefeitura que deve, imediatamente, criar condi\u00e7\u00f5es para que seus impactos no tr\u00e2nsito sejam minimizados.<\/p>\n\n\n\n<p>Destarte, a aprova\u00e7\u00e3o dos transportes de passageiros por meio de aplicativos foi uma boa not\u00edcia nos \u00faltimos dias, um contraste diante deste completo deserto de ideias ao qual passamos na mobilidade urbana de S\u00e3o Lu\u00eds. \u00c9 gratificante saber que a C\u00e2mara de Vereadores prezou pelo bem-estar do povo e garantiu-lhe mais uma op\u00e7\u00e3o de transporte.<\/p>\n\n\n\n<p>Contudo, acho que podemos avan\u00e7ar mais em automa\u00e7\u00e3o. O conceito de internet das coisas (que se refere \u00e0 conex\u00e3o de todo tipo de eletr\u00f4nicos) deve ser colocado em pr\u00e1tica para poder melhorar o tr\u00e2nsito. Por meio desta tecnologia a Secretaria de Tr\u00e2nsito e Transportes (SMTT) pode determinar onde o tr\u00e2nsito necessita de interven\u00e7\u00e3o.<\/p>\n\n\n\n<p>Quantas vezes voc\u00ea j\u00e1 teve problemas com aplicativos de geolocaliza\u00e7\u00e3o? \u00c9 preciso, urgentemente, realizar conv\u00eanios com gigantes do setor como Google, Apple e Facebook para tornar o uso dessas ferramentas mais eficientes.<\/p>\n\n\n\n<p>Outro problema: A rela\u00e7\u00e3o entre donos de empresa de \u00f4nibus e rodovi\u00e1rios. A Prefeitura precisa deixar de ser ref\u00e9m dessa rela\u00e7\u00e3o t\u00f3xica que prejudica a popula\u00e7\u00e3o. No dia 26 de fevereiro, milhares de trabalhadores acordaram cedo e passaram horas em paradas de \u00f4nibus esperando um transporte que n\u00e3o viria. Tudo por conta de uma quest\u00e3o trabalhista que est\u00e1 sendo travada na Justi\u00e7a.<\/p>\n\n\n\n<p>A Prefeitura, ao que tudo indica, d\u00e1 a entender que n\u00e3o tem responsabilidade direta com esta situa\u00e7\u00e3o. Se fosse governada por um prefeito ciente de suas obriga\u00e7\u00f5es, iria exigir que os culpados por este ato abomin\u00e1vel fossem responsabilizados juridicamente. Precisamos fortalecer a ideia de que, no que diz respeito a um homem p\u00fablico, o lado do povo \u00e9 a \u00fanica op\u00e7\u00e3o.<\/p>\n\n\n\n<p>Lamento pelos acontecidos entre os dias 25 e 27 de fevereiro na mobilidade urbana de nossa cidade e quero deixar claro que a cada dia que passa estudo mais e me preparo para poder dar minha contribui\u00e7\u00e3o para a melhoria do tr\u00e2nsito e dos transportes em nossa cidade.<\/p>\n\n\n\n<p>Assista:<\/p>\n\n\n\n<figure class=\"wp-block-embed-youtube wp-block-embed is-type-video is-provider-youtube wp-embed-aspect-16-9 wp-has-aspect-ratio\"><div class=\"wp-block-embed__wrapper\">\n<iframe title=\"MOBILIDADE URBANA parte 2\" width=\"500\" height=\"281\" src=\"https:\/\/www.youtube.com\/embed\/9YaLnx4vORQ?feature=oembed\" frameborder=\"0\" allow=\"accelerometer; autoplay; clipboard-write; encrypted-media; gyroscope; picture-in-picture; web-share\" referrerpolicy=\"strict-origin-when-cross-origin\" allowfullscreen><\/iframe>\n<\/div><\/figure>\n\n\n\n<p>Adriano Sarney<br> Deputado Estadual, Economista com p\u00f3s-gradua\u00e7\u00e3o pela Universit\u00e9 Paris (Sorbone, Fran\u00e7a) e em Gest\u00e3o pela Universidade Harvard.<br> Email: <a href=\"jadrianocs@post.harvard.edu\">jadrianocs@post.harvard.edu<\/a><br> Twitter: <a href=\"http:\/\/@AdrianoSarney\">@AdrianoSarney<\/a><br> Facebook: <a href=\"http:\/\/@adriano.sarney\">@adriano.sarney<\/a><br> Instagram: <a href=\"http:\/\/@adrianosarney\">@adrianosarney<\/a><\/p>\n","protected":false},"excerpt":{"rendered":"<p>Cerca de dois dias ap\u00f3s minha primeira abordagem em rela\u00e7\u00e3o ao tema mobilidade urbana, S\u00e3o Lu\u00eds viveu uma paralisa\u00e7\u00e3o surpresa [&hellip;]<\/p>\n","protected":false},"author":0,"featured_media":0,"comment_status":"open","ping_status":"open","sticky":false,"template":"","format":"standard","meta":{"site-sidebar-layout":"default","site-content-layout":"","ast-site-content-layout":"default","site-content-style":"default","site-sidebar-style":"default","ast-global-header-display":"","ast-banner-title-visibility":"","ast-main-header-display":"","ast-hfb-above-header-display":"","ast-hfb-below-header-display":"","ast-hfb-mobile-header-display":"","site-post-title":"","ast-breadcrumbs-content":"","ast-featured-img":"","footer-sml-layout":"","ast-disable-related-posts":"","theme-transparent-header-meta":"","adv-header-id-meta":"","stick-header-meta":"","header-above-stick-meta":"","header-main-stick-meta":"","header-below-stick-meta":"","astra-migrate-meta-layouts":"default","ast-page-background-enabled":"default","ast-page-background-meta":{"desktop":{"background-color":"var(--ast-global-color-5)","background-image":"","background-repeat":"repeat","background-position":"center center","background-size":"auto","background-attachment":"scroll","background-type":"","background-media":"","overlay-type":"","overlay-color":"","overlay-opacity":"","overlay-gradient":""},"tablet":{"background-color":"","background-image":"","background-repeat":"repeat","background-position":"center center","background-size":"auto","background-attachment":"scroll","background-type":"","background-media":"","overlay-type":"","overlay-color":"","overlay-opacity":"","overlay-gradient":""},"mobile":{"background-color":"","background-image":"","background-repeat":"repeat","background-position":"center center","background-size":"auto","background-attachment":"scroll","background-type":"","background-media":"","overlay-type":"","overlay-color":"","overlay-opacity":"","overlay-gradient":""}},"ast-content-background-meta":{"desktop":{"background-color":"var(--ast-global-color-4)","background-image":"","background-repeat":"repeat","background-position":"center center","background-size":"auto","background-attachment":"scroll","background-type":"","background-media":"","overlay-type":"","overlay-color":"","overlay-opacity":"","overlay-gradient":""},"tablet":{"background-color":"var(--ast-global-color-4)","background-image":"","background-repeat":"repeat","background-position":"center center","background-size":"auto","background-attachment":"scroll","background-type":"","background-media":"","overlay-type":"","overlay-color":"","overlay-opacity":"","overlay-gradient":""},"mobile":{"background-color":"var(--ast-global-color-4)","background-image":"","background-repeat":"repeat","background-position":"center center","background-size":"auto","background-attachment":"scroll","background-type":"","background-media":"","overlay-type":"","overlay-color":"","overlay-opacity":"","overlay-gradient":""}},"footnotes":""},"categories":[1],"tags":[],"class_list":["post-60997","post","type-post","status-publish","format-standard","hentry","category-sem-categoria"],"yoast_head":"<!-- This site is optimized with the Yoast SEO plugin v26.6 - https:\/\/yoast.com\/wordpress\/plugins\/seo\/ -->\n<title>Imobilidade urbana e propostas - parte 2 - Daniel Matos<\/title>\n<meta name=\"robots\" content=\"index, follow, max-snippet:-1, max-image-preview:large, max-video-preview:-1\" \/>\n<link rel=\"canonical\" href=\"https:\/\/www.blogsoestado.com\/danielmatos\/imobilidade-urbana-e-propostas-parte-2\/\" \/>\n<meta property=\"og:locale\" content=\"pt_BR\" \/>\n<meta property=\"og:type\" content=\"article\" \/>\n<meta property=\"og:title\" content=\"Imobilidade urbana e propostas - parte 2 - Daniel Matos\" \/>\n<meta property=\"og:description\" content=\"Cerca de dois dias ap\u00f3s minha primeira abordagem em rela\u00e7\u00e3o ao tema mobilidade urbana, S\u00e3o Lu\u00eds viveu uma paralisa\u00e7\u00e3o surpresa [&hellip;]\" \/>\n<meta property=\"og:url\" content=\"https:\/\/www.blogsoestado.com\/danielmatos\/imobilidade-urbana-e-propostas-parte-2\/\" \/>\n<meta property=\"og:site_name\" content=\"Daniel Matos\" \/>\n<meta property=\"article:published_time\" content=\"2019-03-10T18:21:27+00:00\" \/>\n<meta property=\"og:image\" content=\"https:\/\/www.blogsoestado.com\/danielmatos\/files\/2019\/03\/adriano-mobilidade2.jpg\" \/>\n<meta name=\"twitter:card\" content=\"summary_large_image\" \/>\n<meta name=\"twitter:label1\" content=\"Est. tempo de leitura\" \/>\n\t<meta name=\"twitter:data1\" content=\"3 minutos\" \/>\n<script type=\"application\/ld+json\" class=\"yoast-schema-graph\">{\"@context\":\"https:\/\/schema.org\",\"@graph\":[{\"@type\":\"WebPage\",\"@id\":\"https:\/\/www.blogsoestado.com\/danielmatos\/imobilidade-urbana-e-propostas-parte-2\/\",\"url\":\"https:\/\/www.blogsoestado.com\/danielmatos\/imobilidade-urbana-e-propostas-parte-2\/\",\"name\":\"Imobilidade urbana e propostas - parte 2 - Daniel Matos\",\"isPartOf\":{\"@id\":\"https:\/\/www.blogsoestado.com\/danielmatos\/#website\"},\"primaryImageOfPage\":{\"@id\":\"https:\/\/www.blogsoestado.com\/danielmatos\/imobilidade-urbana-e-propostas-parte-2\/#primaryimage\"},\"image\":{\"@id\":\"https:\/\/www.blogsoestado.com\/danielmatos\/imobilidade-urbana-e-propostas-parte-2\/#primaryimage\"},\"thumbnailUrl\":\"https:\/\/www.blogsoestado.com\/danielmatos\/files\/2019\/03\/adriano-mobilidade2.jpg\",\"datePublished\":\"2019-03-10T18:21:27+00:00\",\"author\":{\"@id\":\"\"},\"breadcrumb\":{\"@id\":\"https:\/\/www.blogsoestado.com\/danielmatos\/imobilidade-urbana-e-propostas-parte-2\/#breadcrumb\"},\"inLanguage\":\"pt-BR\",\"potentialAction\":[{\"@type\":\"ReadAction\",\"target\":[\"https:\/\/www.blogsoestado.com\/danielmatos\/imobilidade-urbana-e-propostas-parte-2\/\"]}]},{\"@type\":\"ImageObject\",\"inLanguage\":\"pt-BR\",\"@id\":\"https:\/\/www.blogsoestado.com\/danielmatos\/imobilidade-urbana-e-propostas-parte-2\/#primaryimage\",\"url\":\"https:\/\/www.blogsoestado.com\/danielmatos\/files\/2019\/03\/adriano-mobilidade2.jpg\",\"contentUrl\":\"https:\/\/www.blogsoestado.com\/danielmatos\/files\/2019\/03\/adriano-mobilidade2.jpg\"},{\"@type\":\"BreadcrumbList\",\"@id\":\"https:\/\/www.blogsoestado.com\/danielmatos\/imobilidade-urbana-e-propostas-parte-2\/#breadcrumb\",\"itemListElement\":[{\"@type\":\"ListItem\",\"position\":1,\"name\":\"In\u00edcio\",\"item\":\"https:\/\/www.blogsoestado.com\/danielmatos\/\"},{\"@type\":\"ListItem\",\"position\":2,\"name\":\"Imobilidade urbana e propostas &#8211; parte 2\"}]},{\"@type\":\"WebSite\",\"@id\":\"https:\/\/www.blogsoestado.com\/danielmatos\/#website\",\"url\":\"https:\/\/www.blogsoestado.com\/danielmatos\/\",\"name\":\"Daniel Matos\",\"description\":\"\",\"potentialAction\":[{\"@type\":\"SearchAction\",\"target\":{\"@type\":\"EntryPoint\",\"urlTemplate\":\"https:\/\/www.blogsoestado.com\/danielmatos\/?s={search_term_string}\"},\"query-input\":{\"@type\":\"PropertyValueSpecification\",\"valueRequired\":true,\"valueName\":\"search_term_string\"}}],\"inLanguage\":\"pt-BR\"}]}<\/script>\n<!-- \/ Yoast SEO plugin. -->","yoast_head_json":{"title":"Imobilidade urbana e propostas - parte 2 - Daniel Matos","robots":{"index":"index","follow":"follow","max-snippet":"max-snippet:-1","max-image-preview":"max-image-preview:large","max-video-preview":"max-video-preview:-1"},"canonical":"https:\/\/www.blogsoestado.com\/danielmatos\/imobilidade-urbana-e-propostas-parte-2\/","og_locale":"pt_BR","og_type":"article","og_title":"Imobilidade urbana e propostas - parte 2 - Daniel Matos","og_description":"Cerca de dois dias ap\u00f3s minha primeira abordagem em rela\u00e7\u00e3o ao tema mobilidade urbana, S\u00e3o Lu\u00eds viveu uma paralisa\u00e7\u00e3o surpresa [&hellip;]","og_url":"https:\/\/www.blogsoestado.com\/danielmatos\/imobilidade-urbana-e-propostas-parte-2\/","og_site_name":"Daniel Matos","article_published_time":"2019-03-10T18:21:27+00:00","og_image":[{"url":"https:\/\/www.blogsoestado.com\/danielmatos\/files\/2019\/03\/adriano-mobilidade2.jpg","type":"","width":"","height":""}],"twitter_card":"summary_large_image","twitter_misc":{"Est. tempo de leitura":"3 minutos"},"schema":{"@context":"https:\/\/schema.org","@graph":[{"@type":"WebPage","@id":"https:\/\/www.blogsoestado.com\/danielmatos\/imobilidade-urbana-e-propostas-parte-2\/","url":"https:\/\/www.blogsoestado.com\/danielmatos\/imobilidade-urbana-e-propostas-parte-2\/","name":"Imobilidade urbana e propostas - parte 2 - Daniel Matos","isPartOf":{"@id":"https:\/\/www.blogsoestado.com\/danielmatos\/#website"},"primaryImageOfPage":{"@id":"https:\/\/www.blogsoestado.com\/danielmatos\/imobilidade-urbana-e-propostas-parte-2\/#primaryimage"},"image":{"@id":"https:\/\/www.blogsoestado.com\/danielmatos\/imobilidade-urbana-e-propostas-parte-2\/#primaryimage"},"thumbnailUrl":"https:\/\/www.blogsoestado.com\/danielmatos\/files\/2019\/03\/adriano-mobilidade2.jpg","datePublished":"2019-03-10T18:21:27+00:00","author":{"@id":""},"breadcrumb":{"@id":"https:\/\/www.blogsoestado.com\/danielmatos\/imobilidade-urbana-e-propostas-parte-2\/#breadcrumb"},"inLanguage":"pt-BR","potentialAction":[{"@type":"ReadAction","target":["https:\/\/www.blogsoestado.com\/danielmatos\/imobilidade-urbana-e-propostas-parte-2\/"]}]},{"@type":"ImageObject","inLanguage":"pt-BR","@id":"https:\/\/www.blogsoestado.com\/danielmatos\/imobilidade-urbana-e-propostas-parte-2\/#primaryimage","url":"https:\/\/www.blogsoestado.com\/danielmatos\/files\/2019\/03\/adriano-mobilidade2.jpg","contentUrl":"https:\/\/www.blogsoestado.com\/danielmatos\/files\/2019\/03\/adriano-mobilidade2.jpg"},{"@type":"BreadcrumbList","@id":"https:\/\/www.blogsoestado.com\/danielmatos\/imobilidade-urbana-e-propostas-parte-2\/#breadcrumb","itemListElement":[{"@type":"ListItem","position":1,"name":"In\u00edcio","item":"https:\/\/www.blogsoestado.com\/danielmatos\/"},{"@type":"ListItem","position":2,"name":"Imobilidade urbana e propostas &#8211; parte 2"}]},{"@type":"WebSite","@id":"https:\/\/www.blogsoestado.com\/danielmatos\/#website","url":"https:\/\/www.blogsoestado.com\/danielmatos\/","name":"Daniel Matos","description":"","potentialAction":[{"@type":"SearchAction","target":{"@type":"EntryPoint","urlTemplate":"https:\/\/www.blogsoestado.com\/danielmatos\/?s={search_term_string}"},"query-input":{"@type":"PropertyValueSpecification","valueRequired":true,"valueName":"search_term_string"}}],"inLanguage":"pt-BR"}]}},"jetpack_featured_media_url":"","_links":{"self":[{"href":"https:\/\/www.blogsoestado.com\/danielmatos\/wp-json\/wp\/v2\/posts\/60997","targetHints":{"allow":["GET"]}}],"collection":[{"href":"https:\/\/www.blogsoestado.com\/danielmatos\/wp-json\/wp\/v2\/posts"}],"about":[{"href":"https:\/\/www.blogsoestado.com\/danielmatos\/wp-json\/wp\/v2\/types\/post"}],"replies":[{"embeddable":true,"href":"https:\/\/www.blogsoestado.com\/danielmatos\/wp-json\/wp\/v2\/comments?post=60997"}],"version-history":[{"count":0,"href":"https:\/\/www.blogsoestado.com\/danielmatos\/wp-json\/wp\/v2\/posts\/60997\/revisions"}],"wp:attachment":[{"href":"https:\/\/www.blogsoestado.com\/danielmatos\/wp-json\/wp\/v2\/media?parent=60997"}],"wp:term":[{"taxonomy":"category","embeddable":true,"href":"https:\/\/www.blogsoestado.com\/danielmatos\/wp-json\/wp\/v2\/categories?post=60997"},{"taxonomy":"post_tag","embeddable":true,"href":"https:\/\/www.blogsoestado.com\/danielmatos\/wp-json\/wp\/v2\/tags?post=60997"}],"curies":[{"name":"wp","href":"https:\/\/api.w.org\/{rel}","templated":true}]}}