{"id":61009,"date":"2019-03-11T11:17:01","date_gmt":"2019-03-11T14:17:01","guid":{"rendered":"https:\/\/www.blogsoestado.com\/danielmatos\/?p=61009"},"modified":"2019-03-11T11:17:01","modified_gmt":"2019-03-11T14:17:01","slug":"mulheres-sao-homenageadas-na-procuradoria-geral-do-estado","status":"publish","type":"post","link":"https:\/\/www.blogsoestado.com\/danielmatos\/mulheres-sao-homenageadas-na-procuradoria-geral-do-estado\/","title":{"rendered":"Mulheres s\u00e3o homenageadas na Procuradoria Geral do Estado"},"content":{"rendered":"\n<figure class=\"wp-block-image\"><img decoding=\"async\" src=\"https:\/\/www.blogsoestado.com\/danielmatos\/files\/2019\/03\/evandro-pauta.jpg\" alt=\"\" class=\"wp-image-61010\"\/><figcaption> O Dia Internacional da Mulher foi marcado por homenagens na PGE\/MA <\/figcaption><\/figure>\n\n\n\n<p>As comemora\u00e7\u00f5es pelo Dia Internacional da Mulher (8 de Mar\u00e7o) marcaram a sexta-feira na capital. Uma delas reuniu servidoras e procuradoras na Procuradoria Geral do Estado do Maranh\u00e3o (PGE\/MA), homenageadas pela atual gest\u00e3o, que tem \u00e0 frente o procurador Rodrigo Maia, com a presen\u00e7a, tamb\u00e9m, do procurador geral adjunto para Assuntos Estrat\u00e9gicos, Bruno Tom\u00e9 Fonseca.<\/p>\n\n\n\n<p>Na abertura do evento, cumprimentaram e parabenizaram as mulheres Rodrigo Maia, Bruno Tom\u00e9 Fonseca e, tamb\u00e9m, o procurador Miguel Pereira, chefe do Centro de Estudos da PGE, al\u00e9m de representantes do corpo feminino do \u00f3rg\u00e3o.<\/p>\n\n\n\n<p>Al\u00e9m de um coquetel, foi inaugurada a exposi\u00e7\u00e3o de arte \u201cVernissage Mulheres \u2013 Sentimentos e Poesia\u201d, com trabalhos voltados para a tem\u00e1tica feminina e produzidos por mulheres. os quadros, que poder\u00e3o ser conferidos at\u00e9 o dia 5 de abril, est\u00e3o espalhados pelos corredores e outras depend\u00eancias do \u00f3rg\u00e3o.<\/p>\n\n\n\n<p>A programa\u00e7\u00e3o se estender\u00e1 ao longo desta semana, com palestras e servi\u00e7os na \u00e1rea de est\u00e9tica, por exemplo. A Confer\u00eancia \u201cEmpreendedorismo Feminino\u201d, com Raquel Jord\u00e3o, diretora administrativo-financeira do Sebrae no Maranh\u00e3o, acontecer\u00e1 na pr\u00f3xima segunda-feira (11), \u00e0s 15h.<\/p>\n","protected":false},"excerpt":{"rendered":"<p>As comemora\u00e7\u00f5es pelo Dia Internacional da Mulher (8 de Mar\u00e7o) marcaram a sexta-feira na capital. Uma delas reuniu servidoras e [&hellip;]<\/p>\n","protected":false},"author":0,"featured_media":0,"comment_status":"open","ping_status":"open","sticky":false,"template":"","format":"standard","meta":{"site-sidebar-layout":"default","site-content-layout":"","ast-site-content-layout":"default","site-content-style":"default","site-sidebar-style":"default","ast-global-header-display":"","ast-banner-title-visibility":"","ast-main-header-display":"","ast-hfb-above-header-display":"","ast-hfb-below-header-display":"","ast-hfb-mobile-header-display":"","site-post-title":"","ast-breadcrumbs-content":"","ast-featured-img":"","footer-sml-layout":"","ast-disable-related-posts":"","theme-transparent-header-meta":"","adv-header-id-meta":"","stick-header-meta":"","header-above-stick-meta":"","header-main-stick-meta":"","header-below-stick-meta":"","astra-migrate-meta-layouts":"default","ast-page-background-enabled":"default","ast-page-background-meta":{"desktop":{"background-color":"var(--ast-global-color-5)","background-image":"","background-repeat":"repeat","background-position":"center center","background-size":"auto","background-attachment":"scroll","background-type":"","background-media":"","overlay-type":"","overlay-color":"","overlay-opacity":"","overlay-gradient":""},"tablet":{"background-color":"","background-image":"","background-repeat":"repeat","background-position":"center center","background-size":"auto","background-attachment":"scroll","background-type":"","background-media":"","overlay-type":"","overlay-color":"","overlay-opacity":"","overlay-gradient":""},"mobile":{"background-color":"","background-image":"","background-repeat":"repeat","background-position":"center center","background-size":"auto","background-attachment":"scroll","background-type":"","background-media":"","overlay-type":"","overlay-color":"","overlay-opacity":"","overlay-gradient":""}},"ast-content-background-meta":{"desktop":{"background-color":"var(--ast-global-color-4)","background-image":"","background-repeat":"repeat","background-position":"center center","background-size":"auto","background-attachment":"scroll","background-type":"","background-media":"","overlay-type":"","overlay-color":"","overlay-opacity":"","overlay-gradient":""},"tablet":{"background-color":"var(--ast-global-color-4)","background-image":"","background-repeat":"repeat","background-position":"center center","background-size":"auto","background-attachment":"scroll","background-type":"","background-media":"","overlay-type":"","overlay-color":"","overlay-opacity":"","overlay-gradient":""},"mobile":{"background-color":"var(--ast-global-color-4)","background-image":"","background-repeat":"repeat","background-position":"center center","background-size":"auto","background-attachment":"scroll","background-type":"","background-media":"","overlay-type":"","overlay-color":"","overlay-opacity":"","overlay-gradient":""}},"footnotes":""},"categories":[1],"tags":[],"class_list":["post-61009","post","type-post","status-publish","format-standard","hentry","category-sem-categoria"],"yoast_head":"<!-- This site is optimized with the Yoast SEO plugin v26.6 - https:\/\/yoast.com\/wordpress\/plugins\/seo\/ -->\n<title>Mulheres s\u00e3o homenageadas na Procuradoria Geral do Estado - Daniel Matos<\/title>\n<meta name=\"robots\" content=\"index, follow, max-snippet:-1, max-image-preview:large, max-video-preview:-1\" \/>\n<link rel=\"canonical\" href=\"https:\/\/www.blogsoestado.com\/danielmatos\/mulheres-sao-homenageadas-na-procuradoria-geral-do-estado\/\" \/>\n<meta property=\"og:locale\" content=\"pt_BR\" \/>\n<meta property=\"og:type\" content=\"article\" \/>\n<meta property=\"og:title\" content=\"Mulheres s\u00e3o homenageadas na Procuradoria Geral do Estado - Daniel Matos\" \/>\n<meta property=\"og:description\" content=\"As comemora\u00e7\u00f5es pelo Dia Internacional da Mulher (8 de Mar\u00e7o) marcaram a sexta-feira na capital. Uma delas reuniu servidoras e [&hellip;]\" \/>\n<meta property=\"og:url\" content=\"https:\/\/www.blogsoestado.com\/danielmatos\/mulheres-sao-homenageadas-na-procuradoria-geral-do-estado\/\" \/>\n<meta property=\"og:site_name\" content=\"Daniel Matos\" \/>\n<meta property=\"article:published_time\" content=\"2019-03-11T14:17:01+00:00\" \/>\n<meta property=\"og:image\" content=\"https:\/\/www.blogsoestado.com\/danielmatos\/files\/2019\/03\/evandro-pauta.jpg\" \/>\n<meta name=\"twitter:card\" content=\"summary_large_image\" \/>\n<meta name=\"twitter:label1\" content=\"Est. tempo de leitura\" \/>\n\t<meta name=\"twitter:data1\" content=\"1 minuto\" \/>\n<script type=\"application\/ld+json\" class=\"yoast-schema-graph\">{\"@context\":\"https:\/\/schema.org\",\"@graph\":[{\"@type\":\"WebPage\",\"@id\":\"https:\/\/www.blogsoestado.com\/danielmatos\/mulheres-sao-homenageadas-na-procuradoria-geral-do-estado\/\",\"url\":\"https:\/\/www.blogsoestado.com\/danielmatos\/mulheres-sao-homenageadas-na-procuradoria-geral-do-estado\/\",\"name\":\"Mulheres s\u00e3o homenageadas na Procuradoria Geral do Estado - Daniel Matos\",\"isPartOf\":{\"@id\":\"https:\/\/www.blogsoestado.com\/danielmatos\/#website\"},\"primaryImageOfPage\":{\"@id\":\"https:\/\/www.blogsoestado.com\/danielmatos\/mulheres-sao-homenageadas-na-procuradoria-geral-do-estado\/#primaryimage\"},\"image\":{\"@id\":\"https:\/\/www.blogsoestado.com\/danielmatos\/mulheres-sao-homenageadas-na-procuradoria-geral-do-estado\/#primaryimage\"},\"thumbnailUrl\":\"https:\/\/www.blogsoestado.com\/danielmatos\/files\/2019\/03\/evandro-pauta.jpg\",\"datePublished\":\"2019-03-11T14:17:01+00:00\",\"author\":{\"@id\":\"\"},\"breadcrumb\":{\"@id\":\"https:\/\/www.blogsoestado.com\/danielmatos\/mulheres-sao-homenageadas-na-procuradoria-geral-do-estado\/#breadcrumb\"},\"inLanguage\":\"pt-BR\",\"potentialAction\":[{\"@type\":\"ReadAction\",\"target\":[\"https:\/\/www.blogsoestado.com\/danielmatos\/mulheres-sao-homenageadas-na-procuradoria-geral-do-estado\/\"]}]},{\"@type\":\"ImageObject\",\"inLanguage\":\"pt-BR\",\"@id\":\"https:\/\/www.blogsoestado.com\/danielmatos\/mulheres-sao-homenageadas-na-procuradoria-geral-do-estado\/#primaryimage\",\"url\":\"https:\/\/www.blogsoestado.com\/danielmatos\/files\/2019\/03\/evandro-pauta.jpg\",\"contentUrl\":\"https:\/\/www.blogsoestado.com\/danielmatos\/files\/2019\/03\/evandro-pauta.jpg\"},{\"@type\":\"BreadcrumbList\",\"@id\":\"https:\/\/www.blogsoestado.com\/danielmatos\/mulheres-sao-homenageadas-na-procuradoria-geral-do-estado\/#breadcrumb\",\"itemListElement\":[{\"@type\":\"ListItem\",\"position\":1,\"name\":\"In\u00edcio\",\"item\":\"https:\/\/www.blogsoestado.com\/danielmatos\/\"},{\"@type\":\"ListItem\",\"position\":2,\"name\":\"Mulheres s\u00e3o homenageadas na Procuradoria Geral do Estado\"}]},{\"@type\":\"WebSite\",\"@id\":\"https:\/\/www.blogsoestado.com\/danielmatos\/#website\",\"url\":\"https:\/\/www.blogsoestado.com\/danielmatos\/\",\"name\":\"Daniel Matos\",\"description\":\"\",\"potentialAction\":[{\"@type\":\"SearchAction\",\"target\":{\"@type\":\"EntryPoint\",\"urlTemplate\":\"https:\/\/www.blogsoestado.com\/danielmatos\/?s={search_term_string}\"},\"query-input\":{\"@type\":\"PropertyValueSpecification\",\"valueRequired\":true,\"valueName\":\"search_term_string\"}}],\"inLanguage\":\"pt-BR\"}]}<\/script>\n<!-- \/ Yoast SEO plugin. -->","yoast_head_json":{"title":"Mulheres s\u00e3o homenageadas na Procuradoria Geral do Estado - Daniel Matos","robots":{"index":"index","follow":"follow","max-snippet":"max-snippet:-1","max-image-preview":"max-image-preview:large","max-video-preview":"max-video-preview:-1"},"canonical":"https:\/\/www.blogsoestado.com\/danielmatos\/mulheres-sao-homenageadas-na-procuradoria-geral-do-estado\/","og_locale":"pt_BR","og_type":"article","og_title":"Mulheres s\u00e3o homenageadas na Procuradoria Geral do Estado - Daniel Matos","og_description":"As comemora\u00e7\u00f5es pelo Dia Internacional da Mulher (8 de Mar\u00e7o) marcaram a sexta-feira na capital. Uma delas reuniu servidoras e [&hellip;]","og_url":"https:\/\/www.blogsoestado.com\/danielmatos\/mulheres-sao-homenageadas-na-procuradoria-geral-do-estado\/","og_site_name":"Daniel Matos","article_published_time":"2019-03-11T14:17:01+00:00","og_image":[{"url":"https:\/\/www.blogsoestado.com\/danielmatos\/files\/2019\/03\/evandro-pauta.jpg","type":"","width":"","height":""}],"twitter_card":"summary_large_image","twitter_misc":{"Est. tempo de leitura":"1 minuto"},"schema":{"@context":"https:\/\/schema.org","@graph":[{"@type":"WebPage","@id":"https:\/\/www.blogsoestado.com\/danielmatos\/mulheres-sao-homenageadas-na-procuradoria-geral-do-estado\/","url":"https:\/\/www.blogsoestado.com\/danielmatos\/mulheres-sao-homenageadas-na-procuradoria-geral-do-estado\/","name":"Mulheres s\u00e3o homenageadas na Procuradoria Geral do Estado - Daniel Matos","isPartOf":{"@id":"https:\/\/www.blogsoestado.com\/danielmatos\/#website"},"primaryImageOfPage":{"@id":"https:\/\/www.blogsoestado.com\/danielmatos\/mulheres-sao-homenageadas-na-procuradoria-geral-do-estado\/#primaryimage"},"image":{"@id":"https:\/\/www.blogsoestado.com\/danielmatos\/mulheres-sao-homenageadas-na-procuradoria-geral-do-estado\/#primaryimage"},"thumbnailUrl":"https:\/\/www.blogsoestado.com\/danielmatos\/files\/2019\/03\/evandro-pauta.jpg","datePublished":"2019-03-11T14:17:01+00:00","author":{"@id":""},"breadcrumb":{"@id":"https:\/\/www.blogsoestado.com\/danielmatos\/mulheres-sao-homenageadas-na-procuradoria-geral-do-estado\/#breadcrumb"},"inLanguage":"pt-BR","potentialAction":[{"@type":"ReadAction","target":["https:\/\/www.blogsoestado.com\/danielmatos\/mulheres-sao-homenageadas-na-procuradoria-geral-do-estado\/"]}]},{"@type":"ImageObject","inLanguage":"pt-BR","@id":"https:\/\/www.blogsoestado.com\/danielmatos\/mulheres-sao-homenageadas-na-procuradoria-geral-do-estado\/#primaryimage","url":"https:\/\/www.blogsoestado.com\/danielmatos\/files\/2019\/03\/evandro-pauta.jpg","contentUrl":"https:\/\/www.blogsoestado.com\/danielmatos\/files\/2019\/03\/evandro-pauta.jpg"},{"@type":"BreadcrumbList","@id":"https:\/\/www.blogsoestado.com\/danielmatos\/mulheres-sao-homenageadas-na-procuradoria-geral-do-estado\/#breadcrumb","itemListElement":[{"@type":"ListItem","position":1,"name":"In\u00edcio","item":"https:\/\/www.blogsoestado.com\/danielmatos\/"},{"@type":"ListItem","position":2,"name":"Mulheres s\u00e3o homenageadas na Procuradoria Geral do Estado"}]},{"@type":"WebSite","@id":"https:\/\/www.blogsoestado.com\/danielmatos\/#website","url":"https:\/\/www.blogsoestado.com\/danielmatos\/","name":"Daniel Matos","description":"","potentialAction":[{"@type":"SearchAction","target":{"@type":"EntryPoint","urlTemplate":"https:\/\/www.blogsoestado.com\/danielmatos\/?s={search_term_string}"},"query-input":{"@type":"PropertyValueSpecification","valueRequired":true,"valueName":"search_term_string"}}],"inLanguage":"pt-BR"}]}},"jetpack_featured_media_url":"","_links":{"self":[{"href":"https:\/\/www.blogsoestado.com\/danielmatos\/wp-json\/wp\/v2\/posts\/61009","targetHints":{"allow":["GET"]}}],"collection":[{"href":"https:\/\/www.blogsoestado.com\/danielmatos\/wp-json\/wp\/v2\/posts"}],"about":[{"href":"https:\/\/www.blogsoestado.com\/danielmatos\/wp-json\/wp\/v2\/types\/post"}],"replies":[{"embeddable":true,"href":"https:\/\/www.blogsoestado.com\/danielmatos\/wp-json\/wp\/v2\/comments?post=61009"}],"version-history":[{"count":0,"href":"https:\/\/www.blogsoestado.com\/danielmatos\/wp-json\/wp\/v2\/posts\/61009\/revisions"}],"wp:attachment":[{"href":"https:\/\/www.blogsoestado.com\/danielmatos\/wp-json\/wp\/v2\/media?parent=61009"}],"wp:term":[{"taxonomy":"category","embeddable":true,"href":"https:\/\/www.blogsoestado.com\/danielmatos\/wp-json\/wp\/v2\/categories?post=61009"},{"taxonomy":"post_tag","embeddable":true,"href":"https:\/\/www.blogsoestado.com\/danielmatos\/wp-json\/wp\/v2\/tags?post=61009"}],"curies":[{"name":"wp","href":"https:\/\/api.w.org\/{rel}","templated":true}]}}