{"id":61020,"date":"2019-03-11T18:39:21","date_gmt":"2019-03-11T21:39:21","guid":{"rendered":"https:\/\/www.blogsoestado.com\/danielmatos\/?p=61020"},"modified":"2019-03-11T18:39:21","modified_gmt":"2019-03-11T21:39:21","slug":"osmar-filho-apresenta-proposta-para-discutir-area-de-preservacao-ambiental","status":"publish","type":"post","link":"https:\/\/www.blogsoestado.com\/danielmatos\/osmar-filho-apresenta-proposta-para-discutir-area-de-preservacao-ambiental\/","title":{"rendered":"Osmar Filho apresenta proposta para discutir \u00e1rea de preserva\u00e7\u00e3o ambiental"},"content":{"rendered":"\n<figure class=\"wp-block-image\"><img decoding=\"async\" src=\"https:\/\/www.blogsoestado.com\/danielmatos\/files\/2019\/03\/osmar-chico-1024x682.jpg\" alt=\"\" class=\"wp-image-61021\"\/><figcaption>Osmar Filho alertou que \u00e9 preciso proteger os recursos naturais para evitar problemas futuros e garantir o uso sustent\u00e1vel do biossistema  <\/figcaption><\/figure>\n\n\n\n<p>Debater a conserva\u00e7\u00e3o sustent\u00e1vel da \u00c1rea de Preserva\u00e7\u00e3o Ambiental do Itapirac\u00f3 (APA) \u00e9 uma proposta do presidente da C\u00e2mara Municipal de S\u00e3o Lu\u00eds, o vereador Osmar Filho (PDT).<\/p>\n\n\n\n<p>De acordo com pedetista, \u00e9 preciso proteger os recursos naturais para evitar problemas futuros e garantir o uso sustent\u00e1vel do biossistema.<\/p>\n\n\n\n<p>\u201cN\u00f3s como seres humanos e organiza\u00e7\u00e3o p\u00fablica temos a miss\u00e3o de debater a utiliza\u00e7\u00e3o racional dos nossos espa\u00e7os naturais. O objetivo da audi\u00eancia \u00e9 classificar propostas concretas de a\u00e7\u00f5es que visem a prote\u00e7\u00e3o em especial das nossas nascentes\u201d, pontuou o vereador.<\/p>\n\n\n\n<p>A implanta\u00e7\u00e3o da proposta \u00e9 fruto de colabora\u00e7\u00e3o conjunta. Os representantes da executiva do F\u00f3rum da APA Itapirac\u00f3 (FAI) reuniram-se, no dia 13 de fevereiro, com o presidente da C\u00e2mara Municipal para firmar parceria na instala\u00e7\u00e3o do painel de debate sobre a import\u00e2ncia da discuss\u00e3o da \u00e1rea. A data para a audi\u00eancia ainda ser\u00e1 definida.<\/p>\n\n\n\n<p>Segundo Reginaldo Bordalo, secret\u00e1rio da FAI, a defesa do meio ambiente \u00e9 de suma import\u00e2ncia para transformar o cen\u00e1rio de pol\u00edticas ambientais da capital.<\/p>\n\n\n\n<p><strong>Sobre a APA<\/strong><\/p>\n\n\n\n<p>A APA do Itapirac\u00f3 compreende as regi\u00f5es metropolitanas de S\u00e3o Lu\u00eds e S\u00e3o Jos\u00e9 de Ribamar. A titularidade de \u00e1rea ambiental \u00e9 reconhecida por reunir variedade de fauna, flora e nascentes de rio, compreendendo a conserva\u00e7\u00e3o de cerca de 200 esp\u00e9cies do ecossistema maranhense.<\/p>\n","protected":false},"excerpt":{"rendered":"<p>Debater a conserva\u00e7\u00e3o sustent\u00e1vel da \u00c1rea de Preserva\u00e7\u00e3o Ambiental do Itapirac\u00f3 (APA) \u00e9 uma proposta do presidente da C\u00e2mara Municipal [&hellip;]<\/p>\n","protected":false},"author":0,"featured_media":0,"comment_status":"open","ping_status":"open","sticky":false,"template":"","format":"standard","meta":{"site-sidebar-layout":"default","site-content-layout":"","ast-site-content-layout":"default","site-content-style":"default","site-sidebar-style":"default","ast-global-header-display":"","ast-banner-title-visibility":"","ast-main-header-display":"","ast-hfb-above-header-display":"","ast-hfb-below-header-display":"","ast-hfb-mobile-header-display":"","site-post-title":"","ast-breadcrumbs-content":"","ast-featured-img":"","footer-sml-layout":"","ast-disable-related-posts":"","theme-transparent-header-meta":"","adv-header-id-meta":"","stick-header-meta":"","header-above-stick-meta":"","header-main-stick-meta":"","header-below-stick-meta":"","astra-migrate-meta-layouts":"default","ast-page-background-enabled":"default","ast-page-background-meta":{"desktop":{"background-color":"var(--ast-global-color-5)","background-image":"","background-repeat":"repeat","background-position":"center center","background-size":"auto","background-attachment":"scroll","background-type":"","background-media":"","overlay-type":"","overlay-color":"","overlay-opacity":"","overlay-gradient":""},"tablet":{"background-color":"","background-image":"","background-repeat":"repeat","background-position":"center center","background-size":"auto","background-attachment":"scroll","background-type":"","background-media":"","overlay-type":"","overlay-color":"","overlay-opacity":"","overlay-gradient":""},"mobile":{"background-color":"","background-image":"","background-repeat":"repeat","background-position":"center center","background-size":"auto","background-attachment":"scroll","background-type":"","background-media":"","overlay-type":"","overlay-color":"","overlay-opacity":"","overlay-gradient":""}},"ast-content-background-meta":{"desktop":{"background-color":"var(--ast-global-color-4)","background-image":"","background-repeat":"repeat","background-position":"center center","background-size":"auto","background-attachment":"scroll","background-type":"","background-media":"","overlay-type":"","overlay-color":"","overlay-opacity":"","overlay-gradient":""},"tablet":{"background-color":"var(--ast-global-color-4)","background-image":"","background-repeat":"repeat","background-position":"center center","background-size":"auto","background-attachment":"scroll","background-type":"","background-media":"","overlay-type":"","overlay-color":"","overlay-opacity":"","overlay-gradient":""},"mobile":{"background-color":"var(--ast-global-color-4)","background-image":"","background-repeat":"repeat","background-position":"center center","background-size":"auto","background-attachment":"scroll","background-type":"","background-media":"","overlay-type":"","overlay-color":"","overlay-opacity":"","overlay-gradient":""}},"footnotes":""},"categories":[1],"tags":[],"class_list":["post-61020","post","type-post","status-publish","format-standard","hentry","category-sem-categoria"],"yoast_head":"<!-- This site is optimized with the Yoast SEO plugin v26.6 - https:\/\/yoast.com\/wordpress\/plugins\/seo\/ -->\n<title>Osmar Filho apresenta proposta para discutir \u00e1rea de preserva\u00e7\u00e3o ambiental - Daniel Matos<\/title>\n<meta name=\"robots\" content=\"index, follow, max-snippet:-1, max-image-preview:large, max-video-preview:-1\" \/>\n<link rel=\"canonical\" href=\"https:\/\/www.blogsoestado.com\/danielmatos\/osmar-filho-apresenta-proposta-para-discutir-area-de-preservacao-ambiental\/\" \/>\n<meta property=\"og:locale\" content=\"pt_BR\" \/>\n<meta property=\"og:type\" content=\"article\" \/>\n<meta property=\"og:title\" content=\"Osmar Filho apresenta proposta para discutir \u00e1rea de preserva\u00e7\u00e3o ambiental - Daniel Matos\" \/>\n<meta property=\"og:description\" content=\"Debater a conserva\u00e7\u00e3o sustent\u00e1vel da \u00c1rea de Preserva\u00e7\u00e3o Ambiental do Itapirac\u00f3 (APA) \u00e9 uma proposta do presidente da C\u00e2mara Municipal [&hellip;]\" \/>\n<meta property=\"og:url\" content=\"https:\/\/www.blogsoestado.com\/danielmatos\/osmar-filho-apresenta-proposta-para-discutir-area-de-preservacao-ambiental\/\" \/>\n<meta property=\"og:site_name\" content=\"Daniel Matos\" \/>\n<meta property=\"article:published_time\" content=\"2019-03-11T21:39:21+00:00\" \/>\n<meta property=\"og:image\" content=\"https:\/\/www.blogsoestado.com\/danielmatos\/files\/2019\/03\/osmar-chico-1024x682.jpg\" \/>\n<meta name=\"twitter:card\" content=\"summary_large_image\" \/>\n<meta name=\"twitter:label1\" content=\"Est. tempo de leitura\" \/>\n\t<meta name=\"twitter:data1\" content=\"1 minuto\" \/>\n<script type=\"application\/ld+json\" class=\"yoast-schema-graph\">{\"@context\":\"https:\/\/schema.org\",\"@graph\":[{\"@type\":\"WebPage\",\"@id\":\"https:\/\/www.blogsoestado.com\/danielmatos\/osmar-filho-apresenta-proposta-para-discutir-area-de-preservacao-ambiental\/\",\"url\":\"https:\/\/www.blogsoestado.com\/danielmatos\/osmar-filho-apresenta-proposta-para-discutir-area-de-preservacao-ambiental\/\",\"name\":\"Osmar Filho apresenta proposta para discutir \u00e1rea de preserva\u00e7\u00e3o ambiental - Daniel Matos\",\"isPartOf\":{\"@id\":\"https:\/\/www.blogsoestado.com\/danielmatos\/#website\"},\"primaryImageOfPage\":{\"@id\":\"https:\/\/www.blogsoestado.com\/danielmatos\/osmar-filho-apresenta-proposta-para-discutir-area-de-preservacao-ambiental\/#primaryimage\"},\"image\":{\"@id\":\"https:\/\/www.blogsoestado.com\/danielmatos\/osmar-filho-apresenta-proposta-para-discutir-area-de-preservacao-ambiental\/#primaryimage\"},\"thumbnailUrl\":\"https:\/\/www.blogsoestado.com\/danielmatos\/files\/2019\/03\/osmar-chico-1024x682.jpg\",\"datePublished\":\"2019-03-11T21:39:21+00:00\",\"author\":{\"@id\":\"\"},\"breadcrumb\":{\"@id\":\"https:\/\/www.blogsoestado.com\/danielmatos\/osmar-filho-apresenta-proposta-para-discutir-area-de-preservacao-ambiental\/#breadcrumb\"},\"inLanguage\":\"pt-BR\",\"potentialAction\":[{\"@type\":\"ReadAction\",\"target\":[\"https:\/\/www.blogsoestado.com\/danielmatos\/osmar-filho-apresenta-proposta-para-discutir-area-de-preservacao-ambiental\/\"]}]},{\"@type\":\"ImageObject\",\"inLanguage\":\"pt-BR\",\"@id\":\"https:\/\/www.blogsoestado.com\/danielmatos\/osmar-filho-apresenta-proposta-para-discutir-area-de-preservacao-ambiental\/#primaryimage\",\"url\":\"https:\/\/www.blogsoestado.com\/danielmatos\/files\/2019\/03\/osmar-chico-1024x682.jpg\",\"contentUrl\":\"https:\/\/www.blogsoestado.com\/danielmatos\/files\/2019\/03\/osmar-chico-1024x682.jpg\"},{\"@type\":\"BreadcrumbList\",\"@id\":\"https:\/\/www.blogsoestado.com\/danielmatos\/osmar-filho-apresenta-proposta-para-discutir-area-de-preservacao-ambiental\/#breadcrumb\",\"itemListElement\":[{\"@type\":\"ListItem\",\"position\":1,\"name\":\"In\u00edcio\",\"item\":\"https:\/\/www.blogsoestado.com\/danielmatos\/\"},{\"@type\":\"ListItem\",\"position\":2,\"name\":\"Osmar Filho apresenta proposta para discutir \u00e1rea de preserva\u00e7\u00e3o ambiental\"}]},{\"@type\":\"WebSite\",\"@id\":\"https:\/\/www.blogsoestado.com\/danielmatos\/#website\",\"url\":\"https:\/\/www.blogsoestado.com\/danielmatos\/\",\"name\":\"Daniel Matos\",\"description\":\"\",\"potentialAction\":[{\"@type\":\"SearchAction\",\"target\":{\"@type\":\"EntryPoint\",\"urlTemplate\":\"https:\/\/www.blogsoestado.com\/danielmatos\/?s={search_term_string}\"},\"query-input\":{\"@type\":\"PropertyValueSpecification\",\"valueRequired\":true,\"valueName\":\"search_term_string\"}}],\"inLanguage\":\"pt-BR\"}]}<\/script>\n<!-- \/ Yoast SEO plugin. -->","yoast_head_json":{"title":"Osmar Filho apresenta proposta para discutir \u00e1rea de preserva\u00e7\u00e3o ambiental - Daniel Matos","robots":{"index":"index","follow":"follow","max-snippet":"max-snippet:-1","max-image-preview":"max-image-preview:large","max-video-preview":"max-video-preview:-1"},"canonical":"https:\/\/www.blogsoestado.com\/danielmatos\/osmar-filho-apresenta-proposta-para-discutir-area-de-preservacao-ambiental\/","og_locale":"pt_BR","og_type":"article","og_title":"Osmar Filho apresenta proposta para discutir \u00e1rea de preserva\u00e7\u00e3o ambiental - Daniel Matos","og_description":"Debater a conserva\u00e7\u00e3o sustent\u00e1vel da \u00c1rea de Preserva\u00e7\u00e3o Ambiental do Itapirac\u00f3 (APA) \u00e9 uma proposta do presidente da C\u00e2mara Municipal [&hellip;]","og_url":"https:\/\/www.blogsoestado.com\/danielmatos\/osmar-filho-apresenta-proposta-para-discutir-area-de-preservacao-ambiental\/","og_site_name":"Daniel Matos","article_published_time":"2019-03-11T21:39:21+00:00","og_image":[{"url":"https:\/\/www.blogsoestado.com\/danielmatos\/files\/2019\/03\/osmar-chico-1024x682.jpg","type":"","width":"","height":""}],"twitter_card":"summary_large_image","twitter_misc":{"Est. tempo de leitura":"1 minuto"},"schema":{"@context":"https:\/\/schema.org","@graph":[{"@type":"WebPage","@id":"https:\/\/www.blogsoestado.com\/danielmatos\/osmar-filho-apresenta-proposta-para-discutir-area-de-preservacao-ambiental\/","url":"https:\/\/www.blogsoestado.com\/danielmatos\/osmar-filho-apresenta-proposta-para-discutir-area-de-preservacao-ambiental\/","name":"Osmar Filho apresenta proposta para discutir \u00e1rea de preserva\u00e7\u00e3o ambiental - Daniel Matos","isPartOf":{"@id":"https:\/\/www.blogsoestado.com\/danielmatos\/#website"},"primaryImageOfPage":{"@id":"https:\/\/www.blogsoestado.com\/danielmatos\/osmar-filho-apresenta-proposta-para-discutir-area-de-preservacao-ambiental\/#primaryimage"},"image":{"@id":"https:\/\/www.blogsoestado.com\/danielmatos\/osmar-filho-apresenta-proposta-para-discutir-area-de-preservacao-ambiental\/#primaryimage"},"thumbnailUrl":"https:\/\/www.blogsoestado.com\/danielmatos\/files\/2019\/03\/osmar-chico-1024x682.jpg","datePublished":"2019-03-11T21:39:21+00:00","author":{"@id":""},"breadcrumb":{"@id":"https:\/\/www.blogsoestado.com\/danielmatos\/osmar-filho-apresenta-proposta-para-discutir-area-de-preservacao-ambiental\/#breadcrumb"},"inLanguage":"pt-BR","potentialAction":[{"@type":"ReadAction","target":["https:\/\/www.blogsoestado.com\/danielmatos\/osmar-filho-apresenta-proposta-para-discutir-area-de-preservacao-ambiental\/"]}]},{"@type":"ImageObject","inLanguage":"pt-BR","@id":"https:\/\/www.blogsoestado.com\/danielmatos\/osmar-filho-apresenta-proposta-para-discutir-area-de-preservacao-ambiental\/#primaryimage","url":"https:\/\/www.blogsoestado.com\/danielmatos\/files\/2019\/03\/osmar-chico-1024x682.jpg","contentUrl":"https:\/\/www.blogsoestado.com\/danielmatos\/files\/2019\/03\/osmar-chico-1024x682.jpg"},{"@type":"BreadcrumbList","@id":"https:\/\/www.blogsoestado.com\/danielmatos\/osmar-filho-apresenta-proposta-para-discutir-area-de-preservacao-ambiental\/#breadcrumb","itemListElement":[{"@type":"ListItem","position":1,"name":"In\u00edcio","item":"https:\/\/www.blogsoestado.com\/danielmatos\/"},{"@type":"ListItem","position":2,"name":"Osmar Filho apresenta proposta para discutir \u00e1rea de preserva\u00e7\u00e3o ambiental"}]},{"@type":"WebSite","@id":"https:\/\/www.blogsoestado.com\/danielmatos\/#website","url":"https:\/\/www.blogsoestado.com\/danielmatos\/","name":"Daniel Matos","description":"","potentialAction":[{"@type":"SearchAction","target":{"@type":"EntryPoint","urlTemplate":"https:\/\/www.blogsoestado.com\/danielmatos\/?s={search_term_string}"},"query-input":{"@type":"PropertyValueSpecification","valueRequired":true,"valueName":"search_term_string"}}],"inLanguage":"pt-BR"}]}},"jetpack_featured_media_url":"","_links":{"self":[{"href":"https:\/\/www.blogsoestado.com\/danielmatos\/wp-json\/wp\/v2\/posts\/61020","targetHints":{"allow":["GET"]}}],"collection":[{"href":"https:\/\/www.blogsoestado.com\/danielmatos\/wp-json\/wp\/v2\/posts"}],"about":[{"href":"https:\/\/www.blogsoestado.com\/danielmatos\/wp-json\/wp\/v2\/types\/post"}],"replies":[{"embeddable":true,"href":"https:\/\/www.blogsoestado.com\/danielmatos\/wp-json\/wp\/v2\/comments?post=61020"}],"version-history":[{"count":0,"href":"https:\/\/www.blogsoestado.com\/danielmatos\/wp-json\/wp\/v2\/posts\/61020\/revisions"}],"wp:attachment":[{"href":"https:\/\/www.blogsoestado.com\/danielmatos\/wp-json\/wp\/v2\/media?parent=61020"}],"wp:term":[{"taxonomy":"category","embeddable":true,"href":"https:\/\/www.blogsoestado.com\/danielmatos\/wp-json\/wp\/v2\/categories?post=61020"},{"taxonomy":"post_tag","embeddable":true,"href":"https:\/\/www.blogsoestado.com\/danielmatos\/wp-json\/wp\/v2\/tags?post=61020"}],"curies":[{"name":"wp","href":"https:\/\/api.w.org\/{rel}","templated":true}]}}