{"id":61023,"date":"2019-03-11T23:27:18","date_gmt":"2019-03-12T02:27:18","guid":{"rendered":"https:\/\/www.blogsoestado.com\/danielmatos\/?p=61023"},"modified":"2019-03-11T23:27:18","modified_gmt":"2019-03-12T02:27:18","slug":"vereador-marquinhos-entrega-titulo-de-cidadao-ludovicense-ao-presidente-da-famem-e-ao-secretario-da-sinfra","status":"publish","type":"post","link":"https:\/\/www.blogsoestado.com\/danielmatos\/vereador-marquinhos-entrega-titulo-de-cidadao-ludovicense-ao-presidente-da-famem-e-ao-secretario-da-sinfra\/","title":{"rendered":"Vereador Marquinhos entrega T\u00edtulo de Cidad\u00e3o Ludovicense ao presidente da Famem e ao secret\u00e1rio da Sinfra"},"content":{"rendered":"\n<figure class=\"wp-block-image\"><img decoding=\"async\" src=\"https:\/\/www.blogsoestado.com\/danielmatos\/files\/2019\/03\/10-1024x682.jpg\" alt=\"\" class=\"wp-image-61024\"\/><figcaption>Vereador Marquinhos ao lado do presidente da C\u00e2mara, Osmar Filho, e dos dois homenageados<\/figcaption><\/figure>\n\n\n\n<p>Em sess\u00e3o solene realizada na C\u00e2mara Municipal de S\u00e3o Lu\u00eds nesta segunda-feira (11), o presidente da Federa\u00e7\u00e3o dos Munic\u00edpios do Estado do Maranh\u00e3o (Famem), prefeito Erlanio Luna Xavier (Igarap\u00e9 Grande), e o secret\u00e1rio estadual de Infraestrutura, Clayton Noleto Silva, receberam o T\u00edtulo de Cidad\u00e3o de S\u00e3o Lu\u00eds.<\/p>\n\n\n\n<p>A honraria foi proposta pelo vereador Marquinhos (DEM) e aprovada, de forma un\u00e2nime, pelo plen\u00e1rio da Casa.<\/p>\n\n\n\n<p>A cerim\u00f4nia foi comandada pelo presidente da C\u00e2mara, Osmar Filho (PDT), e contou com as participa\u00e7\u00f5es de deputados federais, deputados estaduais, al\u00e9m de representantes do governo do estado e da prefeitura da capital. Tamb\u00e9m estiveram presentes, al\u00e9m do autor da proposi\u00e7\u00e3o, os vereadores Ricardo Diniz (PRTB), Pav\u00e3o Filho (PDT), Genival Alves (PRTB), Jo\u00e3ozinho Freitas (PTB) e F\u00e1tima Ara\u00fajo (PC do B).<\/p>\n\n\n\n<p>Marquinhos frisou que os homenageados s\u00e3o merecedores da homenagem por possu\u00edrem relevantes servi\u00e7os prestados \u00e0 S\u00e3o Lu\u00eds.&nbsp;<\/p>\n\n\n\n<p>\u201cErlanio, este t\u00edtulo \u00e9 uma homenagem pelo que voc\u00ea fez por S\u00e3o Lu\u00eds e nossos mun\u00edcipes, nas gest\u00f5es dos prefeitos Jackson Lago, Tadeu Pal\u00e1cio e Edivaldo Holanda, das quais voc\u00ea participou. Clayton, voc\u00ea nos surpreendeu pelo carinho e o empenho que vem tratando S\u00e3o Lu\u00eds, \u00e0 frente das obras determinadas pelo governador Fl\u00e1vio Dino. Este \u00e9 um gesto que n\u00f3s, vereadores, podemos fazer pelas pessoas que muito se empenham por S\u00e3o Lu\u00eds\u201d, afirmou.<\/p>\n\n\n\n<p>Osmar Filho parabenizou os agraciados e disse que capital maranhense agradece por seus feitos.<\/p>\n\n\n\n<p>Erlanio Xavier afirmou que recebia o t\u00edtulo com extrema gratid\u00e3o; lembrou que mora em S\u00e3o Lu\u00eds h\u00e1 15 anos e em seu territ\u00f3rio, quando morrer, deseja ser enterrado. Ele ressaltou que os vereadores Pav\u00e3o Filho e Ivaldo Rodrigues s\u00e3o testemunhas de seu empenho por S\u00e3o Lu\u00eds, sobretudo na gest\u00e3o do ex-prefeito Jackson Lago.<\/p>\n\n\n\n<figure class=\"wp-block-image\"><img decoding=\"async\" src=\"https:\/\/www.blogsoestado.com\/danielmatos\/files\/2019\/03\/IMG-20190311-WA0124-1.jpg\" alt=\"\" class=\"wp-image-61025\"\/><figcaption>Marquinhos entrega o T\u00edtulo de Cidad\u00e3o de S\u00e3o Lu\u00eds ao secret\u00e1rio Clayton Noleto<\/figcaption><\/figure>\n\n\n\n<p>J\u00e1 Clayton Noleto, agradeceu a distin\u00e7\u00e3o da C\u00e2mara e aos presentes disse que saiu de Imperatriz, do bairro Bacuri, onde morava, para, \u00e0 frente da Secretaria de Infraestrutura, na capital, auxiliar o governador Fl\u00e1vio Dino a realizar obras em todo o Maranh\u00e3o e, sobretudo, em S\u00e3o Lu\u00eds e Imperatriz, que disputam as aten\u00e7\u00f5es do governo. \u201cE esta disputa me fez alcan\u00e7ar este momento, aqui na C\u00e2mara\u201d, resumiu.<\/p>\n\n\n\n<p>Al\u00e9m dos familiares e amigos dos homenageados, estiveram presentes os deputados federais M\u00e1rcio Jerry (PCdoB), Rubens Pereira J\u00fanior (PCdoB), &#8212; atual secret\u00e1rio de Estado das Cidades &#8212; e Juscelino Filho (DEM); os deputados licenciados e secret\u00e1rios de estado, M\u00e1rcio Honaiser (PDT) e Ana do G\u00e1s (PC do B); os deputados estaduais Rildo Amaral (SD) e Ciro Neto (PP); al\u00e9m do senador Weverton Rocha (PDT).<\/p>\n","protected":false},"excerpt":{"rendered":"<p>Em sess\u00e3o solene realizada na C\u00e2mara Municipal de S\u00e3o Lu\u00eds nesta segunda-feira (11), o presidente da Federa\u00e7\u00e3o dos Munic\u00edpios do [&hellip;]<\/p>\n","protected":false},"author":0,"featured_media":0,"comment_status":"open","ping_status":"open","sticky":false,"template":"","format":"standard","meta":{"site-sidebar-layout":"default","site-content-layout":"","ast-site-content-layout":"default","site-content-style":"default","site-sidebar-style":"default","ast-global-header-display":"","ast-banner-title-visibility":"","ast-main-header-display":"","ast-hfb-above-header-display":"","ast-hfb-below-header-display":"","ast-hfb-mobile-header-display":"","site-post-title":"","ast-breadcrumbs-content":"","ast-featured-img":"","footer-sml-layout":"","ast-disable-related-posts":"","theme-transparent-header-meta":"","adv-header-id-meta":"","stick-header-meta":"","header-above-stick-meta":"","header-main-stick-meta":"","header-below-stick-meta":"","astra-migrate-meta-layouts":"default","ast-page-background-enabled":"default","ast-page-background-meta":{"desktop":{"background-color":"var(--ast-global-color-5)","background-image":"","background-repeat":"repeat","background-position":"center center","background-size":"auto","background-attachment":"scroll","background-type":"","background-media":"","overlay-type":"","overlay-color":"","overlay-opacity":"","overlay-gradient":""},"tablet":{"background-color":"","background-image":"","background-repeat":"repeat","background-position":"center center","background-size":"auto","background-attachment":"scroll","background-type":"","background-media":"","overlay-type":"","overlay-color":"","overlay-opacity":"","overlay-gradient":""},"mobile":{"background-color":"","background-image":"","background-repeat":"repeat","background-position":"center center","background-size":"auto","background-attachment":"scroll","background-type":"","background-media":"","overlay-type":"","overlay-color":"","overlay-opacity":"","overlay-gradient":""}},"ast-content-background-meta":{"desktop":{"background-color":"var(--ast-global-color-4)","background-image":"","background-repeat":"repeat","background-position":"center center","background-size":"auto","background-attachment":"scroll","background-type":"","background-media":"","overlay-type":"","overlay-color":"","overlay-opacity":"","overlay-gradient":""},"tablet":{"background-color":"var(--ast-global-color-4)","background-image":"","background-repeat":"repeat","background-position":"center center","background-size":"auto","background-attachment":"scroll","background-type":"","background-media":"","overlay-type":"","overlay-color":"","overlay-opacity":"","overlay-gradient":""},"mobile":{"background-color":"var(--ast-global-color-4)","background-image":"","background-repeat":"repeat","background-position":"center center","background-size":"auto","background-attachment":"scroll","background-type":"","background-media":"","overlay-type":"","overlay-color":"","overlay-opacity":"","overlay-gradient":""}},"footnotes":""},"categories":[1],"tags":[],"class_list":["post-61023","post","type-post","status-publish","format-standard","hentry","category-sem-categoria"],"yoast_head":"<!-- This site is optimized with the Yoast SEO plugin v26.6 - https:\/\/yoast.com\/wordpress\/plugins\/seo\/ -->\n<title>Vereador Marquinhos entrega T\u00edtulo de Cidad\u00e3o Ludovicense ao presidente da Famem e ao secret\u00e1rio da Sinfra - Daniel Matos<\/title>\n<meta name=\"robots\" content=\"index, follow, max-snippet:-1, max-image-preview:large, max-video-preview:-1\" \/>\n<link rel=\"canonical\" href=\"https:\/\/www.blogsoestado.com\/danielmatos\/vereador-marquinhos-entrega-titulo-de-cidadao-ludovicense-ao-presidente-da-famem-e-ao-secretario-da-sinfra\/\" \/>\n<meta property=\"og:locale\" content=\"pt_BR\" \/>\n<meta property=\"og:type\" content=\"article\" \/>\n<meta property=\"og:title\" content=\"Vereador Marquinhos entrega T\u00edtulo de Cidad\u00e3o Ludovicense ao presidente da Famem e ao secret\u00e1rio da Sinfra - Daniel Matos\" \/>\n<meta property=\"og:description\" content=\"Em sess\u00e3o solene realizada na C\u00e2mara Municipal de S\u00e3o Lu\u00eds nesta segunda-feira (11), o presidente da Federa\u00e7\u00e3o dos Munic\u00edpios do [&hellip;]\" \/>\n<meta property=\"og:url\" content=\"https:\/\/www.blogsoestado.com\/danielmatos\/vereador-marquinhos-entrega-titulo-de-cidadao-ludovicense-ao-presidente-da-famem-e-ao-secretario-da-sinfra\/\" \/>\n<meta property=\"og:site_name\" content=\"Daniel Matos\" \/>\n<meta property=\"article:published_time\" content=\"2019-03-12T02:27:18+00:00\" \/>\n<meta property=\"og:image\" content=\"https:\/\/www.blogsoestado.com\/danielmatos\/files\/2019\/03\/10-1024x682.jpg\" \/>\n<meta name=\"twitter:card\" content=\"summary_large_image\" \/>\n<meta name=\"twitter:label1\" content=\"Est. tempo de leitura\" \/>\n\t<meta name=\"twitter:data1\" content=\"3 minutos\" \/>\n<script type=\"application\/ld+json\" class=\"yoast-schema-graph\">{\"@context\":\"https:\/\/schema.org\",\"@graph\":[{\"@type\":\"WebPage\",\"@id\":\"https:\/\/www.blogsoestado.com\/danielmatos\/vereador-marquinhos-entrega-titulo-de-cidadao-ludovicense-ao-presidente-da-famem-e-ao-secretario-da-sinfra\/\",\"url\":\"https:\/\/www.blogsoestado.com\/danielmatos\/vereador-marquinhos-entrega-titulo-de-cidadao-ludovicense-ao-presidente-da-famem-e-ao-secretario-da-sinfra\/\",\"name\":\"Vereador Marquinhos entrega T\u00edtulo de Cidad\u00e3o Ludovicense ao presidente da Famem e ao secret\u00e1rio da Sinfra - Daniel Matos\",\"isPartOf\":{\"@id\":\"https:\/\/www.blogsoestado.com\/danielmatos\/#website\"},\"primaryImageOfPage\":{\"@id\":\"https:\/\/www.blogsoestado.com\/danielmatos\/vereador-marquinhos-entrega-titulo-de-cidadao-ludovicense-ao-presidente-da-famem-e-ao-secretario-da-sinfra\/#primaryimage\"},\"image\":{\"@id\":\"https:\/\/www.blogsoestado.com\/danielmatos\/vereador-marquinhos-entrega-titulo-de-cidadao-ludovicense-ao-presidente-da-famem-e-ao-secretario-da-sinfra\/#primaryimage\"},\"thumbnailUrl\":\"https:\/\/www.blogsoestado.com\/danielmatos\/files\/2019\/03\/10-1024x682.jpg\",\"datePublished\":\"2019-03-12T02:27:18+00:00\",\"author\":{\"@id\":\"\"},\"breadcrumb\":{\"@id\":\"https:\/\/www.blogsoestado.com\/danielmatos\/vereador-marquinhos-entrega-titulo-de-cidadao-ludovicense-ao-presidente-da-famem-e-ao-secretario-da-sinfra\/#breadcrumb\"},\"inLanguage\":\"pt-BR\",\"potentialAction\":[{\"@type\":\"ReadAction\",\"target\":[\"https:\/\/www.blogsoestado.com\/danielmatos\/vereador-marquinhos-entrega-titulo-de-cidadao-ludovicense-ao-presidente-da-famem-e-ao-secretario-da-sinfra\/\"]}]},{\"@type\":\"ImageObject\",\"inLanguage\":\"pt-BR\",\"@id\":\"https:\/\/www.blogsoestado.com\/danielmatos\/vereador-marquinhos-entrega-titulo-de-cidadao-ludovicense-ao-presidente-da-famem-e-ao-secretario-da-sinfra\/#primaryimage\",\"url\":\"https:\/\/www.blogsoestado.com\/danielmatos\/files\/2019\/03\/10-1024x682.jpg\",\"contentUrl\":\"https:\/\/www.blogsoestado.com\/danielmatos\/files\/2019\/03\/10-1024x682.jpg\"},{\"@type\":\"BreadcrumbList\",\"@id\":\"https:\/\/www.blogsoestado.com\/danielmatos\/vereador-marquinhos-entrega-titulo-de-cidadao-ludovicense-ao-presidente-da-famem-e-ao-secretario-da-sinfra\/#breadcrumb\",\"itemListElement\":[{\"@type\":\"ListItem\",\"position\":1,\"name\":\"In\u00edcio\",\"item\":\"https:\/\/www.blogsoestado.com\/danielmatos\/\"},{\"@type\":\"ListItem\",\"position\":2,\"name\":\"Vereador Marquinhos entrega T\u00edtulo de Cidad\u00e3o Ludovicense ao presidente da Famem e ao secret\u00e1rio da Sinfra\"}]},{\"@type\":\"WebSite\",\"@id\":\"https:\/\/www.blogsoestado.com\/danielmatos\/#website\",\"url\":\"https:\/\/www.blogsoestado.com\/danielmatos\/\",\"name\":\"Daniel Matos\",\"description\":\"\",\"potentialAction\":[{\"@type\":\"SearchAction\",\"target\":{\"@type\":\"EntryPoint\",\"urlTemplate\":\"https:\/\/www.blogsoestado.com\/danielmatos\/?s={search_term_string}\"},\"query-input\":{\"@type\":\"PropertyValueSpecification\",\"valueRequired\":true,\"valueName\":\"search_term_string\"}}],\"inLanguage\":\"pt-BR\"}]}<\/script>\n<!-- \/ Yoast SEO plugin. -->","yoast_head_json":{"title":"Vereador Marquinhos entrega T\u00edtulo de Cidad\u00e3o Ludovicense ao presidente da Famem e ao secret\u00e1rio da Sinfra - Daniel Matos","robots":{"index":"index","follow":"follow","max-snippet":"max-snippet:-1","max-image-preview":"max-image-preview:large","max-video-preview":"max-video-preview:-1"},"canonical":"https:\/\/www.blogsoestado.com\/danielmatos\/vereador-marquinhos-entrega-titulo-de-cidadao-ludovicense-ao-presidente-da-famem-e-ao-secretario-da-sinfra\/","og_locale":"pt_BR","og_type":"article","og_title":"Vereador Marquinhos entrega T\u00edtulo de Cidad\u00e3o Ludovicense ao presidente da Famem e ao secret\u00e1rio da Sinfra - Daniel Matos","og_description":"Em sess\u00e3o solene realizada na C\u00e2mara Municipal de S\u00e3o Lu\u00eds nesta segunda-feira (11), o presidente da Federa\u00e7\u00e3o dos Munic\u00edpios do [&hellip;]","og_url":"https:\/\/www.blogsoestado.com\/danielmatos\/vereador-marquinhos-entrega-titulo-de-cidadao-ludovicense-ao-presidente-da-famem-e-ao-secretario-da-sinfra\/","og_site_name":"Daniel Matos","article_published_time":"2019-03-12T02:27:18+00:00","og_image":[{"url":"https:\/\/www.blogsoestado.com\/danielmatos\/files\/2019\/03\/10-1024x682.jpg","type":"","width":"","height":""}],"twitter_card":"summary_large_image","twitter_misc":{"Est. tempo de leitura":"3 minutos"},"schema":{"@context":"https:\/\/schema.org","@graph":[{"@type":"WebPage","@id":"https:\/\/www.blogsoestado.com\/danielmatos\/vereador-marquinhos-entrega-titulo-de-cidadao-ludovicense-ao-presidente-da-famem-e-ao-secretario-da-sinfra\/","url":"https:\/\/www.blogsoestado.com\/danielmatos\/vereador-marquinhos-entrega-titulo-de-cidadao-ludovicense-ao-presidente-da-famem-e-ao-secretario-da-sinfra\/","name":"Vereador Marquinhos entrega T\u00edtulo de Cidad\u00e3o Ludovicense ao presidente da Famem e ao secret\u00e1rio da Sinfra - Daniel Matos","isPartOf":{"@id":"https:\/\/www.blogsoestado.com\/danielmatos\/#website"},"primaryImageOfPage":{"@id":"https:\/\/www.blogsoestado.com\/danielmatos\/vereador-marquinhos-entrega-titulo-de-cidadao-ludovicense-ao-presidente-da-famem-e-ao-secretario-da-sinfra\/#primaryimage"},"image":{"@id":"https:\/\/www.blogsoestado.com\/danielmatos\/vereador-marquinhos-entrega-titulo-de-cidadao-ludovicense-ao-presidente-da-famem-e-ao-secretario-da-sinfra\/#primaryimage"},"thumbnailUrl":"https:\/\/www.blogsoestado.com\/danielmatos\/files\/2019\/03\/10-1024x682.jpg","datePublished":"2019-03-12T02:27:18+00:00","author":{"@id":""},"breadcrumb":{"@id":"https:\/\/www.blogsoestado.com\/danielmatos\/vereador-marquinhos-entrega-titulo-de-cidadao-ludovicense-ao-presidente-da-famem-e-ao-secretario-da-sinfra\/#breadcrumb"},"inLanguage":"pt-BR","potentialAction":[{"@type":"ReadAction","target":["https:\/\/www.blogsoestado.com\/danielmatos\/vereador-marquinhos-entrega-titulo-de-cidadao-ludovicense-ao-presidente-da-famem-e-ao-secretario-da-sinfra\/"]}]},{"@type":"ImageObject","inLanguage":"pt-BR","@id":"https:\/\/www.blogsoestado.com\/danielmatos\/vereador-marquinhos-entrega-titulo-de-cidadao-ludovicense-ao-presidente-da-famem-e-ao-secretario-da-sinfra\/#primaryimage","url":"https:\/\/www.blogsoestado.com\/danielmatos\/files\/2019\/03\/10-1024x682.jpg","contentUrl":"https:\/\/www.blogsoestado.com\/danielmatos\/files\/2019\/03\/10-1024x682.jpg"},{"@type":"BreadcrumbList","@id":"https:\/\/www.blogsoestado.com\/danielmatos\/vereador-marquinhos-entrega-titulo-de-cidadao-ludovicense-ao-presidente-da-famem-e-ao-secretario-da-sinfra\/#breadcrumb","itemListElement":[{"@type":"ListItem","position":1,"name":"In\u00edcio","item":"https:\/\/www.blogsoestado.com\/danielmatos\/"},{"@type":"ListItem","position":2,"name":"Vereador Marquinhos entrega T\u00edtulo de Cidad\u00e3o Ludovicense ao presidente da Famem e ao secret\u00e1rio da Sinfra"}]},{"@type":"WebSite","@id":"https:\/\/www.blogsoestado.com\/danielmatos\/#website","url":"https:\/\/www.blogsoestado.com\/danielmatos\/","name":"Daniel Matos","description":"","potentialAction":[{"@type":"SearchAction","target":{"@type":"EntryPoint","urlTemplate":"https:\/\/www.blogsoestado.com\/danielmatos\/?s={search_term_string}"},"query-input":{"@type":"PropertyValueSpecification","valueRequired":true,"valueName":"search_term_string"}}],"inLanguage":"pt-BR"}]}},"jetpack_featured_media_url":"","_links":{"self":[{"href":"https:\/\/www.blogsoestado.com\/danielmatos\/wp-json\/wp\/v2\/posts\/61023","targetHints":{"allow":["GET"]}}],"collection":[{"href":"https:\/\/www.blogsoestado.com\/danielmatos\/wp-json\/wp\/v2\/posts"}],"about":[{"href":"https:\/\/www.blogsoestado.com\/danielmatos\/wp-json\/wp\/v2\/types\/post"}],"replies":[{"embeddable":true,"href":"https:\/\/www.blogsoestado.com\/danielmatos\/wp-json\/wp\/v2\/comments?post=61023"}],"version-history":[{"count":0,"href":"https:\/\/www.blogsoestado.com\/danielmatos\/wp-json\/wp\/v2\/posts\/61023\/revisions"}],"wp:attachment":[{"href":"https:\/\/www.blogsoestado.com\/danielmatos\/wp-json\/wp\/v2\/media?parent=61023"}],"wp:term":[{"taxonomy":"category","embeddable":true,"href":"https:\/\/www.blogsoestado.com\/danielmatos\/wp-json\/wp\/v2\/categories?post=61023"},{"taxonomy":"post_tag","embeddable":true,"href":"https:\/\/www.blogsoestado.com\/danielmatos\/wp-json\/wp\/v2\/tags?post=61023"}],"curies":[{"name":"wp","href":"https:\/\/api.w.org\/{rel}","templated":true}]}}