{"id":61027,"date":"2019-03-12T15:35:09","date_gmt":"2019-03-12T18:35:09","guid":{"rendered":"https:\/\/www.blogsoestado.com\/danielmatos\/?p=61027"},"modified":"2019-03-12T15:35:09","modified_gmt":"2019-03-12T18:35:09","slug":"eleicoes-da-ufma-ocorrerao-em-junho-saiba-quem-sao-os-principais-candidatos","status":"publish","type":"post","link":"https:\/\/www.blogsoestado.com\/danielmatos\/eleicoes-da-ufma-ocorrerao-em-junho-saiba-quem-sao-os-principais-candidatos\/","title":{"rendered":"Elei\u00e7\u00f5es da UFMA ocorrer\u00e3o em junho; saiba quem s\u00e3o os principais candidatos"},"content":{"rendered":"\n<figure class=\"wp-block-image\"><img decoding=\"async\" src=\"https:\/\/www.blogsoestado.com\/danielmatos\/files\/2019\/03\/ufma-elege-1024x680.jpg\" alt=\"\" class=\"wp-image-61028\"\/><figcaption>Cidade Universit\u00e1ria, campus da UFMA em S\u00e3o Lu\u00eds, no bairro Bacanga<\/figcaption><\/figure>\n\n\n\n<p>Para al\u00e9m das discuss\u00f5es sobre a indica\u00e7\u00e3o da administra\u00e7\u00e3o universit\u00e1ria pelo governo Bolsonaro, a corrida eleitoral na UFMA segue avan\u00e7ando. O tititi entre os corredores, as indiretas nos eventos, a tens\u00e3o pr\u00e9-elei\u00e7\u00e3o acontece quase como um clich\u00ea, repetindo processos anteriores. Entretanto, h\u00e1 algumas diferen\u00e7as peculiares no processo eleitoral presente. Uma delas \u00e9 que os ares indicam que a atual gestora da institui\u00e7\u00e3o, Professora Doutora Nair Portela, primeira mulher a assumir o cargo, n\u00e3o dever\u00e1 pleite\u00e1-lo novamente. Partindo de uma cis\u00e3o com diversos pr\u00f3-reitores e inclusive o vice-reitor, professor-doutor Fernando Carvalho, boas e m\u00e1s l\u00ednguas comentam que a gest\u00e3o realmente fracassou.<\/p>\n\n\n\n<div class=\"wp-block-image\"><figure class=\"alignright\"><img decoding=\"async\" src=\"https:\/\/www.blogsoestado.com\/danielmatos\/files\/2019\/03\/ufma-elege2.png\" alt=\"\" class=\"wp-image-61029\"\/><figcaption>Professor-doutor Marcos F\u00e1bio \u00e9 um dos nomes na disputa <\/figcaption><\/figure><\/div>\n\n\n\n<p>Outra novidade \u00e9 o &#8220;levante do sul&#8221;, protagonizado por um fort\u00edssimo candidato, do curso de Jornalismo em Imperatriz. O professor-doutor Marcos F\u00e1bio tem sido conclamado por diversos campis do continente como um grito de socorro: &#8220;n\u00f3s existimos, t\u00e1?&#8221;. E n\u00e3o \u00e9 para tanto. O pr\u00f3prio campus de Balsas, com obras iniciadas em 2014, e previs\u00e3o de conclus\u00e3o em 2016, n\u00e3o foi sequer entregue. O candidato a vice-reitor \u00e9 doutor em lingu\u00edstica, p\u00f3s-doutor em comunica\u00e7\u00e3o e ex-diretor do Campus de Imperatriz.<\/p>\n\n\n\n<div class=\"wp-block-image\"><figure class=\"alignleft is-resized\"><img fetchpriority=\"high\" decoding=\"async\" src=\"https:\/\/www.blogsoestado.com\/danielmatos\/files\/2019\/03\/ufma-elege3.jpg\" alt=\"\" class=\"wp-image-61034\" width=\"279\" height=\"209\"\/><figcaption>Professor-Wenner Teixeira tamb\u00e9m disputar\u00e1 a elei\u00e7\u00e3o de reitor da UFMA<\/figcaption><\/figure><\/div>\n\n\n\n<p>Em S\u00e3o Lu\u00eds, como de praxe o Centro de Ci\u00eancias Exatas sempre lan\u00e7a seu (s) candidato (s). A novidade \u00e9 que provavelmente o ex-vice-reitor professor-doutor Ant\u00f4nio Oliveira, ter\u00e1 outros planos para 2019, deixando a vaga para o forte concorrente professor-doutor Wenner Teixeira dos Santos, do Departamento de Engenharia El\u00e9trica da Universidade. Wenner \u00e9 conhecido no meio acad\u00eamico por ser um quadro t\u00e9cnico e gerente de projetos. Sua proposta baseia-se na constru\u00e7\u00e3o de uma universidade sustent\u00e1vel, ideia nova e bem aceita at\u00e9 ent\u00e3o. <\/p>\n\n\n\n<div class=\"wp-block-image\"><figure class=\"alignright is-resized\"><img decoding=\"async\" src=\"https:\/\/www.blogsoestado.com\/danielmatos\/files\/2019\/03\/ufma-elege4.png\" alt=\"\" class=\"wp-image-61035\" width=\"329\" height=\"219\"\/><figcaption> Professor Allan Kardec tamb\u00e9m pode lan\u00e7ar deu nome para aprecia\u00e7\u00e3o da comunidade universit\u00e1ria<\/figcaption><\/figure><\/div>\n\n\n\n<p>O mesmo curso poder\u00e1 lan\u00e7ar tamb\u00e9m o atual pr\u00f3-reitor de Pesquisa, P\u00f3s-gradua\u00e7\u00e3o e Inova\u00e7\u00e3o da UFMA, Professor Allan Kardec. Com vasta experi\u00eancia em gest\u00e3o, tem tido uma \u00f3tima atua\u00e7\u00e3o frente \u00e0 pr\u00f3-reitoria, sendo a aposta para a vice-reitoria, por diversos setores da Universidade. O docente j\u00e1 foi secret\u00e1rio de educa\u00e7\u00e3o, diretor da ANP, e atualmente \u00e9 pr\u00f3-reitor da PPPGI UFMA. Sua forma\u00e7\u00e3o abrange doutorados internacionais em sua \u00e1rea. <\/p>\n\n\n\n<div class=\"wp-block-image\"><figure class=\"alignleft is-resized\"><img decoding=\"async\" src=\"https:\/\/www.blogsoestado.com\/danielmatos\/files\/2019\/03\/ufma-elege5-1024x693.jpg\" alt=\"\" class=\"wp-image-61036\" width=\"335\" height=\"227\"\/><figcaption>O ex-reitor Natalino Salgado articula candidatura para voltar ao cargo <\/figcaption><\/figure><\/div>\n\n\n\n<p>A Apruma parece esquecida no tempo. Para al\u00e9m de sua atua\u00e7\u00e3o revolucion\u00e1ria, anteriormente seus grandes movimentos universit\u00e1rios conclamavam um candidato da associa\u00e7\u00e3o sindical com anteced\u00eancia, no entanto, h\u00e1 dois meses da elei\u00e7\u00e3o, n\u00e3o se houve sequer um barulho socialista.<\/p>\n\n\n\n<p>Para o cargo de reitor, poucos nomes ventilaram discursos, talvez por conta dos ind\u00edcios de candidatura do Professor Doutor Natalino Salgado Filho, do Departamento de Medicina da UFMA. Indel\u00e9vel por natureza, o ex-reitor acompanhou um movimento que percorreu oito campis da institui\u00e7\u00e3o. O famoso Pacto pela UFMA. A proposta era basicamente extrair informa\u00e7\u00f5es sobre as principais problem\u00e1ticas dos campis com intuito de obter um programa a ser apresentado aos candidatos a reitor e vice-reitor da universidade.<\/p>\n","protected":false},"excerpt":{"rendered":"<p>Para al\u00e9m das discuss\u00f5es sobre a indica\u00e7\u00e3o da administra\u00e7\u00e3o universit\u00e1ria pelo governo Bolsonaro, a corrida eleitoral na UFMA segue avan\u00e7ando. [&hellip;]<\/p>\n","protected":false},"author":0,"featured_media":0,"comment_status":"open","ping_status":"open","sticky":false,"template":"","format":"standard","meta":{"site-sidebar-layout":"default","site-content-layout":"","ast-site-content-layout":"default","site-content-style":"default","site-sidebar-style":"default","ast-global-header-display":"","ast-banner-title-visibility":"","ast-main-header-display":"","ast-hfb-above-header-display":"","ast-hfb-below-header-display":"","ast-hfb-mobile-header-display":"","site-post-title":"","ast-breadcrumbs-content":"","ast-featured-img":"","footer-sml-layout":"","ast-disable-related-posts":"","theme-transparent-header-meta":"","adv-header-id-meta":"","stick-header-meta":"","header-above-stick-meta":"","header-main-stick-meta":"","header-below-stick-meta":"","astra-migrate-meta-layouts":"default","ast-page-background-enabled":"default","ast-page-background-meta":{"desktop":{"background-color":"var(--ast-global-color-5)","background-image":"","background-repeat":"repeat","background-position":"center center","background-size":"auto","background-attachment":"scroll","background-type":"","background-media":"","overlay-type":"","overlay-color":"","overlay-opacity":"","overlay-gradient":""},"tablet":{"background-color":"","background-image":"","background-repeat":"repeat","background-position":"center center","background-size":"auto","background-attachment":"scroll","background-type":"","background-media":"","overlay-type":"","overlay-color":"","overlay-opacity":"","overlay-gradient":""},"mobile":{"background-color":"","background-image":"","background-repeat":"repeat","background-position":"center center","background-size":"auto","background-attachment":"scroll","background-type":"","background-media":"","overlay-type":"","overlay-color":"","overlay-opacity":"","overlay-gradient":""}},"ast-content-background-meta":{"desktop":{"background-color":"var(--ast-global-color-4)","background-image":"","background-repeat":"repeat","background-position":"center center","background-size":"auto","background-attachment":"scroll","background-type":"","background-media":"","overlay-type":"","overlay-color":"","overlay-opacity":"","overlay-gradient":""},"tablet":{"background-color":"var(--ast-global-color-4)","background-image":"","background-repeat":"repeat","background-position":"center center","background-size":"auto","background-attachment":"scroll","background-type":"","background-media":"","overlay-type":"","overlay-color":"","overlay-opacity":"","overlay-gradient":""},"mobile":{"background-color":"var(--ast-global-color-4)","background-image":"","background-repeat":"repeat","background-position":"center center","background-size":"auto","background-attachment":"scroll","background-type":"","background-media":"","overlay-type":"","overlay-color":"","overlay-opacity":"","overlay-gradient":""}},"footnotes":""},"categories":[1],"tags":[],"class_list":["post-61027","post","type-post","status-publish","format-standard","hentry","category-sem-categoria"],"yoast_head":"<!-- This site is optimized with the Yoast SEO plugin v26.6 - https:\/\/yoast.com\/wordpress\/plugins\/seo\/ -->\n<title>Elei\u00e7\u00f5es da UFMA ocorrer\u00e3o em junho; saiba quem s\u00e3o os principais candidatos - Daniel Matos<\/title>\n<meta name=\"robots\" content=\"index, follow, max-snippet:-1, max-image-preview:large, max-video-preview:-1\" \/>\n<link rel=\"canonical\" href=\"https:\/\/www.blogsoestado.com\/danielmatos\/eleicoes-da-ufma-ocorrerao-em-junho-saiba-quem-sao-os-principais-candidatos\/\" \/>\n<meta property=\"og:locale\" content=\"pt_BR\" \/>\n<meta property=\"og:type\" content=\"article\" \/>\n<meta property=\"og:title\" content=\"Elei\u00e7\u00f5es da UFMA ocorrer\u00e3o em junho; saiba quem s\u00e3o os principais candidatos - Daniel Matos\" \/>\n<meta property=\"og:description\" content=\"Para al\u00e9m das discuss\u00f5es sobre a indica\u00e7\u00e3o da administra\u00e7\u00e3o universit\u00e1ria pelo governo Bolsonaro, a corrida eleitoral na UFMA segue avan\u00e7ando. [&hellip;]\" \/>\n<meta property=\"og:url\" content=\"https:\/\/www.blogsoestado.com\/danielmatos\/eleicoes-da-ufma-ocorrerao-em-junho-saiba-quem-sao-os-principais-candidatos\/\" \/>\n<meta property=\"og:site_name\" content=\"Daniel Matos\" \/>\n<meta property=\"article:published_time\" content=\"2019-03-12T18:35:09+00:00\" \/>\n<meta property=\"og:image\" content=\"https:\/\/www.blogsoestado.com\/danielmatos\/files\/2019\/03\/ufma-elege-1024x680.jpg\" \/>\n<meta name=\"twitter:card\" content=\"summary_large_image\" \/>\n<meta name=\"twitter:label1\" content=\"Est. tempo de leitura\" \/>\n\t<meta name=\"twitter:data1\" content=\"3 minutos\" \/>\n<script type=\"application\/ld+json\" class=\"yoast-schema-graph\">{\"@context\":\"https:\/\/schema.org\",\"@graph\":[{\"@type\":\"WebPage\",\"@id\":\"https:\/\/www.blogsoestado.com\/danielmatos\/eleicoes-da-ufma-ocorrerao-em-junho-saiba-quem-sao-os-principais-candidatos\/\",\"url\":\"https:\/\/www.blogsoestado.com\/danielmatos\/eleicoes-da-ufma-ocorrerao-em-junho-saiba-quem-sao-os-principais-candidatos\/\",\"name\":\"Elei\u00e7\u00f5es da UFMA ocorrer\u00e3o em junho; saiba quem s\u00e3o os principais candidatos - Daniel Matos\",\"isPartOf\":{\"@id\":\"https:\/\/www.blogsoestado.com\/danielmatos\/#website\"},\"primaryImageOfPage\":{\"@id\":\"https:\/\/www.blogsoestado.com\/danielmatos\/eleicoes-da-ufma-ocorrerao-em-junho-saiba-quem-sao-os-principais-candidatos\/#primaryimage\"},\"image\":{\"@id\":\"https:\/\/www.blogsoestado.com\/danielmatos\/eleicoes-da-ufma-ocorrerao-em-junho-saiba-quem-sao-os-principais-candidatos\/#primaryimage\"},\"thumbnailUrl\":\"https:\/\/www.blogsoestado.com\/danielmatos\/files\/2019\/03\/ufma-elege-1024x680.jpg\",\"datePublished\":\"2019-03-12T18:35:09+00:00\",\"author\":{\"@id\":\"\"},\"breadcrumb\":{\"@id\":\"https:\/\/www.blogsoestado.com\/danielmatos\/eleicoes-da-ufma-ocorrerao-em-junho-saiba-quem-sao-os-principais-candidatos\/#breadcrumb\"},\"inLanguage\":\"pt-BR\",\"potentialAction\":[{\"@type\":\"ReadAction\",\"target\":[\"https:\/\/www.blogsoestado.com\/danielmatos\/eleicoes-da-ufma-ocorrerao-em-junho-saiba-quem-sao-os-principais-candidatos\/\"]}]},{\"@type\":\"ImageObject\",\"inLanguage\":\"pt-BR\",\"@id\":\"https:\/\/www.blogsoestado.com\/danielmatos\/eleicoes-da-ufma-ocorrerao-em-junho-saiba-quem-sao-os-principais-candidatos\/#primaryimage\",\"url\":\"https:\/\/www.blogsoestado.com\/danielmatos\/files\/2019\/03\/ufma-elege-1024x680.jpg\",\"contentUrl\":\"https:\/\/www.blogsoestado.com\/danielmatos\/files\/2019\/03\/ufma-elege-1024x680.jpg\"},{\"@type\":\"BreadcrumbList\",\"@id\":\"https:\/\/www.blogsoestado.com\/danielmatos\/eleicoes-da-ufma-ocorrerao-em-junho-saiba-quem-sao-os-principais-candidatos\/#breadcrumb\",\"itemListElement\":[{\"@type\":\"ListItem\",\"position\":1,\"name\":\"In\u00edcio\",\"item\":\"https:\/\/www.blogsoestado.com\/danielmatos\/\"},{\"@type\":\"ListItem\",\"position\":2,\"name\":\"Elei\u00e7\u00f5es da UFMA ocorrer\u00e3o em junho; saiba quem s\u00e3o os principais candidatos\"}]},{\"@type\":\"WebSite\",\"@id\":\"https:\/\/www.blogsoestado.com\/danielmatos\/#website\",\"url\":\"https:\/\/www.blogsoestado.com\/danielmatos\/\",\"name\":\"Daniel Matos\",\"description\":\"\",\"potentialAction\":[{\"@type\":\"SearchAction\",\"target\":{\"@type\":\"EntryPoint\",\"urlTemplate\":\"https:\/\/www.blogsoestado.com\/danielmatos\/?s={search_term_string}\"},\"query-input\":{\"@type\":\"PropertyValueSpecification\",\"valueRequired\":true,\"valueName\":\"search_term_string\"}}],\"inLanguage\":\"pt-BR\"}]}<\/script>\n<!-- \/ Yoast SEO plugin. -->","yoast_head_json":{"title":"Elei\u00e7\u00f5es da UFMA ocorrer\u00e3o em junho; saiba quem s\u00e3o os principais candidatos - Daniel Matos","robots":{"index":"index","follow":"follow","max-snippet":"max-snippet:-1","max-image-preview":"max-image-preview:large","max-video-preview":"max-video-preview:-1"},"canonical":"https:\/\/www.blogsoestado.com\/danielmatos\/eleicoes-da-ufma-ocorrerao-em-junho-saiba-quem-sao-os-principais-candidatos\/","og_locale":"pt_BR","og_type":"article","og_title":"Elei\u00e7\u00f5es da UFMA ocorrer\u00e3o em junho; saiba quem s\u00e3o os principais candidatos - Daniel Matos","og_description":"Para al\u00e9m das discuss\u00f5es sobre a indica\u00e7\u00e3o da administra\u00e7\u00e3o universit\u00e1ria pelo governo Bolsonaro, a corrida eleitoral na UFMA segue avan\u00e7ando. [&hellip;]","og_url":"https:\/\/www.blogsoestado.com\/danielmatos\/eleicoes-da-ufma-ocorrerao-em-junho-saiba-quem-sao-os-principais-candidatos\/","og_site_name":"Daniel Matos","article_published_time":"2019-03-12T18:35:09+00:00","og_image":[{"url":"https:\/\/www.blogsoestado.com\/danielmatos\/files\/2019\/03\/ufma-elege-1024x680.jpg","type":"","width":"","height":""}],"twitter_card":"summary_large_image","twitter_misc":{"Est. tempo de leitura":"3 minutos"},"schema":{"@context":"https:\/\/schema.org","@graph":[{"@type":"WebPage","@id":"https:\/\/www.blogsoestado.com\/danielmatos\/eleicoes-da-ufma-ocorrerao-em-junho-saiba-quem-sao-os-principais-candidatos\/","url":"https:\/\/www.blogsoestado.com\/danielmatos\/eleicoes-da-ufma-ocorrerao-em-junho-saiba-quem-sao-os-principais-candidatos\/","name":"Elei\u00e7\u00f5es da UFMA ocorrer\u00e3o em junho; saiba quem s\u00e3o os principais candidatos - Daniel Matos","isPartOf":{"@id":"https:\/\/www.blogsoestado.com\/danielmatos\/#website"},"primaryImageOfPage":{"@id":"https:\/\/www.blogsoestado.com\/danielmatos\/eleicoes-da-ufma-ocorrerao-em-junho-saiba-quem-sao-os-principais-candidatos\/#primaryimage"},"image":{"@id":"https:\/\/www.blogsoestado.com\/danielmatos\/eleicoes-da-ufma-ocorrerao-em-junho-saiba-quem-sao-os-principais-candidatos\/#primaryimage"},"thumbnailUrl":"https:\/\/www.blogsoestado.com\/danielmatos\/files\/2019\/03\/ufma-elege-1024x680.jpg","datePublished":"2019-03-12T18:35:09+00:00","author":{"@id":""},"breadcrumb":{"@id":"https:\/\/www.blogsoestado.com\/danielmatos\/eleicoes-da-ufma-ocorrerao-em-junho-saiba-quem-sao-os-principais-candidatos\/#breadcrumb"},"inLanguage":"pt-BR","potentialAction":[{"@type":"ReadAction","target":["https:\/\/www.blogsoestado.com\/danielmatos\/eleicoes-da-ufma-ocorrerao-em-junho-saiba-quem-sao-os-principais-candidatos\/"]}]},{"@type":"ImageObject","inLanguage":"pt-BR","@id":"https:\/\/www.blogsoestado.com\/danielmatos\/eleicoes-da-ufma-ocorrerao-em-junho-saiba-quem-sao-os-principais-candidatos\/#primaryimage","url":"https:\/\/www.blogsoestado.com\/danielmatos\/files\/2019\/03\/ufma-elege-1024x680.jpg","contentUrl":"https:\/\/www.blogsoestado.com\/danielmatos\/files\/2019\/03\/ufma-elege-1024x680.jpg"},{"@type":"BreadcrumbList","@id":"https:\/\/www.blogsoestado.com\/danielmatos\/eleicoes-da-ufma-ocorrerao-em-junho-saiba-quem-sao-os-principais-candidatos\/#breadcrumb","itemListElement":[{"@type":"ListItem","position":1,"name":"In\u00edcio","item":"https:\/\/www.blogsoestado.com\/danielmatos\/"},{"@type":"ListItem","position":2,"name":"Elei\u00e7\u00f5es da UFMA ocorrer\u00e3o em junho; saiba quem s\u00e3o os principais candidatos"}]},{"@type":"WebSite","@id":"https:\/\/www.blogsoestado.com\/danielmatos\/#website","url":"https:\/\/www.blogsoestado.com\/danielmatos\/","name":"Daniel Matos","description":"","potentialAction":[{"@type":"SearchAction","target":{"@type":"EntryPoint","urlTemplate":"https:\/\/www.blogsoestado.com\/danielmatos\/?s={search_term_string}"},"query-input":{"@type":"PropertyValueSpecification","valueRequired":true,"valueName":"search_term_string"}}],"inLanguage":"pt-BR"}]}},"jetpack_featured_media_url":"","_links":{"self":[{"href":"https:\/\/www.blogsoestado.com\/danielmatos\/wp-json\/wp\/v2\/posts\/61027","targetHints":{"allow":["GET"]}}],"collection":[{"href":"https:\/\/www.blogsoestado.com\/danielmatos\/wp-json\/wp\/v2\/posts"}],"about":[{"href":"https:\/\/www.blogsoestado.com\/danielmatos\/wp-json\/wp\/v2\/types\/post"}],"replies":[{"embeddable":true,"href":"https:\/\/www.blogsoestado.com\/danielmatos\/wp-json\/wp\/v2\/comments?post=61027"}],"version-history":[{"count":0,"href":"https:\/\/www.blogsoestado.com\/danielmatos\/wp-json\/wp\/v2\/posts\/61027\/revisions"}],"wp:attachment":[{"href":"https:\/\/www.blogsoestado.com\/danielmatos\/wp-json\/wp\/v2\/media?parent=61027"}],"wp:term":[{"taxonomy":"category","embeddable":true,"href":"https:\/\/www.blogsoestado.com\/danielmatos\/wp-json\/wp\/v2\/categories?post=61027"},{"taxonomy":"post_tag","embeddable":true,"href":"https:\/\/www.blogsoestado.com\/danielmatos\/wp-json\/wp\/v2\/tags?post=61027"}],"curies":[{"name":"wp","href":"https:\/\/api.w.org\/{rel}","templated":true}]}}