{"id":61038,"date":"2019-03-12T16:35:00","date_gmt":"2019-03-12T19:35:00","guid":{"rendered":"https:\/\/www.blogsoestado.com\/danielmatos\/?p=61038"},"modified":"2019-03-12T16:35:00","modified_gmt":"2019-03-12T19:35:00","slug":"deputado-ze-inacio-destaca-campanha-da-fraternidade-2019-e-convida-para-sessao-especial","status":"publish","type":"post","link":"https:\/\/www.blogsoestado.com\/danielmatos\/deputado-ze-inacio-destaca-campanha-da-fraternidade-2019-e-convida-para-sessao-especial\/","title":{"rendered":"Deputado Z\u00e9 In\u00e1cio destaca Campanha da Fraternidade 2019 e convida para sess\u00e3o especial"},"content":{"rendered":"\n<figure class=\"wp-block-image\"><img decoding=\"async\" src=\"https:\/\/www.blogsoestado.com\/danielmatos\/files\/2019\/03\/ze-inacio-fraternidade-1024x680.jpg\" alt=\"\" class=\"wp-image-61039\"\/><figcaption>Deputado Z\u00e9 In\u00e1cio diz que Poder Legislativo deve dar visibilidade ao tema da Campanha da Fraternidade<\/figcaption><\/figure>\n\n\n\n<p>O deputado estadual Z\u00e9 In\u00e1cio subiu \u00e0 tribuna da Assembleia Legislativa nessa segunda-feira (11) para dar destaque ao lan\u00e7amento da Campanha da Fraternidade 2019.<\/p>\n\n\n\n<p>O lan\u00e7amento aconteceu no \u00faltimo s\u00e1bado (9), no Multicenter Sebrae, e foi conduzido pelo arcebispo de S\u00e3o Lu\u00eds, Dom Jos\u00e9 Belis\u00e1rio.<\/p>\n\n\n\n<p>A Campanha da Fraternidade, realizada pela Igreja Cat\u00f3lica, traz como tema deste ano &#8220;Fraternidade e Pol\u00edticas P\u00fablicas&#8221;, com lema b\u00edblico que foi extra\u00eddo do livro do profeta Isa\u00edas: \u201cSer\u00e1s libertado pelo direito e pela justi\u00e7a\u201d (Is 1,27).<\/p>\n\n\n\n<p>&#8220;A escolha do tema deste ano \u00e9 de grande import\u00e2ncia, pois convida o cidad\u00e3o n\u00e3o s\u00f3 a pensar na import\u00e2ncia das pol\u00edticas p\u00fablicas,  mas a entender como elas funcionam, como fiscalizar a aplica\u00e7\u00e3o dessas pol\u00edticas e a cobrar do governo mais a\u00e7\u00f5es&#8221;, disse Z\u00e9 In\u00e1cio.<\/p>\n\n\n\n<p>Z\u00e9 In\u00e1cio disse ainda que o tema da campanha convida n\u00e3o apenas a popula\u00e7\u00e3o em geral a pensar sobre a import\u00e2ncia das pol\u00edticas p\u00fablicas,  mas tamb\u00e9m o Poder Legislativo a debater e dar visibilidade \u00e0 tem\u00e1tica do direito e da justi\u00e7a. <\/p>\n\n\n\n<p>O deputado aproveitou o momento para fazer um convite para a Sess\u00e3o Especial da Campanha da Fraternidade 2019, fruto de requerimento de sua autoria, que ocorrer\u00e1 na pr\u00f3xima quinta-feira (14\/03), com a participa\u00e7\u00e3o do arcebispo de S\u00e3o Lu\u00eds, Dom Jos\u00e9 Belis\u00e1rio, da secret\u00e1ria executiva do Regional Nordeste 5 da CNBB, Martha Bispo; do secret\u00e1rio de Estado dos Direitos Humanos e Participa\u00e7\u00e3o Popular, Francisco Gon\u00e7alves, e de Maria Ribeiro, representando o Centro de Defesa dos Direitos da Crian\u00e7a e do Adolescente Padre Marcos Passerini.<\/p>\n","protected":false},"excerpt":{"rendered":"<p>O deputado estadual Z\u00e9 In\u00e1cio subiu \u00e0 tribuna da Assembleia Legislativa nessa segunda-feira (11) para dar destaque ao lan\u00e7amento da [&hellip;]<\/p>\n","protected":false},"author":0,"featured_media":0,"comment_status":"open","ping_status":"open","sticky":false,"template":"","format":"standard","meta":{"site-sidebar-layout":"default","site-content-layout":"","ast-site-content-layout":"default","site-content-style":"default","site-sidebar-style":"default","ast-global-header-display":"","ast-banner-title-visibility":"","ast-main-header-display":"","ast-hfb-above-header-display":"","ast-hfb-below-header-display":"","ast-hfb-mobile-header-display":"","site-post-title":"","ast-breadcrumbs-content":"","ast-featured-img":"","footer-sml-layout":"","ast-disable-related-posts":"","theme-transparent-header-meta":"","adv-header-id-meta":"","stick-header-meta":"","header-above-stick-meta":"","header-main-stick-meta":"","header-below-stick-meta":"","astra-migrate-meta-layouts":"default","ast-page-background-enabled":"default","ast-page-background-meta":{"desktop":{"background-color":"var(--ast-global-color-5)","background-image":"","background-repeat":"repeat","background-position":"center center","background-size":"auto","background-attachment":"scroll","background-type":"","background-media":"","overlay-type":"","overlay-color":"","overlay-opacity":"","overlay-gradient":""},"tablet":{"background-color":"","background-image":"","background-repeat":"repeat","background-position":"center center","background-size":"auto","background-attachment":"scroll","background-type":"","background-media":"","overlay-type":"","overlay-color":"","overlay-opacity":"","overlay-gradient":""},"mobile":{"background-color":"","background-image":"","background-repeat":"repeat","background-position":"center center","background-size":"auto","background-attachment":"scroll","background-type":"","background-media":"","overlay-type":"","overlay-color":"","overlay-opacity":"","overlay-gradient":""}},"ast-content-background-meta":{"desktop":{"background-color":"var(--ast-global-color-4)","background-image":"","background-repeat":"repeat","background-position":"center center","background-size":"auto","background-attachment":"scroll","background-type":"","background-media":"","overlay-type":"","overlay-color":"","overlay-opacity":"","overlay-gradient":""},"tablet":{"background-color":"var(--ast-global-color-4)","background-image":"","background-repeat":"repeat","background-position":"center center","background-size":"auto","background-attachment":"scroll","background-type":"","background-media":"","overlay-type":"","overlay-color":"","overlay-opacity":"","overlay-gradient":""},"mobile":{"background-color":"var(--ast-global-color-4)","background-image":"","background-repeat":"repeat","background-position":"center center","background-size":"auto","background-attachment":"scroll","background-type":"","background-media":"","overlay-type":"","overlay-color":"","overlay-opacity":"","overlay-gradient":""}},"footnotes":""},"categories":[1],"tags":[],"class_list":["post-61038","post","type-post","status-publish","format-standard","hentry","category-sem-categoria"],"yoast_head":"<!-- This site is optimized with the Yoast SEO plugin v26.6 - https:\/\/yoast.com\/wordpress\/plugins\/seo\/ -->\n<title>Deputado Z\u00e9 In\u00e1cio destaca Campanha da Fraternidade 2019 e convida para sess\u00e3o especial - Daniel Matos<\/title>\n<meta name=\"robots\" content=\"index, follow, max-snippet:-1, max-image-preview:large, max-video-preview:-1\" \/>\n<link rel=\"canonical\" href=\"https:\/\/www.blogsoestado.com\/danielmatos\/deputado-ze-inacio-destaca-campanha-da-fraternidade-2019-e-convida-para-sessao-especial\/\" \/>\n<meta property=\"og:locale\" content=\"pt_BR\" \/>\n<meta property=\"og:type\" content=\"article\" \/>\n<meta property=\"og:title\" content=\"Deputado Z\u00e9 In\u00e1cio destaca Campanha da Fraternidade 2019 e convida para sess\u00e3o especial - Daniel Matos\" \/>\n<meta property=\"og:description\" content=\"O deputado estadual Z\u00e9 In\u00e1cio subiu \u00e0 tribuna da Assembleia Legislativa nessa segunda-feira (11) para dar destaque ao lan\u00e7amento da [&hellip;]\" \/>\n<meta property=\"og:url\" content=\"https:\/\/www.blogsoestado.com\/danielmatos\/deputado-ze-inacio-destaca-campanha-da-fraternidade-2019-e-convida-para-sessao-especial\/\" \/>\n<meta property=\"og:site_name\" content=\"Daniel Matos\" \/>\n<meta property=\"article:published_time\" content=\"2019-03-12T19:35:00+00:00\" \/>\n<meta property=\"og:image\" content=\"https:\/\/www.blogsoestado.com\/danielmatos\/files\/2019\/03\/ze-inacio-fraternidade-1024x680.jpg\" \/>\n<meta name=\"twitter:card\" content=\"summary_large_image\" \/>\n<meta name=\"twitter:label1\" content=\"Est. tempo de leitura\" \/>\n\t<meta name=\"twitter:data1\" content=\"2 minutos\" \/>\n<script type=\"application\/ld+json\" class=\"yoast-schema-graph\">{\"@context\":\"https:\/\/schema.org\",\"@graph\":[{\"@type\":\"WebPage\",\"@id\":\"https:\/\/www.blogsoestado.com\/danielmatos\/deputado-ze-inacio-destaca-campanha-da-fraternidade-2019-e-convida-para-sessao-especial\/\",\"url\":\"https:\/\/www.blogsoestado.com\/danielmatos\/deputado-ze-inacio-destaca-campanha-da-fraternidade-2019-e-convida-para-sessao-especial\/\",\"name\":\"Deputado Z\u00e9 In\u00e1cio destaca Campanha da Fraternidade 2019 e convida para sess\u00e3o especial - Daniel Matos\",\"isPartOf\":{\"@id\":\"https:\/\/www.blogsoestado.com\/danielmatos\/#website\"},\"primaryImageOfPage\":{\"@id\":\"https:\/\/www.blogsoestado.com\/danielmatos\/deputado-ze-inacio-destaca-campanha-da-fraternidade-2019-e-convida-para-sessao-especial\/#primaryimage\"},\"image\":{\"@id\":\"https:\/\/www.blogsoestado.com\/danielmatos\/deputado-ze-inacio-destaca-campanha-da-fraternidade-2019-e-convida-para-sessao-especial\/#primaryimage\"},\"thumbnailUrl\":\"https:\/\/www.blogsoestado.com\/danielmatos\/files\/2019\/03\/ze-inacio-fraternidade-1024x680.jpg\",\"datePublished\":\"2019-03-12T19:35:00+00:00\",\"author\":{\"@id\":\"\"},\"breadcrumb\":{\"@id\":\"https:\/\/www.blogsoestado.com\/danielmatos\/deputado-ze-inacio-destaca-campanha-da-fraternidade-2019-e-convida-para-sessao-especial\/#breadcrumb\"},\"inLanguage\":\"pt-BR\",\"potentialAction\":[{\"@type\":\"ReadAction\",\"target\":[\"https:\/\/www.blogsoestado.com\/danielmatos\/deputado-ze-inacio-destaca-campanha-da-fraternidade-2019-e-convida-para-sessao-especial\/\"]}]},{\"@type\":\"ImageObject\",\"inLanguage\":\"pt-BR\",\"@id\":\"https:\/\/www.blogsoestado.com\/danielmatos\/deputado-ze-inacio-destaca-campanha-da-fraternidade-2019-e-convida-para-sessao-especial\/#primaryimage\",\"url\":\"https:\/\/www.blogsoestado.com\/danielmatos\/files\/2019\/03\/ze-inacio-fraternidade-1024x680.jpg\",\"contentUrl\":\"https:\/\/www.blogsoestado.com\/danielmatos\/files\/2019\/03\/ze-inacio-fraternidade-1024x680.jpg\"},{\"@type\":\"BreadcrumbList\",\"@id\":\"https:\/\/www.blogsoestado.com\/danielmatos\/deputado-ze-inacio-destaca-campanha-da-fraternidade-2019-e-convida-para-sessao-especial\/#breadcrumb\",\"itemListElement\":[{\"@type\":\"ListItem\",\"position\":1,\"name\":\"In\u00edcio\",\"item\":\"https:\/\/www.blogsoestado.com\/danielmatos\/\"},{\"@type\":\"ListItem\",\"position\":2,\"name\":\"Deputado Z\u00e9 In\u00e1cio destaca Campanha da Fraternidade 2019 e convida para sess\u00e3o especial\"}]},{\"@type\":\"WebSite\",\"@id\":\"https:\/\/www.blogsoestado.com\/danielmatos\/#website\",\"url\":\"https:\/\/www.blogsoestado.com\/danielmatos\/\",\"name\":\"Daniel Matos\",\"description\":\"\",\"potentialAction\":[{\"@type\":\"SearchAction\",\"target\":{\"@type\":\"EntryPoint\",\"urlTemplate\":\"https:\/\/www.blogsoestado.com\/danielmatos\/?s={search_term_string}\"},\"query-input\":{\"@type\":\"PropertyValueSpecification\",\"valueRequired\":true,\"valueName\":\"search_term_string\"}}],\"inLanguage\":\"pt-BR\"}]}<\/script>\n<!-- \/ Yoast SEO plugin. -->","yoast_head_json":{"title":"Deputado Z\u00e9 In\u00e1cio destaca Campanha da Fraternidade 2019 e convida para sess\u00e3o especial - Daniel Matos","robots":{"index":"index","follow":"follow","max-snippet":"max-snippet:-1","max-image-preview":"max-image-preview:large","max-video-preview":"max-video-preview:-1"},"canonical":"https:\/\/www.blogsoestado.com\/danielmatos\/deputado-ze-inacio-destaca-campanha-da-fraternidade-2019-e-convida-para-sessao-especial\/","og_locale":"pt_BR","og_type":"article","og_title":"Deputado Z\u00e9 In\u00e1cio destaca Campanha da Fraternidade 2019 e convida para sess\u00e3o especial - Daniel Matos","og_description":"O deputado estadual Z\u00e9 In\u00e1cio subiu \u00e0 tribuna da Assembleia Legislativa nessa segunda-feira (11) para dar destaque ao lan\u00e7amento da [&hellip;]","og_url":"https:\/\/www.blogsoestado.com\/danielmatos\/deputado-ze-inacio-destaca-campanha-da-fraternidade-2019-e-convida-para-sessao-especial\/","og_site_name":"Daniel Matos","article_published_time":"2019-03-12T19:35:00+00:00","og_image":[{"url":"https:\/\/www.blogsoestado.com\/danielmatos\/files\/2019\/03\/ze-inacio-fraternidade-1024x680.jpg","type":"","width":"","height":""}],"twitter_card":"summary_large_image","twitter_misc":{"Est. tempo de leitura":"2 minutos"},"schema":{"@context":"https:\/\/schema.org","@graph":[{"@type":"WebPage","@id":"https:\/\/www.blogsoestado.com\/danielmatos\/deputado-ze-inacio-destaca-campanha-da-fraternidade-2019-e-convida-para-sessao-especial\/","url":"https:\/\/www.blogsoestado.com\/danielmatos\/deputado-ze-inacio-destaca-campanha-da-fraternidade-2019-e-convida-para-sessao-especial\/","name":"Deputado Z\u00e9 In\u00e1cio destaca Campanha da Fraternidade 2019 e convida para sess\u00e3o especial - Daniel Matos","isPartOf":{"@id":"https:\/\/www.blogsoestado.com\/danielmatos\/#website"},"primaryImageOfPage":{"@id":"https:\/\/www.blogsoestado.com\/danielmatos\/deputado-ze-inacio-destaca-campanha-da-fraternidade-2019-e-convida-para-sessao-especial\/#primaryimage"},"image":{"@id":"https:\/\/www.blogsoestado.com\/danielmatos\/deputado-ze-inacio-destaca-campanha-da-fraternidade-2019-e-convida-para-sessao-especial\/#primaryimage"},"thumbnailUrl":"https:\/\/www.blogsoestado.com\/danielmatos\/files\/2019\/03\/ze-inacio-fraternidade-1024x680.jpg","datePublished":"2019-03-12T19:35:00+00:00","author":{"@id":""},"breadcrumb":{"@id":"https:\/\/www.blogsoestado.com\/danielmatos\/deputado-ze-inacio-destaca-campanha-da-fraternidade-2019-e-convida-para-sessao-especial\/#breadcrumb"},"inLanguage":"pt-BR","potentialAction":[{"@type":"ReadAction","target":["https:\/\/www.blogsoestado.com\/danielmatos\/deputado-ze-inacio-destaca-campanha-da-fraternidade-2019-e-convida-para-sessao-especial\/"]}]},{"@type":"ImageObject","inLanguage":"pt-BR","@id":"https:\/\/www.blogsoestado.com\/danielmatos\/deputado-ze-inacio-destaca-campanha-da-fraternidade-2019-e-convida-para-sessao-especial\/#primaryimage","url":"https:\/\/www.blogsoestado.com\/danielmatos\/files\/2019\/03\/ze-inacio-fraternidade-1024x680.jpg","contentUrl":"https:\/\/www.blogsoestado.com\/danielmatos\/files\/2019\/03\/ze-inacio-fraternidade-1024x680.jpg"},{"@type":"BreadcrumbList","@id":"https:\/\/www.blogsoestado.com\/danielmatos\/deputado-ze-inacio-destaca-campanha-da-fraternidade-2019-e-convida-para-sessao-especial\/#breadcrumb","itemListElement":[{"@type":"ListItem","position":1,"name":"In\u00edcio","item":"https:\/\/www.blogsoestado.com\/danielmatos\/"},{"@type":"ListItem","position":2,"name":"Deputado Z\u00e9 In\u00e1cio destaca Campanha da Fraternidade 2019 e convida para sess\u00e3o especial"}]},{"@type":"WebSite","@id":"https:\/\/www.blogsoestado.com\/danielmatos\/#website","url":"https:\/\/www.blogsoestado.com\/danielmatos\/","name":"Daniel Matos","description":"","potentialAction":[{"@type":"SearchAction","target":{"@type":"EntryPoint","urlTemplate":"https:\/\/www.blogsoestado.com\/danielmatos\/?s={search_term_string}"},"query-input":{"@type":"PropertyValueSpecification","valueRequired":true,"valueName":"search_term_string"}}],"inLanguage":"pt-BR"}]}},"jetpack_featured_media_url":"","_links":{"self":[{"href":"https:\/\/www.blogsoestado.com\/danielmatos\/wp-json\/wp\/v2\/posts\/61038","targetHints":{"allow":["GET"]}}],"collection":[{"href":"https:\/\/www.blogsoestado.com\/danielmatos\/wp-json\/wp\/v2\/posts"}],"about":[{"href":"https:\/\/www.blogsoestado.com\/danielmatos\/wp-json\/wp\/v2\/types\/post"}],"replies":[{"embeddable":true,"href":"https:\/\/www.blogsoestado.com\/danielmatos\/wp-json\/wp\/v2\/comments?post=61038"}],"version-history":[{"count":0,"href":"https:\/\/www.blogsoestado.com\/danielmatos\/wp-json\/wp\/v2\/posts\/61038\/revisions"}],"wp:attachment":[{"href":"https:\/\/www.blogsoestado.com\/danielmatos\/wp-json\/wp\/v2\/media?parent=61038"}],"wp:term":[{"taxonomy":"category","embeddable":true,"href":"https:\/\/www.blogsoestado.com\/danielmatos\/wp-json\/wp\/v2\/categories?post=61038"},{"taxonomy":"post_tag","embeddable":true,"href":"https:\/\/www.blogsoestado.com\/danielmatos\/wp-json\/wp\/v2\/tags?post=61038"}],"curies":[{"name":"wp","href":"https:\/\/api.w.org\/{rel}","templated":true}]}}