{"id":61041,"date":"2019-03-12T18:29:29","date_gmt":"2019-03-12T21:29:29","guid":{"rendered":"https:\/\/www.blogsoestado.com\/danielmatos\/?p=61041"},"modified":"2019-03-12T18:29:29","modified_gmt":"2019-03-12T21:29:29","slug":"bom-lugar-tenente-acusado-de-comandar-invasao-a-camara-por-motivacao-politica-e-denunciado-ao-mp","status":"publish","type":"post","link":"https:\/\/www.blogsoestado.com\/danielmatos\/bom-lugar-tenente-acusado-de-comandar-invasao-a-camara-por-motivacao-politica-e-denunciado-ao-mp\/","title":{"rendered":"Bom Lugar: tenente acusado de comandar invas\u00e3o \u00e0 C\u00e2mara por motiva\u00e7\u00e3o politica \u00e9 denunciado ao MP"},"content":{"rendered":"\n<figure class=\"wp-block-image\"><img decoding=\"async\" src=\"https:\/\/www.blogsoestado.com\/danielmatos\/files\/2019\/03\/camara-revista.jpg\" alt=\"\" class=\"wp-image-61043\"\/><figcaption>Abordagem policial \u00e0 sede da C\u00e2mara Municipal de Bom Lugar \u00e9 questionada por vereadores<\/figcaption><\/figure>\n\n\n\n<p>O tenente Marcone Costa Matos, do 15\u00ba Batalh\u00e3o da Pol\u00edcia Militar, foi alvo de representa\u00e7\u00e3o no Minist\u00e9rio P\u00fablico por ter liderado uma invas\u00e3o suspeita a uma audi\u00eancia p\u00fablica realizada nessa segunda-feira (11) na C\u00e2mara de Vereadores de Bom Lugar, munic\u00edpio distante 281 quil\u00f4metros de S\u00e3o Lu\u00eds. O oficial \u00e9 acusado de comandar uma abordagem truculenta, intimidat\u00f3ria e desnecess\u00e1ria na sede do parlamento municipal, sem qualquer den\u00fancia pr\u00e9via.<\/p>\n\n\n\n<p>Uma das representa\u00e7\u00f5es, assinada pelo presidente da C\u00e2mara, Francisco Medeiros da Silva, pede ao MP que seja ajuizada uma a\u00e7\u00e3o criminal contra o tenente pelo crimes de abuso de autoridade, invas\u00e3o de recinto sem ordem judicial e perturba\u00e7\u00e3o da ordem p\u00fablica, pass\u00edvel de pena de pris\u00e3o e de aplica\u00e7\u00e3o de multa.<\/p>\n\n\n\n<p><strong>Invas\u00e3o<\/strong><\/p>\n\n\n\n<p>Segundo relato feito pelo presidente da C\u00e2mara ao MP, uma guarni\u00e7\u00e3o militar, liderada pelo tenente Marcone Matos, adentrou, de forma repentina, a C\u00e2mara Municipal, onde era realizada uma sess\u00e3o aberta a toda a popula\u00e7\u00e3o, e come\u00e7aram, de forma truculenta, violenta e desnecess\u00e1ria, sem qualquer den\u00fancia pr\u00e9via, mandado judicial ou qualquer outro motivo que justificasse o ato, a revistar todos os presentes, &#8220;causando verdadeiro transtorno e humilha\u00e7\u00e3o a todos os cidad\u00e3os presentes \u00e0 sess\u00e3o&#8221;.<\/p>\n\n\n\n<p>O chefe do parlamento municipal denunciou, ainda, que o representado e seus comandados literalmente invadiram o recinto, interrompendo e tumultuando os trabalhos da casa legislativa. O presidente reafirmou que a abordagem n\u00e3o teve qualquer justificativa e acusou o tenente de agir de forma abusiva, extrapolando todos os limites de suas atribui\u00e7\u00f5es, utilizando-se de for\u00e7a desmedida e desnecess\u00e1ria, de modo a verdadeiramente coagir e intimidar todos os presentes.<\/p>\n\n\n\n<p>Em um trecho da representa\u00e7\u00e3o, o presidente da C\u00e2mara relata que em resposta \u00e0s interven\u00e7\u00f5es dos vereadores e dos pr\u00f3prios cidad\u00e3os presentes, &#8220;o tenente afirmou que repetiria a conduta truculenta e descabida e que n\u00e3o haveria lei nem ningu\u00e9m que o impedisse&#8221;.<\/p>\n\n\n\n<p><strong>Motiva\u00e7\u00e3o pol\u00edtica<\/strong><\/p>\n\n\n\n<p>Ao noticiar o fato \u00e0s autoridades policiais, para a ado\u00e7\u00e3o das medidas judiciais e administrativas cab\u00edveis contra o tenente, o chefe do Legislativo municipal disse ter visto na atitude do militar &#8220;evidente abuso de autoridade, motivado por interesses pol\u00edtico-partid\u00e1rios como pano de fundo, com o intuito de embara\u00e7ar, intimidar e desarticular as prof\u00edcuas e pac\u00edficas sess\u00f5es realizadas na casa legislativa municipal, que \u00e9 o local do povo, n\u00e3o podendo esse ser intimidado e constrangido a n\u00e3o mais se fazer ali presente&#8221;.<\/p>\n\n\n\n<figure class=\"wp-block-image\"><img decoding=\"async\" src=\"https:\/\/www.blogsoestado.com\/danielmatos\/files\/2019\/03\/bom-lugar-camara.jpg\" alt=\"\" class=\"wp-image-61042\"\/><figcaption>Trecho da representa\u00e7\u00e3o no MP em que o presidente da C\u00e2mara acusa o tenente de agir por motiva\u00e7\u00e3o pol\u00edtica <\/figcaption><\/figure>\n\n\n\n<p>O presidente da C\u00e2mara tamb\u00e9m registrou, na representa\u00e7\u00e3o ao MP, que o povo est\u00e1 intimidado e temeroso de comparecer \u00e0 casa, com receio de ser injustificadamente alvo das a\u00e7\u00f5es excessivas, desnecess\u00e1rias e intimidat\u00f3rias do tenente Marcone Costa Matos.        <\/p>\n\n\n\n<p><strong>Assista ao v\u00eddeo:<\/strong>   <\/p>\n\n\n\n<figure class=\"wp-block-embed-youtube wp-block-embed is-type-video is-provider-youtube wp-embed-aspect-16-9 wp-has-aspect-ratio\"><div class=\"wp-block-embed__wrapper\">\n<iframe title=\"PM invade audi\u00eancia em C\u00e2mara de Vereadores\" width=\"500\" height=\"281\" src=\"https:\/\/www.youtube.com\/embed\/wxSVacQzwaw?feature=oembed\" frameborder=\"0\" allow=\"accelerometer; autoplay; clipboard-write; encrypted-media; gyroscope; picture-in-picture; web-share\" referrerpolicy=\"strict-origin-when-cross-origin\" allowfullscreen><\/iframe>\n<\/div><\/figure>\n\n\n\n<p>  <\/p>\n","protected":false},"excerpt":{"rendered":"<p>O tenente Marcone Costa Matos, do 15\u00ba Batalh\u00e3o da Pol\u00edcia Militar, foi alvo de representa\u00e7\u00e3o no Minist\u00e9rio P\u00fablico por ter [&hellip;]<\/p>\n","protected":false},"author":0,"featured_media":0,"comment_status":"open","ping_status":"open","sticky":false,"template":"","format":"standard","meta":{"site-sidebar-layout":"default","site-content-layout":"","ast-site-content-layout":"default","site-content-style":"default","site-sidebar-style":"default","ast-global-header-display":"","ast-banner-title-visibility":"","ast-main-header-display":"","ast-hfb-above-header-display":"","ast-hfb-below-header-display":"","ast-hfb-mobile-header-display":"","site-post-title":"","ast-breadcrumbs-content":"","ast-featured-img":"","footer-sml-layout":"","ast-disable-related-posts":"","theme-transparent-header-meta":"","adv-header-id-meta":"","stick-header-meta":"","header-above-stick-meta":"","header-main-stick-meta":"","header-below-stick-meta":"","astra-migrate-meta-layouts":"default","ast-page-background-enabled":"default","ast-page-background-meta":{"desktop":{"background-color":"var(--ast-global-color-5)","background-image":"","background-repeat":"repeat","background-position":"center center","background-size":"auto","background-attachment":"scroll","background-type":"","background-media":"","overlay-type":"","overlay-color":"","overlay-opacity":"","overlay-gradient":""},"tablet":{"background-color":"","background-image":"","background-repeat":"repeat","background-position":"center center","background-size":"auto","background-attachment":"scroll","background-type":"","background-media":"","overlay-type":"","overlay-color":"","overlay-opacity":"","overlay-gradient":""},"mobile":{"background-color":"","background-image":"","background-repeat":"repeat","background-position":"center center","background-size":"auto","background-attachment":"scroll","background-type":"","background-media":"","overlay-type":"","overlay-color":"","overlay-opacity":"","overlay-gradient":""}},"ast-content-background-meta":{"desktop":{"background-color":"var(--ast-global-color-4)","background-image":"","background-repeat":"repeat","background-position":"center center","background-size":"auto","background-attachment":"scroll","background-type":"","background-media":"","overlay-type":"","overlay-color":"","overlay-opacity":"","overlay-gradient":""},"tablet":{"background-color":"var(--ast-global-color-4)","background-image":"","background-repeat":"repeat","background-position":"center center","background-size":"auto","background-attachment":"scroll","background-type":"","background-media":"","overlay-type":"","overlay-color":"","overlay-opacity":"","overlay-gradient":""},"mobile":{"background-color":"var(--ast-global-color-4)","background-image":"","background-repeat":"repeat","background-position":"center center","background-size":"auto","background-attachment":"scroll","background-type":"","background-media":"","overlay-type":"","overlay-color":"","overlay-opacity":"","overlay-gradient":""}},"footnotes":""},"categories":[1],"tags":[],"class_list":["post-61041","post","type-post","status-publish","format-standard","hentry","category-sem-categoria"],"yoast_head":"<!-- This site is optimized with the Yoast SEO plugin v26.6 - https:\/\/yoast.com\/wordpress\/plugins\/seo\/ -->\n<title>Bom Lugar: tenente acusado de comandar invas\u00e3o \u00e0 C\u00e2mara por motiva\u00e7\u00e3o politica \u00e9 denunciado ao MP - Daniel Matos<\/title>\n<meta name=\"robots\" content=\"index, follow, max-snippet:-1, max-image-preview:large, max-video-preview:-1\" \/>\n<link rel=\"canonical\" href=\"https:\/\/www.blogsoestado.com\/danielmatos\/bom-lugar-tenente-acusado-de-comandar-invasao-a-camara-por-motivacao-politica-e-denunciado-ao-mp\/\" \/>\n<meta property=\"og:locale\" content=\"pt_BR\" \/>\n<meta property=\"og:type\" content=\"article\" \/>\n<meta property=\"og:title\" content=\"Bom Lugar: tenente acusado de comandar invas\u00e3o \u00e0 C\u00e2mara por motiva\u00e7\u00e3o politica \u00e9 denunciado ao MP - Daniel Matos\" \/>\n<meta property=\"og:description\" content=\"O tenente Marcone Costa Matos, do 15\u00ba Batalh\u00e3o da Pol\u00edcia Militar, foi alvo de representa\u00e7\u00e3o no Minist\u00e9rio P\u00fablico por ter [&hellip;]\" \/>\n<meta property=\"og:url\" content=\"https:\/\/www.blogsoestado.com\/danielmatos\/bom-lugar-tenente-acusado-de-comandar-invasao-a-camara-por-motivacao-politica-e-denunciado-ao-mp\/\" \/>\n<meta property=\"og:site_name\" content=\"Daniel Matos\" \/>\n<meta property=\"article:published_time\" content=\"2019-03-12T21:29:29+00:00\" \/>\n<meta property=\"og:image\" content=\"https:\/\/www.blogsoestado.com\/danielmatos\/files\/2019\/03\/camara-revista.jpg\" \/>\n<meta name=\"twitter:card\" content=\"summary_large_image\" \/>\n<meta name=\"twitter:label1\" content=\"Est. tempo de leitura\" \/>\n\t<meta name=\"twitter:data1\" content=\"3 minutos\" \/>\n<script type=\"application\/ld+json\" class=\"yoast-schema-graph\">{\"@context\":\"https:\/\/schema.org\",\"@graph\":[{\"@type\":\"WebPage\",\"@id\":\"https:\/\/www.blogsoestado.com\/danielmatos\/bom-lugar-tenente-acusado-de-comandar-invasao-a-camara-por-motivacao-politica-e-denunciado-ao-mp\/\",\"url\":\"https:\/\/www.blogsoestado.com\/danielmatos\/bom-lugar-tenente-acusado-de-comandar-invasao-a-camara-por-motivacao-politica-e-denunciado-ao-mp\/\",\"name\":\"Bom Lugar: tenente acusado de comandar invas\u00e3o \u00e0 C\u00e2mara por motiva\u00e7\u00e3o politica \u00e9 denunciado ao MP - Daniel Matos\",\"isPartOf\":{\"@id\":\"https:\/\/www.blogsoestado.com\/danielmatos\/#website\"},\"primaryImageOfPage\":{\"@id\":\"https:\/\/www.blogsoestado.com\/danielmatos\/bom-lugar-tenente-acusado-de-comandar-invasao-a-camara-por-motivacao-politica-e-denunciado-ao-mp\/#primaryimage\"},\"image\":{\"@id\":\"https:\/\/www.blogsoestado.com\/danielmatos\/bom-lugar-tenente-acusado-de-comandar-invasao-a-camara-por-motivacao-politica-e-denunciado-ao-mp\/#primaryimage\"},\"thumbnailUrl\":\"https:\/\/www.blogsoestado.com\/danielmatos\/files\/2019\/03\/camara-revista.jpg\",\"datePublished\":\"2019-03-12T21:29:29+00:00\",\"author\":{\"@id\":\"\"},\"breadcrumb\":{\"@id\":\"https:\/\/www.blogsoestado.com\/danielmatos\/bom-lugar-tenente-acusado-de-comandar-invasao-a-camara-por-motivacao-politica-e-denunciado-ao-mp\/#breadcrumb\"},\"inLanguage\":\"pt-BR\",\"potentialAction\":[{\"@type\":\"ReadAction\",\"target\":[\"https:\/\/www.blogsoestado.com\/danielmatos\/bom-lugar-tenente-acusado-de-comandar-invasao-a-camara-por-motivacao-politica-e-denunciado-ao-mp\/\"]}]},{\"@type\":\"ImageObject\",\"inLanguage\":\"pt-BR\",\"@id\":\"https:\/\/www.blogsoestado.com\/danielmatos\/bom-lugar-tenente-acusado-de-comandar-invasao-a-camara-por-motivacao-politica-e-denunciado-ao-mp\/#primaryimage\",\"url\":\"https:\/\/www.blogsoestado.com\/danielmatos\/files\/2019\/03\/camara-revista.jpg\",\"contentUrl\":\"https:\/\/www.blogsoestado.com\/danielmatos\/files\/2019\/03\/camara-revista.jpg\"},{\"@type\":\"BreadcrumbList\",\"@id\":\"https:\/\/www.blogsoestado.com\/danielmatos\/bom-lugar-tenente-acusado-de-comandar-invasao-a-camara-por-motivacao-politica-e-denunciado-ao-mp\/#breadcrumb\",\"itemListElement\":[{\"@type\":\"ListItem\",\"position\":1,\"name\":\"In\u00edcio\",\"item\":\"https:\/\/www.blogsoestado.com\/danielmatos\/\"},{\"@type\":\"ListItem\",\"position\":2,\"name\":\"Bom Lugar: tenente acusado de comandar invas\u00e3o \u00e0 C\u00e2mara por motiva\u00e7\u00e3o politica \u00e9 denunciado ao MP\"}]},{\"@type\":\"WebSite\",\"@id\":\"https:\/\/www.blogsoestado.com\/danielmatos\/#website\",\"url\":\"https:\/\/www.blogsoestado.com\/danielmatos\/\",\"name\":\"Daniel Matos\",\"description\":\"\",\"potentialAction\":[{\"@type\":\"SearchAction\",\"target\":{\"@type\":\"EntryPoint\",\"urlTemplate\":\"https:\/\/www.blogsoestado.com\/danielmatos\/?s={search_term_string}\"},\"query-input\":{\"@type\":\"PropertyValueSpecification\",\"valueRequired\":true,\"valueName\":\"search_term_string\"}}],\"inLanguage\":\"pt-BR\"}]}<\/script>\n<!-- \/ Yoast SEO plugin. -->","yoast_head_json":{"title":"Bom Lugar: tenente acusado de comandar invas\u00e3o \u00e0 C\u00e2mara por motiva\u00e7\u00e3o politica \u00e9 denunciado ao MP - Daniel Matos","robots":{"index":"index","follow":"follow","max-snippet":"max-snippet:-1","max-image-preview":"max-image-preview:large","max-video-preview":"max-video-preview:-1"},"canonical":"https:\/\/www.blogsoestado.com\/danielmatos\/bom-lugar-tenente-acusado-de-comandar-invasao-a-camara-por-motivacao-politica-e-denunciado-ao-mp\/","og_locale":"pt_BR","og_type":"article","og_title":"Bom Lugar: tenente acusado de comandar invas\u00e3o \u00e0 C\u00e2mara por motiva\u00e7\u00e3o politica \u00e9 denunciado ao MP - Daniel Matos","og_description":"O tenente Marcone Costa Matos, do 15\u00ba Batalh\u00e3o da Pol\u00edcia Militar, foi alvo de representa\u00e7\u00e3o no Minist\u00e9rio P\u00fablico por ter [&hellip;]","og_url":"https:\/\/www.blogsoestado.com\/danielmatos\/bom-lugar-tenente-acusado-de-comandar-invasao-a-camara-por-motivacao-politica-e-denunciado-ao-mp\/","og_site_name":"Daniel Matos","article_published_time":"2019-03-12T21:29:29+00:00","og_image":[{"url":"https:\/\/www.blogsoestado.com\/danielmatos\/files\/2019\/03\/camara-revista.jpg","type":"","width":"","height":""}],"twitter_card":"summary_large_image","twitter_misc":{"Est. tempo de leitura":"3 minutos"},"schema":{"@context":"https:\/\/schema.org","@graph":[{"@type":"WebPage","@id":"https:\/\/www.blogsoestado.com\/danielmatos\/bom-lugar-tenente-acusado-de-comandar-invasao-a-camara-por-motivacao-politica-e-denunciado-ao-mp\/","url":"https:\/\/www.blogsoestado.com\/danielmatos\/bom-lugar-tenente-acusado-de-comandar-invasao-a-camara-por-motivacao-politica-e-denunciado-ao-mp\/","name":"Bom Lugar: tenente acusado de comandar invas\u00e3o \u00e0 C\u00e2mara por motiva\u00e7\u00e3o politica \u00e9 denunciado ao MP - Daniel Matos","isPartOf":{"@id":"https:\/\/www.blogsoestado.com\/danielmatos\/#website"},"primaryImageOfPage":{"@id":"https:\/\/www.blogsoestado.com\/danielmatos\/bom-lugar-tenente-acusado-de-comandar-invasao-a-camara-por-motivacao-politica-e-denunciado-ao-mp\/#primaryimage"},"image":{"@id":"https:\/\/www.blogsoestado.com\/danielmatos\/bom-lugar-tenente-acusado-de-comandar-invasao-a-camara-por-motivacao-politica-e-denunciado-ao-mp\/#primaryimage"},"thumbnailUrl":"https:\/\/www.blogsoestado.com\/danielmatos\/files\/2019\/03\/camara-revista.jpg","datePublished":"2019-03-12T21:29:29+00:00","author":{"@id":""},"breadcrumb":{"@id":"https:\/\/www.blogsoestado.com\/danielmatos\/bom-lugar-tenente-acusado-de-comandar-invasao-a-camara-por-motivacao-politica-e-denunciado-ao-mp\/#breadcrumb"},"inLanguage":"pt-BR","potentialAction":[{"@type":"ReadAction","target":["https:\/\/www.blogsoestado.com\/danielmatos\/bom-lugar-tenente-acusado-de-comandar-invasao-a-camara-por-motivacao-politica-e-denunciado-ao-mp\/"]}]},{"@type":"ImageObject","inLanguage":"pt-BR","@id":"https:\/\/www.blogsoestado.com\/danielmatos\/bom-lugar-tenente-acusado-de-comandar-invasao-a-camara-por-motivacao-politica-e-denunciado-ao-mp\/#primaryimage","url":"https:\/\/www.blogsoestado.com\/danielmatos\/files\/2019\/03\/camara-revista.jpg","contentUrl":"https:\/\/www.blogsoestado.com\/danielmatos\/files\/2019\/03\/camara-revista.jpg"},{"@type":"BreadcrumbList","@id":"https:\/\/www.blogsoestado.com\/danielmatos\/bom-lugar-tenente-acusado-de-comandar-invasao-a-camara-por-motivacao-politica-e-denunciado-ao-mp\/#breadcrumb","itemListElement":[{"@type":"ListItem","position":1,"name":"In\u00edcio","item":"https:\/\/www.blogsoestado.com\/danielmatos\/"},{"@type":"ListItem","position":2,"name":"Bom Lugar: tenente acusado de comandar invas\u00e3o \u00e0 C\u00e2mara por motiva\u00e7\u00e3o politica \u00e9 denunciado ao MP"}]},{"@type":"WebSite","@id":"https:\/\/www.blogsoestado.com\/danielmatos\/#website","url":"https:\/\/www.blogsoestado.com\/danielmatos\/","name":"Daniel Matos","description":"","potentialAction":[{"@type":"SearchAction","target":{"@type":"EntryPoint","urlTemplate":"https:\/\/www.blogsoestado.com\/danielmatos\/?s={search_term_string}"},"query-input":{"@type":"PropertyValueSpecification","valueRequired":true,"valueName":"search_term_string"}}],"inLanguage":"pt-BR"}]}},"jetpack_featured_media_url":"","_links":{"self":[{"href":"https:\/\/www.blogsoestado.com\/danielmatos\/wp-json\/wp\/v2\/posts\/61041","targetHints":{"allow":["GET"]}}],"collection":[{"href":"https:\/\/www.blogsoestado.com\/danielmatos\/wp-json\/wp\/v2\/posts"}],"about":[{"href":"https:\/\/www.blogsoestado.com\/danielmatos\/wp-json\/wp\/v2\/types\/post"}],"replies":[{"embeddable":true,"href":"https:\/\/www.blogsoestado.com\/danielmatos\/wp-json\/wp\/v2\/comments?post=61041"}],"version-history":[{"count":0,"href":"https:\/\/www.blogsoestado.com\/danielmatos\/wp-json\/wp\/v2\/posts\/61041\/revisions"}],"wp:attachment":[{"href":"https:\/\/www.blogsoestado.com\/danielmatos\/wp-json\/wp\/v2\/media?parent=61041"}],"wp:term":[{"taxonomy":"category","embeddable":true,"href":"https:\/\/www.blogsoestado.com\/danielmatos\/wp-json\/wp\/v2\/categories?post=61041"},{"taxonomy":"post_tag","embeddable":true,"href":"https:\/\/www.blogsoestado.com\/danielmatos\/wp-json\/wp\/v2\/tags?post=61041"}],"curies":[{"name":"wp","href":"https:\/\/api.w.org\/{rel}","templated":true}]}}