{"id":61047,"date":"2019-03-12T20:37:54","date_gmt":"2019-03-12T23:37:54","guid":{"rendered":"https:\/\/www.blogsoestado.com\/danielmatos\/?p=61047"},"modified":"2019-03-12T20:37:54","modified_gmt":"2019-03-12T23:37:54","slug":"adriano-apoia-debate-sobre-barragens-no-maranhao","status":"publish","type":"post","link":"https:\/\/www.blogsoestado.com\/danielmatos\/adriano-apoia-debate-sobre-barragens-no-maranhao\/","title":{"rendered":"Adriano apoia debate sobre barragens no Maranh\u00e3o"},"content":{"rendered":"\n<figure class=\"wp-block-image\"><img decoding=\"async\" src=\"https:\/\/www.blogsoestado.com\/danielmatos\/files\/2019\/03\/Adriano-na-reuni\u00e3o-da-comiss\u00e3o-de-Obras-e-Meio-Ambiente-12-03-2019-foto-Nestor-Bezerra-002-1024x683.jpg\" alt=\"\" class=\"wp-image-61048\"\/><figcaption>Deputado Adriano participou de reuni\u00e3o conjunta que debateu situa\u00e7\u00e3o de barragens<\/figcaption><\/figure>\n\n\n\n<p>O deputado estadual Adriano Sarney (PV) participou da reuni\u00e3o conjunta das comiss\u00f5es de Obras e Meio Ambiente, nesta ter\u00e7a-feira, dia 12, na Assembleia Legislativa. Na pauta, avalia\u00e7\u00e3o das barragens nas bacias hidrogr\u00e1ficas do Estado, especialmente a Barragem do Rio Flores e os riscos de um eventual acidente, que pode atingir milhares de pessoas da regi\u00e3o da Bacia do Mearim.<\/p>\n\n\n\n<p>\u201c\u00c9 muito importante esse trabalho que est\u00e1 sendo iniciado na Assembleia para que a gente possa propor solu\u00e7\u00f5es para a preserva\u00e7\u00e3o dos recursos h\u00eddricos do nosso Estado e avaliar a\u00e7\u00f5es para prevenir acidentes e danos ao meio ambiente e \u00e0 popula\u00e7\u00e3o de dezenas de munic\u00edpios da regi\u00e3o\u201d, disse Adriano.<\/p>\n\n\n\n<p>No total s\u00e3o 11 barragens no Maranh\u00e3o e a preocupa\u00e7\u00e3o maior \u00e9 com a falta de manuten\u00e7\u00e3o das obras. A Barragem do Flores, localizada no munic\u00edpio de Josel\u00e2ndia, na Regi\u00e3o Central do Maranh\u00e3o, est\u00e1 sob a responsabilidade do Departamento Nacional de Obras Contra as Secas (DNOCS), mas os parlamentares e demais convidados \u00e0 reuni\u00e3o entendem que a gest\u00e3o da barragem deve ser feita pela Companhia de Desenvolvimento dos Vales do S\u00e3o Francisco e do Parna\u00edba (CODEVASF), pois o DNOCS n\u00e3o tem representa\u00e7\u00e3o no Maranh\u00e3o, diferentemente da CODEFASF.<\/p>\n\n\n\n<figure class=\"wp-block-image\"><img decoding=\"async\" src=\"https:\/\/www.blogsoestado.com\/danielmatos\/files\/2019\/03\/Adriano-na-reuni\u00e3o-da-comiss\u00e3o-de-Obras-e-Meio-Ambiente-12-03-2019-foto-Nestor-Bezerra-001-1024x683.jpg\" alt=\"\" class=\"wp-image-61049\"\/><figcaption>Adriano considerou discuss\u00e3o importante para a busca de solu\u00e7\u00f5es para preserva\u00e7\u00e3o dos recursos h\u00eddricos e preven\u00e7\u00e3o de danos ambientais<\/figcaption><\/figure>\n\n\n\n<p>Neste sentido, est\u00e1 marcado para o pr\u00f3ximo dia 16 uma audi\u00eancia p\u00fablica na C\u00e2mara Municipal de Pedreiras (localizada na Regi\u00e3o Central, que integra dezenas de munic\u00edpios como Esperantin\u00f3polis, Presidente Dutra, S\u00e3o Jos\u00e9 dos Bas\u00edlios e Tuntum) para discutir a situa\u00e7\u00e3o de v\u00e1rias outras barragens na regi\u00e3o, como a do Rio Pericum\u00e3.<\/p>\n\n\n\n<p>Tamb\u00e9m participaram da reuni\u00e3o os deputados Rigo Teles (PV, presidente da Comiss\u00e3o de Meio Ambiente), Felipe dos Pneus (PRTB, presidente da Comiss\u00e3o de Obras), Vinicius Louro (PR), Z\u00e9 Gentil (PRB), Ciro Neto (PP), Mical Damasceno (PTB) e Pastor Cavalcante (PROS); Rita de C\u00e1ssia Cunha, engenheira agr\u00f4noma da Federa\u00e7\u00e3o dos Munic\u00edpios do Estado do Maranh\u00e3o (FAMEM) ; &nbsp;Cleber Branco, representando a sociedade civil; Od\u00e9ssio Ribeiro, secret\u00e1rio de Meio Ambiente de Arari; Ant\u00f4nio de Sousa, Coordenador da Defesa Civil; Ma\u00edsa Moraes, vereadora de S\u00e3o Lu\u00eds Gonzaga; Rog\u00e9rio Jer\u00f4nimo, vereador de S\u00e3o Lu\u00eds Gonzaga; Jos\u00e9 Raimundo Filho, Raimundo Pereira e Manuel Fernandes, do Comit\u00ea de Bacia do Rio Mearim; Jos\u00e9 Oliveira Brito, secret\u00e1rio de Meio Ambiente de Bacabal; Ant\u00f4nio de Fran\u00e7a, prefeito de Pedreiras; Edilson Carvalho, engenheiro da Secretaria de Estado de Ind\u00fastria, Com\u00e9rcio e Energia (SEINC).<\/p>\n\n\n\n<p><\/p>\n","protected":false},"excerpt":{"rendered":"<p>O deputado estadual Adriano Sarney (PV) participou da reuni\u00e3o conjunta das comiss\u00f5es de Obras e Meio Ambiente, nesta ter\u00e7a-feira, dia [&hellip;]<\/p>\n","protected":false},"author":0,"featured_media":0,"comment_status":"open","ping_status":"open","sticky":false,"template":"","format":"standard","meta":{"site-sidebar-layout":"default","site-content-layout":"","ast-site-content-layout":"default","site-content-style":"default","site-sidebar-style":"default","ast-global-header-display":"","ast-banner-title-visibility":"","ast-main-header-display":"","ast-hfb-above-header-display":"","ast-hfb-below-header-display":"","ast-hfb-mobile-header-display":"","site-post-title":"","ast-breadcrumbs-content":"","ast-featured-img":"","footer-sml-layout":"","ast-disable-related-posts":"","theme-transparent-header-meta":"","adv-header-id-meta":"","stick-header-meta":"","header-above-stick-meta":"","header-main-stick-meta":"","header-below-stick-meta":"","astra-migrate-meta-layouts":"default","ast-page-background-enabled":"default","ast-page-background-meta":{"desktop":{"background-color":"var(--ast-global-color-5)","background-image":"","background-repeat":"repeat","background-position":"center center","background-size":"auto","background-attachment":"scroll","background-type":"","background-media":"","overlay-type":"","overlay-color":"","overlay-opacity":"","overlay-gradient":""},"tablet":{"background-color":"","background-image":"","background-repeat":"repeat","background-position":"center center","background-size":"auto","background-attachment":"scroll","background-type":"","background-media":"","overlay-type":"","overlay-color":"","overlay-opacity":"","overlay-gradient":""},"mobile":{"background-color":"","background-image":"","background-repeat":"repeat","background-position":"center center","background-size":"auto","background-attachment":"scroll","background-type":"","background-media":"","overlay-type":"","overlay-color":"","overlay-opacity":"","overlay-gradient":""}},"ast-content-background-meta":{"desktop":{"background-color":"var(--ast-global-color-4)","background-image":"","background-repeat":"repeat","background-position":"center center","background-size":"auto","background-attachment":"scroll","background-type":"","background-media":"","overlay-type":"","overlay-color":"","overlay-opacity":"","overlay-gradient":""},"tablet":{"background-color":"var(--ast-global-color-4)","background-image":"","background-repeat":"repeat","background-position":"center center","background-size":"auto","background-attachment":"scroll","background-type":"","background-media":"","overlay-type":"","overlay-color":"","overlay-opacity":"","overlay-gradient":""},"mobile":{"background-color":"var(--ast-global-color-4)","background-image":"","background-repeat":"repeat","background-position":"center center","background-size":"auto","background-attachment":"scroll","background-type":"","background-media":"","overlay-type":"","overlay-color":"","overlay-opacity":"","overlay-gradient":""}},"footnotes":""},"categories":[1],"tags":[],"class_list":["post-61047","post","type-post","status-publish","format-standard","hentry","category-sem-categoria"],"yoast_head":"<!-- This site is optimized with the Yoast SEO plugin v26.6 - https:\/\/yoast.com\/wordpress\/plugins\/seo\/ -->\n<title>Adriano apoia debate sobre barragens no Maranh\u00e3o - Daniel Matos<\/title>\n<meta name=\"robots\" content=\"index, follow, max-snippet:-1, max-image-preview:large, max-video-preview:-1\" \/>\n<link rel=\"canonical\" href=\"https:\/\/www.blogsoestado.com\/danielmatos\/adriano-apoia-debate-sobre-barragens-no-maranhao\/\" \/>\n<meta property=\"og:locale\" content=\"pt_BR\" \/>\n<meta property=\"og:type\" content=\"article\" \/>\n<meta property=\"og:title\" content=\"Adriano apoia debate sobre barragens no Maranh\u00e3o - Daniel Matos\" \/>\n<meta property=\"og:description\" content=\"O deputado estadual Adriano Sarney (PV) participou da reuni\u00e3o conjunta das comiss\u00f5es de Obras e Meio Ambiente, nesta ter\u00e7a-feira, dia [&hellip;]\" \/>\n<meta property=\"og:url\" content=\"https:\/\/www.blogsoestado.com\/danielmatos\/adriano-apoia-debate-sobre-barragens-no-maranhao\/\" \/>\n<meta property=\"og:site_name\" content=\"Daniel Matos\" \/>\n<meta property=\"article:published_time\" content=\"2019-03-12T23:37:54+00:00\" \/>\n<meta name=\"twitter:card\" content=\"summary_large_image\" \/>\n<meta name=\"twitter:label1\" content=\"Est. tempo de leitura\" \/>\n\t<meta name=\"twitter:data1\" content=\"2 minutos\" \/>\n<script type=\"application\/ld+json\" class=\"yoast-schema-graph\">{\"@context\":\"https:\/\/schema.org\",\"@graph\":[{\"@type\":\"WebPage\",\"@id\":\"https:\/\/www.blogsoestado.com\/danielmatos\/adriano-apoia-debate-sobre-barragens-no-maranhao\/\",\"url\":\"https:\/\/www.blogsoestado.com\/danielmatos\/adriano-apoia-debate-sobre-barragens-no-maranhao\/\",\"name\":\"Adriano apoia debate sobre barragens no Maranh\u00e3o - Daniel Matos\",\"isPartOf\":{\"@id\":\"https:\/\/www.blogsoestado.com\/danielmatos\/#website\"},\"datePublished\":\"2019-03-12T23:37:54+00:00\",\"author\":{\"@id\":\"\"},\"breadcrumb\":{\"@id\":\"https:\/\/www.blogsoestado.com\/danielmatos\/adriano-apoia-debate-sobre-barragens-no-maranhao\/#breadcrumb\"},\"inLanguage\":\"pt-BR\",\"potentialAction\":[{\"@type\":\"ReadAction\",\"target\":[\"https:\/\/www.blogsoestado.com\/danielmatos\/adriano-apoia-debate-sobre-barragens-no-maranhao\/\"]}]},{\"@type\":\"BreadcrumbList\",\"@id\":\"https:\/\/www.blogsoestado.com\/danielmatos\/adriano-apoia-debate-sobre-barragens-no-maranhao\/#breadcrumb\",\"itemListElement\":[{\"@type\":\"ListItem\",\"position\":1,\"name\":\"In\u00edcio\",\"item\":\"https:\/\/www.blogsoestado.com\/danielmatos\/\"},{\"@type\":\"ListItem\",\"position\":2,\"name\":\"Adriano apoia debate sobre barragens no Maranh\u00e3o\"}]},{\"@type\":\"WebSite\",\"@id\":\"https:\/\/www.blogsoestado.com\/danielmatos\/#website\",\"url\":\"https:\/\/www.blogsoestado.com\/danielmatos\/\",\"name\":\"Daniel Matos\",\"description\":\"\",\"potentialAction\":[{\"@type\":\"SearchAction\",\"target\":{\"@type\":\"EntryPoint\",\"urlTemplate\":\"https:\/\/www.blogsoestado.com\/danielmatos\/?s={search_term_string}\"},\"query-input\":{\"@type\":\"PropertyValueSpecification\",\"valueRequired\":true,\"valueName\":\"search_term_string\"}}],\"inLanguage\":\"pt-BR\"}]}<\/script>\n<!-- \/ Yoast SEO plugin. -->","yoast_head_json":{"title":"Adriano apoia debate sobre barragens no Maranh\u00e3o - Daniel Matos","robots":{"index":"index","follow":"follow","max-snippet":"max-snippet:-1","max-image-preview":"max-image-preview:large","max-video-preview":"max-video-preview:-1"},"canonical":"https:\/\/www.blogsoestado.com\/danielmatos\/adriano-apoia-debate-sobre-barragens-no-maranhao\/","og_locale":"pt_BR","og_type":"article","og_title":"Adriano apoia debate sobre barragens no Maranh\u00e3o - Daniel Matos","og_description":"O deputado estadual Adriano Sarney (PV) participou da reuni\u00e3o conjunta das comiss\u00f5es de Obras e Meio Ambiente, nesta ter\u00e7a-feira, dia [&hellip;]","og_url":"https:\/\/www.blogsoestado.com\/danielmatos\/adriano-apoia-debate-sobre-barragens-no-maranhao\/","og_site_name":"Daniel Matos","article_published_time":"2019-03-12T23:37:54+00:00","twitter_card":"summary_large_image","twitter_misc":{"Est. tempo de leitura":"2 minutos"},"schema":{"@context":"https:\/\/schema.org","@graph":[{"@type":"WebPage","@id":"https:\/\/www.blogsoestado.com\/danielmatos\/adriano-apoia-debate-sobre-barragens-no-maranhao\/","url":"https:\/\/www.blogsoestado.com\/danielmatos\/adriano-apoia-debate-sobre-barragens-no-maranhao\/","name":"Adriano apoia debate sobre barragens no Maranh\u00e3o - Daniel Matos","isPartOf":{"@id":"https:\/\/www.blogsoestado.com\/danielmatos\/#website"},"datePublished":"2019-03-12T23:37:54+00:00","author":{"@id":""},"breadcrumb":{"@id":"https:\/\/www.blogsoestado.com\/danielmatos\/adriano-apoia-debate-sobre-barragens-no-maranhao\/#breadcrumb"},"inLanguage":"pt-BR","potentialAction":[{"@type":"ReadAction","target":["https:\/\/www.blogsoestado.com\/danielmatos\/adriano-apoia-debate-sobre-barragens-no-maranhao\/"]}]},{"@type":"BreadcrumbList","@id":"https:\/\/www.blogsoestado.com\/danielmatos\/adriano-apoia-debate-sobre-barragens-no-maranhao\/#breadcrumb","itemListElement":[{"@type":"ListItem","position":1,"name":"In\u00edcio","item":"https:\/\/www.blogsoestado.com\/danielmatos\/"},{"@type":"ListItem","position":2,"name":"Adriano apoia debate sobre barragens no Maranh\u00e3o"}]},{"@type":"WebSite","@id":"https:\/\/www.blogsoestado.com\/danielmatos\/#website","url":"https:\/\/www.blogsoestado.com\/danielmatos\/","name":"Daniel Matos","description":"","potentialAction":[{"@type":"SearchAction","target":{"@type":"EntryPoint","urlTemplate":"https:\/\/www.blogsoestado.com\/danielmatos\/?s={search_term_string}"},"query-input":{"@type":"PropertyValueSpecification","valueRequired":true,"valueName":"search_term_string"}}],"inLanguage":"pt-BR"}]}},"jetpack_featured_media_url":"","_links":{"self":[{"href":"https:\/\/www.blogsoestado.com\/danielmatos\/wp-json\/wp\/v2\/posts\/61047","targetHints":{"allow":["GET"]}}],"collection":[{"href":"https:\/\/www.blogsoestado.com\/danielmatos\/wp-json\/wp\/v2\/posts"}],"about":[{"href":"https:\/\/www.blogsoestado.com\/danielmatos\/wp-json\/wp\/v2\/types\/post"}],"replies":[{"embeddable":true,"href":"https:\/\/www.blogsoestado.com\/danielmatos\/wp-json\/wp\/v2\/comments?post=61047"}],"version-history":[{"count":0,"href":"https:\/\/www.blogsoestado.com\/danielmatos\/wp-json\/wp\/v2\/posts\/61047\/revisions"}],"wp:attachment":[{"href":"https:\/\/www.blogsoestado.com\/danielmatos\/wp-json\/wp\/v2\/media?parent=61047"}],"wp:term":[{"taxonomy":"category","embeddable":true,"href":"https:\/\/www.blogsoestado.com\/danielmatos\/wp-json\/wp\/v2\/categories?post=61047"},{"taxonomy":"post_tag","embeddable":true,"href":"https:\/\/www.blogsoestado.com\/danielmatos\/wp-json\/wp\/v2\/tags?post=61047"}],"curies":[{"name":"wp","href":"https:\/\/api.w.org\/{rel}","templated":true}]}}