{"id":61067,"date":"2019-03-13T13:03:14","date_gmt":"2019-03-13T16:03:14","guid":{"rendered":"https:\/\/www.blogsoestado.com\/danielmatos\/?p=61067"},"modified":"2019-03-13T13:03:14","modified_gmt":"2019-03-13T16:03:14","slug":"provas-do-concurso-da-camara-de-sao-luis-serao-aplicadas-neste-domingo","status":"publish","type":"post","link":"https:\/\/www.blogsoestado.com\/danielmatos\/provas-do-concurso-da-camara-de-sao-luis-serao-aplicadas-neste-domingo\/","title":{"rendered":"Provas do concurso da C\u00e2mara de S\u00e3o Lu\u00eds ser\u00e3o aplicadas neste domingo"},"content":{"rendered":"\n<div class=\"wp-block-image\"><figure class=\"aligncenter\"><img decoding=\"async\" src=\"https:\/\/www.blogsoestado.com\/danielmatos\/files\/2019\/01\/camara-slz.jpg\" alt=\"\" class=\"wp-image-59656\"\/><figcaption>Sede da C\u00e2mara Municipal de S\u00e3o Lu\u00eds, na Rua da Estrela, Praia Grande<\/figcaption><\/figure><\/div>\n\n\n\n<p>Os candidatos inscritos no concurso da C\u00e2mara Municipal de S\u00e3o Lu\u00eds (CMSL) j\u00e1 podem consultar seus locais de provas no site da Funda\u00e7\u00e3o Sous\u00e2ndrade (www.fsadu.org.br), organizadora do certame. A disponibiliza\u00e7\u00e3o das informa\u00e7\u00f5es aos inscritos na sele\u00e7\u00e3o foi feita esta semana e as provas objetivas ser\u00e3o aplicadas no domingo (17).<\/p>\n\n\n\n<p>Ao todo, o processo tem 18.384 candidatos para 116 vagas imediatas e 232 para forma\u00e7\u00e3o de cadastro reserva, para contrata\u00e7\u00e3o conforme necessidade. Os sal\u00e1rios oferecidos variam entre R$ 1.251,73 e R$ 2.565,05.<\/p>\n\n\n\n<p>Dos 18.384 inscritos, 17.972 concorrem para o preenchimento de vagas em cargos de ensino m\u00e9dio e superior, enquanto 412 disputam as duas vagas de procurador. Em m\u00e9dia, h\u00e1 159 candidatos por vaga para o quadro geral da Casa, somando os dois certames.<\/p>\n\n\n\n<p>A maior quantidade de inscritos \u00e9 para o cargo de assistente administrativo (n\u00edvel m\u00e9dio) com 9.798 inscri\u00e7\u00f5es e a menor \u00e9 para os cargos de t\u00e9cnico em comunica\u00e7\u00e3o social para r\u00e1dio (n\u00edvel m\u00e9dio) com 31 inscri\u00e7\u00f5es. No primeiro cargo, ser\u00e3o 25 vagas imediatas e 50 em cadastro de reserva; j\u00e1 para o segundo cargo ser\u00e3o 02 vagas imediatas e 04 em cadastro de reserva.<\/p>\n\n\n\n<p>O certame ser\u00e1 realizado das 8h \u00e0s 12h, para os cargos de n\u00edvel superior (inclusive para o cargo de Procurador); e das 14h \u00e0s 18h para os cargos de n\u00edvel m\u00e9dio. Para ter acesso ao local de prova, sala e hor\u00e1rio, os participantes poder\u00e3o consultar o documento de confirma\u00e7\u00e3o de inscri\u00e7\u00e3o, acessando o link dispon\u00edvel no site da Funda\u00e7\u00e3o Sous\u00e2ndrade (www.fsadu.org.br ) na aba &#8220;local de prova&#8221;. Os candidatos poder\u00e3o entrar em contato com a organizadora do concurso pelos telefones (98) 3221-2276 e 3232-2997 para esclarecer d\u00favidas e\/ou obter outras informa\u00e7\u00f5es.<\/p>\n\n\n\n<p><strong>Cargos<\/strong><\/p>\n\n\n\n<p>O concurso da C\u00e2mara de S\u00e3o Lu\u00eds oferece vagas para os n\u00edveis m\u00e9dio e superior. Al\u00e9m do cargo de procurador. As vagas s\u00e3o de Administrador (09 vagas), Analista de Inform\u00e1tica \u2013 Legislativa (12 vagas), Analista Legislativo (48 vagas), Arquiteto (06 vagas), Assistente Social (06 vagas), Bibliotec\u00e1rio (06 vagas), Contador (06 vagas), Engenheiro Civil (06 vagas), Historiador (06 vagas), Jornalista (24 vagas), Psic\u00f3logo (06 vagas), Radialista (12 vagas), Rela\u00e7\u00f5es P\u00fablicas (06 vagas), Tecn\u00f3logo em Recursos Humanos (09 vagas), Assistente Administrativo (75 vagas), T\u00e9cnico em Assessoramento Legislativo (51 vagas), T\u00e9cnico em Comunica\u00e7\u00e3o Social \u2013 Divulga\u00e7\u00e3o Institucional (06 vagas), T\u00e9cnico em Comunica\u00e7\u00e3o Social \u2013 R\u00e1dio (06 vagas), T\u00e9cnico em Comunica\u00e7\u00e3o Social \u2013 Rela\u00e7\u00f5es P\u00fablicas (12 vagas), T\u00e9cnico em Comunica\u00e7\u00e3o Social \u2013 Rep\u00f3rter Fotogr\u00e1fico (06 vagas), T\u00e9cnico em Comunica\u00e7\u00e3o Social \u2013 Televis\u00e3o (06 vagas), T\u00e9cnico em Inform\u00e1tica (18 vagas) e Procurador (06 vagas).<\/p>\n\n\n\n<p><strong>LOCAIS DE PROVA E ENDERE\u00c7OS:<\/strong><\/p>\n\n\n\n<p>N\u00cdVEL SUPERIOR &#8211; MATUTINO- 8h<\/p>\n\n\n\n<p>CEIN Jo\u00e3o Francisco Lisboa \u2013 CEJOL, na Rua Oswaldo Cruz, sn, Canto da Fabril, S\u00e3o Lu\u00eds;<\/p>\n\n\n\n<p>Col\u00e9gio UPAON-A\u00c7U, na Alameda D, n\u00ba 05, Alto do Calhau, S\u00e3o Lu\u00eds;<\/p>\n\n\n\n<p>Faculdade Pit\u00e1goras \u2013 Turu, na Av. S\u00e3o Lu\u00eds Rei de Fran\u00e7a, n\u00ba 32, Turu, S\u00e3o Lu\u00eds;<\/p>\n\n\n\n<p>Faculdade Santa Terezinha \u2013 CEST, na Av. Casemiro Junior, n\u00ba 12, Anil, S\u00e3o Lu\u00eds;<\/p>\n\n\n\n<p>Faculdade UNINASSAU, na Rua Zo\u00e9 Cerveira, n\u00ba 120, Ivar Saldanha, S\u00e3o Lu\u00eds;<\/p>\n\n\n\n<p>Unidade de Ensino Superior Dom Bosco \u2013 UNDB, na Av. Colares Moreira, n\u00ba 443, Renascen\u00e7a II, S\u00e3o Lu\u00eds.<\/p>\n\n\n\n<p>N\u00cdVEL M\u00c9DIO \u2013 VESPERTINO &#8211; 14h<\/p>\n\n\n\n<p>CE Desembargador Sarney, na Rua Hemeterio Leit\u00e3o, n\u00ba 173, S\u00e3o Francisco, S\u00e3o Lu\u00eds;<\/p>\n\n\n\n<p>CE Dr. Geraldo Melo, na Rua Gama Lobo, IV Conjunto, sn, (antiga rua 16) Cohab Anil, S\u00e3o Lu\u00eds;<\/p>\n\n\n\n<p>CE Prof. Jos\u00e9 do Nascimento Moraes, na Avenida 03, sn, Vinhais, S\u00e3o Lu\u00eds;<\/p>\n\n\n\n<p>CEI Maria Monica Vale, na Rua 13, sn, Vinhais, S\u00e3o Lu\u00eds;<\/p>\n\n\n\n<p>CEIN Dr. Jo\u00e3o Bacelar Portela, na Av. Jorge Damous, sn, Ivar Saldanha, S\u00e3o Lu\u00eds;<\/p>\n\n\n\n<p>CEIN Jo\u00e3o Francisco Lisboa \u2013 CEJOL, na Rua Oswaldo Cruz, sn, Canto da Fabril, S\u00e3o Lu\u00eds;<\/p>\n\n\n\n<p>Col\u00e9gio UPAON-A\u00c7U, na Alameda D, n\u00ba 05, Alto do Calhau, S\u00e3o Lu\u00eds;<\/p>\n\n\n\n<p>Faculdade EDUFOR, na Av. S\u00e3o Lu\u00eds Rei de Fran\u00e7a, Turu, S\u00e3o Lu\u00eds;<\/p>\n\n\n\n<p>Faculdade Est\u00e1cio, na Rua Oswaldo Cruz, n\u00ba 1455, Canto da Fabril, S\u00e3o Lu\u00eds;<\/p>\n\n\n\n<p>Faculdade Pit\u00e1goras \u2013 Turu, na Av. S\u00e3o Lu\u00eds Rei de Fran\u00e7a, n\u00ba 32, Turu, S\u00e3o Lu\u00eds;<\/p>\n\n\n\n<p>Faculdade Santa Terezinha \u2013 CEST, na Av. Casemiro Junior, n\u00ba 12, Anil, S\u00e3o Lu\u00eds;<\/p>\n\n\n\n<p>Faculdade UNINASSAU, na Rua Zo\u00e9 Cerveira, n\u00ba 120, Ivar Saldanha, S\u00e3o Lu\u00eds;<\/p>\n\n\n\n<p>Instituto Federal de Educa\u00e7\u00e3o, Ci\u00eancia e Tecnologia &#8211; IFMA \u2013 ANEXO, na Av. Getulio Vargas, n\u00ba 4, Monte Castelo, S\u00e3o Lu\u00eds;<\/p>\n\n\n\n<p>Liceu Maranhense, no Parque Urbano, sn, Centro, S\u00e3o Lu\u00eds;<\/p>\n\n\n\n<p>UI Renascen\u00e7a, na Rua das Laranjeiras, sn, Renascen\u00e7a, S\u00e3o Lu\u00eds;<\/p>\n\n\n\n<p>PROVA PARA PROCURADOR<\/p>\n\n\n\n<p>Unidade de Ensino Superior Dom Bosco \u2013 UNDB, na Av. Colares Moreira, n\u00ba 443, Renascen\u00e7a II, S\u00e3o Lu\u00eds.<\/p>\n","protected":false},"excerpt":{"rendered":"<p>Os candidatos inscritos no concurso da C\u00e2mara Municipal de S\u00e3o Lu\u00eds (CMSL) j\u00e1 podem consultar seus locais de provas no [&hellip;]<\/p>\n","protected":false},"author":0,"featured_media":0,"comment_status":"open","ping_status":"open","sticky":false,"template":"","format":"standard","meta":{"site-sidebar-layout":"default","site-content-layout":"","ast-site-content-layout":"default","site-content-style":"default","site-sidebar-style":"default","ast-global-header-display":"","ast-banner-title-visibility":"","ast-main-header-display":"","ast-hfb-above-header-display":"","ast-hfb-below-header-display":"","ast-hfb-mobile-header-display":"","site-post-title":"","ast-breadcrumbs-content":"","ast-featured-img":"","footer-sml-layout":"","ast-disable-related-posts":"","theme-transparent-header-meta":"","adv-header-id-meta":"","stick-header-meta":"","header-above-stick-meta":"","header-main-stick-meta":"","header-below-stick-meta":"","astra-migrate-meta-layouts":"default","ast-page-background-enabled":"default","ast-page-background-meta":{"desktop":{"background-color":"var(--ast-global-color-5)","background-image":"","background-repeat":"repeat","background-position":"center center","background-size":"auto","background-attachment":"scroll","background-type":"","background-media":"","overlay-type":"","overlay-color":"","overlay-opacity":"","overlay-gradient":""},"tablet":{"background-color":"","background-image":"","background-repeat":"repeat","background-position":"center center","background-size":"auto","background-attachment":"scroll","background-type":"","background-media":"","overlay-type":"","overlay-color":"","overlay-opacity":"","overlay-gradient":""},"mobile":{"background-color":"","background-image":"","background-repeat":"repeat","background-position":"center center","background-size":"auto","background-attachment":"scroll","background-type":"","background-media":"","overlay-type":"","overlay-color":"","overlay-opacity":"","overlay-gradient":""}},"ast-content-background-meta":{"desktop":{"background-color":"var(--ast-global-color-4)","background-image":"","background-repeat":"repeat","background-position":"center center","background-size":"auto","background-attachment":"scroll","background-type":"","background-media":"","overlay-type":"","overlay-color":"","overlay-opacity":"","overlay-gradient":""},"tablet":{"background-color":"var(--ast-global-color-4)","background-image":"","background-repeat":"repeat","background-position":"center center","background-size":"auto","background-attachment":"scroll","background-type":"","background-media":"","overlay-type":"","overlay-color":"","overlay-opacity":"","overlay-gradient":""},"mobile":{"background-color":"var(--ast-global-color-4)","background-image":"","background-repeat":"repeat","background-position":"center center","background-size":"auto","background-attachment":"scroll","background-type":"","background-media":"","overlay-type":"","overlay-color":"","overlay-opacity":"","overlay-gradient":""}},"footnotes":""},"categories":[1],"tags":[],"class_list":["post-61067","post","type-post","status-publish","format-standard","hentry","category-sem-categoria"],"yoast_head":"<!-- This site is optimized with the Yoast SEO plugin v26.6 - https:\/\/yoast.com\/wordpress\/plugins\/seo\/ -->\n<title>Provas do concurso da C\u00e2mara de S\u00e3o Lu\u00eds ser\u00e3o aplicadas neste domingo - Daniel Matos<\/title>\n<meta name=\"robots\" content=\"index, follow, max-snippet:-1, max-image-preview:large, max-video-preview:-1\" \/>\n<link rel=\"canonical\" href=\"https:\/\/www.blogsoestado.com\/danielmatos\/provas-do-concurso-da-camara-de-sao-luis-serao-aplicadas-neste-domingo\/\" \/>\n<meta property=\"og:locale\" content=\"pt_BR\" \/>\n<meta property=\"og:type\" content=\"article\" \/>\n<meta property=\"og:title\" content=\"Provas do concurso da C\u00e2mara de S\u00e3o Lu\u00eds ser\u00e3o aplicadas neste domingo - Daniel Matos\" \/>\n<meta property=\"og:description\" content=\"Os candidatos inscritos no concurso da C\u00e2mara Municipal de S\u00e3o Lu\u00eds (CMSL) j\u00e1 podem consultar seus locais de provas no [&hellip;]\" \/>\n<meta property=\"og:url\" content=\"https:\/\/www.blogsoestado.com\/danielmatos\/provas-do-concurso-da-camara-de-sao-luis-serao-aplicadas-neste-domingo\/\" \/>\n<meta property=\"og:site_name\" content=\"Daniel Matos\" \/>\n<meta property=\"article:published_time\" content=\"2019-03-13T16:03:14+00:00\" \/>\n<meta property=\"og:image\" content=\"https:\/\/www.blogsoestado.com\/danielmatos\/files\/2019\/01\/camara-slz.jpg\" \/>\n<meta name=\"twitter:card\" content=\"summary_large_image\" \/>\n<meta name=\"twitter:label1\" content=\"Est. tempo de leitura\" \/>\n\t<meta name=\"twitter:data1\" content=\"4 minutos\" \/>\n<script type=\"application\/ld+json\" class=\"yoast-schema-graph\">{\"@context\":\"https:\/\/schema.org\",\"@graph\":[{\"@type\":\"WebPage\",\"@id\":\"https:\/\/www.blogsoestado.com\/danielmatos\/provas-do-concurso-da-camara-de-sao-luis-serao-aplicadas-neste-domingo\/\",\"url\":\"https:\/\/www.blogsoestado.com\/danielmatos\/provas-do-concurso-da-camara-de-sao-luis-serao-aplicadas-neste-domingo\/\",\"name\":\"Provas do concurso da C\u00e2mara de S\u00e3o Lu\u00eds ser\u00e3o aplicadas neste domingo - Daniel Matos\",\"isPartOf\":{\"@id\":\"https:\/\/www.blogsoestado.com\/danielmatos\/#website\"},\"primaryImageOfPage\":{\"@id\":\"https:\/\/www.blogsoestado.com\/danielmatos\/provas-do-concurso-da-camara-de-sao-luis-serao-aplicadas-neste-domingo\/#primaryimage\"},\"image\":{\"@id\":\"https:\/\/www.blogsoestado.com\/danielmatos\/provas-do-concurso-da-camara-de-sao-luis-serao-aplicadas-neste-domingo\/#primaryimage\"},\"thumbnailUrl\":\"https:\/\/www.blogsoestado.com\/danielmatos\/files\/2019\/01\/camara-slz.jpg\",\"datePublished\":\"2019-03-13T16:03:14+00:00\",\"author\":{\"@id\":\"\"},\"breadcrumb\":{\"@id\":\"https:\/\/www.blogsoestado.com\/danielmatos\/provas-do-concurso-da-camara-de-sao-luis-serao-aplicadas-neste-domingo\/#breadcrumb\"},\"inLanguage\":\"pt-BR\",\"potentialAction\":[{\"@type\":\"ReadAction\",\"target\":[\"https:\/\/www.blogsoestado.com\/danielmatos\/provas-do-concurso-da-camara-de-sao-luis-serao-aplicadas-neste-domingo\/\"]}]},{\"@type\":\"ImageObject\",\"inLanguage\":\"pt-BR\",\"@id\":\"https:\/\/www.blogsoestado.com\/danielmatos\/provas-do-concurso-da-camara-de-sao-luis-serao-aplicadas-neste-domingo\/#primaryimage\",\"url\":\"https:\/\/www.blogsoestado.com\/danielmatos\/files\/2019\/01\/camara-slz.jpg\",\"contentUrl\":\"https:\/\/www.blogsoestado.com\/danielmatos\/files\/2019\/01\/camara-slz.jpg\"},{\"@type\":\"BreadcrumbList\",\"@id\":\"https:\/\/www.blogsoestado.com\/danielmatos\/provas-do-concurso-da-camara-de-sao-luis-serao-aplicadas-neste-domingo\/#breadcrumb\",\"itemListElement\":[{\"@type\":\"ListItem\",\"position\":1,\"name\":\"In\u00edcio\",\"item\":\"https:\/\/www.blogsoestado.com\/danielmatos\/\"},{\"@type\":\"ListItem\",\"position\":2,\"name\":\"Provas do concurso da C\u00e2mara de S\u00e3o Lu\u00eds ser\u00e3o aplicadas neste domingo\"}]},{\"@type\":\"WebSite\",\"@id\":\"https:\/\/www.blogsoestado.com\/danielmatos\/#website\",\"url\":\"https:\/\/www.blogsoestado.com\/danielmatos\/\",\"name\":\"Daniel Matos\",\"description\":\"\",\"potentialAction\":[{\"@type\":\"SearchAction\",\"target\":{\"@type\":\"EntryPoint\",\"urlTemplate\":\"https:\/\/www.blogsoestado.com\/danielmatos\/?s={search_term_string}\"},\"query-input\":{\"@type\":\"PropertyValueSpecification\",\"valueRequired\":true,\"valueName\":\"search_term_string\"}}],\"inLanguage\":\"pt-BR\"}]}<\/script>\n<!-- \/ Yoast SEO plugin. -->","yoast_head_json":{"title":"Provas do concurso da C\u00e2mara de S\u00e3o Lu\u00eds ser\u00e3o aplicadas neste domingo - Daniel Matos","robots":{"index":"index","follow":"follow","max-snippet":"max-snippet:-1","max-image-preview":"max-image-preview:large","max-video-preview":"max-video-preview:-1"},"canonical":"https:\/\/www.blogsoestado.com\/danielmatos\/provas-do-concurso-da-camara-de-sao-luis-serao-aplicadas-neste-domingo\/","og_locale":"pt_BR","og_type":"article","og_title":"Provas do concurso da C\u00e2mara de S\u00e3o Lu\u00eds ser\u00e3o aplicadas neste domingo - Daniel Matos","og_description":"Os candidatos inscritos no concurso da C\u00e2mara Municipal de S\u00e3o Lu\u00eds (CMSL) j\u00e1 podem consultar seus locais de provas no [&hellip;]","og_url":"https:\/\/www.blogsoestado.com\/danielmatos\/provas-do-concurso-da-camara-de-sao-luis-serao-aplicadas-neste-domingo\/","og_site_name":"Daniel Matos","article_published_time":"2019-03-13T16:03:14+00:00","og_image":[{"url":"https:\/\/www.blogsoestado.com\/danielmatos\/files\/2019\/01\/camara-slz.jpg","type":"","width":"","height":""}],"twitter_card":"summary_large_image","twitter_misc":{"Est. tempo de leitura":"4 minutos"},"schema":{"@context":"https:\/\/schema.org","@graph":[{"@type":"WebPage","@id":"https:\/\/www.blogsoestado.com\/danielmatos\/provas-do-concurso-da-camara-de-sao-luis-serao-aplicadas-neste-domingo\/","url":"https:\/\/www.blogsoestado.com\/danielmatos\/provas-do-concurso-da-camara-de-sao-luis-serao-aplicadas-neste-domingo\/","name":"Provas do concurso da C\u00e2mara de S\u00e3o Lu\u00eds ser\u00e3o aplicadas neste domingo - Daniel Matos","isPartOf":{"@id":"https:\/\/www.blogsoestado.com\/danielmatos\/#website"},"primaryImageOfPage":{"@id":"https:\/\/www.blogsoestado.com\/danielmatos\/provas-do-concurso-da-camara-de-sao-luis-serao-aplicadas-neste-domingo\/#primaryimage"},"image":{"@id":"https:\/\/www.blogsoestado.com\/danielmatos\/provas-do-concurso-da-camara-de-sao-luis-serao-aplicadas-neste-domingo\/#primaryimage"},"thumbnailUrl":"https:\/\/www.blogsoestado.com\/danielmatos\/files\/2019\/01\/camara-slz.jpg","datePublished":"2019-03-13T16:03:14+00:00","author":{"@id":""},"breadcrumb":{"@id":"https:\/\/www.blogsoestado.com\/danielmatos\/provas-do-concurso-da-camara-de-sao-luis-serao-aplicadas-neste-domingo\/#breadcrumb"},"inLanguage":"pt-BR","potentialAction":[{"@type":"ReadAction","target":["https:\/\/www.blogsoestado.com\/danielmatos\/provas-do-concurso-da-camara-de-sao-luis-serao-aplicadas-neste-domingo\/"]}]},{"@type":"ImageObject","inLanguage":"pt-BR","@id":"https:\/\/www.blogsoestado.com\/danielmatos\/provas-do-concurso-da-camara-de-sao-luis-serao-aplicadas-neste-domingo\/#primaryimage","url":"https:\/\/www.blogsoestado.com\/danielmatos\/files\/2019\/01\/camara-slz.jpg","contentUrl":"https:\/\/www.blogsoestado.com\/danielmatos\/files\/2019\/01\/camara-slz.jpg"},{"@type":"BreadcrumbList","@id":"https:\/\/www.blogsoestado.com\/danielmatos\/provas-do-concurso-da-camara-de-sao-luis-serao-aplicadas-neste-domingo\/#breadcrumb","itemListElement":[{"@type":"ListItem","position":1,"name":"In\u00edcio","item":"https:\/\/www.blogsoestado.com\/danielmatos\/"},{"@type":"ListItem","position":2,"name":"Provas do concurso da C\u00e2mara de S\u00e3o Lu\u00eds ser\u00e3o aplicadas neste domingo"}]},{"@type":"WebSite","@id":"https:\/\/www.blogsoestado.com\/danielmatos\/#website","url":"https:\/\/www.blogsoestado.com\/danielmatos\/","name":"Daniel Matos","description":"","potentialAction":[{"@type":"SearchAction","target":{"@type":"EntryPoint","urlTemplate":"https:\/\/www.blogsoestado.com\/danielmatos\/?s={search_term_string}"},"query-input":{"@type":"PropertyValueSpecification","valueRequired":true,"valueName":"search_term_string"}}],"inLanguage":"pt-BR"}]}},"jetpack_featured_media_url":"","_links":{"self":[{"href":"https:\/\/www.blogsoestado.com\/danielmatos\/wp-json\/wp\/v2\/posts\/61067","targetHints":{"allow":["GET"]}}],"collection":[{"href":"https:\/\/www.blogsoestado.com\/danielmatos\/wp-json\/wp\/v2\/posts"}],"about":[{"href":"https:\/\/www.blogsoestado.com\/danielmatos\/wp-json\/wp\/v2\/types\/post"}],"replies":[{"embeddable":true,"href":"https:\/\/www.blogsoestado.com\/danielmatos\/wp-json\/wp\/v2\/comments?post=61067"}],"version-history":[{"count":0,"href":"https:\/\/www.blogsoestado.com\/danielmatos\/wp-json\/wp\/v2\/posts\/61067\/revisions"}],"wp:attachment":[{"href":"https:\/\/www.blogsoestado.com\/danielmatos\/wp-json\/wp\/v2\/media?parent=61067"}],"wp:term":[{"taxonomy":"category","embeddable":true,"href":"https:\/\/www.blogsoestado.com\/danielmatos\/wp-json\/wp\/v2\/categories?post=61067"},{"taxonomy":"post_tag","embeddable":true,"href":"https:\/\/www.blogsoestado.com\/danielmatos\/wp-json\/wp\/v2\/tags?post=61067"}],"curies":[{"name":"wp","href":"https:\/\/api.w.org\/{rel}","templated":true}]}}