{"id":61069,"date":"2019-03-14T13:28:46","date_gmt":"2019-03-14T16:28:46","guid":{"rendered":"https:\/\/www.blogsoestado.com\/danielmatos\/?p=61069"},"modified":"2019-03-14T13:28:46","modified_gmt":"2019-03-14T16:28:46","slug":"governo-iniciara-recuperacao-da-ma-034-em-caxias-a-pedido-do-deputado-ze-gentil","status":"publish","type":"post","link":"https:\/\/www.blogsoestado.com\/danielmatos\/governo-iniciara-recuperacao-da-ma-034-em-caxias-a-pedido-do-deputado-ze-gentil\/","title":{"rendered":"Governo iniciar\u00e1 recupera\u00e7\u00e3o da MA-034, em Caxias, a pedido do deputado Z\u00e9 Gentil"},"content":{"rendered":"\n<p class=\"has-text-color has-large-font-size has-vivid-red-color\">De volta \u00e0 Assembleia Legislativa ap\u00f3s 18 anos, parlamentar fez um breve retrospecto dos seus primeiros 40 dias de mandato<\/p>\n\n\n\n<figure class=\"wp-block-image\"><img decoding=\"async\" src=\"https:\/\/www.blogsoestado.com\/danielmatos\/files\/2019\/03\/ze-gentil-balan\u00e7o.jpg\" alt=\"\" class=\"wp-image-61093\"\/><figcaption>Deputado Z\u00e9 Gentil comemora aprova\u00e7\u00e3o do projeto de lei e defende uni\u00e3o em prol dos interesses do povo de Caxias<\/figcaption><\/figure>\n\n\n\n<p>Uma das reivindica\u00e7\u00f5es apresentadas pelo deputado estadual Z\u00e9 Gentil (PRB) ao Governo do Estado nos primeiros 40 dias de mandato ser\u00e1 atendida imediatamente. Em reconhecimento \u00e0 necessidade da obra, a Secretaria de Estado da Infraestrutura (Sinfra) iniciar\u00e1, nos pr\u00f3ximos dias, a recupera\u00e7\u00e3o do trecho da MA-034, na sede do povoado Ba\u00fa, com duplica\u00e7\u00e3o do trecho da BR-316 at\u00e9 a entrada do Parque Balne\u00e1rio Veneza, em Caxias. A interven\u00e7\u00e3o tornar\u00e1 mais \u00e1gil o fluxo de tr\u00e1fego e reduzir\u00e1 o risco de acidentes no acesso ao importante p\u00f3lo tur\u00edstico da Regi\u00e3o dos Cocais.      <\/p>\n\n\n\n<p>Z\u00e9 Gentil e o colega deputado Adelmo Soares aproveitaram a presen\u00e7a do vice-governador Carlos Brand\u00e3o \u00e0 inaugura\u00e7\u00e3o de um trecho rodovi\u00e1rio em Parnarama, em 11 de fevereiro, para reivindicar a obra em Caxias. Pouco mais de um m\u00eas depois, veio a resposta positiva. &#8220;O construtor me telefonou para informar que j\u00e1 deslocou equipes para a \u00e1rea para come\u00e7ar a recupera\u00e7\u00e3o&#8221;, afirmou, acrescentando que estar\u00e1 no Balne\u00e1rio Veneza neste fim de semana para conferir <em>in loco<\/em> a execu\u00e7\u00e3o do servi\u00e7o.<\/p>\n\n\n\n<p><strong>Retorno \u00e0 pol\u00edtica<\/strong><\/p>\n\n\n\n<p>Ao relembrar a raz\u00e3o que o levou a disputar novamente a elei\u00e7\u00e3o de deputado estadual, ap\u00f3s 18 anos fora do parlamento, Z\u00e9 Gentil explicou que foi a forma que encontrou de ajudar o filho, F\u00e1bio Gentil, atual prefeito de Caxias. &#8220;Eu vi a necessidade que o F\u00e1bio tinha de ter um representante em S\u00e3o Lu\u00eds, pois era complicado administrar a cidade e viajar \u00e0 capital do estado e a Bras\u00edlia em busca de recursos. Ap\u00f3s muitas conversas com ele, resolvi tentar voltar e colocar meu nome novamente \u00e0 disposi\u00e7\u00e3o do povo&#8221;, recordou.<\/p>\n\n\n\n<p>A resposta das urnas n\u00e3o poderia ter sido mais positiva. Z\u00e9 Gentil foi muito bem votado. S\u00f3 em Caxias, obteve quase 32 mil votos, de um total de 62.364, a quarta maior vota\u00e7\u00e3o entre os eleitos. &#8220;Nenhum outro candidato a deputado estadual, em toda a hist\u00f3ria, conquistou vota\u00e7\u00e3o t\u00e3o expressiva em Caxias&#8221;, diz, orgulhoso, relembrando que em seus dois primeiros mandatos de deputado estadual tamb\u00e9m fora o mais votado na cidade, at\u00e9 ent\u00e3o.<\/p>\n\n\n\n<p>Consagrado nas urnas, o experiente pol\u00edtico diz que tem procurado, desde que tomou posse, cumprir todas as suas obriga\u00e7\u00f5es como parlamentar, sempre com a miss\u00e3o primordial de ajudar o povo caxiense. &#8220;Em Caxias, todos os que me conhecem sabem que n\u00e3o minto, que costumo expor a verdade das minhas atitudes&#8221;, ressaltou. Z\u00e9 Gentil admite que tem mantido boa rela\u00e7\u00e3o com a deputada Cleide Coutinho e com o deputado Adelmo Soares, tamb\u00e9m representantes de Caxias. &#8220;Estamos unidos no parlamento em benef\u00edcio do povo de Caxias. O futuro pol\u00edtico se resolve na ocasi\u00e3o, daqui a um ano e meio, dois anos, agora n\u00e3o. &#8220;Vamos esquecer as disputas pol\u00edticas neste momento, pois o povo de Caxias aguarda, com as melhores expectativas, o resultado do nosso trabalho&#8221;, defendeu.<\/p>\n\n\n\n<p>Z\u00e9 Gentil fez quest\u00e3o de destacar a boa rela\u00e7\u00e3o com todos os demais parlamentares e a aten\u00e7\u00e3o que vem recebendo do presidente da Assembleia Legislativa, Othelino Neto, que j\u00e1 era seu amigo e, segundo ele, tornou-se mais ainda depois que ele assumiu o mandato.  <\/p>\n\n\n\n<p><strong>Projeto aprovado<\/strong><\/p>\n\n\n\n<p>Em menos de um m\u00eas de mandato, Z\u00e9 Gentil conseguiu aprovar um projeto de lei que, uma vez sancionado, ser\u00e1 de grande relev\u00e2ncia para os maranhenses. Trata-de do RG+, assinado em conjunto com o deputado Duarte Jr. (ambos apresentaram propostas semelhantes no mesmo dia), que prev\u00ea a inclus\u00e3o, na carteira de identidade, de informa\u00e7\u00f5es de outros documentos e condi\u00e7\u00f5es de sa\u00fade especiais do titular, al\u00e9m da tipagem sangu\u00ednea. <\/p>\n\n\n\n<p>Z\u00e9 Gentil lembra que teve a ideia antes mesmo de ser candidato e que chegou a sugerir a um vereador caxiense que apresentasse uma indica\u00e7\u00e3o com o mesmo teor. <\/p>\n\n\n\n<p><strong>Porto seco<\/strong> <\/p>\n\n\n\n<p>O deputado destacou, ainda, o projeto que prev\u00ea a instala\u00e7\u00e3o de um<a href=\"https:\/\/www.blogsoestado.com\/danielmatos\/2019\/01\/29\/prefeito-fabio-gentil-assina-protocolo-de-intencoes-com-a-emap-e-porto-seco-em-caxias-comeca-a-virar-realidade\/\"> porto seco em Caxias<\/a> e diz que considera o projeto vi\u00e1vel. A fim de aprofundar as discuss\u00f5es sobre o empreendimento, ele <a href=\"https:\/\/www.blogsoestado.com\/danielmatos\/2019\/03\/13\/deputado-ze-gentil-debate-com-vice-governador-instalacao-de-porto-seco-em-caxias\/\">se reuniu com o vice-governador Carlos Brand\u00e3o<\/a>, nessa quarta-feira (13), ocasi\u00e3o em que agendaram uma viagem a S\u00e3o Paulo, na pr\u00f3xima semana, para participar, junto com o prefeito F\u00e1bio Gentil, da 25\u00aa edi\u00e7\u00e3o da Intermodal South Am\u00e9rica, em S\u00e3o Paulo, evento no qual ser\u00e3o apresentadas inova\u00e7\u00f5es para implanta\u00e7\u00e3o de portos secos.  &#8220;O vice-governador demonstrou grande interesse na instala\u00e7\u00e3o do porto seco em Caxias e reafirmou o interesse durante a reuni\u00e3o. Senti nele essa vontade&#8221;, afirmou.<\/p>\n\n\n\n<p>Sobre o levantamento de recursos para a instala\u00e7\u00e3o do empreendimento, ele considera n\u00e3o ser o momento, ainda, de tratar dessa quest\u00e3o. &#8220;Sabemos que n\u00e3o \u00e9 f\u00e1cil, mas tamb\u00e9m n\u00e3o \u00e9 t\u00e3o dif\u00edcil. O projeto \u00e9 caro, mas trar\u00e1 muitos benef\u00edcios para Caxias, como gera\u00e7\u00e3o de emprego e renda para o povo com a atra\u00e7\u00e3o de empresas para a regi\u00e3o&#8221;, salientou.<\/p>\n\n\n\n<p><strong>Assembleia Itinerante<\/strong><\/p>\n\n\n\n<p>Z\u00e9 Gentil tamb\u00e9m falou sobre a Assembleia Itinerante, outra proposta de sua autoria apresentada em plen\u00e1rio, com o objetivo de tornar o parlamento presente em todas as regi\u00f5es do Maranh\u00e3o. Ele informou que j\u00e1 colheu as assinaturas de 90% dos deputados e que o presidente Othelino Neto demonstrou ter acolhido a iniciativa. &#8220;Esta semana, cobrei do presidente uma posi\u00e7\u00e3o e ele determinou que a proposta fosse colocada em em pauta at\u00e9, no m\u00e1ximo, a pr\u00f3xima segunda-feira&#8221;, comemorou.<\/p>\n\n\n\n<p>Quanto aos benef\u00edcios da Assembleia Itinerante, ele acredita que s\u00e3o muitos, com base na experi\u00eancia que viveu em seu \u00faltimo mandato parlamentar, quando o projeto Governo Itinerante (criado pela ent\u00e3o governadora Roseana Sarney) levou a\u00e7\u00f5es do Estado a todos os munic\u00edpios. &#8220;Na \u00e9poca, pude ver que todas cidades tiraram proveito da iniciativa&#8221;, recorda. O deputado sugere que a Assembleia Itinerante inicie suas atividades t\u00e3o logo termine o per\u00edodo chuvoso.<\/p>\n\n\n\n<p>Ao comentar os futuros benef\u00edcios da Assembleia Itinerante para a Regi\u00e3o dos Cocais, que re\u00fane 41 munic\u00edpios e t\u00eam Caxias como cidade-polo, ele cr\u00ea na import\u00e2ncia do programa como oportunidade para o povo apresentar suas reivindica\u00e7\u00f5es aos governantes sem precisar se deslocar a S\u00e3o Lu\u00eds, como acontece hoje. &#8220;Em vez de viajar \u00e0 capital e protestar em frente ao Pal\u00e1cio dos Le\u00f5es, as pessoas poderiam dialogar com os representantes do governo em Caxias&#8221;, destaca.<\/p>\n\n\n\n<p><strong>Di\u00e1logo com o governo<\/strong><\/p>\n\n\n\n<p>O deputado disse que ainda n\u00e3o teve a oportunidade de conversar com o governador Fl\u00e1vio Dino (PCdoB), mas informou que uma reuni\u00e3o nesse sentido est\u00e1 sendo agendada. Segundo Z\u00e9 Gentil, t\u00e3o logo seja recebido pelo chefe do Executivo, solicitar\u00e1 a divis\u00e3o das 15 diretorias regionais subordinadas ao governo, hoje concentradas nas m\u00e3os de um s\u00f3 grupo pol\u00edtico. &#8220;J\u00e1 estive conversando com a deputada Cleide Coutinho e na ocasi\u00e3o argumentamos que agora somos tr\u00eas deputados e que esses cargos devem ser repartidos. O ideal seria cinco para cada um&#8221;, defendeu.<\/p>\n\n\n\n<p>Ainda de acordo com Z\u00e9 Gentil, a aproxima\u00e7\u00e3o com Fl\u00e1vio Dino ser\u00e1 importante para sentir quais inten\u00e7\u00f5es ele tem para com o munic\u00edpio de Caxias.<\/p>\n\n\n\n<p><strong>Emendas<\/strong>      <\/p>\n\n\n\n<p>Em rela\u00e7\u00e3o \u00e0s eventuais emendas parlamentares a serem destinadas pelo seu mandato, ele diz que o ideal seria torn\u00e1-las impositivas, por meio de mudan\u00e7a na legisla\u00e7\u00e3o. &#8220;Pela lei atual, o governo paga as emendas se quiser&#8221;, frisou. Ele questiona o modelo e diz que n\u00e3o entende por que ele persiste, j\u00e1 que at\u00e9 na C\u00e2mara Municipal de S\u00e3o Lu\u00eds as emendas s\u00e3o impositivas. <\/p>\n\n\n\n<p>Sobre a destina\u00e7\u00e3o dos recursos que, eventualmente, vier a obter do governo, por meio de emendas parlamentares, ele pretende criar, no espa\u00e7o onde funcionou a Uni\u00e3o Art\u00edstica de Caxias, um restaurante popular para atender o contingente expressivo de pessoas oriundas do 1\u00ba, 2\u00ba e 3\u00ba distritos do munic\u00edpios que permanecem, durante a semana, na regi\u00e3o da Trizidela, sem nenhum acolhimento, sem alimenta\u00e7\u00e3o, sem banheiros e outras instala\u00e7\u00f5es. Z\u00e9 Gentil prev\u00ea que nos pr\u00f3ximos 10 ou 15 dias apresentar\u00e1 suas solicita\u00e7\u00f5es de emendas.      <\/p>\n","protected":false},"excerpt":{"rendered":"<p>De volta \u00e0 Assembleia Legislativa ap\u00f3s 18 anos, parlamentar fez um breve retrospecto dos seus primeiros 40 dias de mandato [&hellip;]<\/p>\n","protected":false},"author":0,"featured_media":0,"comment_status":"open","ping_status":"open","sticky":false,"template":"","format":"standard","meta":{"site-sidebar-layout":"default","site-content-layout":"","ast-site-content-layout":"default","site-content-style":"default","site-sidebar-style":"default","ast-global-header-display":"","ast-banner-title-visibility":"","ast-main-header-display":"","ast-hfb-above-header-display":"","ast-hfb-below-header-display":"","ast-hfb-mobile-header-display":"","site-post-title":"","ast-breadcrumbs-content":"","ast-featured-img":"","footer-sml-layout":"","ast-disable-related-posts":"","theme-transparent-header-meta":"","adv-header-id-meta":"","stick-header-meta":"","header-above-stick-meta":"","header-main-stick-meta":"","header-below-stick-meta":"","astra-migrate-meta-layouts":"default","ast-page-background-enabled":"default","ast-page-background-meta":{"desktop":{"background-color":"var(--ast-global-color-5)","background-image":"","background-repeat":"repeat","background-position":"center center","background-size":"auto","background-attachment":"scroll","background-type":"","background-media":"","overlay-type":"","overlay-color":"","overlay-opacity":"","overlay-gradient":""},"tablet":{"background-color":"","background-image":"","background-repeat":"repeat","background-position":"center center","background-size":"auto","background-attachment":"scroll","background-type":"","background-media":"","overlay-type":"","overlay-color":"","overlay-opacity":"","overlay-gradient":""},"mobile":{"background-color":"","background-image":"","background-repeat":"repeat","background-position":"center center","background-size":"auto","background-attachment":"scroll","background-type":"","background-media":"","overlay-type":"","overlay-color":"","overlay-opacity":"","overlay-gradient":""}},"ast-content-background-meta":{"desktop":{"background-color":"var(--ast-global-color-4)","background-image":"","background-repeat":"repeat","background-position":"center center","background-size":"auto","background-attachment":"scroll","background-type":"","background-media":"","overlay-type":"","overlay-color":"","overlay-opacity":"","overlay-gradient":""},"tablet":{"background-color":"var(--ast-global-color-4)","background-image":"","background-repeat":"repeat","background-position":"center center","background-size":"auto","background-attachment":"scroll","background-type":"","background-media":"","overlay-type":"","overlay-color":"","overlay-opacity":"","overlay-gradient":""},"mobile":{"background-color":"var(--ast-global-color-4)","background-image":"","background-repeat":"repeat","background-position":"center center","background-size":"auto","background-attachment":"scroll","background-type":"","background-media":"","overlay-type":"","overlay-color":"","overlay-opacity":"","overlay-gradient":""}},"footnotes":""},"categories":[1],"tags":[],"class_list":["post-61069","post","type-post","status-publish","format-standard","hentry","category-sem-categoria"],"yoast_head":"<!-- This site is optimized with the Yoast SEO plugin v26.6 - https:\/\/yoast.com\/wordpress\/plugins\/seo\/ -->\n<title>Governo iniciar\u00e1 recupera\u00e7\u00e3o da MA-034, em Caxias, a pedido do deputado Z\u00e9 Gentil - Daniel Matos<\/title>\n<meta name=\"robots\" content=\"index, follow, max-snippet:-1, max-image-preview:large, max-video-preview:-1\" \/>\n<link rel=\"canonical\" href=\"https:\/\/www.blogsoestado.com\/danielmatos\/governo-iniciara-recuperacao-da-ma-034-em-caxias-a-pedido-do-deputado-ze-gentil\/\" \/>\n<meta property=\"og:locale\" content=\"pt_BR\" \/>\n<meta property=\"og:type\" content=\"article\" \/>\n<meta property=\"og:title\" content=\"Governo iniciar\u00e1 recupera\u00e7\u00e3o da MA-034, em Caxias, a pedido do deputado Z\u00e9 Gentil - Daniel Matos\" \/>\n<meta property=\"og:description\" content=\"De volta \u00e0 Assembleia Legislativa ap\u00f3s 18 anos, parlamentar fez um breve retrospecto dos seus primeiros 40 dias de mandato [&hellip;]\" \/>\n<meta property=\"og:url\" content=\"https:\/\/www.blogsoestado.com\/danielmatos\/governo-iniciara-recuperacao-da-ma-034-em-caxias-a-pedido-do-deputado-ze-gentil\/\" \/>\n<meta property=\"og:site_name\" content=\"Daniel Matos\" \/>\n<meta property=\"article:published_time\" content=\"2019-03-14T16:28:46+00:00\" \/>\n<meta name=\"twitter:card\" content=\"summary_large_image\" \/>\n<meta name=\"twitter:label1\" content=\"Est. tempo de leitura\" \/>\n\t<meta name=\"twitter:data1\" content=\"7 minutos\" \/>\n<script type=\"application\/ld+json\" class=\"yoast-schema-graph\">{\"@context\":\"https:\/\/schema.org\",\"@graph\":[{\"@type\":\"WebPage\",\"@id\":\"https:\/\/www.blogsoestado.com\/danielmatos\/governo-iniciara-recuperacao-da-ma-034-em-caxias-a-pedido-do-deputado-ze-gentil\/\",\"url\":\"https:\/\/www.blogsoestado.com\/danielmatos\/governo-iniciara-recuperacao-da-ma-034-em-caxias-a-pedido-do-deputado-ze-gentil\/\",\"name\":\"Governo iniciar\u00e1 recupera\u00e7\u00e3o da MA-034, em Caxias, a pedido do deputado Z\u00e9 Gentil - Daniel Matos\",\"isPartOf\":{\"@id\":\"https:\/\/www.blogsoestado.com\/danielmatos\/#website\"},\"datePublished\":\"2019-03-14T16:28:46+00:00\",\"author\":{\"@id\":\"\"},\"breadcrumb\":{\"@id\":\"https:\/\/www.blogsoestado.com\/danielmatos\/governo-iniciara-recuperacao-da-ma-034-em-caxias-a-pedido-do-deputado-ze-gentil\/#breadcrumb\"},\"inLanguage\":\"pt-BR\",\"potentialAction\":[{\"@type\":\"ReadAction\",\"target\":[\"https:\/\/www.blogsoestado.com\/danielmatos\/governo-iniciara-recuperacao-da-ma-034-em-caxias-a-pedido-do-deputado-ze-gentil\/\"]}]},{\"@type\":\"BreadcrumbList\",\"@id\":\"https:\/\/www.blogsoestado.com\/danielmatos\/governo-iniciara-recuperacao-da-ma-034-em-caxias-a-pedido-do-deputado-ze-gentil\/#breadcrumb\",\"itemListElement\":[{\"@type\":\"ListItem\",\"position\":1,\"name\":\"In\u00edcio\",\"item\":\"https:\/\/www.blogsoestado.com\/danielmatos\/\"},{\"@type\":\"ListItem\",\"position\":2,\"name\":\"Governo iniciar\u00e1 recupera\u00e7\u00e3o da MA-034, em Caxias, a pedido do deputado Z\u00e9 Gentil\"}]},{\"@type\":\"WebSite\",\"@id\":\"https:\/\/www.blogsoestado.com\/danielmatos\/#website\",\"url\":\"https:\/\/www.blogsoestado.com\/danielmatos\/\",\"name\":\"Daniel Matos\",\"description\":\"\",\"potentialAction\":[{\"@type\":\"SearchAction\",\"target\":{\"@type\":\"EntryPoint\",\"urlTemplate\":\"https:\/\/www.blogsoestado.com\/danielmatos\/?s={search_term_string}\"},\"query-input\":{\"@type\":\"PropertyValueSpecification\",\"valueRequired\":true,\"valueName\":\"search_term_string\"}}],\"inLanguage\":\"pt-BR\"}]}<\/script>\n<!-- \/ Yoast SEO plugin. -->","yoast_head_json":{"title":"Governo iniciar\u00e1 recupera\u00e7\u00e3o da MA-034, em Caxias, a pedido do deputado Z\u00e9 Gentil - Daniel Matos","robots":{"index":"index","follow":"follow","max-snippet":"max-snippet:-1","max-image-preview":"max-image-preview:large","max-video-preview":"max-video-preview:-1"},"canonical":"https:\/\/www.blogsoestado.com\/danielmatos\/governo-iniciara-recuperacao-da-ma-034-em-caxias-a-pedido-do-deputado-ze-gentil\/","og_locale":"pt_BR","og_type":"article","og_title":"Governo iniciar\u00e1 recupera\u00e7\u00e3o da MA-034, em Caxias, a pedido do deputado Z\u00e9 Gentil - Daniel Matos","og_description":"De volta \u00e0 Assembleia Legislativa ap\u00f3s 18 anos, parlamentar fez um breve retrospecto dos seus primeiros 40 dias de mandato [&hellip;]","og_url":"https:\/\/www.blogsoestado.com\/danielmatos\/governo-iniciara-recuperacao-da-ma-034-em-caxias-a-pedido-do-deputado-ze-gentil\/","og_site_name":"Daniel Matos","article_published_time":"2019-03-14T16:28:46+00:00","twitter_card":"summary_large_image","twitter_misc":{"Est. tempo de leitura":"7 minutos"},"schema":{"@context":"https:\/\/schema.org","@graph":[{"@type":"WebPage","@id":"https:\/\/www.blogsoestado.com\/danielmatos\/governo-iniciara-recuperacao-da-ma-034-em-caxias-a-pedido-do-deputado-ze-gentil\/","url":"https:\/\/www.blogsoestado.com\/danielmatos\/governo-iniciara-recuperacao-da-ma-034-em-caxias-a-pedido-do-deputado-ze-gentil\/","name":"Governo iniciar\u00e1 recupera\u00e7\u00e3o da MA-034, em Caxias, a pedido do deputado Z\u00e9 Gentil - Daniel Matos","isPartOf":{"@id":"https:\/\/www.blogsoestado.com\/danielmatos\/#website"},"datePublished":"2019-03-14T16:28:46+00:00","author":{"@id":""},"breadcrumb":{"@id":"https:\/\/www.blogsoestado.com\/danielmatos\/governo-iniciara-recuperacao-da-ma-034-em-caxias-a-pedido-do-deputado-ze-gentil\/#breadcrumb"},"inLanguage":"pt-BR","potentialAction":[{"@type":"ReadAction","target":["https:\/\/www.blogsoestado.com\/danielmatos\/governo-iniciara-recuperacao-da-ma-034-em-caxias-a-pedido-do-deputado-ze-gentil\/"]}]},{"@type":"BreadcrumbList","@id":"https:\/\/www.blogsoestado.com\/danielmatos\/governo-iniciara-recuperacao-da-ma-034-em-caxias-a-pedido-do-deputado-ze-gentil\/#breadcrumb","itemListElement":[{"@type":"ListItem","position":1,"name":"In\u00edcio","item":"https:\/\/www.blogsoestado.com\/danielmatos\/"},{"@type":"ListItem","position":2,"name":"Governo iniciar\u00e1 recupera\u00e7\u00e3o da MA-034, em Caxias, a pedido do deputado Z\u00e9 Gentil"}]},{"@type":"WebSite","@id":"https:\/\/www.blogsoestado.com\/danielmatos\/#website","url":"https:\/\/www.blogsoestado.com\/danielmatos\/","name":"Daniel Matos","description":"","potentialAction":[{"@type":"SearchAction","target":{"@type":"EntryPoint","urlTemplate":"https:\/\/www.blogsoestado.com\/danielmatos\/?s={search_term_string}"},"query-input":{"@type":"PropertyValueSpecification","valueRequired":true,"valueName":"search_term_string"}}],"inLanguage":"pt-BR"}]}},"jetpack_featured_media_url":"","_links":{"self":[{"href":"https:\/\/www.blogsoestado.com\/danielmatos\/wp-json\/wp\/v2\/posts\/61069","targetHints":{"allow":["GET"]}}],"collection":[{"href":"https:\/\/www.blogsoestado.com\/danielmatos\/wp-json\/wp\/v2\/posts"}],"about":[{"href":"https:\/\/www.blogsoestado.com\/danielmatos\/wp-json\/wp\/v2\/types\/post"}],"replies":[{"embeddable":true,"href":"https:\/\/www.blogsoestado.com\/danielmatos\/wp-json\/wp\/v2\/comments?post=61069"}],"version-history":[{"count":0,"href":"https:\/\/www.blogsoestado.com\/danielmatos\/wp-json\/wp\/v2\/posts\/61069\/revisions"}],"wp:attachment":[{"href":"https:\/\/www.blogsoestado.com\/danielmatos\/wp-json\/wp\/v2\/media?parent=61069"}],"wp:term":[{"taxonomy":"category","embeddable":true,"href":"https:\/\/www.blogsoestado.com\/danielmatos\/wp-json\/wp\/v2\/categories?post=61069"},{"taxonomy":"post_tag","embeddable":true,"href":"https:\/\/www.blogsoestado.com\/danielmatos\/wp-json\/wp\/v2\/tags?post=61069"}],"curies":[{"name":"wp","href":"https:\/\/api.w.org\/{rel}","templated":true}]}}