{"id":61072,"date":"2019-03-13T17:44:31","date_gmt":"2019-03-13T20:44:31","guid":{"rendered":"https:\/\/www.blogsoestado.com\/danielmatos\/?p=61072"},"modified":"2019-03-13T17:44:31","modified_gmt":"2019-03-13T20:44:31","slug":"61072","status":"publish","type":"post","link":"https:\/\/www.blogsoestado.com\/danielmatos\/61072\/","title":{"rendered":"Governo n\u00e3o quer beneficiar Madre Deus e bairros do Centro"},"content":{"rendered":"\n<figure class=\"wp-block-image\"><img decoding=\"async\" src=\"https:\/\/www.blogsoestado.com\/danielmatos\/files\/2019\/03\/adriano-fala-1024x683.jpg\" alt=\"\" class=\"wp-image-61074\"\/><figcaption> Adriano diz que um projeto dessa import\u00e2ncia deveria ter sido amplamente debatido com todos os segmentos sociais e nas comiss\u00f5es t\u00e9cnicas do Legislativo <\/figcaption><\/figure>\n\n\n\n<p>O deputado Adriano Sarney (PV) recha\u00e7ou a manobra governista para evitar o debate e tentar votar \u00e0s pressas o Projeto de Lei n\u00ba 051\/2019, de autoria do governo Fl\u00e1vio Dino (PCdoB). O PL institui o programa Habitar no Centro, que visa beneficiar moradores e im\u00f3veis do bairro Desterro, na Praia Grande, conjunto arquitet\u00f4nico do Centro Hist\u00f3rico (tombado pelo IPHAN), al\u00e9m do eixo da Rua Rio Branco e quadras adjacentes, entre as pra\u00e7as Deodoro e Gon\u00e7alves Dias. O l\u00edder da Oposi\u00e7\u00e3o quer realizar uma audi\u00eancia p\u00fablica para discutir e aprimorar a proposi\u00e7\u00e3o. Al\u00e9m disso, Adriano apresentou uma emenda ampliando os benef\u00edcios para outros bairros como Madre Deus, Belira, Goiabal, Lira, Vila Passos, Vila Bessa, Vila Gracinha e Codozinho.<\/p>\n\n\n\n<p>\u201cUm projeto desta import\u00e2ncia deveria ter sido amplamente debatido com todos os segmentos sociais e nas comiss\u00f5es t\u00e9cnicas do Legislativo, como a de Assuntos Municipais e Turismo. N\u00e3o podemos permitir que esta Casa seja tratada como um anexo do Pal\u00e1cio dos Le\u00f5es, em que projetos de lei do governo comunista passem por aqui sem a m\u00ednima discuss\u00e3o\u201d, ressaltou Adriano.<\/p>\n\n\n\n<p>O l\u00edder da Oposi\u00e7\u00e3o lembrou que, em 26 de fevereiro, tentou-se aprovar um requerimento de urg\u00eancia para apressar a tramita\u00e7\u00e3o do PL n\u00ba 051, mas conseguiu-se adiar a vota\u00e7\u00e3o. Um novo embate ocorreu nesta quarta-feira, dia 13. Como resultado, o PL poder\u00e1 voltar \u00e0 pauta do plen\u00e1rio na pr\u00f3xima semana.<\/p>\n\n\n\n<p>O PL n\u00ba 051\/2019, em linhas gerais, visa articular pol\u00edticas de revitaliza\u00e7\u00e3o de s\u00edtios hist\u00f3ricos; apoiar e manter a popula\u00e7\u00e3o residente no Centro e atrair novos moradores, novas atividades comerciais e servi\u00e7os, tornando o Centro da cidade atrativo e seguro \u00e0 popula\u00e7\u00e3o que utiliza os servi\u00e7os p\u00fablicos e atividades comerciais, bem como ao turista interessado em seu acervo hist\u00f3rico e cultural.<\/p>\n","protected":false},"excerpt":{"rendered":"<p>O deputado Adriano Sarney (PV) recha\u00e7ou a manobra governista para evitar o debate e tentar votar \u00e0s pressas o Projeto [&hellip;]<\/p>\n","protected":false},"author":0,"featured_media":0,"comment_status":"open","ping_status":"open","sticky":false,"template":"","format":"standard","meta":{"site-sidebar-layout":"default","site-content-layout":"","ast-site-content-layout":"default","site-content-style":"default","site-sidebar-style":"default","ast-global-header-display":"","ast-banner-title-visibility":"","ast-main-header-display":"","ast-hfb-above-header-display":"","ast-hfb-below-header-display":"","ast-hfb-mobile-header-display":"","site-post-title":"","ast-breadcrumbs-content":"","ast-featured-img":"","footer-sml-layout":"","ast-disable-related-posts":"","theme-transparent-header-meta":"","adv-header-id-meta":"","stick-header-meta":"","header-above-stick-meta":"","header-main-stick-meta":"","header-below-stick-meta":"","astra-migrate-meta-layouts":"default","ast-page-background-enabled":"default","ast-page-background-meta":{"desktop":{"background-color":"var(--ast-global-color-5)","background-image":"","background-repeat":"repeat","background-position":"center center","background-size":"auto","background-attachment":"scroll","background-type":"","background-media":"","overlay-type":"","overlay-color":"","overlay-opacity":"","overlay-gradient":""},"tablet":{"background-color":"","background-image":"","background-repeat":"repeat","background-position":"center center","background-size":"auto","background-attachment":"scroll","background-type":"","background-media":"","overlay-type":"","overlay-color":"","overlay-opacity":"","overlay-gradient":""},"mobile":{"background-color":"","background-image":"","background-repeat":"repeat","background-position":"center center","background-size":"auto","background-attachment":"scroll","background-type":"","background-media":"","overlay-type":"","overlay-color":"","overlay-opacity":"","overlay-gradient":""}},"ast-content-background-meta":{"desktop":{"background-color":"var(--ast-global-color-4)","background-image":"","background-repeat":"repeat","background-position":"center center","background-size":"auto","background-attachment":"scroll","background-type":"","background-media":"","overlay-type":"","overlay-color":"","overlay-opacity":"","overlay-gradient":""},"tablet":{"background-color":"var(--ast-global-color-4)","background-image":"","background-repeat":"repeat","background-position":"center center","background-size":"auto","background-attachment":"scroll","background-type":"","background-media":"","overlay-type":"","overlay-color":"","overlay-opacity":"","overlay-gradient":""},"mobile":{"background-color":"var(--ast-global-color-4)","background-image":"","background-repeat":"repeat","background-position":"center center","background-size":"auto","background-attachment":"scroll","background-type":"","background-media":"","overlay-type":"","overlay-color":"","overlay-opacity":"","overlay-gradient":""}},"footnotes":""},"categories":[1],"tags":[],"class_list":["post-61072","post","type-post","status-publish","format-standard","hentry","category-sem-categoria"],"yoast_head":"<!-- This site is optimized with the Yoast SEO plugin v26.6 - https:\/\/yoast.com\/wordpress\/plugins\/seo\/ -->\n<title>Governo n\u00e3o quer beneficiar Madre Deus e bairros do Centro - Daniel Matos<\/title>\n<meta name=\"robots\" content=\"index, follow, max-snippet:-1, max-image-preview:large, max-video-preview:-1\" \/>\n<link rel=\"canonical\" href=\"https:\/\/www.blogsoestado.com\/danielmatos\/61072\/\" \/>\n<meta property=\"og:locale\" content=\"pt_BR\" \/>\n<meta property=\"og:type\" content=\"article\" \/>\n<meta property=\"og:title\" content=\"Governo n\u00e3o quer beneficiar Madre Deus e bairros do Centro - Daniel Matos\" \/>\n<meta property=\"og:description\" content=\"O deputado Adriano Sarney (PV) recha\u00e7ou a manobra governista para evitar o debate e tentar votar \u00e0s pressas o Projeto [&hellip;]\" \/>\n<meta property=\"og:url\" content=\"https:\/\/www.blogsoestado.com\/danielmatos\/61072\/\" \/>\n<meta property=\"og:site_name\" content=\"Daniel Matos\" \/>\n<meta property=\"article:published_time\" content=\"2019-03-13T20:44:31+00:00\" \/>\n<meta property=\"og:image\" content=\"https:\/\/www.blogsoestado.com\/danielmatos\/files\/2019\/03\/adriano-fala-1024x683.jpg\" \/>\n<meta name=\"twitter:card\" content=\"summary_large_image\" \/>\n<meta name=\"twitter:label1\" content=\"Est. tempo de leitura\" \/>\n\t<meta name=\"twitter:data1\" content=\"2 minutos\" \/>\n<script type=\"application\/ld+json\" class=\"yoast-schema-graph\">{\"@context\":\"https:\/\/schema.org\",\"@graph\":[{\"@type\":\"WebPage\",\"@id\":\"https:\/\/www.blogsoestado.com\/danielmatos\/61072\/\",\"url\":\"https:\/\/www.blogsoestado.com\/danielmatos\/61072\/\",\"name\":\"Governo n\u00e3o quer beneficiar Madre Deus e bairros do Centro - Daniel Matos\",\"isPartOf\":{\"@id\":\"https:\/\/www.blogsoestado.com\/danielmatos\/#website\"},\"primaryImageOfPage\":{\"@id\":\"https:\/\/www.blogsoestado.com\/danielmatos\/61072\/#primaryimage\"},\"image\":{\"@id\":\"https:\/\/www.blogsoestado.com\/danielmatos\/61072\/#primaryimage\"},\"thumbnailUrl\":\"https:\/\/www.blogsoestado.com\/danielmatos\/files\/2019\/03\/adriano-fala-1024x683.jpg\",\"datePublished\":\"2019-03-13T20:44:31+00:00\",\"author\":{\"@id\":\"\"},\"breadcrumb\":{\"@id\":\"https:\/\/www.blogsoestado.com\/danielmatos\/61072\/#breadcrumb\"},\"inLanguage\":\"pt-BR\",\"potentialAction\":[{\"@type\":\"ReadAction\",\"target\":[\"https:\/\/www.blogsoestado.com\/danielmatos\/61072\/\"]}]},{\"@type\":\"ImageObject\",\"inLanguage\":\"pt-BR\",\"@id\":\"https:\/\/www.blogsoestado.com\/danielmatos\/61072\/#primaryimage\",\"url\":\"https:\/\/www.blogsoestado.com\/danielmatos\/files\/2019\/03\/adriano-fala-1024x683.jpg\",\"contentUrl\":\"https:\/\/www.blogsoestado.com\/danielmatos\/files\/2019\/03\/adriano-fala-1024x683.jpg\"},{\"@type\":\"BreadcrumbList\",\"@id\":\"https:\/\/www.blogsoestado.com\/danielmatos\/61072\/#breadcrumb\",\"itemListElement\":[{\"@type\":\"ListItem\",\"position\":1,\"name\":\"In\u00edcio\",\"item\":\"https:\/\/www.blogsoestado.com\/danielmatos\/\"},{\"@type\":\"ListItem\",\"position\":2,\"name\":\"Governo n\u00e3o quer beneficiar Madre Deus e bairros do Centro\"}]},{\"@type\":\"WebSite\",\"@id\":\"https:\/\/www.blogsoestado.com\/danielmatos\/#website\",\"url\":\"https:\/\/www.blogsoestado.com\/danielmatos\/\",\"name\":\"Daniel Matos\",\"description\":\"\",\"potentialAction\":[{\"@type\":\"SearchAction\",\"target\":{\"@type\":\"EntryPoint\",\"urlTemplate\":\"https:\/\/www.blogsoestado.com\/danielmatos\/?s={search_term_string}\"},\"query-input\":{\"@type\":\"PropertyValueSpecification\",\"valueRequired\":true,\"valueName\":\"search_term_string\"}}],\"inLanguage\":\"pt-BR\"}]}<\/script>\n<!-- \/ Yoast SEO plugin. -->","yoast_head_json":{"title":"Governo n\u00e3o quer beneficiar Madre Deus e bairros do Centro - Daniel Matos","robots":{"index":"index","follow":"follow","max-snippet":"max-snippet:-1","max-image-preview":"max-image-preview:large","max-video-preview":"max-video-preview:-1"},"canonical":"https:\/\/www.blogsoestado.com\/danielmatos\/61072\/","og_locale":"pt_BR","og_type":"article","og_title":"Governo n\u00e3o quer beneficiar Madre Deus e bairros do Centro - Daniel Matos","og_description":"O deputado Adriano Sarney (PV) recha\u00e7ou a manobra governista para evitar o debate e tentar votar \u00e0s pressas o Projeto [&hellip;]","og_url":"https:\/\/www.blogsoestado.com\/danielmatos\/61072\/","og_site_name":"Daniel Matos","article_published_time":"2019-03-13T20:44:31+00:00","og_image":[{"url":"https:\/\/www.blogsoestado.com\/danielmatos\/files\/2019\/03\/adriano-fala-1024x683.jpg","type":"","width":"","height":""}],"twitter_card":"summary_large_image","twitter_misc":{"Est. tempo de leitura":"2 minutos"},"schema":{"@context":"https:\/\/schema.org","@graph":[{"@type":"WebPage","@id":"https:\/\/www.blogsoestado.com\/danielmatos\/61072\/","url":"https:\/\/www.blogsoestado.com\/danielmatos\/61072\/","name":"Governo n\u00e3o quer beneficiar Madre Deus e bairros do Centro - Daniel Matos","isPartOf":{"@id":"https:\/\/www.blogsoestado.com\/danielmatos\/#website"},"primaryImageOfPage":{"@id":"https:\/\/www.blogsoestado.com\/danielmatos\/61072\/#primaryimage"},"image":{"@id":"https:\/\/www.blogsoestado.com\/danielmatos\/61072\/#primaryimage"},"thumbnailUrl":"https:\/\/www.blogsoestado.com\/danielmatos\/files\/2019\/03\/adriano-fala-1024x683.jpg","datePublished":"2019-03-13T20:44:31+00:00","author":{"@id":""},"breadcrumb":{"@id":"https:\/\/www.blogsoestado.com\/danielmatos\/61072\/#breadcrumb"},"inLanguage":"pt-BR","potentialAction":[{"@type":"ReadAction","target":["https:\/\/www.blogsoestado.com\/danielmatos\/61072\/"]}]},{"@type":"ImageObject","inLanguage":"pt-BR","@id":"https:\/\/www.blogsoestado.com\/danielmatos\/61072\/#primaryimage","url":"https:\/\/www.blogsoestado.com\/danielmatos\/files\/2019\/03\/adriano-fala-1024x683.jpg","contentUrl":"https:\/\/www.blogsoestado.com\/danielmatos\/files\/2019\/03\/adriano-fala-1024x683.jpg"},{"@type":"BreadcrumbList","@id":"https:\/\/www.blogsoestado.com\/danielmatos\/61072\/#breadcrumb","itemListElement":[{"@type":"ListItem","position":1,"name":"In\u00edcio","item":"https:\/\/www.blogsoestado.com\/danielmatos\/"},{"@type":"ListItem","position":2,"name":"Governo n\u00e3o quer beneficiar Madre Deus e bairros do Centro"}]},{"@type":"WebSite","@id":"https:\/\/www.blogsoestado.com\/danielmatos\/#website","url":"https:\/\/www.blogsoestado.com\/danielmatos\/","name":"Daniel Matos","description":"","potentialAction":[{"@type":"SearchAction","target":{"@type":"EntryPoint","urlTemplate":"https:\/\/www.blogsoestado.com\/danielmatos\/?s={search_term_string}"},"query-input":{"@type":"PropertyValueSpecification","valueRequired":true,"valueName":"search_term_string"}}],"inLanguage":"pt-BR"}]}},"jetpack_featured_media_url":"","_links":{"self":[{"href":"https:\/\/www.blogsoestado.com\/danielmatos\/wp-json\/wp\/v2\/posts\/61072","targetHints":{"allow":["GET"]}}],"collection":[{"href":"https:\/\/www.blogsoestado.com\/danielmatos\/wp-json\/wp\/v2\/posts"}],"about":[{"href":"https:\/\/www.blogsoestado.com\/danielmatos\/wp-json\/wp\/v2\/types\/post"}],"replies":[{"embeddable":true,"href":"https:\/\/www.blogsoestado.com\/danielmatos\/wp-json\/wp\/v2\/comments?post=61072"}],"version-history":[{"count":0,"href":"https:\/\/www.blogsoestado.com\/danielmatos\/wp-json\/wp\/v2\/posts\/61072\/revisions"}],"wp:attachment":[{"href":"https:\/\/www.blogsoestado.com\/danielmatos\/wp-json\/wp\/v2\/media?parent=61072"}],"wp:term":[{"taxonomy":"category","embeddable":true,"href":"https:\/\/www.blogsoestado.com\/danielmatos\/wp-json\/wp\/v2\/categories?post=61072"},{"taxonomy":"post_tag","embeddable":true,"href":"https:\/\/www.blogsoestado.com\/danielmatos\/wp-json\/wp\/v2\/tags?post=61072"}],"curies":[{"name":"wp","href":"https:\/\/api.w.org\/{rel}","templated":true}]}}