{"id":61078,"date":"2019-03-13T18:47:32","date_gmt":"2019-03-13T21:47:32","guid":{"rendered":"https:\/\/www.blogsoestado.com\/danielmatos\/?p=61078"},"modified":"2019-03-13T18:47:32","modified_gmt":"2019-03-13T21:47:32","slug":"deputado-ze-gentil-debate-com-vice-governador-instalacao-de-porto-seco-em-caxias","status":"publish","type":"post","link":"https:\/\/www.blogsoestado.com\/danielmatos\/deputado-ze-gentil-debate-com-vice-governador-instalacao-de-porto-seco-em-caxias\/","title":{"rendered":"Deputado Z\u00e9 Gentil debate com vice-governador instala\u00e7\u00e3o de porto seco em Caxias"},"content":{"rendered":"\n<div class=\"wp-block-image\"><figure class=\"aligncenter\"><img decoding=\"async\" src=\"https:\/\/www.blogsoestado.com\/danielmatos\/files\/2019\/03\/porto-seco-brand\u00e3o.jpg\" alt=\"\" class=\"wp-image-61079\"\/><figcaption>Deputado Z\u00e9 Gentil foi recebido pelo vice-governador Carlos Brand\u00e3o para discutir empreendimento que levar\u00e1 desenvolvimento a Caxias<\/figcaption><\/figure><\/div>\n\n\n\n<p>O deputado estadual Z\u00e9 Gentil (PRB) se reuniu, nesta quarta-feira (13), com o vice-governador Carlos Brand\u00e3o (PRB) para buscar incentivos para a implanta\u00e7\u00e3o do Porto Seco em Caxias. Estudos j\u00e1 mostraram a viabilidade do projeto, que servir\u00e1 de aporte log\u00edstico para o Porto do Itaqui, em S\u00e3o Lu\u00eds.<\/p>\n\n\n\n<p>O vice-governador Carlos Brand\u00e3o mostrou-se entusiasmado com o que fora apresentado pelo deputado Z\u00e9 Gentil. Carlos Brand\u00e3o disse que a instala\u00e7\u00e3o do empreendimento trar\u00e1 desenvolvimento sustent\u00e1vel e propiciar\u00e1 gera\u00e7\u00e3o de emprego e renda aos maranhenses que habitam a regi\u00e3o.<\/p>\n\n\n\n<p>Para o deputado Z\u00e9 Gentil, a grande vantagem de um porto seco est\u00e1 nos custos, uma vez que a carga importada pode permanecer armazenada por at\u00e9 120 dias no porto seco, enquanto que na zona prim\u00e1ria seria apenas 90 dias. \u201cOutra vantagem \u00e9 a maior agilidade do desembara\u00e7o aduaneiro, visto o menor volume de cargas; e como o tempo de espera \u00e9 menor, economiza-se tamb\u00e9m com a armazenagem.<\/p>\n\n\n\n<p>Z\u00e9 Gentil sabe das dificuldades financeiras para a implanta\u00e7\u00e3o de um porto seco, por\u00e9m lutar\u00e1 para que Caxias seja a primeira cidade do Maranh\u00e3o a receber esse meio de gera\u00e7\u00e3o de emprego e renda. \u201c\u00c9 preciso ter a concep\u00e7\u00e3o de que as reformas estruturais que t\u00eam sido feitas para criar competitividade em custo e log\u00edstica passam pelos portos secos, que s\u00e3o estabelecidos junto a um complexo econ\u00f4mico regional de industrializa\u00e7\u00e3o e\/ou servi\u00e7os e tornam poss\u00edvel a otimiza\u00e7\u00e3o no escoamento de produtos\u201d, disse o deputado Z\u00e9 Gentil.<\/p>\n\n\n\n<p>No pr\u00f3ximo dia 19 (ter\u00e7a-feira), o vice-governador Carlos Brand\u00e3o, o deputado Z\u00e9 Gentil e comitiva estar\u00e3o na 25\u00aa Edi\u00e7\u00e3o da Intermodal South Am\u00e9rica, em S\u00e3o Paulo, onde ser\u00e3o apresentadas as novidades para implanta\u00e7\u00e3o de portos secos.<\/p>\n","protected":false},"excerpt":{"rendered":"<p>O deputado estadual Z\u00e9 Gentil (PRB) se reuniu, nesta quarta-feira (13), com o vice-governador Carlos Brand\u00e3o (PRB) para buscar incentivos [&hellip;]<\/p>\n","protected":false},"author":0,"featured_media":0,"comment_status":"open","ping_status":"open","sticky":false,"template":"","format":"standard","meta":{"site-sidebar-layout":"default","site-content-layout":"","ast-site-content-layout":"default","site-content-style":"default","site-sidebar-style":"default","ast-global-header-display":"","ast-banner-title-visibility":"","ast-main-header-display":"","ast-hfb-above-header-display":"","ast-hfb-below-header-display":"","ast-hfb-mobile-header-display":"","site-post-title":"","ast-breadcrumbs-content":"","ast-featured-img":"","footer-sml-layout":"","ast-disable-related-posts":"","theme-transparent-header-meta":"","adv-header-id-meta":"","stick-header-meta":"","header-above-stick-meta":"","header-main-stick-meta":"","header-below-stick-meta":"","astra-migrate-meta-layouts":"default","ast-page-background-enabled":"default","ast-page-background-meta":{"desktop":{"background-color":"var(--ast-global-color-5)","background-image":"","background-repeat":"repeat","background-position":"center center","background-size":"auto","background-attachment":"scroll","background-type":"","background-media":"","overlay-type":"","overlay-color":"","overlay-opacity":"","overlay-gradient":""},"tablet":{"background-color":"","background-image":"","background-repeat":"repeat","background-position":"center center","background-size":"auto","background-attachment":"scroll","background-type":"","background-media":"","overlay-type":"","overlay-color":"","overlay-opacity":"","overlay-gradient":""},"mobile":{"background-color":"","background-image":"","background-repeat":"repeat","background-position":"center center","background-size":"auto","background-attachment":"scroll","background-type":"","background-media":"","overlay-type":"","overlay-color":"","overlay-opacity":"","overlay-gradient":""}},"ast-content-background-meta":{"desktop":{"background-color":"var(--ast-global-color-4)","background-image":"","background-repeat":"repeat","background-position":"center center","background-size":"auto","background-attachment":"scroll","background-type":"","background-media":"","overlay-type":"","overlay-color":"","overlay-opacity":"","overlay-gradient":""},"tablet":{"background-color":"var(--ast-global-color-4)","background-image":"","background-repeat":"repeat","background-position":"center center","background-size":"auto","background-attachment":"scroll","background-type":"","background-media":"","overlay-type":"","overlay-color":"","overlay-opacity":"","overlay-gradient":""},"mobile":{"background-color":"var(--ast-global-color-4)","background-image":"","background-repeat":"repeat","background-position":"center center","background-size":"auto","background-attachment":"scroll","background-type":"","background-media":"","overlay-type":"","overlay-color":"","overlay-opacity":"","overlay-gradient":""}},"footnotes":""},"categories":[1],"tags":[],"class_list":["post-61078","post","type-post","status-publish","format-standard","hentry","category-sem-categoria"],"yoast_head":"<!-- This site is optimized with the Yoast SEO plugin v26.6 - https:\/\/yoast.com\/wordpress\/plugins\/seo\/ -->\n<title>Deputado Z\u00e9 Gentil debate com vice-governador instala\u00e7\u00e3o de porto seco em Caxias - Daniel Matos<\/title>\n<meta name=\"robots\" content=\"index, follow, max-snippet:-1, max-image-preview:large, max-video-preview:-1\" \/>\n<link rel=\"canonical\" href=\"https:\/\/www.blogsoestado.com\/danielmatos\/deputado-ze-gentil-debate-com-vice-governador-instalacao-de-porto-seco-em-caxias\/\" \/>\n<meta property=\"og:locale\" content=\"pt_BR\" \/>\n<meta property=\"og:type\" content=\"article\" \/>\n<meta property=\"og:title\" content=\"Deputado Z\u00e9 Gentil debate com vice-governador instala\u00e7\u00e3o de porto seco em Caxias - Daniel Matos\" \/>\n<meta property=\"og:description\" content=\"O deputado estadual Z\u00e9 Gentil (PRB) se reuniu, nesta quarta-feira (13), com o vice-governador Carlos Brand\u00e3o (PRB) para buscar incentivos [&hellip;]\" \/>\n<meta property=\"og:url\" content=\"https:\/\/www.blogsoestado.com\/danielmatos\/deputado-ze-gentil-debate-com-vice-governador-instalacao-de-porto-seco-em-caxias\/\" \/>\n<meta property=\"og:site_name\" content=\"Daniel Matos\" \/>\n<meta property=\"article:published_time\" content=\"2019-03-13T21:47:32+00:00\" \/>\n<meta name=\"twitter:card\" content=\"summary_large_image\" \/>\n<meta name=\"twitter:label1\" content=\"Est. tempo de leitura\" \/>\n\t<meta name=\"twitter:data1\" content=\"2 minutos\" \/>\n<script type=\"application\/ld+json\" class=\"yoast-schema-graph\">{\"@context\":\"https:\/\/schema.org\",\"@graph\":[{\"@type\":\"WebPage\",\"@id\":\"https:\/\/www.blogsoestado.com\/danielmatos\/deputado-ze-gentil-debate-com-vice-governador-instalacao-de-porto-seco-em-caxias\/\",\"url\":\"https:\/\/www.blogsoestado.com\/danielmatos\/deputado-ze-gentil-debate-com-vice-governador-instalacao-de-porto-seco-em-caxias\/\",\"name\":\"Deputado Z\u00e9 Gentil debate com vice-governador instala\u00e7\u00e3o de porto seco em Caxias - Daniel Matos\",\"isPartOf\":{\"@id\":\"https:\/\/www.blogsoestado.com\/danielmatos\/#website\"},\"datePublished\":\"2019-03-13T21:47:32+00:00\",\"author\":{\"@id\":\"\"},\"breadcrumb\":{\"@id\":\"https:\/\/www.blogsoestado.com\/danielmatos\/deputado-ze-gentil-debate-com-vice-governador-instalacao-de-porto-seco-em-caxias\/#breadcrumb\"},\"inLanguage\":\"pt-BR\",\"potentialAction\":[{\"@type\":\"ReadAction\",\"target\":[\"https:\/\/www.blogsoestado.com\/danielmatos\/deputado-ze-gentil-debate-com-vice-governador-instalacao-de-porto-seco-em-caxias\/\"]}]},{\"@type\":\"BreadcrumbList\",\"@id\":\"https:\/\/www.blogsoestado.com\/danielmatos\/deputado-ze-gentil-debate-com-vice-governador-instalacao-de-porto-seco-em-caxias\/#breadcrumb\",\"itemListElement\":[{\"@type\":\"ListItem\",\"position\":1,\"name\":\"In\u00edcio\",\"item\":\"https:\/\/www.blogsoestado.com\/danielmatos\/\"},{\"@type\":\"ListItem\",\"position\":2,\"name\":\"Deputado Z\u00e9 Gentil debate com vice-governador instala\u00e7\u00e3o de porto seco em Caxias\"}]},{\"@type\":\"WebSite\",\"@id\":\"https:\/\/www.blogsoestado.com\/danielmatos\/#website\",\"url\":\"https:\/\/www.blogsoestado.com\/danielmatos\/\",\"name\":\"Daniel Matos\",\"description\":\"\",\"potentialAction\":[{\"@type\":\"SearchAction\",\"target\":{\"@type\":\"EntryPoint\",\"urlTemplate\":\"https:\/\/www.blogsoestado.com\/danielmatos\/?s={search_term_string}\"},\"query-input\":{\"@type\":\"PropertyValueSpecification\",\"valueRequired\":true,\"valueName\":\"search_term_string\"}}],\"inLanguage\":\"pt-BR\"}]}<\/script>\n<!-- \/ Yoast SEO plugin. -->","yoast_head_json":{"title":"Deputado Z\u00e9 Gentil debate com vice-governador instala\u00e7\u00e3o de porto seco em Caxias - Daniel Matos","robots":{"index":"index","follow":"follow","max-snippet":"max-snippet:-1","max-image-preview":"max-image-preview:large","max-video-preview":"max-video-preview:-1"},"canonical":"https:\/\/www.blogsoestado.com\/danielmatos\/deputado-ze-gentil-debate-com-vice-governador-instalacao-de-porto-seco-em-caxias\/","og_locale":"pt_BR","og_type":"article","og_title":"Deputado Z\u00e9 Gentil debate com vice-governador instala\u00e7\u00e3o de porto seco em Caxias - Daniel Matos","og_description":"O deputado estadual Z\u00e9 Gentil (PRB) se reuniu, nesta quarta-feira (13), com o vice-governador Carlos Brand\u00e3o (PRB) para buscar incentivos [&hellip;]","og_url":"https:\/\/www.blogsoestado.com\/danielmatos\/deputado-ze-gentil-debate-com-vice-governador-instalacao-de-porto-seco-em-caxias\/","og_site_name":"Daniel Matos","article_published_time":"2019-03-13T21:47:32+00:00","twitter_card":"summary_large_image","twitter_misc":{"Est. tempo de leitura":"2 minutos"},"schema":{"@context":"https:\/\/schema.org","@graph":[{"@type":"WebPage","@id":"https:\/\/www.blogsoestado.com\/danielmatos\/deputado-ze-gentil-debate-com-vice-governador-instalacao-de-porto-seco-em-caxias\/","url":"https:\/\/www.blogsoestado.com\/danielmatos\/deputado-ze-gentil-debate-com-vice-governador-instalacao-de-porto-seco-em-caxias\/","name":"Deputado Z\u00e9 Gentil debate com vice-governador instala\u00e7\u00e3o de porto seco em Caxias - Daniel Matos","isPartOf":{"@id":"https:\/\/www.blogsoestado.com\/danielmatos\/#website"},"datePublished":"2019-03-13T21:47:32+00:00","author":{"@id":""},"breadcrumb":{"@id":"https:\/\/www.blogsoestado.com\/danielmatos\/deputado-ze-gentil-debate-com-vice-governador-instalacao-de-porto-seco-em-caxias\/#breadcrumb"},"inLanguage":"pt-BR","potentialAction":[{"@type":"ReadAction","target":["https:\/\/www.blogsoestado.com\/danielmatos\/deputado-ze-gentil-debate-com-vice-governador-instalacao-de-porto-seco-em-caxias\/"]}]},{"@type":"BreadcrumbList","@id":"https:\/\/www.blogsoestado.com\/danielmatos\/deputado-ze-gentil-debate-com-vice-governador-instalacao-de-porto-seco-em-caxias\/#breadcrumb","itemListElement":[{"@type":"ListItem","position":1,"name":"In\u00edcio","item":"https:\/\/www.blogsoestado.com\/danielmatos\/"},{"@type":"ListItem","position":2,"name":"Deputado Z\u00e9 Gentil debate com vice-governador instala\u00e7\u00e3o de porto seco em Caxias"}]},{"@type":"WebSite","@id":"https:\/\/www.blogsoestado.com\/danielmatos\/#website","url":"https:\/\/www.blogsoestado.com\/danielmatos\/","name":"Daniel Matos","description":"","potentialAction":[{"@type":"SearchAction","target":{"@type":"EntryPoint","urlTemplate":"https:\/\/www.blogsoestado.com\/danielmatos\/?s={search_term_string}"},"query-input":{"@type":"PropertyValueSpecification","valueRequired":true,"valueName":"search_term_string"}}],"inLanguage":"pt-BR"}]}},"jetpack_featured_media_url":"","_links":{"self":[{"href":"https:\/\/www.blogsoestado.com\/danielmatos\/wp-json\/wp\/v2\/posts\/61078","targetHints":{"allow":["GET"]}}],"collection":[{"href":"https:\/\/www.blogsoestado.com\/danielmatos\/wp-json\/wp\/v2\/posts"}],"about":[{"href":"https:\/\/www.blogsoestado.com\/danielmatos\/wp-json\/wp\/v2\/types\/post"}],"replies":[{"embeddable":true,"href":"https:\/\/www.blogsoestado.com\/danielmatos\/wp-json\/wp\/v2\/comments?post=61078"}],"version-history":[{"count":0,"href":"https:\/\/www.blogsoestado.com\/danielmatos\/wp-json\/wp\/v2\/posts\/61078\/revisions"}],"wp:attachment":[{"href":"https:\/\/www.blogsoestado.com\/danielmatos\/wp-json\/wp\/v2\/media?parent=61078"}],"wp:term":[{"taxonomy":"category","embeddable":true,"href":"https:\/\/www.blogsoestado.com\/danielmatos\/wp-json\/wp\/v2\/categories?post=61078"},{"taxonomy":"post_tag","embeddable":true,"href":"https:\/\/www.blogsoestado.com\/danielmatos\/wp-json\/wp\/v2\/tags?post=61078"}],"curies":[{"name":"wp","href":"https:\/\/api.w.org\/{rel}","templated":true}]}}