{"id":61086,"date":"2019-03-14T09:37:37","date_gmt":"2019-03-14T12:37:37","guid":{"rendered":"https:\/\/www.blogsoestado.com\/danielmatos\/?p=61086"},"modified":"2019-03-14T09:37:37","modified_gmt":"2019-03-14T12:37:37","slug":"lancamento-da-mrv-reune-corretores-de-imoveis","status":"publish","type":"post","link":"https:\/\/www.blogsoestado.com\/danielmatos\/lancamento-da-mrv-reune-corretores-de-imoveis\/","title":{"rendered":"Lan\u00e7amento da MRV re\u00fane corretores de im\u00f3veis"},"content":{"rendered":"\n<div class=\"wp-block-image\"><figure class=\"aligncenter\"><img decoding=\"async\" src=\"https:\/\/www.blogsoestado.com\/danielmatos\/files\/2019\/03\/condominio-torres.jpg\" alt=\"\" class=\"wp-image-61087\"\/><figcaption>O condom\u00ednio Torres dos Holandeses, em \u00e1rea nobre da cidade, que est\u00e1 sendo lan\u00e7ado pela MRV  no segmento Minha Casa, Minha Vida<\/figcaption><\/figure><\/div>\n\n\n\n<p>O ano de 2019 n\u00e3o poderia ter come\u00e7ado melhor para o mercado imobili\u00e1rio maranhense, com o lan\u00e7amento nessa quinta \u2013 feira (14.03) no Rio Anil Shopping do primeiro im\u00f3vel de alto padr\u00e3o da MRV em S\u00e3o Lu\u00eds, que \u00e9 tamb\u00e9m o \u00fanico empreendimento dentro do segmento Minha Casa, Minha Vida a ter uma localiza\u00e7\u00e3o nobre e privilegiada na capital maranhense, a 100m da Avenida dos Holandeses. O evento \u00e9 voltado para corretores de im\u00f3veis e contar\u00e1 com sorteio de um laptop entre os presentes, al\u00e9m de vantagens de comercializa\u00e7\u00e3o.<\/p>\n\n\n\n<p>O condom\u00ednio Torre dos Holandeses faz parte da Linha Bio da MRV, que oferece um padr\u00e3o mais alto de conforto e bem-estar. O empreendimento conta com diferenciais importantes de sustentabilidade como coleta seletiva de lixo, bikes MRV \u00e0 disposi\u00e7\u00e3o para uso compartilhado dos moradores e uso de energia solar fotovoltaica para as \u00e1reas comuns. Fundada em outubro de 1979, em Belo Horizonte, a MRV \u00e9 l\u00edder nacional no mercado de im\u00f3veis econ\u00f4micos e a primeira construtora da Am\u00e9rica Latina a oferecer energia fotovoltaica para seu segmento de atua\u00e7\u00e3o.  <\/p>\n\n\n\n<p>O condom\u00ednio Torres dos Holandeses ter\u00e1 op\u00e7\u00f5es de apartamentos de 1 e 2 quartos e est\u00e1 localizado na Rua Santo In\u00e1cio de Loiola no Olho D\u00b4\u00c1gua, em uma \u00e1rea nobre e altamente valorizada; pr\u00f3xima a shopping centers; restaurantes; supermercados; academias; escolas e faculdades. <\/p>\n","protected":false},"excerpt":{"rendered":"<p>O ano de 2019 n\u00e3o poderia ter come\u00e7ado melhor para o mercado imobili\u00e1rio maranhense, com o lan\u00e7amento nessa quinta \u2013 [&hellip;]<\/p>\n","protected":false},"author":0,"featured_media":0,"comment_status":"open","ping_status":"open","sticky":false,"template":"","format":"standard","meta":{"site-sidebar-layout":"default","site-content-layout":"","ast-site-content-layout":"default","site-content-style":"default","site-sidebar-style":"default","ast-global-header-display":"","ast-banner-title-visibility":"","ast-main-header-display":"","ast-hfb-above-header-display":"","ast-hfb-below-header-display":"","ast-hfb-mobile-header-display":"","site-post-title":"","ast-breadcrumbs-content":"","ast-featured-img":"","footer-sml-layout":"","ast-disable-related-posts":"","theme-transparent-header-meta":"","adv-header-id-meta":"","stick-header-meta":"","header-above-stick-meta":"","header-main-stick-meta":"","header-below-stick-meta":"","astra-migrate-meta-layouts":"default","ast-page-background-enabled":"default","ast-page-background-meta":{"desktop":{"background-color":"var(--ast-global-color-5)","background-image":"","background-repeat":"repeat","background-position":"center center","background-size":"auto","background-attachment":"scroll","background-type":"","background-media":"","overlay-type":"","overlay-color":"","overlay-opacity":"","overlay-gradient":""},"tablet":{"background-color":"","background-image":"","background-repeat":"repeat","background-position":"center center","background-size":"auto","background-attachment":"scroll","background-type":"","background-media":"","overlay-type":"","overlay-color":"","overlay-opacity":"","overlay-gradient":""},"mobile":{"background-color":"","background-image":"","background-repeat":"repeat","background-position":"center center","background-size":"auto","background-attachment":"scroll","background-type":"","background-media":"","overlay-type":"","overlay-color":"","overlay-opacity":"","overlay-gradient":""}},"ast-content-background-meta":{"desktop":{"background-color":"var(--ast-global-color-4)","background-image":"","background-repeat":"repeat","background-position":"center center","background-size":"auto","background-attachment":"scroll","background-type":"","background-media":"","overlay-type":"","overlay-color":"","overlay-opacity":"","overlay-gradient":""},"tablet":{"background-color":"var(--ast-global-color-4)","background-image":"","background-repeat":"repeat","background-position":"center center","background-size":"auto","background-attachment":"scroll","background-type":"","background-media":"","overlay-type":"","overlay-color":"","overlay-opacity":"","overlay-gradient":""},"mobile":{"background-color":"var(--ast-global-color-4)","background-image":"","background-repeat":"repeat","background-position":"center center","background-size":"auto","background-attachment":"scroll","background-type":"","background-media":"","overlay-type":"","overlay-color":"","overlay-opacity":"","overlay-gradient":""}},"footnotes":""},"categories":[1],"tags":[],"class_list":["post-61086","post","type-post","status-publish","format-standard","hentry","category-sem-categoria"],"yoast_head":"<!-- This site is optimized with the Yoast SEO plugin v26.6 - https:\/\/yoast.com\/wordpress\/plugins\/seo\/ -->\n<title>Lan\u00e7amento da MRV re\u00fane corretores de im\u00f3veis - Daniel Matos<\/title>\n<meta name=\"robots\" content=\"index, follow, max-snippet:-1, max-image-preview:large, max-video-preview:-1\" \/>\n<link rel=\"canonical\" href=\"https:\/\/www.blogsoestado.com\/danielmatos\/lancamento-da-mrv-reune-corretores-de-imoveis\/\" \/>\n<meta property=\"og:locale\" content=\"pt_BR\" \/>\n<meta property=\"og:type\" content=\"article\" \/>\n<meta property=\"og:title\" content=\"Lan\u00e7amento da MRV re\u00fane corretores de im\u00f3veis - Daniel Matos\" \/>\n<meta property=\"og:description\" content=\"O ano de 2019 n\u00e3o poderia ter come\u00e7ado melhor para o mercado imobili\u00e1rio maranhense, com o lan\u00e7amento nessa quinta \u2013 [&hellip;]\" \/>\n<meta property=\"og:url\" content=\"https:\/\/www.blogsoestado.com\/danielmatos\/lancamento-da-mrv-reune-corretores-de-imoveis\/\" \/>\n<meta property=\"og:site_name\" content=\"Daniel Matos\" \/>\n<meta property=\"article:published_time\" content=\"2019-03-14T12:37:37+00:00\" \/>\n<meta property=\"og:image\" content=\"https:\/\/www.blogsoestado.com\/danielmatos\/files\/2019\/03\/condominio-torres.jpg\" \/>\n<meta name=\"twitter:card\" content=\"summary_large_image\" \/>\n<meta name=\"twitter:label1\" content=\"Est. tempo de leitura\" \/>\n\t<meta name=\"twitter:data1\" content=\"1 minuto\" \/>\n<script type=\"application\/ld+json\" class=\"yoast-schema-graph\">{\"@context\":\"https:\/\/schema.org\",\"@graph\":[{\"@type\":\"WebPage\",\"@id\":\"https:\/\/www.blogsoestado.com\/danielmatos\/lancamento-da-mrv-reune-corretores-de-imoveis\/\",\"url\":\"https:\/\/www.blogsoestado.com\/danielmatos\/lancamento-da-mrv-reune-corretores-de-imoveis\/\",\"name\":\"Lan\u00e7amento da MRV re\u00fane corretores de im\u00f3veis - Daniel Matos\",\"isPartOf\":{\"@id\":\"https:\/\/www.blogsoestado.com\/danielmatos\/#website\"},\"primaryImageOfPage\":{\"@id\":\"https:\/\/www.blogsoestado.com\/danielmatos\/lancamento-da-mrv-reune-corretores-de-imoveis\/#primaryimage\"},\"image\":{\"@id\":\"https:\/\/www.blogsoestado.com\/danielmatos\/lancamento-da-mrv-reune-corretores-de-imoveis\/#primaryimage\"},\"thumbnailUrl\":\"https:\/\/www.blogsoestado.com\/danielmatos\/files\/2019\/03\/condominio-torres.jpg\",\"datePublished\":\"2019-03-14T12:37:37+00:00\",\"author\":{\"@id\":\"\"},\"breadcrumb\":{\"@id\":\"https:\/\/www.blogsoestado.com\/danielmatos\/lancamento-da-mrv-reune-corretores-de-imoveis\/#breadcrumb\"},\"inLanguage\":\"pt-BR\",\"potentialAction\":[{\"@type\":\"ReadAction\",\"target\":[\"https:\/\/www.blogsoestado.com\/danielmatos\/lancamento-da-mrv-reune-corretores-de-imoveis\/\"]}]},{\"@type\":\"ImageObject\",\"inLanguage\":\"pt-BR\",\"@id\":\"https:\/\/www.blogsoestado.com\/danielmatos\/lancamento-da-mrv-reune-corretores-de-imoveis\/#primaryimage\",\"url\":\"https:\/\/www.blogsoestado.com\/danielmatos\/files\/2019\/03\/condominio-torres.jpg\",\"contentUrl\":\"https:\/\/www.blogsoestado.com\/danielmatos\/files\/2019\/03\/condominio-torres.jpg\"},{\"@type\":\"BreadcrumbList\",\"@id\":\"https:\/\/www.blogsoestado.com\/danielmatos\/lancamento-da-mrv-reune-corretores-de-imoveis\/#breadcrumb\",\"itemListElement\":[{\"@type\":\"ListItem\",\"position\":1,\"name\":\"In\u00edcio\",\"item\":\"https:\/\/www.blogsoestado.com\/danielmatos\/\"},{\"@type\":\"ListItem\",\"position\":2,\"name\":\"Lan\u00e7amento da MRV re\u00fane corretores de im\u00f3veis\"}]},{\"@type\":\"WebSite\",\"@id\":\"https:\/\/www.blogsoestado.com\/danielmatos\/#website\",\"url\":\"https:\/\/www.blogsoestado.com\/danielmatos\/\",\"name\":\"Daniel Matos\",\"description\":\"\",\"potentialAction\":[{\"@type\":\"SearchAction\",\"target\":{\"@type\":\"EntryPoint\",\"urlTemplate\":\"https:\/\/www.blogsoestado.com\/danielmatos\/?s={search_term_string}\"},\"query-input\":{\"@type\":\"PropertyValueSpecification\",\"valueRequired\":true,\"valueName\":\"search_term_string\"}}],\"inLanguage\":\"pt-BR\"}]}<\/script>\n<!-- \/ Yoast SEO plugin. -->","yoast_head_json":{"title":"Lan\u00e7amento da MRV re\u00fane corretores de im\u00f3veis - Daniel Matos","robots":{"index":"index","follow":"follow","max-snippet":"max-snippet:-1","max-image-preview":"max-image-preview:large","max-video-preview":"max-video-preview:-1"},"canonical":"https:\/\/www.blogsoestado.com\/danielmatos\/lancamento-da-mrv-reune-corretores-de-imoveis\/","og_locale":"pt_BR","og_type":"article","og_title":"Lan\u00e7amento da MRV re\u00fane corretores de im\u00f3veis - Daniel Matos","og_description":"O ano de 2019 n\u00e3o poderia ter come\u00e7ado melhor para o mercado imobili\u00e1rio maranhense, com o lan\u00e7amento nessa quinta \u2013 [&hellip;]","og_url":"https:\/\/www.blogsoestado.com\/danielmatos\/lancamento-da-mrv-reune-corretores-de-imoveis\/","og_site_name":"Daniel Matos","article_published_time":"2019-03-14T12:37:37+00:00","og_image":[{"url":"https:\/\/www.blogsoestado.com\/danielmatos\/files\/2019\/03\/condominio-torres.jpg","type":"","width":"","height":""}],"twitter_card":"summary_large_image","twitter_misc":{"Est. tempo de leitura":"1 minuto"},"schema":{"@context":"https:\/\/schema.org","@graph":[{"@type":"WebPage","@id":"https:\/\/www.blogsoestado.com\/danielmatos\/lancamento-da-mrv-reune-corretores-de-imoveis\/","url":"https:\/\/www.blogsoestado.com\/danielmatos\/lancamento-da-mrv-reune-corretores-de-imoveis\/","name":"Lan\u00e7amento da MRV re\u00fane corretores de im\u00f3veis - Daniel Matos","isPartOf":{"@id":"https:\/\/www.blogsoestado.com\/danielmatos\/#website"},"primaryImageOfPage":{"@id":"https:\/\/www.blogsoestado.com\/danielmatos\/lancamento-da-mrv-reune-corretores-de-imoveis\/#primaryimage"},"image":{"@id":"https:\/\/www.blogsoestado.com\/danielmatos\/lancamento-da-mrv-reune-corretores-de-imoveis\/#primaryimage"},"thumbnailUrl":"https:\/\/www.blogsoestado.com\/danielmatos\/files\/2019\/03\/condominio-torres.jpg","datePublished":"2019-03-14T12:37:37+00:00","author":{"@id":""},"breadcrumb":{"@id":"https:\/\/www.blogsoestado.com\/danielmatos\/lancamento-da-mrv-reune-corretores-de-imoveis\/#breadcrumb"},"inLanguage":"pt-BR","potentialAction":[{"@type":"ReadAction","target":["https:\/\/www.blogsoestado.com\/danielmatos\/lancamento-da-mrv-reune-corretores-de-imoveis\/"]}]},{"@type":"ImageObject","inLanguage":"pt-BR","@id":"https:\/\/www.blogsoestado.com\/danielmatos\/lancamento-da-mrv-reune-corretores-de-imoveis\/#primaryimage","url":"https:\/\/www.blogsoestado.com\/danielmatos\/files\/2019\/03\/condominio-torres.jpg","contentUrl":"https:\/\/www.blogsoestado.com\/danielmatos\/files\/2019\/03\/condominio-torres.jpg"},{"@type":"BreadcrumbList","@id":"https:\/\/www.blogsoestado.com\/danielmatos\/lancamento-da-mrv-reune-corretores-de-imoveis\/#breadcrumb","itemListElement":[{"@type":"ListItem","position":1,"name":"In\u00edcio","item":"https:\/\/www.blogsoestado.com\/danielmatos\/"},{"@type":"ListItem","position":2,"name":"Lan\u00e7amento da MRV re\u00fane corretores de im\u00f3veis"}]},{"@type":"WebSite","@id":"https:\/\/www.blogsoestado.com\/danielmatos\/#website","url":"https:\/\/www.blogsoestado.com\/danielmatos\/","name":"Daniel Matos","description":"","potentialAction":[{"@type":"SearchAction","target":{"@type":"EntryPoint","urlTemplate":"https:\/\/www.blogsoestado.com\/danielmatos\/?s={search_term_string}"},"query-input":{"@type":"PropertyValueSpecification","valueRequired":true,"valueName":"search_term_string"}}],"inLanguage":"pt-BR"}]}},"jetpack_featured_media_url":"","_links":{"self":[{"href":"https:\/\/www.blogsoestado.com\/danielmatos\/wp-json\/wp\/v2\/posts\/61086","targetHints":{"allow":["GET"]}}],"collection":[{"href":"https:\/\/www.blogsoestado.com\/danielmatos\/wp-json\/wp\/v2\/posts"}],"about":[{"href":"https:\/\/www.blogsoestado.com\/danielmatos\/wp-json\/wp\/v2\/types\/post"}],"replies":[{"embeddable":true,"href":"https:\/\/www.blogsoestado.com\/danielmatos\/wp-json\/wp\/v2\/comments?post=61086"}],"version-history":[{"count":0,"href":"https:\/\/www.blogsoestado.com\/danielmatos\/wp-json\/wp\/v2\/posts\/61086\/revisions"}],"wp:attachment":[{"href":"https:\/\/www.blogsoestado.com\/danielmatos\/wp-json\/wp\/v2\/media?parent=61086"}],"wp:term":[{"taxonomy":"category","embeddable":true,"href":"https:\/\/www.blogsoestado.com\/danielmatos\/wp-json\/wp\/v2\/categories?post=61086"},{"taxonomy":"post_tag","embeddable":true,"href":"https:\/\/www.blogsoestado.com\/danielmatos\/wp-json\/wp\/v2\/tags?post=61086"}],"curies":[{"name":"wp","href":"https:\/\/api.w.org\/{rel}","templated":true}]}}