{"id":61095,"date":"2019-03-14T19:48:53","date_gmt":"2019-03-14T22:48:53","guid":{"rendered":"https:\/\/www.blogsoestado.com\/danielmatos\/?p=61095"},"modified":"2019-03-14T19:48:53","modified_gmt":"2019-03-14T22:48:53","slug":"sem-vigilancia-escolas-estaduais-do-maranhao-tambem-correm-risco-alertam-internautas-em-resposta-a-comentario-de-flavio-dino-sobre-massacre-em-sp","status":"publish","type":"post","link":"https:\/\/www.blogsoestado.com\/danielmatos\/sem-vigilancia-escolas-estaduais-do-maranhao-tambem-correm-risco-alertam-internautas-em-resposta-a-comentario-de-flavio-dino-sobre-massacre-em-sp\/","title":{"rendered":"Sem vigil\u00e2ncia, escolas estaduais do Maranh\u00e3o tamb\u00e9m correm risco, alertam internautas em resposta a coment\u00e1rio de Fl\u00e1vio Dino sobre massacre em SP"},"content":{"rendered":"\n<div class=\"wp-block-image\"><figure class=\"alignright is-resized\"><img fetchpriority=\"high\" decoding=\"async\" src=\"https:\/\/www.blogsoestado.com\/danielmatos\/files\/2019\/03\/dino-vigilante2-576x1024.jpg\" alt=\"\" class=\"wp-image-61106\" width=\"307\" height=\"545\"\/><figcaption>Coment\u00e1rio postado por Fl\u00e1vio Dino no Facebook teve ampla repercuss\u00e3o<\/figcaption><\/figure><\/div>\n\n\n\n<p>Internautas maranhenses fizeram um grave alerta ao governador Fl\u00e1vio Dino (PCdoB) em resposta \u00e0 manifesta\u00e7\u00e3o de pesar do comunista ap\u00f3s o massacre que vitimou, ontem (13), oito alunos e dois funcion\u00e1rios da escola estadual Raul Brasil, em Suzano (SP). Ao comentar postagem no Facebook em que o comunista lamenta o tr\u00e1gico epis\u00f3dio, seguidores lembram que as unidades de ensino da rede p\u00fablica estadual do Maranh\u00e3o n\u00e3o est\u00e3o a salvo  desse tipo de atentado, pois deixaram de contar com o servi\u00e7o de vigil\u00e2ncia privada, cujo contrato n\u00e3o foi renovado.<\/p>\n\n\n\n<p>Com a clara inten\u00e7\u00e3o de fazer sua mensagem ecoar na imprensa nacional, Fl\u00e1vio Dino escreveu o seguinte. &#8220;Minha profunda solidariedade \u00e0 popula\u00e7\u00e3o da cidade e \u00e0 comunidade da escola. Oremos e lutemos por uma cultura de PAZ, e n\u00e3o de viol\u00eancia. O trecho final da nota do comunista \u00e9 uma clara alfinetada no presidente da Rep\u00fablica, Jair Bolsonaro, que incluiu a flexibiliza\u00e7\u00e3o das regras para obten\u00e7\u00e3o do porte de armas entre as propostas da sua vitoriosa campanha.<\/p>\n\n\n\n<p>A postagem do governador recebeu dezenas de coment\u00e1rios, alguns em tom de advert\u00eancia. &#8220;Pois \u00e9, governador. Enquanto isso, as escolas do Estado est\u00e3o sem vigil\u00e2ncia. Os senhores tirou os vigilantes de dia. Tem escola que j\u00e1 foi assaltada: o col\u00e9gio Gon\u00e7alves Dias, na (Avenida) Kennedy. E agora?&#8221;, indagou a internauta que se identificou como Ana Paulo dos Anjos.<\/p>\n\n\n\n<div class=\"wp-block-image\"><figure class=\"aligncenter\"><img decoding=\"async\" src=\"https:\/\/www.blogsoestado.com\/danielmatos\/files\/2019\/03\/dino-vigilante5.jpg\" alt=\"\" class=\"wp-image-61108\"\/><figcaption>Internauta informa ao governador que uma escola estadual na Avenida Kennedy, que nb\u00e3o conta com vigil\u00e2ncia, foi assaltada recentemente<\/figcaption><\/figure><\/div>\n\n\n\n<p>Maria do Ros\u00e1rio Carvalho, outra seguidora de Dino no Facebook, refor\u00e7ou o coro dos que temem que a trag\u00e9dia ocorrida em S\u00e3o Paulo se repita no Maranh\u00e3o. &#8220;As escolas do Maranh\u00e3o podem n\u00e3o estar livres disso. Ao menos, a minha n\u00e3o tem vigia. Estamos \u00e0 merc\u00ea disso a\u00ed tamb\u00e9m&#8221;, comentou, sobressaltada.<\/p>\n\n\n\n<div class=\"wp-block-image\"><figure class=\"alignright is-resized\"><img decoding=\"async\" src=\"https:\/\/www.blogsoestado.com\/danielmatos\/files\/2019\/03\/dino-vigilante3.jpg\" alt=\"\" class=\"wp-image-61109\" width=\"399\" height=\"215\"\/><figcaption>Internauta demonstra receio de atentado em sua escola, que tamb\u00e9m n\u00e3o disp\u00f5e de vigil\u00e2ncia<\/figcaption><\/figure><\/div>\n\n\n\n<p>Os que tentaram desqualificar as cr\u00edticas \u00e0 falta de vigil\u00e2ncia nas escolas p\u00fablicas estaduais do Maranh\u00e3o foram recha\u00e7ados com firmeza. &#8220;Vigia n\u00e3o resolve isso. Cultura de viol\u00eancia n\u00e3o tem jeito, a n\u00e3o ser cultura de paz&#8221;, argumentou a internauta Tatiane Seixas, em uma clara tentativa de defender o governo. &#8220;Mas inibe que qualquer um possa entrar em escolas. Se nessa escola em quest\u00e3o tivesse vigia, poderiam at\u00e9 ter entrado, se o matasse logo de cara, j\u00e1 que estavam encapuzados&#8221;, rebateu Maria do Ros\u00e1rio Carvalho.    <\/p>\n\n\n\n<div class=\"wp-block-image\"><figure class=\"alignleft is-resized\"><img decoding=\"async\" src=\"https:\/\/www.blogsoestado.com\/danielmatos\/files\/2019\/03\/dino-vigilante4.jpg\" alt=\"\" class=\"wp-image-61110\" width=\"300\" height=\"313\"\/><figcaption>Comentarista foi rebatida com firmeza ao minimizar riscos<\/figcaption><\/figure><\/div>\n\n\n\n<p>Vale relembrar que, em novembro do ano passado, estudantes e professores do Centro de Ensino Fundamental e M\u00e9dio Lara Ribas, escola do Estado localizada no bairro Santo Ant\u00f4nio, onde a vigil\u00e2ncia privada tamb\u00e9m deixou de atuar, foram v\u00edtimas de um arrast\u00e3o. Na a\u00e7\u00e3o criminosa, os bandidos invadiram cinco salas de aula e roubaram dinheiro, celulares e outros pertences. Uma docente que havia acabado de sacar o sal\u00e1rio foi obrigada a entregar, sob a mira de armas, cerca de R$ 2 mil aos criminosos. <\/p>\n\n\n\n<p>T\u00e3o logo a not\u00edcia do arrast\u00e3o come\u00e7ou a repercutir, <a href=\"https:\/\/www.blogsoestado.com\/danielmatos\/2018\/11\/06\/apos-arrastao-em-salas-de-aulas-secretario-anuncia-instalacao-de-cameras-em-escolas-do-estado\/\">o secretario de Estado da Educa\u00e7\u00e3o, Felipe Camar\u00e3o, anunciou a instala\u00e7\u00e3o de c\u00e2meras de videomonitoramento em toda a rede de ensino sob sua gest\u00e3o<\/a>. Segundo ele, os equipamentos serviriam para coibir atos de viol\u00eancia contra escolas. O gestor informou, ainda, que as imagens seriam cedidas \u00e0 pol\u00edcia, para fins de investiga\u00e7\u00e3o, a cada a\u00e7\u00e3o criminosa concretizada.<\/p>\n\n\n\n<p>At\u00e9 agora, nem isso. <\/p>\n","protected":false},"excerpt":{"rendered":"<p>Internautas maranhenses fizeram um grave alerta ao governador Fl\u00e1vio Dino (PCdoB) em resposta \u00e0 manifesta\u00e7\u00e3o de pesar do comunista ap\u00f3s [&hellip;]<\/p>\n","protected":false},"author":0,"featured_media":0,"comment_status":"open","ping_status":"open","sticky":false,"template":"","format":"standard","meta":{"site-sidebar-layout":"default","site-content-layout":"","ast-site-content-layout":"default","site-content-style":"default","site-sidebar-style":"default","ast-global-header-display":"","ast-banner-title-visibility":"","ast-main-header-display":"","ast-hfb-above-header-display":"","ast-hfb-below-header-display":"","ast-hfb-mobile-header-display":"","site-post-title":"","ast-breadcrumbs-content":"","ast-featured-img":"","footer-sml-layout":"","ast-disable-related-posts":"","theme-transparent-header-meta":"","adv-header-id-meta":"","stick-header-meta":"","header-above-stick-meta":"","header-main-stick-meta":"","header-below-stick-meta":"","astra-migrate-meta-layouts":"default","ast-page-background-enabled":"default","ast-page-background-meta":{"desktop":{"background-color":"var(--ast-global-color-5)","background-image":"","background-repeat":"repeat","background-position":"center center","background-size":"auto","background-attachment":"scroll","background-type":"","background-media":"","overlay-type":"","overlay-color":"","overlay-opacity":"","overlay-gradient":""},"tablet":{"background-color":"","background-image":"","background-repeat":"repeat","background-position":"center center","background-size":"auto","background-attachment":"scroll","background-type":"","background-media":"","overlay-type":"","overlay-color":"","overlay-opacity":"","overlay-gradient":""},"mobile":{"background-color":"","background-image":"","background-repeat":"repeat","background-position":"center center","background-size":"auto","background-attachment":"scroll","background-type":"","background-media":"","overlay-type":"","overlay-color":"","overlay-opacity":"","overlay-gradient":""}},"ast-content-background-meta":{"desktop":{"background-color":"var(--ast-global-color-4)","background-image":"","background-repeat":"repeat","background-position":"center center","background-size":"auto","background-attachment":"scroll","background-type":"","background-media":"","overlay-type":"","overlay-color":"","overlay-opacity":"","overlay-gradient":""},"tablet":{"background-color":"var(--ast-global-color-4)","background-image":"","background-repeat":"repeat","background-position":"center center","background-size":"auto","background-attachment":"scroll","background-type":"","background-media":"","overlay-type":"","overlay-color":"","overlay-opacity":"","overlay-gradient":""},"mobile":{"background-color":"var(--ast-global-color-4)","background-image":"","background-repeat":"repeat","background-position":"center center","background-size":"auto","background-attachment":"scroll","background-type":"","background-media":"","overlay-type":"","overlay-color":"","overlay-opacity":"","overlay-gradient":""}},"footnotes":""},"categories":[1],"tags":[],"class_list":["post-61095","post","type-post","status-publish","format-standard","hentry","category-sem-categoria"],"yoast_head":"<!-- This site is optimized with the Yoast SEO plugin v26.6 - https:\/\/yoast.com\/wordpress\/plugins\/seo\/ -->\n<title>Sem vigil\u00e2ncia, escolas estaduais do Maranh\u00e3o tamb\u00e9m correm risco, alertam internautas em resposta a coment\u00e1rio de Fl\u00e1vio Dino sobre massacre em SP - Daniel Matos<\/title>\n<meta name=\"robots\" content=\"index, follow, max-snippet:-1, max-image-preview:large, max-video-preview:-1\" \/>\n<link rel=\"canonical\" href=\"https:\/\/www.blogsoestado.com\/danielmatos\/sem-vigilancia-escolas-estaduais-do-maranhao-tambem-correm-risco-alertam-internautas-em-resposta-a-comentario-de-flavio-dino-sobre-massacre-em-sp\/\" \/>\n<meta property=\"og:locale\" content=\"pt_BR\" \/>\n<meta property=\"og:type\" content=\"article\" \/>\n<meta property=\"og:title\" content=\"Sem vigil\u00e2ncia, escolas estaduais do Maranh\u00e3o tamb\u00e9m correm risco, alertam internautas em resposta a coment\u00e1rio de Fl\u00e1vio Dino sobre massacre em SP - Daniel Matos\" \/>\n<meta property=\"og:description\" content=\"Internautas maranhenses fizeram um grave alerta ao governador Fl\u00e1vio Dino (PCdoB) em resposta \u00e0 manifesta\u00e7\u00e3o de pesar do comunista ap\u00f3s [&hellip;]\" \/>\n<meta property=\"og:url\" content=\"https:\/\/www.blogsoestado.com\/danielmatos\/sem-vigilancia-escolas-estaduais-do-maranhao-tambem-correm-risco-alertam-internautas-em-resposta-a-comentario-de-flavio-dino-sobre-massacre-em-sp\/\" \/>\n<meta property=\"og:site_name\" content=\"Daniel Matos\" \/>\n<meta property=\"article:published_time\" content=\"2019-03-14T22:48:53+00:00\" \/>\n<meta property=\"og:image\" content=\"https:\/\/www.blogsoestado.com\/danielmatos\/files\/2019\/03\/dino-vigilante2-576x1024.jpg\" \/>\n<meta name=\"twitter:card\" content=\"summary_large_image\" \/>\n<meta name=\"twitter:label1\" content=\"Est. tempo de leitura\" \/>\n\t<meta name=\"twitter:data1\" content=\"3 minutos\" \/>\n<script type=\"application\/ld+json\" class=\"yoast-schema-graph\">{\"@context\":\"https:\/\/schema.org\",\"@graph\":[{\"@type\":\"WebPage\",\"@id\":\"https:\/\/www.blogsoestado.com\/danielmatos\/sem-vigilancia-escolas-estaduais-do-maranhao-tambem-correm-risco-alertam-internautas-em-resposta-a-comentario-de-flavio-dino-sobre-massacre-em-sp\/\",\"url\":\"https:\/\/www.blogsoestado.com\/danielmatos\/sem-vigilancia-escolas-estaduais-do-maranhao-tambem-correm-risco-alertam-internautas-em-resposta-a-comentario-de-flavio-dino-sobre-massacre-em-sp\/\",\"name\":\"Sem vigil\u00e2ncia, escolas estaduais do Maranh\u00e3o tamb\u00e9m correm risco, alertam internautas em resposta a coment\u00e1rio de Fl\u00e1vio Dino sobre massacre em SP - Daniel Matos\",\"isPartOf\":{\"@id\":\"https:\/\/www.blogsoestado.com\/danielmatos\/#website\"},\"primaryImageOfPage\":{\"@id\":\"https:\/\/www.blogsoestado.com\/danielmatos\/sem-vigilancia-escolas-estaduais-do-maranhao-tambem-correm-risco-alertam-internautas-em-resposta-a-comentario-de-flavio-dino-sobre-massacre-em-sp\/#primaryimage\"},\"image\":{\"@id\":\"https:\/\/www.blogsoestado.com\/danielmatos\/sem-vigilancia-escolas-estaduais-do-maranhao-tambem-correm-risco-alertam-internautas-em-resposta-a-comentario-de-flavio-dino-sobre-massacre-em-sp\/#primaryimage\"},\"thumbnailUrl\":\"https:\/\/www.blogsoestado.com\/danielmatos\/files\/2019\/03\/dino-vigilante2-576x1024.jpg\",\"datePublished\":\"2019-03-14T22:48:53+00:00\",\"author\":{\"@id\":\"\"},\"breadcrumb\":{\"@id\":\"https:\/\/www.blogsoestado.com\/danielmatos\/sem-vigilancia-escolas-estaduais-do-maranhao-tambem-correm-risco-alertam-internautas-em-resposta-a-comentario-de-flavio-dino-sobre-massacre-em-sp\/#breadcrumb\"},\"inLanguage\":\"pt-BR\",\"potentialAction\":[{\"@type\":\"ReadAction\",\"target\":[\"https:\/\/www.blogsoestado.com\/danielmatos\/sem-vigilancia-escolas-estaduais-do-maranhao-tambem-correm-risco-alertam-internautas-em-resposta-a-comentario-de-flavio-dino-sobre-massacre-em-sp\/\"]}]},{\"@type\":\"ImageObject\",\"inLanguage\":\"pt-BR\",\"@id\":\"https:\/\/www.blogsoestado.com\/danielmatos\/sem-vigilancia-escolas-estaduais-do-maranhao-tambem-correm-risco-alertam-internautas-em-resposta-a-comentario-de-flavio-dino-sobre-massacre-em-sp\/#primaryimage\",\"url\":\"https:\/\/www.blogsoestado.com\/danielmatos\/files\/2019\/03\/dino-vigilante2-576x1024.jpg\",\"contentUrl\":\"https:\/\/www.blogsoestado.com\/danielmatos\/files\/2019\/03\/dino-vigilante2-576x1024.jpg\"},{\"@type\":\"BreadcrumbList\",\"@id\":\"https:\/\/www.blogsoestado.com\/danielmatos\/sem-vigilancia-escolas-estaduais-do-maranhao-tambem-correm-risco-alertam-internautas-em-resposta-a-comentario-de-flavio-dino-sobre-massacre-em-sp\/#breadcrumb\",\"itemListElement\":[{\"@type\":\"ListItem\",\"position\":1,\"name\":\"In\u00edcio\",\"item\":\"https:\/\/www.blogsoestado.com\/danielmatos\/\"},{\"@type\":\"ListItem\",\"position\":2,\"name\":\"Sem vigil\u00e2ncia, escolas estaduais do Maranh\u00e3o tamb\u00e9m correm risco, alertam internautas em resposta a coment\u00e1rio de Fl\u00e1vio Dino sobre massacre em SP\"}]},{\"@type\":\"WebSite\",\"@id\":\"https:\/\/www.blogsoestado.com\/danielmatos\/#website\",\"url\":\"https:\/\/www.blogsoestado.com\/danielmatos\/\",\"name\":\"Daniel Matos\",\"description\":\"\",\"potentialAction\":[{\"@type\":\"SearchAction\",\"target\":{\"@type\":\"EntryPoint\",\"urlTemplate\":\"https:\/\/www.blogsoestado.com\/danielmatos\/?s={search_term_string}\"},\"query-input\":{\"@type\":\"PropertyValueSpecification\",\"valueRequired\":true,\"valueName\":\"search_term_string\"}}],\"inLanguage\":\"pt-BR\"}]}<\/script>\n<!-- \/ Yoast SEO plugin. -->","yoast_head_json":{"title":"Sem vigil\u00e2ncia, escolas estaduais do Maranh\u00e3o tamb\u00e9m correm risco, alertam internautas em resposta a coment\u00e1rio de Fl\u00e1vio Dino sobre massacre em SP - Daniel Matos","robots":{"index":"index","follow":"follow","max-snippet":"max-snippet:-1","max-image-preview":"max-image-preview:large","max-video-preview":"max-video-preview:-1"},"canonical":"https:\/\/www.blogsoestado.com\/danielmatos\/sem-vigilancia-escolas-estaduais-do-maranhao-tambem-correm-risco-alertam-internautas-em-resposta-a-comentario-de-flavio-dino-sobre-massacre-em-sp\/","og_locale":"pt_BR","og_type":"article","og_title":"Sem vigil\u00e2ncia, escolas estaduais do Maranh\u00e3o tamb\u00e9m correm risco, alertam internautas em resposta a coment\u00e1rio de Fl\u00e1vio Dino sobre massacre em SP - Daniel Matos","og_description":"Internautas maranhenses fizeram um grave alerta ao governador Fl\u00e1vio Dino (PCdoB) em resposta \u00e0 manifesta\u00e7\u00e3o de pesar do comunista ap\u00f3s [&hellip;]","og_url":"https:\/\/www.blogsoestado.com\/danielmatos\/sem-vigilancia-escolas-estaduais-do-maranhao-tambem-correm-risco-alertam-internautas-em-resposta-a-comentario-de-flavio-dino-sobre-massacre-em-sp\/","og_site_name":"Daniel Matos","article_published_time":"2019-03-14T22:48:53+00:00","og_image":[{"url":"https:\/\/www.blogsoestado.com\/danielmatos\/files\/2019\/03\/dino-vigilante2-576x1024.jpg","type":"","width":"","height":""}],"twitter_card":"summary_large_image","twitter_misc":{"Est. tempo de leitura":"3 minutos"},"schema":{"@context":"https:\/\/schema.org","@graph":[{"@type":"WebPage","@id":"https:\/\/www.blogsoestado.com\/danielmatos\/sem-vigilancia-escolas-estaduais-do-maranhao-tambem-correm-risco-alertam-internautas-em-resposta-a-comentario-de-flavio-dino-sobre-massacre-em-sp\/","url":"https:\/\/www.blogsoestado.com\/danielmatos\/sem-vigilancia-escolas-estaduais-do-maranhao-tambem-correm-risco-alertam-internautas-em-resposta-a-comentario-de-flavio-dino-sobre-massacre-em-sp\/","name":"Sem vigil\u00e2ncia, escolas estaduais do Maranh\u00e3o tamb\u00e9m correm risco, alertam internautas em resposta a coment\u00e1rio de Fl\u00e1vio Dino sobre massacre em SP - Daniel Matos","isPartOf":{"@id":"https:\/\/www.blogsoestado.com\/danielmatos\/#website"},"primaryImageOfPage":{"@id":"https:\/\/www.blogsoestado.com\/danielmatos\/sem-vigilancia-escolas-estaduais-do-maranhao-tambem-correm-risco-alertam-internautas-em-resposta-a-comentario-de-flavio-dino-sobre-massacre-em-sp\/#primaryimage"},"image":{"@id":"https:\/\/www.blogsoestado.com\/danielmatos\/sem-vigilancia-escolas-estaduais-do-maranhao-tambem-correm-risco-alertam-internautas-em-resposta-a-comentario-de-flavio-dino-sobre-massacre-em-sp\/#primaryimage"},"thumbnailUrl":"https:\/\/www.blogsoestado.com\/danielmatos\/files\/2019\/03\/dino-vigilante2-576x1024.jpg","datePublished":"2019-03-14T22:48:53+00:00","author":{"@id":""},"breadcrumb":{"@id":"https:\/\/www.blogsoestado.com\/danielmatos\/sem-vigilancia-escolas-estaduais-do-maranhao-tambem-correm-risco-alertam-internautas-em-resposta-a-comentario-de-flavio-dino-sobre-massacre-em-sp\/#breadcrumb"},"inLanguage":"pt-BR","potentialAction":[{"@type":"ReadAction","target":["https:\/\/www.blogsoestado.com\/danielmatos\/sem-vigilancia-escolas-estaduais-do-maranhao-tambem-correm-risco-alertam-internautas-em-resposta-a-comentario-de-flavio-dino-sobre-massacre-em-sp\/"]}]},{"@type":"ImageObject","inLanguage":"pt-BR","@id":"https:\/\/www.blogsoestado.com\/danielmatos\/sem-vigilancia-escolas-estaduais-do-maranhao-tambem-correm-risco-alertam-internautas-em-resposta-a-comentario-de-flavio-dino-sobre-massacre-em-sp\/#primaryimage","url":"https:\/\/www.blogsoestado.com\/danielmatos\/files\/2019\/03\/dino-vigilante2-576x1024.jpg","contentUrl":"https:\/\/www.blogsoestado.com\/danielmatos\/files\/2019\/03\/dino-vigilante2-576x1024.jpg"},{"@type":"BreadcrumbList","@id":"https:\/\/www.blogsoestado.com\/danielmatos\/sem-vigilancia-escolas-estaduais-do-maranhao-tambem-correm-risco-alertam-internautas-em-resposta-a-comentario-de-flavio-dino-sobre-massacre-em-sp\/#breadcrumb","itemListElement":[{"@type":"ListItem","position":1,"name":"In\u00edcio","item":"https:\/\/www.blogsoestado.com\/danielmatos\/"},{"@type":"ListItem","position":2,"name":"Sem vigil\u00e2ncia, escolas estaduais do Maranh\u00e3o tamb\u00e9m correm risco, alertam internautas em resposta a coment\u00e1rio de Fl\u00e1vio Dino sobre massacre em SP"}]},{"@type":"WebSite","@id":"https:\/\/www.blogsoestado.com\/danielmatos\/#website","url":"https:\/\/www.blogsoestado.com\/danielmatos\/","name":"Daniel Matos","description":"","potentialAction":[{"@type":"SearchAction","target":{"@type":"EntryPoint","urlTemplate":"https:\/\/www.blogsoestado.com\/danielmatos\/?s={search_term_string}"},"query-input":{"@type":"PropertyValueSpecification","valueRequired":true,"valueName":"search_term_string"}}],"inLanguage":"pt-BR"}]}},"jetpack_featured_media_url":"","_links":{"self":[{"href":"https:\/\/www.blogsoestado.com\/danielmatos\/wp-json\/wp\/v2\/posts\/61095","targetHints":{"allow":["GET"]}}],"collection":[{"href":"https:\/\/www.blogsoestado.com\/danielmatos\/wp-json\/wp\/v2\/posts"}],"about":[{"href":"https:\/\/www.blogsoestado.com\/danielmatos\/wp-json\/wp\/v2\/types\/post"}],"replies":[{"embeddable":true,"href":"https:\/\/www.blogsoestado.com\/danielmatos\/wp-json\/wp\/v2\/comments?post=61095"}],"version-history":[{"count":0,"href":"https:\/\/www.blogsoestado.com\/danielmatos\/wp-json\/wp\/v2\/posts\/61095\/revisions"}],"wp:attachment":[{"href":"https:\/\/www.blogsoestado.com\/danielmatos\/wp-json\/wp\/v2\/media?parent=61095"}],"wp:term":[{"taxonomy":"category","embeddable":true,"href":"https:\/\/www.blogsoestado.com\/danielmatos\/wp-json\/wp\/v2\/categories?post=61095"},{"taxonomy":"post_tag","embeddable":true,"href":"https:\/\/www.blogsoestado.com\/danielmatos\/wp-json\/wp\/v2\/tags?post=61095"}],"curies":[{"name":"wp","href":"https:\/\/api.w.org\/{rel}","templated":true}]}}