{"id":61126,"date":"2019-03-15T12:40:01","date_gmt":"2019-03-15T15:40:01","guid":{"rendered":"https:\/\/www.blogsoestado.com\/danielmatos\/?p=61126"},"modified":"2019-03-15T12:40:01","modified_gmt":"2019-03-15T15:40:01","slug":"osmar-filho-dialoga-com-movimento-das-mulheres-do-pdt","status":"publish","type":"post","link":"https:\/\/www.blogsoestado.com\/danielmatos\/osmar-filho-dialoga-com-movimento-das-mulheres-do-pdt\/","title":{"rendered":"Osmar Filho dialoga com Movimento das Mulheres do PDT"},"content":{"rendered":"\n<figure class=\"wp-block-image\"><img decoding=\"async\" src=\"https:\/\/www.blogsoestado.com\/danielmatos\/files\/2019\/03\/osmar-mulheres-1024x682.jpg\" alt=\"\" class=\"wp-image-61127\"\/><figcaption> Osmar Filho com representantes da A\u00e7\u00e3o da Mulher Trabalhista (AMT), movimento de mulheres do PDT<\/figcaption><\/figure>\n\n\n\n<p>O presidente da C\u00e2mara Municipal de S\u00e3o Lu\u00eds, vereador Osmar Filho (PDT) recebeu neta quinta-feira (14), representantes da A\u00e7\u00e3o da Mulher Trabalhista (AMT), movimento de mulheres do partido que foram apresentar ao chefe do Legislativo Municipal a sua nova Executiva Estadual.<\/p>\n\n\n\n<p>O grupo tamb\u00e9m foi convid\u00e1-lo para a implanta\u00e7\u00e3o do F\u00f3rum Estadual de Organismos de Mulheres de Partidos, que ter\u00e1 o PDT como um de seus membros e ser\u00e1 instalado no estado no pr\u00f3ximo dia 28, em uma solenidade na Assembleia Legislativa do Maranh\u00e3o.<\/p>\n\n\n\n<p>\u201cO Osmar, como presidente da C\u00e2mara de Vereadores e integrante da executiva nacional, n\u00e3o pode ficar de fora de um momento como este, que ser\u00e1 hist\u00f3rico, n\u00e3o s\u00f3 para o partido, mas para o movimento de mulheres no Maranh\u00e3o e no Brasil. Recebemos o seu apoio na busca da paridade, n\u00e3o s\u00f3 na pol\u00edtica, como nos diversos espa\u00e7os de poder\u201d, disse Kariadine Maia, presidente do coletivo.<\/p>\n\n\n\n<p>Fazendo uma ampla reflex\u00e3o sobre o papel da mulher na sociedade e dos espa\u00e7os que tem conquistado, Omar Filho agradeceu a visita e se colocou a disposi\u00e7\u00e3o, enquanto membro do partido, vereador e presidente do Legislativo Municipal, para colaborar com as a\u00e7\u00f5es da AMT e com a sua luta para conquistar mais espa\u00e7o na sociedade e na pol\u00edtica.<\/p>\n\n\n\n<figure class=\"wp-block-image\"><img decoding=\"async\" src=\"https:\/\/www.blogsoestado.com\/danielmatos\/files\/2019\/03\/osmar-mulheres2-1024x682.jpg\" alt=\"\" class=\"wp-image-61128\"\/><figcaption>Osmar lembrou contribui\u00e7\u00e3o das mulheres para o \u00f3timo desempenho do PDT nas \u00faltimas elei\u00e7\u00f5es<\/figcaption><\/figure>\n\n\n\n<p>\u201c\u00c9 um processo natural que cada vez mais as mulheres ocupem esses espa\u00e7os\u201d, ressaltou o vereador.<\/p>\n\n\n\n<p>Ele lembrou o \u00f3timo desempenho do PDT nas \u00faltimas elei\u00e7\u00f5es \u2013 municipal, estadual e federal \u2013 e que nesses processos a contribui\u00e7\u00e3o das mulheres do partido foi de grande import\u00e2ncia.<\/p>\n\n\n\n<p>Al\u00e9m da presidente da AMT, o encontro teve as presen\u00e7as da vice-presidente Marileide Rocha Marques de Souza, da secret\u00e1ria geral Dilma Nascimento, da assessora jur\u00eddica Fernanda Verde e da vice-prefeita de Santa Quit\u00e9ria e tesoureira do movimento, Ana Cl\u00e1udia.<\/p>\n","protected":false},"excerpt":{"rendered":"<p>O presidente da C\u00e2mara Municipal de S\u00e3o Lu\u00eds, vereador Osmar Filho (PDT) recebeu neta quinta-feira (14), representantes da A\u00e7\u00e3o da [&hellip;]<\/p>\n","protected":false},"author":0,"featured_media":0,"comment_status":"open","ping_status":"open","sticky":false,"template":"","format":"standard","meta":{"site-sidebar-layout":"default","site-content-layout":"","ast-site-content-layout":"default","site-content-style":"default","site-sidebar-style":"default","ast-global-header-display":"","ast-banner-title-visibility":"","ast-main-header-display":"","ast-hfb-above-header-display":"","ast-hfb-below-header-display":"","ast-hfb-mobile-header-display":"","site-post-title":"","ast-breadcrumbs-content":"","ast-featured-img":"","footer-sml-layout":"","ast-disable-related-posts":"","theme-transparent-header-meta":"","adv-header-id-meta":"","stick-header-meta":"","header-above-stick-meta":"","header-main-stick-meta":"","header-below-stick-meta":"","astra-migrate-meta-layouts":"default","ast-page-background-enabled":"default","ast-page-background-meta":{"desktop":{"background-color":"var(--ast-global-color-5)","background-image":"","background-repeat":"repeat","background-position":"center center","background-size":"auto","background-attachment":"scroll","background-type":"","background-media":"","overlay-type":"","overlay-color":"","overlay-opacity":"","overlay-gradient":""},"tablet":{"background-color":"","background-image":"","background-repeat":"repeat","background-position":"center center","background-size":"auto","background-attachment":"scroll","background-type":"","background-media":"","overlay-type":"","overlay-color":"","overlay-opacity":"","overlay-gradient":""},"mobile":{"background-color":"","background-image":"","background-repeat":"repeat","background-position":"center center","background-size":"auto","background-attachment":"scroll","background-type":"","background-media":"","overlay-type":"","overlay-color":"","overlay-opacity":"","overlay-gradient":""}},"ast-content-background-meta":{"desktop":{"background-color":"var(--ast-global-color-4)","background-image":"","background-repeat":"repeat","background-position":"center center","background-size":"auto","background-attachment":"scroll","background-type":"","background-media":"","overlay-type":"","overlay-color":"","overlay-opacity":"","overlay-gradient":""},"tablet":{"background-color":"var(--ast-global-color-4)","background-image":"","background-repeat":"repeat","background-position":"center center","background-size":"auto","background-attachment":"scroll","background-type":"","background-media":"","overlay-type":"","overlay-color":"","overlay-opacity":"","overlay-gradient":""},"mobile":{"background-color":"var(--ast-global-color-4)","background-image":"","background-repeat":"repeat","background-position":"center center","background-size":"auto","background-attachment":"scroll","background-type":"","background-media":"","overlay-type":"","overlay-color":"","overlay-opacity":"","overlay-gradient":""}},"footnotes":""},"categories":[1],"tags":[],"class_list":["post-61126","post","type-post","status-publish","format-standard","hentry","category-sem-categoria"],"yoast_head":"<!-- This site is optimized with the Yoast SEO plugin v26.6 - https:\/\/yoast.com\/wordpress\/plugins\/seo\/ -->\n<title>Osmar Filho dialoga com Movimento das Mulheres do PDT - Daniel Matos<\/title>\n<meta name=\"robots\" content=\"index, follow, max-snippet:-1, max-image-preview:large, max-video-preview:-1\" \/>\n<link rel=\"canonical\" href=\"https:\/\/www.blogsoestado.com\/danielmatos\/osmar-filho-dialoga-com-movimento-das-mulheres-do-pdt\/\" \/>\n<meta property=\"og:locale\" content=\"pt_BR\" \/>\n<meta property=\"og:type\" content=\"article\" \/>\n<meta property=\"og:title\" content=\"Osmar Filho dialoga com Movimento das Mulheres do PDT - Daniel Matos\" \/>\n<meta property=\"og:description\" content=\"O presidente da C\u00e2mara Municipal de S\u00e3o Lu\u00eds, vereador Osmar Filho (PDT) recebeu neta quinta-feira (14), representantes da A\u00e7\u00e3o da [&hellip;]\" \/>\n<meta property=\"og:url\" content=\"https:\/\/www.blogsoestado.com\/danielmatos\/osmar-filho-dialoga-com-movimento-das-mulheres-do-pdt\/\" \/>\n<meta property=\"og:site_name\" content=\"Daniel Matos\" \/>\n<meta property=\"article:published_time\" content=\"2019-03-15T15:40:01+00:00\" \/>\n<meta property=\"og:image\" content=\"https:\/\/www.blogsoestado.com\/danielmatos\/files\/2019\/03\/osmar-mulheres-1024x682.jpg\" \/>\n<meta name=\"twitter:card\" content=\"summary_large_image\" \/>\n<meta name=\"twitter:label1\" content=\"Est. tempo de leitura\" \/>\n\t<meta name=\"twitter:data1\" content=\"2 minutos\" \/>\n<script type=\"application\/ld+json\" class=\"yoast-schema-graph\">{\"@context\":\"https:\/\/schema.org\",\"@graph\":[{\"@type\":\"WebPage\",\"@id\":\"https:\/\/www.blogsoestado.com\/danielmatos\/osmar-filho-dialoga-com-movimento-das-mulheres-do-pdt\/\",\"url\":\"https:\/\/www.blogsoestado.com\/danielmatos\/osmar-filho-dialoga-com-movimento-das-mulheres-do-pdt\/\",\"name\":\"Osmar Filho dialoga com Movimento das Mulheres do PDT - Daniel Matos\",\"isPartOf\":{\"@id\":\"https:\/\/www.blogsoestado.com\/danielmatos\/#website\"},\"primaryImageOfPage\":{\"@id\":\"https:\/\/www.blogsoestado.com\/danielmatos\/osmar-filho-dialoga-com-movimento-das-mulheres-do-pdt\/#primaryimage\"},\"image\":{\"@id\":\"https:\/\/www.blogsoestado.com\/danielmatos\/osmar-filho-dialoga-com-movimento-das-mulheres-do-pdt\/#primaryimage\"},\"thumbnailUrl\":\"https:\/\/www.blogsoestado.com\/danielmatos\/files\/2019\/03\/osmar-mulheres-1024x682.jpg\",\"datePublished\":\"2019-03-15T15:40:01+00:00\",\"author\":{\"@id\":\"\"},\"breadcrumb\":{\"@id\":\"https:\/\/www.blogsoestado.com\/danielmatos\/osmar-filho-dialoga-com-movimento-das-mulheres-do-pdt\/#breadcrumb\"},\"inLanguage\":\"pt-BR\",\"potentialAction\":[{\"@type\":\"ReadAction\",\"target\":[\"https:\/\/www.blogsoestado.com\/danielmatos\/osmar-filho-dialoga-com-movimento-das-mulheres-do-pdt\/\"]}]},{\"@type\":\"ImageObject\",\"inLanguage\":\"pt-BR\",\"@id\":\"https:\/\/www.blogsoestado.com\/danielmatos\/osmar-filho-dialoga-com-movimento-das-mulheres-do-pdt\/#primaryimage\",\"url\":\"https:\/\/www.blogsoestado.com\/danielmatos\/files\/2019\/03\/osmar-mulheres-1024x682.jpg\",\"contentUrl\":\"https:\/\/www.blogsoestado.com\/danielmatos\/files\/2019\/03\/osmar-mulheres-1024x682.jpg\"},{\"@type\":\"BreadcrumbList\",\"@id\":\"https:\/\/www.blogsoestado.com\/danielmatos\/osmar-filho-dialoga-com-movimento-das-mulheres-do-pdt\/#breadcrumb\",\"itemListElement\":[{\"@type\":\"ListItem\",\"position\":1,\"name\":\"In\u00edcio\",\"item\":\"https:\/\/www.blogsoestado.com\/danielmatos\/\"},{\"@type\":\"ListItem\",\"position\":2,\"name\":\"Osmar Filho dialoga com Movimento das Mulheres do PDT\"}]},{\"@type\":\"WebSite\",\"@id\":\"https:\/\/www.blogsoestado.com\/danielmatos\/#website\",\"url\":\"https:\/\/www.blogsoestado.com\/danielmatos\/\",\"name\":\"Daniel Matos\",\"description\":\"\",\"potentialAction\":[{\"@type\":\"SearchAction\",\"target\":{\"@type\":\"EntryPoint\",\"urlTemplate\":\"https:\/\/www.blogsoestado.com\/danielmatos\/?s={search_term_string}\"},\"query-input\":{\"@type\":\"PropertyValueSpecification\",\"valueRequired\":true,\"valueName\":\"search_term_string\"}}],\"inLanguage\":\"pt-BR\"}]}<\/script>\n<!-- \/ Yoast SEO plugin. -->","yoast_head_json":{"title":"Osmar Filho dialoga com Movimento das Mulheres do PDT - Daniel Matos","robots":{"index":"index","follow":"follow","max-snippet":"max-snippet:-1","max-image-preview":"max-image-preview:large","max-video-preview":"max-video-preview:-1"},"canonical":"https:\/\/www.blogsoestado.com\/danielmatos\/osmar-filho-dialoga-com-movimento-das-mulheres-do-pdt\/","og_locale":"pt_BR","og_type":"article","og_title":"Osmar Filho dialoga com Movimento das Mulheres do PDT - Daniel Matos","og_description":"O presidente da C\u00e2mara Municipal de S\u00e3o Lu\u00eds, vereador Osmar Filho (PDT) recebeu neta quinta-feira (14), representantes da A\u00e7\u00e3o da [&hellip;]","og_url":"https:\/\/www.blogsoestado.com\/danielmatos\/osmar-filho-dialoga-com-movimento-das-mulheres-do-pdt\/","og_site_name":"Daniel Matos","article_published_time":"2019-03-15T15:40:01+00:00","og_image":[{"url":"https:\/\/www.blogsoestado.com\/danielmatos\/files\/2019\/03\/osmar-mulheres-1024x682.jpg","type":"","width":"","height":""}],"twitter_card":"summary_large_image","twitter_misc":{"Est. tempo de leitura":"2 minutos"},"schema":{"@context":"https:\/\/schema.org","@graph":[{"@type":"WebPage","@id":"https:\/\/www.blogsoestado.com\/danielmatos\/osmar-filho-dialoga-com-movimento-das-mulheres-do-pdt\/","url":"https:\/\/www.blogsoestado.com\/danielmatos\/osmar-filho-dialoga-com-movimento-das-mulheres-do-pdt\/","name":"Osmar Filho dialoga com Movimento das Mulheres do PDT - Daniel Matos","isPartOf":{"@id":"https:\/\/www.blogsoestado.com\/danielmatos\/#website"},"primaryImageOfPage":{"@id":"https:\/\/www.blogsoestado.com\/danielmatos\/osmar-filho-dialoga-com-movimento-das-mulheres-do-pdt\/#primaryimage"},"image":{"@id":"https:\/\/www.blogsoestado.com\/danielmatos\/osmar-filho-dialoga-com-movimento-das-mulheres-do-pdt\/#primaryimage"},"thumbnailUrl":"https:\/\/www.blogsoestado.com\/danielmatos\/files\/2019\/03\/osmar-mulheres-1024x682.jpg","datePublished":"2019-03-15T15:40:01+00:00","author":{"@id":""},"breadcrumb":{"@id":"https:\/\/www.blogsoestado.com\/danielmatos\/osmar-filho-dialoga-com-movimento-das-mulheres-do-pdt\/#breadcrumb"},"inLanguage":"pt-BR","potentialAction":[{"@type":"ReadAction","target":["https:\/\/www.blogsoestado.com\/danielmatos\/osmar-filho-dialoga-com-movimento-das-mulheres-do-pdt\/"]}]},{"@type":"ImageObject","inLanguage":"pt-BR","@id":"https:\/\/www.blogsoestado.com\/danielmatos\/osmar-filho-dialoga-com-movimento-das-mulheres-do-pdt\/#primaryimage","url":"https:\/\/www.blogsoestado.com\/danielmatos\/files\/2019\/03\/osmar-mulheres-1024x682.jpg","contentUrl":"https:\/\/www.blogsoestado.com\/danielmatos\/files\/2019\/03\/osmar-mulheres-1024x682.jpg"},{"@type":"BreadcrumbList","@id":"https:\/\/www.blogsoestado.com\/danielmatos\/osmar-filho-dialoga-com-movimento-das-mulheres-do-pdt\/#breadcrumb","itemListElement":[{"@type":"ListItem","position":1,"name":"In\u00edcio","item":"https:\/\/www.blogsoestado.com\/danielmatos\/"},{"@type":"ListItem","position":2,"name":"Osmar Filho dialoga com Movimento das Mulheres do PDT"}]},{"@type":"WebSite","@id":"https:\/\/www.blogsoestado.com\/danielmatos\/#website","url":"https:\/\/www.blogsoestado.com\/danielmatos\/","name":"Daniel Matos","description":"","potentialAction":[{"@type":"SearchAction","target":{"@type":"EntryPoint","urlTemplate":"https:\/\/www.blogsoestado.com\/danielmatos\/?s={search_term_string}"},"query-input":{"@type":"PropertyValueSpecification","valueRequired":true,"valueName":"search_term_string"}}],"inLanguage":"pt-BR"}]}},"jetpack_featured_media_url":"","_links":{"self":[{"href":"https:\/\/www.blogsoestado.com\/danielmatos\/wp-json\/wp\/v2\/posts\/61126","targetHints":{"allow":["GET"]}}],"collection":[{"href":"https:\/\/www.blogsoestado.com\/danielmatos\/wp-json\/wp\/v2\/posts"}],"about":[{"href":"https:\/\/www.blogsoestado.com\/danielmatos\/wp-json\/wp\/v2\/types\/post"}],"replies":[{"embeddable":true,"href":"https:\/\/www.blogsoestado.com\/danielmatos\/wp-json\/wp\/v2\/comments?post=61126"}],"version-history":[{"count":0,"href":"https:\/\/www.blogsoestado.com\/danielmatos\/wp-json\/wp\/v2\/posts\/61126\/revisions"}],"wp:attachment":[{"href":"https:\/\/www.blogsoestado.com\/danielmatos\/wp-json\/wp\/v2\/media?parent=61126"}],"wp:term":[{"taxonomy":"category","embeddable":true,"href":"https:\/\/www.blogsoestado.com\/danielmatos\/wp-json\/wp\/v2\/categories?post=61126"},{"taxonomy":"post_tag","embeddable":true,"href":"https:\/\/www.blogsoestado.com\/danielmatos\/wp-json\/wp\/v2\/tags?post=61126"}],"curies":[{"name":"wp","href":"https:\/\/api.w.org\/{rel}","templated":true}]}}