{"id":61133,"date":"2019-03-15T16:27:53","date_gmt":"2019-03-15T19:27:53","guid":{"rendered":"https:\/\/www.blogsoestado.com\/danielmatos\/?p=61133"},"modified":"2019-03-15T16:27:53","modified_gmt":"2019-03-15T19:27:53","slug":"fachada-do-predio-da-ses-desaba-e-reforca-descaso-do-governo-flavio-dino-com-a-coisa-publica-e-com-vidas-humanas","status":"publish","type":"post","link":"https:\/\/www.blogsoestado.com\/danielmatos\/fachada-do-predio-da-ses-desaba-e-reforca-descaso-do-governo-flavio-dino-com-a-coisa-publica-e-com-vidas-humanas\/","title":{"rendered":"Fachada do pr\u00e9dio da SES desaba e refor\u00e7a descaso do governo Dino com a coisa p\u00fablica e com vidas humanas"},"content":{"rendered":"\n<div class=\"wp-block-image\"><figure class=\"aligncenter\"><img decoding=\"async\" src=\"https:\/\/www.blogsoestado.com\/danielmatos\/files\/2019\/03\/ses-desaba-576x1024.jpg\" alt=\"\" class=\"wp-image-61134\"\/><figcaption>Servidores da SES e curiosos observam outra parte da estrutura que amea\u00e7a desabar<\/figcaption><\/figure><\/div>\n\n\n\n<p>A fachada do pr\u00e9dio da Secretaria de Estado da Sa\u00fade (SES), na Avenida Carlos Cunha, no Calhau, desabou no in\u00edcio da tarde desta sexta-feira (15). O novo desastre aconteceu nove dias ap\u00f3s a <a href=\"https:\/\/www.blogsoestado.com\/danielmatos\/2019\/03\/06\/teto-do-ginasio-castelinho-desaba-durante-forte-chuva\/\">queda das cobertura do Gin\u00e1sio Georgiana Pflueger, o Castelinho<\/a>.<\/p>\n\n\n\n<p>O desabamento da estrutura assustou servidores da SEM e pessoas que passaram nas imedia\u00e7\u00f5es do pr\u00e9dio, situado em uma \u00e1rea com tr\u00e2nsito muito movimentado. <\/p>\n\n\n\n<p>Um ve\u00edculo que estava sob a estrutura que foi ao ch\u00e3o chegou a ser atingido, mas os danos materiais foram poucos. Uma das vigas que sustentava outra parte da fachada trincou e minutos depois tamb\u00e9m foi ao ch\u00e3o. <\/p>\n\n\n\n<p>Assim como a queda do teto do Castelinho, o desabamento da fachada do pr\u00e9dio-sede da SES indica falta de manuten\u00e7\u00e3o e descaso do governo Fl\u00e1vio Dino com o patrim\u00f4nio p\u00fablico e at\u00e9 mesmo com vidas humanas.     <\/p>\n\n\n\n<p><strong>Assista ao v\u00eddeo:<\/strong><\/p>\n\n\n\n<figure class=\"wp-block-embed-youtube wp-block-embed is-type-video is-provider-youtube wp-embed-aspect-4-3 wp-has-aspect-ratio\"><div class=\"wp-block-embed__wrapper\">\n<iframe title=\"Fachada da SES desaba\" width=\"500\" height=\"281\" src=\"https:\/\/www.youtube.com\/embed\/Dmz8ELr78Bo?feature=oembed\" frameborder=\"0\" allow=\"accelerometer; autoplay; clipboard-write; encrypted-media; gyroscope; picture-in-picture; web-share\" referrerpolicy=\"strict-origin-when-cross-origin\" allowfullscreen><\/iframe>\n<\/div><\/figure>\n\n\n\n<p><\/p>\n\n\n\n<p><\/p>\n","protected":false},"excerpt":{"rendered":"<p>A fachada do pr\u00e9dio da Secretaria de Estado da Sa\u00fade (SES), na Avenida Carlos Cunha, no Calhau, desabou no in\u00edcio [&hellip;]<\/p>\n","protected":false},"author":0,"featured_media":0,"comment_status":"open","ping_status":"open","sticky":false,"template":"","format":"standard","meta":{"site-sidebar-layout":"default","site-content-layout":"","ast-site-content-layout":"default","site-content-style":"default","site-sidebar-style":"default","ast-global-header-display":"","ast-banner-title-visibility":"","ast-main-header-display":"","ast-hfb-above-header-display":"","ast-hfb-below-header-display":"","ast-hfb-mobile-header-display":"","site-post-title":"","ast-breadcrumbs-content":"","ast-featured-img":"","footer-sml-layout":"","ast-disable-related-posts":"","theme-transparent-header-meta":"","adv-header-id-meta":"","stick-header-meta":"","header-above-stick-meta":"","header-main-stick-meta":"","header-below-stick-meta":"","astra-migrate-meta-layouts":"default","ast-page-background-enabled":"default","ast-page-background-meta":{"desktop":{"background-color":"var(--ast-global-color-5)","background-image":"","background-repeat":"repeat","background-position":"center center","background-size":"auto","background-attachment":"scroll","background-type":"","background-media":"","overlay-type":"","overlay-color":"","overlay-opacity":"","overlay-gradient":""},"tablet":{"background-color":"","background-image":"","background-repeat":"repeat","background-position":"center center","background-size":"auto","background-attachment":"scroll","background-type":"","background-media":"","overlay-type":"","overlay-color":"","overlay-opacity":"","overlay-gradient":""},"mobile":{"background-color":"","background-image":"","background-repeat":"repeat","background-position":"center center","background-size":"auto","background-attachment":"scroll","background-type":"","background-media":"","overlay-type":"","overlay-color":"","overlay-opacity":"","overlay-gradient":""}},"ast-content-background-meta":{"desktop":{"background-color":"var(--ast-global-color-4)","background-image":"","background-repeat":"repeat","background-position":"center center","background-size":"auto","background-attachment":"scroll","background-type":"","background-media":"","overlay-type":"","overlay-color":"","overlay-opacity":"","overlay-gradient":""},"tablet":{"background-color":"var(--ast-global-color-4)","background-image":"","background-repeat":"repeat","background-position":"center center","background-size":"auto","background-attachment":"scroll","background-type":"","background-media":"","overlay-type":"","overlay-color":"","overlay-opacity":"","overlay-gradient":""},"mobile":{"background-color":"var(--ast-global-color-4)","background-image":"","background-repeat":"repeat","background-position":"center center","background-size":"auto","background-attachment":"scroll","background-type":"","background-media":"","overlay-type":"","overlay-color":"","overlay-opacity":"","overlay-gradient":""}},"footnotes":""},"categories":[1],"tags":[],"class_list":["post-61133","post","type-post","status-publish","format-standard","hentry","category-sem-categoria"],"yoast_head":"<!-- This site is optimized with the Yoast SEO plugin v26.6 - https:\/\/yoast.com\/wordpress\/plugins\/seo\/ -->\n<title>Fachada do pr\u00e9dio da SES desaba e refor\u00e7a descaso do governo Dino com a coisa p\u00fablica e com vidas humanas - Daniel Matos<\/title>\n<meta name=\"robots\" content=\"index, follow, max-snippet:-1, max-image-preview:large, max-video-preview:-1\" \/>\n<link rel=\"canonical\" href=\"https:\/\/www.blogsoestado.com\/danielmatos\/fachada-do-predio-da-ses-desaba-e-reforca-descaso-do-governo-flavio-dino-com-a-coisa-publica-e-com-vidas-humanas\/\" \/>\n<meta property=\"og:locale\" content=\"pt_BR\" \/>\n<meta property=\"og:type\" content=\"article\" \/>\n<meta property=\"og:title\" content=\"Fachada do pr\u00e9dio da SES desaba e refor\u00e7a descaso do governo Dino com a coisa p\u00fablica e com vidas humanas - Daniel Matos\" \/>\n<meta property=\"og:description\" content=\"A fachada do pr\u00e9dio da Secretaria de Estado da Sa\u00fade (SES), na Avenida Carlos Cunha, no Calhau, desabou no in\u00edcio [&hellip;]\" \/>\n<meta property=\"og:url\" content=\"https:\/\/www.blogsoestado.com\/danielmatos\/fachada-do-predio-da-ses-desaba-e-reforca-descaso-do-governo-flavio-dino-com-a-coisa-publica-e-com-vidas-humanas\/\" \/>\n<meta property=\"og:site_name\" content=\"Daniel Matos\" \/>\n<meta property=\"article:published_time\" content=\"2019-03-15T19:27:53+00:00\" \/>\n<meta property=\"og:image\" content=\"https:\/\/www.blogsoestado.com\/danielmatos\/files\/2019\/03\/ses-desaba-576x1024.jpg\" \/>\n<meta name=\"twitter:card\" content=\"summary_large_image\" \/>\n<meta name=\"twitter:label1\" content=\"Est. tempo de leitura\" \/>\n\t<meta name=\"twitter:data1\" content=\"1 minuto\" \/>\n<script type=\"application\/ld+json\" class=\"yoast-schema-graph\">{\"@context\":\"https:\/\/schema.org\",\"@graph\":[{\"@type\":\"WebPage\",\"@id\":\"https:\/\/www.blogsoestado.com\/danielmatos\/fachada-do-predio-da-ses-desaba-e-reforca-descaso-do-governo-flavio-dino-com-a-coisa-publica-e-com-vidas-humanas\/\",\"url\":\"https:\/\/www.blogsoestado.com\/danielmatos\/fachada-do-predio-da-ses-desaba-e-reforca-descaso-do-governo-flavio-dino-com-a-coisa-publica-e-com-vidas-humanas\/\",\"name\":\"Fachada do pr\u00e9dio da SES desaba e refor\u00e7a descaso do governo Dino com a coisa p\u00fablica e com vidas humanas - Daniel Matos\",\"isPartOf\":{\"@id\":\"https:\/\/www.blogsoestado.com\/danielmatos\/#website\"},\"primaryImageOfPage\":{\"@id\":\"https:\/\/www.blogsoestado.com\/danielmatos\/fachada-do-predio-da-ses-desaba-e-reforca-descaso-do-governo-flavio-dino-com-a-coisa-publica-e-com-vidas-humanas\/#primaryimage\"},\"image\":{\"@id\":\"https:\/\/www.blogsoestado.com\/danielmatos\/fachada-do-predio-da-ses-desaba-e-reforca-descaso-do-governo-flavio-dino-com-a-coisa-publica-e-com-vidas-humanas\/#primaryimage\"},\"thumbnailUrl\":\"https:\/\/www.blogsoestado.com\/danielmatos\/files\/2019\/03\/ses-desaba-576x1024.jpg\",\"datePublished\":\"2019-03-15T19:27:53+00:00\",\"author\":{\"@id\":\"\"},\"breadcrumb\":{\"@id\":\"https:\/\/www.blogsoestado.com\/danielmatos\/fachada-do-predio-da-ses-desaba-e-reforca-descaso-do-governo-flavio-dino-com-a-coisa-publica-e-com-vidas-humanas\/#breadcrumb\"},\"inLanguage\":\"pt-BR\",\"potentialAction\":[{\"@type\":\"ReadAction\",\"target\":[\"https:\/\/www.blogsoestado.com\/danielmatos\/fachada-do-predio-da-ses-desaba-e-reforca-descaso-do-governo-flavio-dino-com-a-coisa-publica-e-com-vidas-humanas\/\"]}]},{\"@type\":\"ImageObject\",\"inLanguage\":\"pt-BR\",\"@id\":\"https:\/\/www.blogsoestado.com\/danielmatos\/fachada-do-predio-da-ses-desaba-e-reforca-descaso-do-governo-flavio-dino-com-a-coisa-publica-e-com-vidas-humanas\/#primaryimage\",\"url\":\"https:\/\/www.blogsoestado.com\/danielmatos\/files\/2019\/03\/ses-desaba-576x1024.jpg\",\"contentUrl\":\"https:\/\/www.blogsoestado.com\/danielmatos\/files\/2019\/03\/ses-desaba-576x1024.jpg\"},{\"@type\":\"BreadcrumbList\",\"@id\":\"https:\/\/www.blogsoestado.com\/danielmatos\/fachada-do-predio-da-ses-desaba-e-reforca-descaso-do-governo-flavio-dino-com-a-coisa-publica-e-com-vidas-humanas\/#breadcrumb\",\"itemListElement\":[{\"@type\":\"ListItem\",\"position\":1,\"name\":\"In\u00edcio\",\"item\":\"https:\/\/www.blogsoestado.com\/danielmatos\/\"},{\"@type\":\"ListItem\",\"position\":2,\"name\":\"Fachada do pr\u00e9dio da SES desaba e refor\u00e7a descaso do governo Dino com a coisa p\u00fablica e com vidas humanas\"}]},{\"@type\":\"WebSite\",\"@id\":\"https:\/\/www.blogsoestado.com\/danielmatos\/#website\",\"url\":\"https:\/\/www.blogsoestado.com\/danielmatos\/\",\"name\":\"Daniel Matos\",\"description\":\"\",\"potentialAction\":[{\"@type\":\"SearchAction\",\"target\":{\"@type\":\"EntryPoint\",\"urlTemplate\":\"https:\/\/www.blogsoestado.com\/danielmatos\/?s={search_term_string}\"},\"query-input\":{\"@type\":\"PropertyValueSpecification\",\"valueRequired\":true,\"valueName\":\"search_term_string\"}}],\"inLanguage\":\"pt-BR\"}]}<\/script>\n<!-- \/ Yoast SEO plugin. -->","yoast_head_json":{"title":"Fachada do pr\u00e9dio da SES desaba e refor\u00e7a descaso do governo Dino com a coisa p\u00fablica e com vidas humanas - Daniel Matos","robots":{"index":"index","follow":"follow","max-snippet":"max-snippet:-1","max-image-preview":"max-image-preview:large","max-video-preview":"max-video-preview:-1"},"canonical":"https:\/\/www.blogsoestado.com\/danielmatos\/fachada-do-predio-da-ses-desaba-e-reforca-descaso-do-governo-flavio-dino-com-a-coisa-publica-e-com-vidas-humanas\/","og_locale":"pt_BR","og_type":"article","og_title":"Fachada do pr\u00e9dio da SES desaba e refor\u00e7a descaso do governo Dino com a coisa p\u00fablica e com vidas humanas - Daniel Matos","og_description":"A fachada do pr\u00e9dio da Secretaria de Estado da Sa\u00fade (SES), na Avenida Carlos Cunha, no Calhau, desabou no in\u00edcio [&hellip;]","og_url":"https:\/\/www.blogsoestado.com\/danielmatos\/fachada-do-predio-da-ses-desaba-e-reforca-descaso-do-governo-flavio-dino-com-a-coisa-publica-e-com-vidas-humanas\/","og_site_name":"Daniel Matos","article_published_time":"2019-03-15T19:27:53+00:00","og_image":[{"url":"https:\/\/www.blogsoestado.com\/danielmatos\/files\/2019\/03\/ses-desaba-576x1024.jpg","type":"","width":"","height":""}],"twitter_card":"summary_large_image","twitter_misc":{"Est. tempo de leitura":"1 minuto"},"schema":{"@context":"https:\/\/schema.org","@graph":[{"@type":"WebPage","@id":"https:\/\/www.blogsoestado.com\/danielmatos\/fachada-do-predio-da-ses-desaba-e-reforca-descaso-do-governo-flavio-dino-com-a-coisa-publica-e-com-vidas-humanas\/","url":"https:\/\/www.blogsoestado.com\/danielmatos\/fachada-do-predio-da-ses-desaba-e-reforca-descaso-do-governo-flavio-dino-com-a-coisa-publica-e-com-vidas-humanas\/","name":"Fachada do pr\u00e9dio da SES desaba e refor\u00e7a descaso do governo Dino com a coisa p\u00fablica e com vidas humanas - Daniel Matos","isPartOf":{"@id":"https:\/\/www.blogsoestado.com\/danielmatos\/#website"},"primaryImageOfPage":{"@id":"https:\/\/www.blogsoestado.com\/danielmatos\/fachada-do-predio-da-ses-desaba-e-reforca-descaso-do-governo-flavio-dino-com-a-coisa-publica-e-com-vidas-humanas\/#primaryimage"},"image":{"@id":"https:\/\/www.blogsoestado.com\/danielmatos\/fachada-do-predio-da-ses-desaba-e-reforca-descaso-do-governo-flavio-dino-com-a-coisa-publica-e-com-vidas-humanas\/#primaryimage"},"thumbnailUrl":"https:\/\/www.blogsoestado.com\/danielmatos\/files\/2019\/03\/ses-desaba-576x1024.jpg","datePublished":"2019-03-15T19:27:53+00:00","author":{"@id":""},"breadcrumb":{"@id":"https:\/\/www.blogsoestado.com\/danielmatos\/fachada-do-predio-da-ses-desaba-e-reforca-descaso-do-governo-flavio-dino-com-a-coisa-publica-e-com-vidas-humanas\/#breadcrumb"},"inLanguage":"pt-BR","potentialAction":[{"@type":"ReadAction","target":["https:\/\/www.blogsoestado.com\/danielmatos\/fachada-do-predio-da-ses-desaba-e-reforca-descaso-do-governo-flavio-dino-com-a-coisa-publica-e-com-vidas-humanas\/"]}]},{"@type":"ImageObject","inLanguage":"pt-BR","@id":"https:\/\/www.blogsoestado.com\/danielmatos\/fachada-do-predio-da-ses-desaba-e-reforca-descaso-do-governo-flavio-dino-com-a-coisa-publica-e-com-vidas-humanas\/#primaryimage","url":"https:\/\/www.blogsoestado.com\/danielmatos\/files\/2019\/03\/ses-desaba-576x1024.jpg","contentUrl":"https:\/\/www.blogsoestado.com\/danielmatos\/files\/2019\/03\/ses-desaba-576x1024.jpg"},{"@type":"BreadcrumbList","@id":"https:\/\/www.blogsoestado.com\/danielmatos\/fachada-do-predio-da-ses-desaba-e-reforca-descaso-do-governo-flavio-dino-com-a-coisa-publica-e-com-vidas-humanas\/#breadcrumb","itemListElement":[{"@type":"ListItem","position":1,"name":"In\u00edcio","item":"https:\/\/www.blogsoestado.com\/danielmatos\/"},{"@type":"ListItem","position":2,"name":"Fachada do pr\u00e9dio da SES desaba e refor\u00e7a descaso do governo Dino com a coisa p\u00fablica e com vidas humanas"}]},{"@type":"WebSite","@id":"https:\/\/www.blogsoestado.com\/danielmatos\/#website","url":"https:\/\/www.blogsoestado.com\/danielmatos\/","name":"Daniel Matos","description":"","potentialAction":[{"@type":"SearchAction","target":{"@type":"EntryPoint","urlTemplate":"https:\/\/www.blogsoestado.com\/danielmatos\/?s={search_term_string}"},"query-input":{"@type":"PropertyValueSpecification","valueRequired":true,"valueName":"search_term_string"}}],"inLanguage":"pt-BR"}]}},"jetpack_featured_media_url":"","_links":{"self":[{"href":"https:\/\/www.blogsoestado.com\/danielmatos\/wp-json\/wp\/v2\/posts\/61133","targetHints":{"allow":["GET"]}}],"collection":[{"href":"https:\/\/www.blogsoestado.com\/danielmatos\/wp-json\/wp\/v2\/posts"}],"about":[{"href":"https:\/\/www.blogsoestado.com\/danielmatos\/wp-json\/wp\/v2\/types\/post"}],"replies":[{"embeddable":true,"href":"https:\/\/www.blogsoestado.com\/danielmatos\/wp-json\/wp\/v2\/comments?post=61133"}],"version-history":[{"count":0,"href":"https:\/\/www.blogsoestado.com\/danielmatos\/wp-json\/wp\/v2\/posts\/61133\/revisions"}],"wp:attachment":[{"href":"https:\/\/www.blogsoestado.com\/danielmatos\/wp-json\/wp\/v2\/media?parent=61133"}],"wp:term":[{"taxonomy":"category","embeddable":true,"href":"https:\/\/www.blogsoestado.com\/danielmatos\/wp-json\/wp\/v2\/categories?post=61133"},{"taxonomy":"post_tag","embeddable":true,"href":"https:\/\/www.blogsoestado.com\/danielmatos\/wp-json\/wp\/v2\/tags?post=61133"}],"curies":[{"name":"wp","href":"https:\/\/api.w.org\/{rel}","templated":true}]}}