{"id":61143,"date":"2019-03-15T17:44:41","date_gmt":"2019-03-15T20:44:41","guid":{"rendered":"https:\/\/www.blogsoestado.com\/danielmatos\/?p=61143"},"modified":"2019-03-15T17:44:41","modified_gmt":"2019-03-15T20:44:41","slug":"a-obvia-recusa-do-senador-weverton-rocha-em-assinar-a-cpi-da-lava-toga","status":"publish","type":"post","link":"https:\/\/www.blogsoestado.com\/danielmatos\/a-obvia-recusa-do-senador-weverton-rocha-em-assinar-a-cpi-da-lava-toga\/","title":{"rendered":"A \u00f3bvia recusa do senador Weverton Rocha em assinar a CPI da Lava Toga"},"content":{"rendered":"\n<figure class=\"wp-block-image\"><img decoding=\"async\" src=\"https:\/\/www.blogsoestado.com\/danielmatos\/files\/2019\/03\/weverton-cpi.jpg\" alt=\"\" class=\"wp-image-61144\"\/><figcaption>Weverton foi o \u00fanico dos tr\u00eas senadores maranhenses a n\u00e3o assinar o requerimento da CPI da Lava Toga<\/figcaption><\/figure>\n\n\n\n<p>\u00danico dos tr\u00eas membros da bancada maranhense no Senado Federal a n\u00e3o assinar o requerimento de cria\u00e7\u00e3o da Comiss\u00e3o Parlamentar de Inqu\u00e9rito que visa apurar desvios de conduta no Poder Judici\u00e1rio, batizada de CPI da Lava Toga, Weverton Rocha (PDT) deve ter tido bons motivos para recusar-se a aderir \u00e0 proposta.  Com hist\u00f3rico nada favor\u00e1vel em sua rela\u00e7\u00e3o com a Justi\u00e7a, o pedetista, famoso por sua ast\u00facia e ousadia pol\u00edtica, dessa vez parece ter evitado o que, para ele, seria uma afronta \u00e0 magistratura, com consequ\u00eancias imprevis\u00edveis para a sua, at\u00e9 agora, vitoriosa carreira de homem p\u00fablico.<\/p>\n\n\n\n<p><a href=\"https:\/\/www.blogsoestado.com\/danielmatos\/2017\/03\/28\/deputado-weverton-rocha-vira-reu-no-stf-por-violacao-lei-de-licitacoes-e-peculato\/\">R\u00e9u em processo no Supremo Tribunal Federal (STF) por peculato e dispensa ilegal de licita\u00e7\u00e3o<\/a> e <a href=\"https:\/\/www.blogsoestado.com\/danielmatos\/2012\/11\/22\/mpf-move-acao-contra-weverton-rocha-por-desvior-de-r-6-milhoes-do-projovem\/\">processado pelo Minist\u00e9rio P\u00fablico Federal (MPF) por suposta malversa\u00e7\u00e3o de recursos do Projovem Urbano, Weverton<\/a>, caso tivesse assinado o requerimento da CPI, teria dado seu aval para o Senado investigar aqueles que o julgar\u00e3o, talvez em um futuro pr\u00f3ximo.    <\/p>\n\n\n\n<p>Weverton Rocha teve uma curta passagem como titular da Secretaria de Estado de Esportes e Juventude, na gest\u00e3o do falecido ex-governador Jackson Lago (PDT), cassado por abuso de poder pol\u00edtico e econ\u00f4mico dois anos e quatro meses depois de assumir o mandato. Mas sua breve perman\u00eancia no cargo parece ter sido suficiente para deixar um rastro de corrup\u00e7\u00e3o. Os il\u00edcitos foram tantos e t\u00e3o graves, que at\u00e9 hoje causam embara\u00e7os ao pedetista, a despeito de sua r\u00e1pida e s\u00f3lida ascens\u00e3o na pol\u00edtica.     <\/p>\n\n\n\n<p>Recorrendo \u00e0 mais \u00f3bvia interpreta\u00e7\u00e3o para o caso, Weverton literalmente amarelou diante do requerimento da CPI da Lava Toga, traindo seu pr\u00f3prio discurso e os interesses do povo injusti\u00e7ado que ele prometeu defender.   <\/p>\n","protected":false},"excerpt":{"rendered":"<p>\u00danico dos tr\u00eas membros da bancada maranhense no Senado Federal a n\u00e3o assinar o requerimento de cria\u00e7\u00e3o da Comiss\u00e3o Parlamentar [&hellip;]<\/p>\n","protected":false},"author":0,"featured_media":0,"comment_status":"open","ping_status":"open","sticky":false,"template":"","format":"standard","meta":{"site-sidebar-layout":"default","site-content-layout":"","ast-site-content-layout":"default","site-content-style":"default","site-sidebar-style":"default","ast-global-header-display":"","ast-banner-title-visibility":"","ast-main-header-display":"","ast-hfb-above-header-display":"","ast-hfb-below-header-display":"","ast-hfb-mobile-header-display":"","site-post-title":"","ast-breadcrumbs-content":"","ast-featured-img":"","footer-sml-layout":"","ast-disable-related-posts":"","theme-transparent-header-meta":"","adv-header-id-meta":"","stick-header-meta":"","header-above-stick-meta":"","header-main-stick-meta":"","header-below-stick-meta":"","astra-migrate-meta-layouts":"default","ast-page-background-enabled":"default","ast-page-background-meta":{"desktop":{"background-color":"var(--ast-global-color-5)","background-image":"","background-repeat":"repeat","background-position":"center center","background-size":"auto","background-attachment":"scroll","background-type":"","background-media":"","overlay-type":"","overlay-color":"","overlay-opacity":"","overlay-gradient":""},"tablet":{"background-color":"","background-image":"","background-repeat":"repeat","background-position":"center center","background-size":"auto","background-attachment":"scroll","background-type":"","background-media":"","overlay-type":"","overlay-color":"","overlay-opacity":"","overlay-gradient":""},"mobile":{"background-color":"","background-image":"","background-repeat":"repeat","background-position":"center center","background-size":"auto","background-attachment":"scroll","background-type":"","background-media":"","overlay-type":"","overlay-color":"","overlay-opacity":"","overlay-gradient":""}},"ast-content-background-meta":{"desktop":{"background-color":"var(--ast-global-color-4)","background-image":"","background-repeat":"repeat","background-position":"center center","background-size":"auto","background-attachment":"scroll","background-type":"","background-media":"","overlay-type":"","overlay-color":"","overlay-opacity":"","overlay-gradient":""},"tablet":{"background-color":"var(--ast-global-color-4)","background-image":"","background-repeat":"repeat","background-position":"center center","background-size":"auto","background-attachment":"scroll","background-type":"","background-media":"","overlay-type":"","overlay-color":"","overlay-opacity":"","overlay-gradient":""},"mobile":{"background-color":"var(--ast-global-color-4)","background-image":"","background-repeat":"repeat","background-position":"center center","background-size":"auto","background-attachment":"scroll","background-type":"","background-media":"","overlay-type":"","overlay-color":"","overlay-opacity":"","overlay-gradient":""}},"footnotes":""},"categories":[1],"tags":[],"class_list":["post-61143","post","type-post","status-publish","format-standard","hentry","category-sem-categoria"],"yoast_head":"<!-- This site is optimized with the Yoast SEO plugin v26.6 - https:\/\/yoast.com\/wordpress\/plugins\/seo\/ -->\n<title>A \u00f3bvia recusa do senador Weverton Rocha em assinar a CPI da Lava Toga - Daniel Matos<\/title>\n<meta name=\"robots\" content=\"index, follow, max-snippet:-1, max-image-preview:large, max-video-preview:-1\" \/>\n<link rel=\"canonical\" href=\"https:\/\/www.blogsoestado.com\/danielmatos\/a-obvia-recusa-do-senador-weverton-rocha-em-assinar-a-cpi-da-lava-toga\/\" \/>\n<meta property=\"og:locale\" content=\"pt_BR\" \/>\n<meta property=\"og:type\" content=\"article\" \/>\n<meta property=\"og:title\" content=\"A \u00f3bvia recusa do senador Weverton Rocha em assinar a CPI da Lava Toga - Daniel Matos\" \/>\n<meta property=\"og:description\" content=\"\u00danico dos tr\u00eas membros da bancada maranhense no Senado Federal a n\u00e3o assinar o requerimento de cria\u00e7\u00e3o da Comiss\u00e3o Parlamentar [&hellip;]\" \/>\n<meta property=\"og:url\" content=\"https:\/\/www.blogsoestado.com\/danielmatos\/a-obvia-recusa-do-senador-weverton-rocha-em-assinar-a-cpi-da-lava-toga\/\" \/>\n<meta property=\"og:site_name\" content=\"Daniel Matos\" \/>\n<meta property=\"article:published_time\" content=\"2019-03-15T20:44:41+00:00\" \/>\n<meta property=\"og:image\" content=\"https:\/\/www.blogsoestado.com\/danielmatos\/files\/2019\/03\/weverton-cpi.jpg\" \/>\n<meta name=\"twitter:card\" content=\"summary_large_image\" \/>\n<meta name=\"twitter:label1\" content=\"Est. tempo de leitura\" \/>\n\t<meta name=\"twitter:data1\" content=\"2 minutos\" \/>\n<script type=\"application\/ld+json\" class=\"yoast-schema-graph\">{\"@context\":\"https:\/\/schema.org\",\"@graph\":[{\"@type\":\"WebPage\",\"@id\":\"https:\/\/www.blogsoestado.com\/danielmatos\/a-obvia-recusa-do-senador-weverton-rocha-em-assinar-a-cpi-da-lava-toga\/\",\"url\":\"https:\/\/www.blogsoestado.com\/danielmatos\/a-obvia-recusa-do-senador-weverton-rocha-em-assinar-a-cpi-da-lava-toga\/\",\"name\":\"A \u00f3bvia recusa do senador Weverton Rocha em assinar a CPI da Lava Toga - Daniel Matos\",\"isPartOf\":{\"@id\":\"https:\/\/www.blogsoestado.com\/danielmatos\/#website\"},\"primaryImageOfPage\":{\"@id\":\"https:\/\/www.blogsoestado.com\/danielmatos\/a-obvia-recusa-do-senador-weverton-rocha-em-assinar-a-cpi-da-lava-toga\/#primaryimage\"},\"image\":{\"@id\":\"https:\/\/www.blogsoestado.com\/danielmatos\/a-obvia-recusa-do-senador-weverton-rocha-em-assinar-a-cpi-da-lava-toga\/#primaryimage\"},\"thumbnailUrl\":\"https:\/\/www.blogsoestado.com\/danielmatos\/files\/2019\/03\/weverton-cpi.jpg\",\"datePublished\":\"2019-03-15T20:44:41+00:00\",\"author\":{\"@id\":\"\"},\"breadcrumb\":{\"@id\":\"https:\/\/www.blogsoestado.com\/danielmatos\/a-obvia-recusa-do-senador-weverton-rocha-em-assinar-a-cpi-da-lava-toga\/#breadcrumb\"},\"inLanguage\":\"pt-BR\",\"potentialAction\":[{\"@type\":\"ReadAction\",\"target\":[\"https:\/\/www.blogsoestado.com\/danielmatos\/a-obvia-recusa-do-senador-weverton-rocha-em-assinar-a-cpi-da-lava-toga\/\"]}]},{\"@type\":\"ImageObject\",\"inLanguage\":\"pt-BR\",\"@id\":\"https:\/\/www.blogsoestado.com\/danielmatos\/a-obvia-recusa-do-senador-weverton-rocha-em-assinar-a-cpi-da-lava-toga\/#primaryimage\",\"url\":\"https:\/\/www.blogsoestado.com\/danielmatos\/files\/2019\/03\/weverton-cpi.jpg\",\"contentUrl\":\"https:\/\/www.blogsoestado.com\/danielmatos\/files\/2019\/03\/weverton-cpi.jpg\"},{\"@type\":\"BreadcrumbList\",\"@id\":\"https:\/\/www.blogsoestado.com\/danielmatos\/a-obvia-recusa-do-senador-weverton-rocha-em-assinar-a-cpi-da-lava-toga\/#breadcrumb\",\"itemListElement\":[{\"@type\":\"ListItem\",\"position\":1,\"name\":\"In\u00edcio\",\"item\":\"https:\/\/www.blogsoestado.com\/danielmatos\/\"},{\"@type\":\"ListItem\",\"position\":2,\"name\":\"A \u00f3bvia recusa do senador Weverton Rocha em assinar a CPI da Lava Toga\"}]},{\"@type\":\"WebSite\",\"@id\":\"https:\/\/www.blogsoestado.com\/danielmatos\/#website\",\"url\":\"https:\/\/www.blogsoestado.com\/danielmatos\/\",\"name\":\"Daniel Matos\",\"description\":\"\",\"potentialAction\":[{\"@type\":\"SearchAction\",\"target\":{\"@type\":\"EntryPoint\",\"urlTemplate\":\"https:\/\/www.blogsoestado.com\/danielmatos\/?s={search_term_string}\"},\"query-input\":{\"@type\":\"PropertyValueSpecification\",\"valueRequired\":true,\"valueName\":\"search_term_string\"}}],\"inLanguage\":\"pt-BR\"}]}<\/script>\n<!-- \/ Yoast SEO plugin. -->","yoast_head_json":{"title":"A \u00f3bvia recusa do senador Weverton Rocha em assinar a CPI da Lava Toga - Daniel Matos","robots":{"index":"index","follow":"follow","max-snippet":"max-snippet:-1","max-image-preview":"max-image-preview:large","max-video-preview":"max-video-preview:-1"},"canonical":"https:\/\/www.blogsoestado.com\/danielmatos\/a-obvia-recusa-do-senador-weverton-rocha-em-assinar-a-cpi-da-lava-toga\/","og_locale":"pt_BR","og_type":"article","og_title":"A \u00f3bvia recusa do senador Weverton Rocha em assinar a CPI da Lava Toga - Daniel Matos","og_description":"\u00danico dos tr\u00eas membros da bancada maranhense no Senado Federal a n\u00e3o assinar o requerimento de cria\u00e7\u00e3o da Comiss\u00e3o Parlamentar [&hellip;]","og_url":"https:\/\/www.blogsoestado.com\/danielmatos\/a-obvia-recusa-do-senador-weverton-rocha-em-assinar-a-cpi-da-lava-toga\/","og_site_name":"Daniel Matos","article_published_time":"2019-03-15T20:44:41+00:00","og_image":[{"url":"https:\/\/www.blogsoestado.com\/danielmatos\/files\/2019\/03\/weverton-cpi.jpg","type":"","width":"","height":""}],"twitter_card":"summary_large_image","twitter_misc":{"Est. tempo de leitura":"2 minutos"},"schema":{"@context":"https:\/\/schema.org","@graph":[{"@type":"WebPage","@id":"https:\/\/www.blogsoestado.com\/danielmatos\/a-obvia-recusa-do-senador-weverton-rocha-em-assinar-a-cpi-da-lava-toga\/","url":"https:\/\/www.blogsoestado.com\/danielmatos\/a-obvia-recusa-do-senador-weverton-rocha-em-assinar-a-cpi-da-lava-toga\/","name":"A \u00f3bvia recusa do senador Weverton Rocha em assinar a CPI da Lava Toga - Daniel Matos","isPartOf":{"@id":"https:\/\/www.blogsoestado.com\/danielmatos\/#website"},"primaryImageOfPage":{"@id":"https:\/\/www.blogsoestado.com\/danielmatos\/a-obvia-recusa-do-senador-weverton-rocha-em-assinar-a-cpi-da-lava-toga\/#primaryimage"},"image":{"@id":"https:\/\/www.blogsoestado.com\/danielmatos\/a-obvia-recusa-do-senador-weverton-rocha-em-assinar-a-cpi-da-lava-toga\/#primaryimage"},"thumbnailUrl":"https:\/\/www.blogsoestado.com\/danielmatos\/files\/2019\/03\/weverton-cpi.jpg","datePublished":"2019-03-15T20:44:41+00:00","author":{"@id":""},"breadcrumb":{"@id":"https:\/\/www.blogsoestado.com\/danielmatos\/a-obvia-recusa-do-senador-weverton-rocha-em-assinar-a-cpi-da-lava-toga\/#breadcrumb"},"inLanguage":"pt-BR","potentialAction":[{"@type":"ReadAction","target":["https:\/\/www.blogsoestado.com\/danielmatos\/a-obvia-recusa-do-senador-weverton-rocha-em-assinar-a-cpi-da-lava-toga\/"]}]},{"@type":"ImageObject","inLanguage":"pt-BR","@id":"https:\/\/www.blogsoestado.com\/danielmatos\/a-obvia-recusa-do-senador-weverton-rocha-em-assinar-a-cpi-da-lava-toga\/#primaryimage","url":"https:\/\/www.blogsoestado.com\/danielmatos\/files\/2019\/03\/weverton-cpi.jpg","contentUrl":"https:\/\/www.blogsoestado.com\/danielmatos\/files\/2019\/03\/weverton-cpi.jpg"},{"@type":"BreadcrumbList","@id":"https:\/\/www.blogsoestado.com\/danielmatos\/a-obvia-recusa-do-senador-weverton-rocha-em-assinar-a-cpi-da-lava-toga\/#breadcrumb","itemListElement":[{"@type":"ListItem","position":1,"name":"In\u00edcio","item":"https:\/\/www.blogsoestado.com\/danielmatos\/"},{"@type":"ListItem","position":2,"name":"A \u00f3bvia recusa do senador Weverton Rocha em assinar a CPI da Lava Toga"}]},{"@type":"WebSite","@id":"https:\/\/www.blogsoestado.com\/danielmatos\/#website","url":"https:\/\/www.blogsoestado.com\/danielmatos\/","name":"Daniel Matos","description":"","potentialAction":[{"@type":"SearchAction","target":{"@type":"EntryPoint","urlTemplate":"https:\/\/www.blogsoestado.com\/danielmatos\/?s={search_term_string}"},"query-input":{"@type":"PropertyValueSpecification","valueRequired":true,"valueName":"search_term_string"}}],"inLanguage":"pt-BR"}]}},"jetpack_featured_media_url":"","_links":{"self":[{"href":"https:\/\/www.blogsoestado.com\/danielmatos\/wp-json\/wp\/v2\/posts\/61143","targetHints":{"allow":["GET"]}}],"collection":[{"href":"https:\/\/www.blogsoestado.com\/danielmatos\/wp-json\/wp\/v2\/posts"}],"about":[{"href":"https:\/\/www.blogsoestado.com\/danielmatos\/wp-json\/wp\/v2\/types\/post"}],"replies":[{"embeddable":true,"href":"https:\/\/www.blogsoestado.com\/danielmatos\/wp-json\/wp\/v2\/comments?post=61143"}],"version-history":[{"count":0,"href":"https:\/\/www.blogsoestado.com\/danielmatos\/wp-json\/wp\/v2\/posts\/61143\/revisions"}],"wp:attachment":[{"href":"https:\/\/www.blogsoestado.com\/danielmatos\/wp-json\/wp\/v2\/media?parent=61143"}],"wp:term":[{"taxonomy":"category","embeddable":true,"href":"https:\/\/www.blogsoestado.com\/danielmatos\/wp-json\/wp\/v2\/categories?post=61143"},{"taxonomy":"post_tag","embeddable":true,"href":"https:\/\/www.blogsoestado.com\/danielmatos\/wp-json\/wp\/v2\/tags?post=61143"}],"curies":[{"name":"wp","href":"https:\/\/api.w.org\/{rel}","templated":true}]}}