{"id":61149,"date":"2019-03-15T18:37:04","date_gmt":"2019-03-15T21:37:04","guid":{"rendered":"https:\/\/www.blogsoestado.com\/danielmatos\/?p=61149"},"modified":"2019-03-15T18:37:04","modified_gmt":"2019-03-15T21:37:04","slug":"vereadores-visitam-ruas-da-liberdade-e-se-comprometem-a-buscar-melhorias-para-o-bairro","status":"publish","type":"post","link":"https:\/\/www.blogsoestado.com\/danielmatos\/vereadores-visitam-ruas-da-liberdade-e-se-comprometem-a-buscar-melhorias-para-o-bairro\/","title":{"rendered":"Vereadores visitam ruas da Liberdade e se comprometem a buscar melhorias para o bairro"},"content":{"rendered":"\n<figure class=\"wp-block-image\"><img decoding=\"async\" src=\"https:\/\/www.blogsoestado.com\/danielmatos\/files\/2019\/03\/comitiva-freedom-1024x682.jpg\" alt=\"\" class=\"wp-image-61150\"\/><figcaption>Vereadores C\u00e9zar Bombeiro, Marcial Lima e Est\u00eav\u00e3o Arag\u00e3o dialogam com populares sobre problemas do bairro Liberdade<\/figcaption><\/figure>\n\n\n\n<p>Vereadores de S\u00e3o Lu\u00eds estiveram, na manh\u00e3 da \u00faltima quinta-feira, 14, na Liberdade, para conhecerem a realidade da Travessa Paulo Afonso, que fica ao lado do mercado do bairro e, a partir da\u00ed, buscarem solu\u00e7\u00f5es para investimentos estruturais na via. A visita foi uma iniciativa do vereador C\u00e9zar Bombeiro (PSD), que, como presen\u00e7a constante no local, fez o convite aos demais parlamentares para que se unam a ele na viabiliza\u00e7\u00e3o do pleito \u00e0 Prefeitura Municipal.<\/p>\n\n\n\n<p>\u201cSou constantemente cobrado pelos comerciantes, que se dizem prejudicados pelo consider\u00e1vel n\u00famero de consumidores que deixaram de frequentar este mercado, uma refer\u00eancia para dezenas de bairros da cidade e, n\u00f3s, como seus representantes do povo, temos a obriga\u00e7\u00e3o de buscar melhorias para o munic\u00edpio como um todo\u201d, falou C\u00e9sar Bombeiro.<\/p>\n\n\n\n<p>O vereador ressaltou que a sujeira e o odor no local afastam, n\u00e3o s\u00f3 os moradores da comunidade, mas consumidores de outros bairros que tamb\u00e9m costumavam se deslocar para a Feira da Liberdade, movimentando a economia local.<\/p>\n\n\n\n<p>Tamb\u00e9m participaram da visita os vereadores Marcial Lima (PRTB), Estev\u00e3o Arag\u00e3o (PSDB) e S\u00e1 Marques (PHS), que se comprometeram a unir for\u00e7as com C\u00e9sar Bombeiro nesta luta.<\/p>\n","protected":false},"excerpt":{"rendered":"<p>Vereadores de S\u00e3o Lu\u00eds estiveram, na manh\u00e3 da \u00faltima quinta-feira, 14, na Liberdade, para conhecerem a realidade da Travessa Paulo [&hellip;]<\/p>\n","protected":false},"author":0,"featured_media":0,"comment_status":"open","ping_status":"open","sticky":false,"template":"","format":"standard","meta":{"site-sidebar-layout":"default","site-content-layout":"","ast-site-content-layout":"default","site-content-style":"default","site-sidebar-style":"default","ast-global-header-display":"","ast-banner-title-visibility":"","ast-main-header-display":"","ast-hfb-above-header-display":"","ast-hfb-below-header-display":"","ast-hfb-mobile-header-display":"","site-post-title":"","ast-breadcrumbs-content":"","ast-featured-img":"","footer-sml-layout":"","ast-disable-related-posts":"","theme-transparent-header-meta":"","adv-header-id-meta":"","stick-header-meta":"","header-above-stick-meta":"","header-main-stick-meta":"","header-below-stick-meta":"","astra-migrate-meta-layouts":"default","ast-page-background-enabled":"default","ast-page-background-meta":{"desktop":{"background-color":"var(--ast-global-color-5)","background-image":"","background-repeat":"repeat","background-position":"center center","background-size":"auto","background-attachment":"scroll","background-type":"","background-media":"","overlay-type":"","overlay-color":"","overlay-opacity":"","overlay-gradient":""},"tablet":{"background-color":"","background-image":"","background-repeat":"repeat","background-position":"center center","background-size":"auto","background-attachment":"scroll","background-type":"","background-media":"","overlay-type":"","overlay-color":"","overlay-opacity":"","overlay-gradient":""},"mobile":{"background-color":"","background-image":"","background-repeat":"repeat","background-position":"center center","background-size":"auto","background-attachment":"scroll","background-type":"","background-media":"","overlay-type":"","overlay-color":"","overlay-opacity":"","overlay-gradient":""}},"ast-content-background-meta":{"desktop":{"background-color":"var(--ast-global-color-4)","background-image":"","background-repeat":"repeat","background-position":"center center","background-size":"auto","background-attachment":"scroll","background-type":"","background-media":"","overlay-type":"","overlay-color":"","overlay-opacity":"","overlay-gradient":""},"tablet":{"background-color":"var(--ast-global-color-4)","background-image":"","background-repeat":"repeat","background-position":"center center","background-size":"auto","background-attachment":"scroll","background-type":"","background-media":"","overlay-type":"","overlay-color":"","overlay-opacity":"","overlay-gradient":""},"mobile":{"background-color":"var(--ast-global-color-4)","background-image":"","background-repeat":"repeat","background-position":"center center","background-size":"auto","background-attachment":"scroll","background-type":"","background-media":"","overlay-type":"","overlay-color":"","overlay-opacity":"","overlay-gradient":""}},"footnotes":""},"categories":[1],"tags":[],"class_list":["post-61149","post","type-post","status-publish","format-standard","hentry","category-sem-categoria"],"yoast_head":"<!-- This site is optimized with the Yoast SEO plugin v26.6 - https:\/\/yoast.com\/wordpress\/plugins\/seo\/ -->\n<title>Vereadores visitam ruas da Liberdade e se comprometem a buscar melhorias para o bairro - Daniel Matos<\/title>\n<meta name=\"robots\" content=\"index, follow, max-snippet:-1, max-image-preview:large, max-video-preview:-1\" \/>\n<link rel=\"canonical\" href=\"https:\/\/www.blogsoestado.com\/danielmatos\/vereadores-visitam-ruas-da-liberdade-e-se-comprometem-a-buscar-melhorias-para-o-bairro\/\" \/>\n<meta property=\"og:locale\" content=\"pt_BR\" \/>\n<meta property=\"og:type\" content=\"article\" \/>\n<meta property=\"og:title\" content=\"Vereadores visitam ruas da Liberdade e se comprometem a buscar melhorias para o bairro - Daniel Matos\" \/>\n<meta property=\"og:description\" content=\"Vereadores de S\u00e3o Lu\u00eds estiveram, na manh\u00e3 da \u00faltima quinta-feira, 14, na Liberdade, para conhecerem a realidade da Travessa Paulo [&hellip;]\" \/>\n<meta property=\"og:url\" content=\"https:\/\/www.blogsoestado.com\/danielmatos\/vereadores-visitam-ruas-da-liberdade-e-se-comprometem-a-buscar-melhorias-para-o-bairro\/\" \/>\n<meta property=\"og:site_name\" content=\"Daniel Matos\" \/>\n<meta property=\"article:published_time\" content=\"2019-03-15T21:37:04+00:00\" \/>\n<meta property=\"og:image\" content=\"https:\/\/www.blogsoestado.com\/danielmatos\/files\/2019\/03\/comitiva-freedom-1024x682.jpg\" \/>\n<meta name=\"twitter:card\" content=\"summary_large_image\" \/>\n<meta name=\"twitter:label1\" content=\"Est. tempo de leitura\" \/>\n\t<meta name=\"twitter:data1\" content=\"1 minuto\" \/>\n<script type=\"application\/ld+json\" class=\"yoast-schema-graph\">{\"@context\":\"https:\/\/schema.org\",\"@graph\":[{\"@type\":\"WebPage\",\"@id\":\"https:\/\/www.blogsoestado.com\/danielmatos\/vereadores-visitam-ruas-da-liberdade-e-se-comprometem-a-buscar-melhorias-para-o-bairro\/\",\"url\":\"https:\/\/www.blogsoestado.com\/danielmatos\/vereadores-visitam-ruas-da-liberdade-e-se-comprometem-a-buscar-melhorias-para-o-bairro\/\",\"name\":\"Vereadores visitam ruas da Liberdade e se comprometem a buscar melhorias para o bairro - Daniel Matos\",\"isPartOf\":{\"@id\":\"https:\/\/www.blogsoestado.com\/danielmatos\/#website\"},\"primaryImageOfPage\":{\"@id\":\"https:\/\/www.blogsoestado.com\/danielmatos\/vereadores-visitam-ruas-da-liberdade-e-se-comprometem-a-buscar-melhorias-para-o-bairro\/#primaryimage\"},\"image\":{\"@id\":\"https:\/\/www.blogsoestado.com\/danielmatos\/vereadores-visitam-ruas-da-liberdade-e-se-comprometem-a-buscar-melhorias-para-o-bairro\/#primaryimage\"},\"thumbnailUrl\":\"https:\/\/www.blogsoestado.com\/danielmatos\/files\/2019\/03\/comitiva-freedom-1024x682.jpg\",\"datePublished\":\"2019-03-15T21:37:04+00:00\",\"author\":{\"@id\":\"\"},\"breadcrumb\":{\"@id\":\"https:\/\/www.blogsoestado.com\/danielmatos\/vereadores-visitam-ruas-da-liberdade-e-se-comprometem-a-buscar-melhorias-para-o-bairro\/#breadcrumb\"},\"inLanguage\":\"pt-BR\",\"potentialAction\":[{\"@type\":\"ReadAction\",\"target\":[\"https:\/\/www.blogsoestado.com\/danielmatos\/vereadores-visitam-ruas-da-liberdade-e-se-comprometem-a-buscar-melhorias-para-o-bairro\/\"]}]},{\"@type\":\"ImageObject\",\"inLanguage\":\"pt-BR\",\"@id\":\"https:\/\/www.blogsoestado.com\/danielmatos\/vereadores-visitam-ruas-da-liberdade-e-se-comprometem-a-buscar-melhorias-para-o-bairro\/#primaryimage\",\"url\":\"https:\/\/www.blogsoestado.com\/danielmatos\/files\/2019\/03\/comitiva-freedom-1024x682.jpg\",\"contentUrl\":\"https:\/\/www.blogsoestado.com\/danielmatos\/files\/2019\/03\/comitiva-freedom-1024x682.jpg\"},{\"@type\":\"BreadcrumbList\",\"@id\":\"https:\/\/www.blogsoestado.com\/danielmatos\/vereadores-visitam-ruas-da-liberdade-e-se-comprometem-a-buscar-melhorias-para-o-bairro\/#breadcrumb\",\"itemListElement\":[{\"@type\":\"ListItem\",\"position\":1,\"name\":\"In\u00edcio\",\"item\":\"https:\/\/www.blogsoestado.com\/danielmatos\/\"},{\"@type\":\"ListItem\",\"position\":2,\"name\":\"Vereadores visitam ruas da Liberdade e se comprometem a buscar melhorias para o bairro\"}]},{\"@type\":\"WebSite\",\"@id\":\"https:\/\/www.blogsoestado.com\/danielmatos\/#website\",\"url\":\"https:\/\/www.blogsoestado.com\/danielmatos\/\",\"name\":\"Daniel Matos\",\"description\":\"\",\"potentialAction\":[{\"@type\":\"SearchAction\",\"target\":{\"@type\":\"EntryPoint\",\"urlTemplate\":\"https:\/\/www.blogsoestado.com\/danielmatos\/?s={search_term_string}\"},\"query-input\":{\"@type\":\"PropertyValueSpecification\",\"valueRequired\":true,\"valueName\":\"search_term_string\"}}],\"inLanguage\":\"pt-BR\"}]}<\/script>\n<!-- \/ Yoast SEO plugin. -->","yoast_head_json":{"title":"Vereadores visitam ruas da Liberdade e se comprometem a buscar melhorias para o bairro - Daniel Matos","robots":{"index":"index","follow":"follow","max-snippet":"max-snippet:-1","max-image-preview":"max-image-preview:large","max-video-preview":"max-video-preview:-1"},"canonical":"https:\/\/www.blogsoestado.com\/danielmatos\/vereadores-visitam-ruas-da-liberdade-e-se-comprometem-a-buscar-melhorias-para-o-bairro\/","og_locale":"pt_BR","og_type":"article","og_title":"Vereadores visitam ruas da Liberdade e se comprometem a buscar melhorias para o bairro - Daniel Matos","og_description":"Vereadores de S\u00e3o Lu\u00eds estiveram, na manh\u00e3 da \u00faltima quinta-feira, 14, na Liberdade, para conhecerem a realidade da Travessa Paulo [&hellip;]","og_url":"https:\/\/www.blogsoestado.com\/danielmatos\/vereadores-visitam-ruas-da-liberdade-e-se-comprometem-a-buscar-melhorias-para-o-bairro\/","og_site_name":"Daniel Matos","article_published_time":"2019-03-15T21:37:04+00:00","og_image":[{"url":"https:\/\/www.blogsoestado.com\/danielmatos\/files\/2019\/03\/comitiva-freedom-1024x682.jpg","type":"","width":"","height":""}],"twitter_card":"summary_large_image","twitter_misc":{"Est. tempo de leitura":"1 minuto"},"schema":{"@context":"https:\/\/schema.org","@graph":[{"@type":"WebPage","@id":"https:\/\/www.blogsoestado.com\/danielmatos\/vereadores-visitam-ruas-da-liberdade-e-se-comprometem-a-buscar-melhorias-para-o-bairro\/","url":"https:\/\/www.blogsoestado.com\/danielmatos\/vereadores-visitam-ruas-da-liberdade-e-se-comprometem-a-buscar-melhorias-para-o-bairro\/","name":"Vereadores visitam ruas da Liberdade e se comprometem a buscar melhorias para o bairro - Daniel Matos","isPartOf":{"@id":"https:\/\/www.blogsoestado.com\/danielmatos\/#website"},"primaryImageOfPage":{"@id":"https:\/\/www.blogsoestado.com\/danielmatos\/vereadores-visitam-ruas-da-liberdade-e-se-comprometem-a-buscar-melhorias-para-o-bairro\/#primaryimage"},"image":{"@id":"https:\/\/www.blogsoestado.com\/danielmatos\/vereadores-visitam-ruas-da-liberdade-e-se-comprometem-a-buscar-melhorias-para-o-bairro\/#primaryimage"},"thumbnailUrl":"https:\/\/www.blogsoestado.com\/danielmatos\/files\/2019\/03\/comitiva-freedom-1024x682.jpg","datePublished":"2019-03-15T21:37:04+00:00","author":{"@id":""},"breadcrumb":{"@id":"https:\/\/www.blogsoestado.com\/danielmatos\/vereadores-visitam-ruas-da-liberdade-e-se-comprometem-a-buscar-melhorias-para-o-bairro\/#breadcrumb"},"inLanguage":"pt-BR","potentialAction":[{"@type":"ReadAction","target":["https:\/\/www.blogsoestado.com\/danielmatos\/vereadores-visitam-ruas-da-liberdade-e-se-comprometem-a-buscar-melhorias-para-o-bairro\/"]}]},{"@type":"ImageObject","inLanguage":"pt-BR","@id":"https:\/\/www.blogsoestado.com\/danielmatos\/vereadores-visitam-ruas-da-liberdade-e-se-comprometem-a-buscar-melhorias-para-o-bairro\/#primaryimage","url":"https:\/\/www.blogsoestado.com\/danielmatos\/files\/2019\/03\/comitiva-freedom-1024x682.jpg","contentUrl":"https:\/\/www.blogsoestado.com\/danielmatos\/files\/2019\/03\/comitiva-freedom-1024x682.jpg"},{"@type":"BreadcrumbList","@id":"https:\/\/www.blogsoestado.com\/danielmatos\/vereadores-visitam-ruas-da-liberdade-e-se-comprometem-a-buscar-melhorias-para-o-bairro\/#breadcrumb","itemListElement":[{"@type":"ListItem","position":1,"name":"In\u00edcio","item":"https:\/\/www.blogsoestado.com\/danielmatos\/"},{"@type":"ListItem","position":2,"name":"Vereadores visitam ruas da Liberdade e se comprometem a buscar melhorias para o bairro"}]},{"@type":"WebSite","@id":"https:\/\/www.blogsoestado.com\/danielmatos\/#website","url":"https:\/\/www.blogsoestado.com\/danielmatos\/","name":"Daniel Matos","description":"","potentialAction":[{"@type":"SearchAction","target":{"@type":"EntryPoint","urlTemplate":"https:\/\/www.blogsoestado.com\/danielmatos\/?s={search_term_string}"},"query-input":{"@type":"PropertyValueSpecification","valueRequired":true,"valueName":"search_term_string"}}],"inLanguage":"pt-BR"}]}},"jetpack_featured_media_url":"","_links":{"self":[{"href":"https:\/\/www.blogsoestado.com\/danielmatos\/wp-json\/wp\/v2\/posts\/61149","targetHints":{"allow":["GET"]}}],"collection":[{"href":"https:\/\/www.blogsoestado.com\/danielmatos\/wp-json\/wp\/v2\/posts"}],"about":[{"href":"https:\/\/www.blogsoestado.com\/danielmatos\/wp-json\/wp\/v2\/types\/post"}],"replies":[{"embeddable":true,"href":"https:\/\/www.blogsoestado.com\/danielmatos\/wp-json\/wp\/v2\/comments?post=61149"}],"version-history":[{"count":0,"href":"https:\/\/www.blogsoestado.com\/danielmatos\/wp-json\/wp\/v2\/posts\/61149\/revisions"}],"wp:attachment":[{"href":"https:\/\/www.blogsoestado.com\/danielmatos\/wp-json\/wp\/v2\/media?parent=61149"}],"wp:term":[{"taxonomy":"category","embeddable":true,"href":"https:\/\/www.blogsoestado.com\/danielmatos\/wp-json\/wp\/v2\/categories?post=61149"},{"taxonomy":"post_tag","embeddable":true,"href":"https:\/\/www.blogsoestado.com\/danielmatos\/wp-json\/wp\/v2\/tags?post=61149"}],"curies":[{"name":"wp","href":"https:\/\/api.w.org\/{rel}","templated":true}]}}