{"id":61154,"date":"2019-03-15T20:24:08","date_gmt":"2019-03-15T23:24:08","guid":{"rendered":"https:\/\/www.blogsoestado.com\/danielmatos\/?p=61154"},"modified":"2019-03-15T20:24:08","modified_gmt":"2019-03-15T23:24:08","slug":"apos-garantir-emendas-para-reformas-marcial-lima-visita-feira-do-bom-jesus","status":"publish","type":"post","link":"https:\/\/www.blogsoestado.com\/danielmatos\/apos-garantir-emendas-para-reformas-marcial-lima-visita-feira-do-bom-jesus\/","title":{"rendered":"Ap\u00f3s ter emendas aprovadas, Marcial Lima garante reforma de duas feiras em S\u00e3o Lu\u00eds"},"content":{"rendered":"\n<p class=\"has-text-color has-large-font-size has-vivid-red-color\">Secret\u00e1rio municipal de Agricultura, Pesca e Abastecimento atendeu a convite do vereador e ouvir reclames de feirantes<\/p>\n\n\n\n<figure class=\"wp-block-image\"><img decoding=\"async\" src=\"https:\/\/www.blogsoestado.com\/danielmatos\/files\/2019\/03\/IMG-20190315-WA0013-1024x576.jpg\" alt=\"\" class=\"wp-image-61158\"\/><figcaption>Marcial e o secret\u00e1rio Nonato <br>Chocolate com feirantes durante a visita<\/figcaption><\/figure>\n\n\n\n<p>O vereador Marcial Lima (PRTB) visitou, na manh\u00e3 desta sexta-feira, a feira do Bom Jesus, bairro vizinho ao Coroadinho, para reafirmar o seu compromisso de viabilizar a reforma do mercado, que apresenta uma s\u00e9rie de problemas estruturais. Autor de duas emendas ao or\u00e7amento municipal, no valor de R$ 200 mil, cada uma, destinadas \u00e0 recupera\u00e7\u00e3o de duas feiras na capital, Marcial informou aos comerciantes que o recurso para a execu\u00e7\u00e3o da obra j\u00e1 foi garantido pela Secretaria Municipal de Planejamento (Seplan).<\/p>\n\n\n\n<p>Atendendo a convite feito pelo vereador, o secret\u00e1rio municipal de Agricultura, Pesca e Abastecimento, Nonato Chocolate, participou da visita e  pode ouvir pessoalmente os reclames dos feirantes, que acumulam preju\u00edzos dia ap\u00f3s dia devido \u00e0 queda da freguesia, afugentada pelas condi\u00e7\u00f5es prec\u00e1rias do mercado e pelos riscos de acidentes que a m\u00e1 infraestrutura representa.<\/p>\n\n\n\n<figure class=\"wp-block-image\"><img decoding=\"async\" src=\"https:\/\/www.blogsoestado.com\/danielmatos\/files\/2019\/03\/IMG-20190315-WA0012-1024x576.jpg\" alt=\"\" class=\"wp-image-61159\"\/><figcaption>Vereador Marcial Lima ouve reclama\u00e7\u00e3o de feirante<\/figcaption><\/figure>\n\n\n\n<p>Em reuni\u00e3o com Marcial Lima e os feirantes, o secret\u00e1rio da Semapa constatou os m\u00faltiplos problemas do mercado e a necessidade urgente de recuper\u00e1-lo. Aluns dos transtornos verificados foram o perigo de desabamento e de inc\u00eandio fia\u00e7\u00e3o el\u00e9trica, tamanha a precariedade da instala\u00e7\u00e3o. O secret\u00e1rio prometeu realizar algumas melhorias na feira j\u00e1 a partir da pr\u00f3xima semana.<\/p>\n\n\n\n<p><strong>Recurso garantido<\/strong><\/p>\n\n\n\n<figure class=\"wp-block-image\"><img decoding=\"async\" src=\"https:\/\/www.blogsoestado.com\/danielmatos\/files\/2019\/03\/IMG-20190315-WA0010-1024x576.jpg\" alt=\"\" class=\"wp-image-61160\"\/><figcaption>Marcial Lima dialoga com o secret\u00e1rio Nonato <br>Chocolate sobre a situa\u00e7\u00e3o da feira do Bom Jesus<br><br><\/figcaption><\/figure>\n\n\n\n<p>Defensor ardoroso da causa dos trabalhadores da feira do Bom Jesus e disposto a proporcionar melhores condi\u00e7\u00f5es para a clientela fazer suas compras no mercado, Marcial externou toda a sua preocupa\u00e7\u00e3o com a situa\u00e7\u00e3o. Por outro lado, comunicou que a Seplan j\u00e1 informou \u00e0 Semapa a dota\u00e7\u00e3o or\u00e7ament\u00e1ria de R$ 200 mil, referente a uma de suas emendas, para melhorias no espa\u00e7o. &#8220;O mais importante \u00e9 que a Seplan j\u00e1 informou a disponibilidade do recurso, fruto da emenda apresentada pelo meu gabinete e aprovada pelo plen\u00e1rio da C\u00e2mara Municipal de S\u00e3o Lu\u00eds&#8221;, destacou o vereador.<\/p>\n\n\n\n<p><strong>Feira da Vila Fialho<\/strong><\/p>\n\n\n\n<p>A outra emenda de R$ 200 mil de autoria de Marcial Lima ser\u00e1 destinada \u00e0 recupera\u00e7\u00e3o do telhado da feira da Vila Vicente Fialho, que desabou em agosto de 2016 e jamais foi reconstru\u00eddo. &#8220;Sabemos que emendar or\u00e7amento \u00e9 muito dif\u00edcil, mas n\u00f3s conseguimos. Isso \u00e9 dinheiro garantido e agora est\u00e1 nas m\u00e3os da prefeitura recuperar, n\u00e3o s\u00f3 o telhado da feira da Vicente Fialho, mas tamb\u00e9m a feira do Bom Jesus&#8221;, assinalou.   <\/p>\n\n\n\n<p><strong>Clique <a href=\"https:\/\/www.facebook.com\/marciallima2\/videos\/1079799378894943\/\">aqui<\/a> e assista ao v\u00eddeo.<\/strong><\/p>\n\n\n\n<p> <\/p>\n\n\n\n<p>         <\/p>\n","protected":false},"excerpt":{"rendered":"<p>Secret\u00e1rio municipal de Agricultura, Pesca e Abastecimento atendeu a convite do vereador e ouvir reclames de feirantes O vereador Marcial [&hellip;]<\/p>\n","protected":false},"author":0,"featured_media":0,"comment_status":"open","ping_status":"open","sticky":false,"template":"","format":"standard","meta":{"site-sidebar-layout":"default","site-content-layout":"","ast-site-content-layout":"default","site-content-style":"default","site-sidebar-style":"default","ast-global-header-display":"","ast-banner-title-visibility":"","ast-main-header-display":"","ast-hfb-above-header-display":"","ast-hfb-below-header-display":"","ast-hfb-mobile-header-display":"","site-post-title":"","ast-breadcrumbs-content":"","ast-featured-img":"","footer-sml-layout":"","ast-disable-related-posts":"","theme-transparent-header-meta":"","adv-header-id-meta":"","stick-header-meta":"","header-above-stick-meta":"","header-main-stick-meta":"","header-below-stick-meta":"","astra-migrate-meta-layouts":"default","ast-page-background-enabled":"default","ast-page-background-meta":{"desktop":{"background-color":"var(--ast-global-color-5)","background-image":"","background-repeat":"repeat","background-position":"center center","background-size":"auto","background-attachment":"scroll","background-type":"","background-media":"","overlay-type":"","overlay-color":"","overlay-opacity":"","overlay-gradient":""},"tablet":{"background-color":"","background-image":"","background-repeat":"repeat","background-position":"center center","background-size":"auto","background-attachment":"scroll","background-type":"","background-media":"","overlay-type":"","overlay-color":"","overlay-opacity":"","overlay-gradient":""},"mobile":{"background-color":"","background-image":"","background-repeat":"repeat","background-position":"center center","background-size":"auto","background-attachment":"scroll","background-type":"","background-media":"","overlay-type":"","overlay-color":"","overlay-opacity":"","overlay-gradient":""}},"ast-content-background-meta":{"desktop":{"background-color":"var(--ast-global-color-4)","background-image":"","background-repeat":"repeat","background-position":"center center","background-size":"auto","background-attachment":"scroll","background-type":"","background-media":"","overlay-type":"","overlay-color":"","overlay-opacity":"","overlay-gradient":""},"tablet":{"background-color":"var(--ast-global-color-4)","background-image":"","background-repeat":"repeat","background-position":"center center","background-size":"auto","background-attachment":"scroll","background-type":"","background-media":"","overlay-type":"","overlay-color":"","overlay-opacity":"","overlay-gradient":""},"mobile":{"background-color":"var(--ast-global-color-4)","background-image":"","background-repeat":"repeat","background-position":"center center","background-size":"auto","background-attachment":"scroll","background-type":"","background-media":"","overlay-type":"","overlay-color":"","overlay-opacity":"","overlay-gradient":""}},"footnotes":""},"categories":[1],"tags":[],"class_list":["post-61154","post","type-post","status-publish","format-standard","hentry","category-sem-categoria"],"yoast_head":"<!-- This site is optimized with the Yoast SEO plugin v26.6 - https:\/\/yoast.com\/wordpress\/plugins\/seo\/ -->\n<title>Ap\u00f3s ter emendas aprovadas, Marcial Lima garante reforma de duas feiras em S\u00e3o Lu\u00eds - Daniel Matos<\/title>\n<meta name=\"robots\" content=\"index, follow, max-snippet:-1, max-image-preview:large, max-video-preview:-1\" \/>\n<link rel=\"canonical\" href=\"https:\/\/www.blogsoestado.com\/danielmatos\/apos-garantir-emendas-para-reformas-marcial-lima-visita-feira-do-bom-jesus\/\" \/>\n<meta property=\"og:locale\" content=\"pt_BR\" \/>\n<meta property=\"og:type\" content=\"article\" \/>\n<meta property=\"og:title\" content=\"Ap\u00f3s ter emendas aprovadas, Marcial Lima garante reforma de duas feiras em S\u00e3o Lu\u00eds - Daniel Matos\" \/>\n<meta property=\"og:description\" content=\"Secret\u00e1rio municipal de Agricultura, Pesca e Abastecimento atendeu a convite do vereador e ouvir reclames de feirantes O vereador Marcial [&hellip;]\" \/>\n<meta property=\"og:url\" content=\"https:\/\/www.blogsoestado.com\/danielmatos\/apos-garantir-emendas-para-reformas-marcial-lima-visita-feira-do-bom-jesus\/\" \/>\n<meta property=\"og:site_name\" content=\"Daniel Matos\" \/>\n<meta property=\"article:published_time\" content=\"2019-03-15T23:24:08+00:00\" \/>\n<meta property=\"og:image\" content=\"https:\/\/www.blogsoestado.com\/danielmatos\/files\/2019\/03\/IMG-20190315-WA0013-1024x576.jpg\" \/>\n<meta name=\"twitter:card\" content=\"summary_large_image\" \/>\n<meta name=\"twitter:label1\" content=\"Est. tempo de leitura\" \/>\n\t<meta name=\"twitter:data1\" content=\"2 minutos\" \/>\n<script type=\"application\/ld+json\" class=\"yoast-schema-graph\">{\"@context\":\"https:\/\/schema.org\",\"@graph\":[{\"@type\":\"WebPage\",\"@id\":\"https:\/\/www.blogsoestado.com\/danielmatos\/apos-garantir-emendas-para-reformas-marcial-lima-visita-feira-do-bom-jesus\/\",\"url\":\"https:\/\/www.blogsoestado.com\/danielmatos\/apos-garantir-emendas-para-reformas-marcial-lima-visita-feira-do-bom-jesus\/\",\"name\":\"Ap\u00f3s ter emendas aprovadas, Marcial Lima garante reforma de duas feiras em S\u00e3o Lu\u00eds - Daniel Matos\",\"isPartOf\":{\"@id\":\"https:\/\/www.blogsoestado.com\/danielmatos\/#website\"},\"primaryImageOfPage\":{\"@id\":\"https:\/\/www.blogsoestado.com\/danielmatos\/apos-garantir-emendas-para-reformas-marcial-lima-visita-feira-do-bom-jesus\/#primaryimage\"},\"image\":{\"@id\":\"https:\/\/www.blogsoestado.com\/danielmatos\/apos-garantir-emendas-para-reformas-marcial-lima-visita-feira-do-bom-jesus\/#primaryimage\"},\"thumbnailUrl\":\"https:\/\/www.blogsoestado.com\/danielmatos\/files\/2019\/03\/IMG-20190315-WA0013-1024x576.jpg\",\"datePublished\":\"2019-03-15T23:24:08+00:00\",\"author\":{\"@id\":\"\"},\"breadcrumb\":{\"@id\":\"https:\/\/www.blogsoestado.com\/danielmatos\/apos-garantir-emendas-para-reformas-marcial-lima-visita-feira-do-bom-jesus\/#breadcrumb\"},\"inLanguage\":\"pt-BR\",\"potentialAction\":[{\"@type\":\"ReadAction\",\"target\":[\"https:\/\/www.blogsoestado.com\/danielmatos\/apos-garantir-emendas-para-reformas-marcial-lima-visita-feira-do-bom-jesus\/\"]}]},{\"@type\":\"ImageObject\",\"inLanguage\":\"pt-BR\",\"@id\":\"https:\/\/www.blogsoestado.com\/danielmatos\/apos-garantir-emendas-para-reformas-marcial-lima-visita-feira-do-bom-jesus\/#primaryimage\",\"url\":\"https:\/\/www.blogsoestado.com\/danielmatos\/files\/2019\/03\/IMG-20190315-WA0013-1024x576.jpg\",\"contentUrl\":\"https:\/\/www.blogsoestado.com\/danielmatos\/files\/2019\/03\/IMG-20190315-WA0013-1024x576.jpg\"},{\"@type\":\"BreadcrumbList\",\"@id\":\"https:\/\/www.blogsoestado.com\/danielmatos\/apos-garantir-emendas-para-reformas-marcial-lima-visita-feira-do-bom-jesus\/#breadcrumb\",\"itemListElement\":[{\"@type\":\"ListItem\",\"position\":1,\"name\":\"In\u00edcio\",\"item\":\"https:\/\/www.blogsoestado.com\/danielmatos\/\"},{\"@type\":\"ListItem\",\"position\":2,\"name\":\"Ap\u00f3s ter emendas aprovadas, Marcial Lima garante reforma de duas feiras em S\u00e3o Lu\u00eds\"}]},{\"@type\":\"WebSite\",\"@id\":\"https:\/\/www.blogsoestado.com\/danielmatos\/#website\",\"url\":\"https:\/\/www.blogsoestado.com\/danielmatos\/\",\"name\":\"Daniel Matos\",\"description\":\"\",\"potentialAction\":[{\"@type\":\"SearchAction\",\"target\":{\"@type\":\"EntryPoint\",\"urlTemplate\":\"https:\/\/www.blogsoestado.com\/danielmatos\/?s={search_term_string}\"},\"query-input\":{\"@type\":\"PropertyValueSpecification\",\"valueRequired\":true,\"valueName\":\"search_term_string\"}}],\"inLanguage\":\"pt-BR\"}]}<\/script>\n<!-- \/ Yoast SEO plugin. -->","yoast_head_json":{"title":"Ap\u00f3s ter emendas aprovadas, Marcial Lima garante reforma de duas feiras em S\u00e3o Lu\u00eds - Daniel Matos","robots":{"index":"index","follow":"follow","max-snippet":"max-snippet:-1","max-image-preview":"max-image-preview:large","max-video-preview":"max-video-preview:-1"},"canonical":"https:\/\/www.blogsoestado.com\/danielmatos\/apos-garantir-emendas-para-reformas-marcial-lima-visita-feira-do-bom-jesus\/","og_locale":"pt_BR","og_type":"article","og_title":"Ap\u00f3s ter emendas aprovadas, Marcial Lima garante reforma de duas feiras em S\u00e3o Lu\u00eds - Daniel Matos","og_description":"Secret\u00e1rio municipal de Agricultura, Pesca e Abastecimento atendeu a convite do vereador e ouvir reclames de feirantes O vereador Marcial [&hellip;]","og_url":"https:\/\/www.blogsoestado.com\/danielmatos\/apos-garantir-emendas-para-reformas-marcial-lima-visita-feira-do-bom-jesus\/","og_site_name":"Daniel Matos","article_published_time":"2019-03-15T23:24:08+00:00","og_image":[{"url":"https:\/\/www.blogsoestado.com\/danielmatos\/files\/2019\/03\/IMG-20190315-WA0013-1024x576.jpg","type":"","width":"","height":""}],"twitter_card":"summary_large_image","twitter_misc":{"Est. tempo de leitura":"2 minutos"},"schema":{"@context":"https:\/\/schema.org","@graph":[{"@type":"WebPage","@id":"https:\/\/www.blogsoestado.com\/danielmatos\/apos-garantir-emendas-para-reformas-marcial-lima-visita-feira-do-bom-jesus\/","url":"https:\/\/www.blogsoestado.com\/danielmatos\/apos-garantir-emendas-para-reformas-marcial-lima-visita-feira-do-bom-jesus\/","name":"Ap\u00f3s ter emendas aprovadas, Marcial Lima garante reforma de duas feiras em S\u00e3o Lu\u00eds - Daniel Matos","isPartOf":{"@id":"https:\/\/www.blogsoestado.com\/danielmatos\/#website"},"primaryImageOfPage":{"@id":"https:\/\/www.blogsoestado.com\/danielmatos\/apos-garantir-emendas-para-reformas-marcial-lima-visita-feira-do-bom-jesus\/#primaryimage"},"image":{"@id":"https:\/\/www.blogsoestado.com\/danielmatos\/apos-garantir-emendas-para-reformas-marcial-lima-visita-feira-do-bom-jesus\/#primaryimage"},"thumbnailUrl":"https:\/\/www.blogsoestado.com\/danielmatos\/files\/2019\/03\/IMG-20190315-WA0013-1024x576.jpg","datePublished":"2019-03-15T23:24:08+00:00","author":{"@id":""},"breadcrumb":{"@id":"https:\/\/www.blogsoestado.com\/danielmatos\/apos-garantir-emendas-para-reformas-marcial-lima-visita-feira-do-bom-jesus\/#breadcrumb"},"inLanguage":"pt-BR","potentialAction":[{"@type":"ReadAction","target":["https:\/\/www.blogsoestado.com\/danielmatos\/apos-garantir-emendas-para-reformas-marcial-lima-visita-feira-do-bom-jesus\/"]}]},{"@type":"ImageObject","inLanguage":"pt-BR","@id":"https:\/\/www.blogsoestado.com\/danielmatos\/apos-garantir-emendas-para-reformas-marcial-lima-visita-feira-do-bom-jesus\/#primaryimage","url":"https:\/\/www.blogsoestado.com\/danielmatos\/files\/2019\/03\/IMG-20190315-WA0013-1024x576.jpg","contentUrl":"https:\/\/www.blogsoestado.com\/danielmatos\/files\/2019\/03\/IMG-20190315-WA0013-1024x576.jpg"},{"@type":"BreadcrumbList","@id":"https:\/\/www.blogsoestado.com\/danielmatos\/apos-garantir-emendas-para-reformas-marcial-lima-visita-feira-do-bom-jesus\/#breadcrumb","itemListElement":[{"@type":"ListItem","position":1,"name":"In\u00edcio","item":"https:\/\/www.blogsoestado.com\/danielmatos\/"},{"@type":"ListItem","position":2,"name":"Ap\u00f3s ter emendas aprovadas, Marcial Lima garante reforma de duas feiras em S\u00e3o Lu\u00eds"}]},{"@type":"WebSite","@id":"https:\/\/www.blogsoestado.com\/danielmatos\/#website","url":"https:\/\/www.blogsoestado.com\/danielmatos\/","name":"Daniel Matos","description":"","potentialAction":[{"@type":"SearchAction","target":{"@type":"EntryPoint","urlTemplate":"https:\/\/www.blogsoestado.com\/danielmatos\/?s={search_term_string}"},"query-input":{"@type":"PropertyValueSpecification","valueRequired":true,"valueName":"search_term_string"}}],"inLanguage":"pt-BR"}]}},"jetpack_featured_media_url":"","_links":{"self":[{"href":"https:\/\/www.blogsoestado.com\/danielmatos\/wp-json\/wp\/v2\/posts\/61154","targetHints":{"allow":["GET"]}}],"collection":[{"href":"https:\/\/www.blogsoestado.com\/danielmatos\/wp-json\/wp\/v2\/posts"}],"about":[{"href":"https:\/\/www.blogsoestado.com\/danielmatos\/wp-json\/wp\/v2\/types\/post"}],"replies":[{"embeddable":true,"href":"https:\/\/www.blogsoestado.com\/danielmatos\/wp-json\/wp\/v2\/comments?post=61154"}],"version-history":[{"count":0,"href":"https:\/\/www.blogsoestado.com\/danielmatos\/wp-json\/wp\/v2\/posts\/61154\/revisions"}],"wp:attachment":[{"href":"https:\/\/www.blogsoestado.com\/danielmatos\/wp-json\/wp\/v2\/media?parent=61154"}],"wp:term":[{"taxonomy":"category","embeddable":true,"href":"https:\/\/www.blogsoestado.com\/danielmatos\/wp-json\/wp\/v2\/categories?post=61154"},{"taxonomy":"post_tag","embeddable":true,"href":"https:\/\/www.blogsoestado.com\/danielmatos\/wp-json\/wp\/v2\/tags?post=61154"}],"curies":[{"name":"wp","href":"https:\/\/api.w.org\/{rel}","templated":true}]}}