{"id":61171,"date":"2019-03-17T08:09:15","date_gmt":"2019-03-17T11:09:15","guid":{"rendered":"https:\/\/www.blogsoestado.com\/danielmatos\/?p=61171"},"modified":"2019-03-17T08:09:15","modified_gmt":"2019-03-17T11:09:15","slug":"prefeito-hilton-goncalo-vistoria-ponte-de-areias","status":"publish","type":"post","link":"https:\/\/www.blogsoestado.com\/danielmatos\/prefeito-hilton-goncalo-vistoria-ponte-de-areias\/","title":{"rendered":"Prefeito Hilton Gon\u00e7alo vistoria Ponte de Areias"},"content":{"rendered":"\n<figure class=\"wp-block-image\"><img decoding=\"async\" src=\"https:\/\/www.blogsoestado.com\/danielmatos\/files\/2019\/03\/IMG-20190317-WA0001.jpg\" alt=\"\" class=\"wp-image-61172\"\/><figcaption>Prefeito Hilton Gon\u00e7alo e comitiva na vistoria \u00e0s obras da ponte<\/figcaption><\/figure>\n\n\n\n<p>O prefeito Hilton Gon\u00e7alo realizou mais uma vistoria a obra de constru\u00e7\u00e3o da Ponte de Areais, na sexta-feira (15). Na ocasi\u00e3o, o gestor voltou a enfatizar que a estrutura vai beneficiar diversos povoados e tirar do isolamento muitas comunidades de Santa Rita, que est\u00e3o divididas pelo rio Itapecuru.<\/p>\n\n\n\n<p>&#8220;Dentro de alguns meses voltaremos aqui para inaugurar nossa ponte. Uma obra que beneficiar\u00e1 n\u00e3o somente Santa Rita como toda a regi\u00e3o. Continuaremos trabalhando forte, ignorando a crise e focando no objetivo principal que \u00e9 o de promover melhor qualidade de vida para nossa popula\u00e7\u00e3o&#8221;, finalizou o prefeito Hilton Gon\u00e7alo.<\/p>\n\n\n\n<figure class=\"wp-block-image\"><img decoding=\"async\" src=\"https:\/\/www.blogsoestado.com\/danielmatos\/files\/2019\/03\/IMG-20190317-WA0003-1024x576.jpg\" alt=\"\" class=\"wp-image-61173\"\/><figcaption>Em discurso, vereador destaca grandiosidade e import\u00e2ncia da obra executada pela Prefeitura de Santa Rita<\/figcaption><\/figure>\n\n\n\n<p>O vereador Fredilson Carvalho destacou a import\u00e2ncia da valoriza\u00e7\u00e3o da m\u00e3o-de-obra local na constru\u00e7\u00e3o da ponte. O vereador Kiko agradeceu ao prefeito Hilton Gon\u00e7alo, pois a ponte tamb\u00e9m beneficiar\u00e1 parte da popula\u00e7\u00e3o de Ros\u00e1rio, como \u00e9 caso do povoado Itaip\u00fa. J\u00e1 o vereador Tchabal falou da coragem e da compet\u00eancia do prefeito em desenvolver um projeto t\u00e3o grandioso e t\u00e3o importante.<\/p>\n\n\n\n<p>Em sua fala, o deputado estadual Ariston reiterou a inten\u00e7\u00e3o de ajudar a construir uma rodou estadual que siga ap\u00f3s a ponte e v\u00e1 at\u00e9 o munic\u00edpio de Presidente Vargas. &#8220;Como ja \u00e9 de conhecimento de todos, tenho a inten\u00e7\u00e3o de ajudar a promover mais mobilidade para esta importante regi\u00e3o atrav\u00e9s da regulariza\u00e7\u00e3o de uma MA que passe pela ponte de Santa Rita e v\u00e1 at\u00e9 presidente Vargas&#8221;, destacou.<\/p>\n\n\n\n<figure class=\"wp-block-image\"><img decoding=\"async\" src=\"https:\/\/www.blogsoestado.com\/danielmatos\/files\/2019\/03\/IMG-20190317-WA0000.jpg\" alt=\"\" class=\"wp-image-61174\"\/><figcaption>Hilton Gon\u00e7alo e numerosa comitiva na vistoria \u00e0 obra da ponte, que j\u00e1 est\u00e1 80% conclu\u00edda<\/figcaption><\/figure>\n\n\n\n<p>A prefeita de Bacabeira e primeira-dama de Santa Rita, Fernanda Gon\u00e7alo, falou da etapa atual da obra. &#8220;Hoje, estamos comprovando que nossa ponte j\u00e1 est\u00e1 com 80% conclu\u00edda. Um projeto t\u00e3o importante e arrojado que vem sendo desenvolvido com muita coragem e dedica\u00e7\u00e3o por parte do prefeito Dr. Hilton Gon\u00e7alo.&#8221;<\/p>\n\n\n\n<p>O prefeito fez a vistoria na companhia da primeira-dama e prefeita de Bacabeira, Fernanda Gon\u00e7alo, do deputado estadual Ariston Ribeiro, dos presidentes das C\u00e2maras de vereadores das cidades de Santa Rita, Fredilson Carvalho, e demais vereadores; de Ros\u00e1rio, Kiko, e demais vereadores; de Bacabeira, Tchabal e o vereador Romualdo.<\/p>\n","protected":false},"excerpt":{"rendered":"<p>O prefeito Hilton Gon\u00e7alo realizou mais uma vistoria a obra de constru\u00e7\u00e3o da Ponte de Areais, na sexta-feira (15). Na [&hellip;]<\/p>\n","protected":false},"author":0,"featured_media":0,"comment_status":"open","ping_status":"open","sticky":false,"template":"","format":"standard","meta":{"site-sidebar-layout":"default","site-content-layout":"","ast-site-content-layout":"default","site-content-style":"default","site-sidebar-style":"default","ast-global-header-display":"","ast-banner-title-visibility":"","ast-main-header-display":"","ast-hfb-above-header-display":"","ast-hfb-below-header-display":"","ast-hfb-mobile-header-display":"","site-post-title":"","ast-breadcrumbs-content":"","ast-featured-img":"","footer-sml-layout":"","ast-disable-related-posts":"","theme-transparent-header-meta":"","adv-header-id-meta":"","stick-header-meta":"","header-above-stick-meta":"","header-main-stick-meta":"","header-below-stick-meta":"","astra-migrate-meta-layouts":"default","ast-page-background-enabled":"default","ast-page-background-meta":{"desktop":{"background-color":"var(--ast-global-color-5)","background-image":"","background-repeat":"repeat","background-position":"center center","background-size":"auto","background-attachment":"scroll","background-type":"","background-media":"","overlay-type":"","overlay-color":"","overlay-opacity":"","overlay-gradient":""},"tablet":{"background-color":"","background-image":"","background-repeat":"repeat","background-position":"center center","background-size":"auto","background-attachment":"scroll","background-type":"","background-media":"","overlay-type":"","overlay-color":"","overlay-opacity":"","overlay-gradient":""},"mobile":{"background-color":"","background-image":"","background-repeat":"repeat","background-position":"center center","background-size":"auto","background-attachment":"scroll","background-type":"","background-media":"","overlay-type":"","overlay-color":"","overlay-opacity":"","overlay-gradient":""}},"ast-content-background-meta":{"desktop":{"background-color":"var(--ast-global-color-4)","background-image":"","background-repeat":"repeat","background-position":"center center","background-size":"auto","background-attachment":"scroll","background-type":"","background-media":"","overlay-type":"","overlay-color":"","overlay-opacity":"","overlay-gradient":""},"tablet":{"background-color":"var(--ast-global-color-4)","background-image":"","background-repeat":"repeat","background-position":"center center","background-size":"auto","background-attachment":"scroll","background-type":"","background-media":"","overlay-type":"","overlay-color":"","overlay-opacity":"","overlay-gradient":""},"mobile":{"background-color":"var(--ast-global-color-4)","background-image":"","background-repeat":"repeat","background-position":"center center","background-size":"auto","background-attachment":"scroll","background-type":"","background-media":"","overlay-type":"","overlay-color":"","overlay-opacity":"","overlay-gradient":""}},"footnotes":""},"categories":[1],"tags":[],"class_list":["post-61171","post","type-post","status-publish","format-standard","hentry","category-sem-categoria"],"yoast_head":"<!-- This site is optimized with the Yoast SEO plugin v26.6 - https:\/\/yoast.com\/wordpress\/plugins\/seo\/ -->\n<title>Prefeito Hilton Gon\u00e7alo vistoria Ponte de Areias - Daniel Matos<\/title>\n<meta name=\"robots\" content=\"index, follow, max-snippet:-1, max-image-preview:large, max-video-preview:-1\" \/>\n<link rel=\"canonical\" href=\"https:\/\/www.blogsoestado.com\/danielmatos\/prefeito-hilton-goncalo-vistoria-ponte-de-areias\/\" \/>\n<meta property=\"og:locale\" content=\"pt_BR\" \/>\n<meta property=\"og:type\" content=\"article\" \/>\n<meta property=\"og:title\" content=\"Prefeito Hilton Gon\u00e7alo vistoria Ponte de Areias - Daniel Matos\" \/>\n<meta property=\"og:description\" content=\"O prefeito Hilton Gon\u00e7alo realizou mais uma vistoria a obra de constru\u00e7\u00e3o da Ponte de Areais, na sexta-feira (15). Na [&hellip;]\" \/>\n<meta property=\"og:url\" content=\"https:\/\/www.blogsoestado.com\/danielmatos\/prefeito-hilton-goncalo-vistoria-ponte-de-areias\/\" \/>\n<meta property=\"og:site_name\" content=\"Daniel Matos\" \/>\n<meta property=\"article:published_time\" content=\"2019-03-17T11:09:15+00:00\" \/>\n<meta property=\"og:image\" content=\"https:\/\/www.blogsoestado.com\/danielmatos\/files\/2019\/03\/IMG-20190317-WA0001.jpg\" \/>\n<meta name=\"twitter:card\" content=\"summary_large_image\" \/>\n<meta name=\"twitter:label1\" content=\"Est. tempo de leitura\" \/>\n\t<meta name=\"twitter:data1\" content=\"2 minutos\" \/>\n<script type=\"application\/ld+json\" class=\"yoast-schema-graph\">{\"@context\":\"https:\/\/schema.org\",\"@graph\":[{\"@type\":\"WebPage\",\"@id\":\"https:\/\/www.blogsoestado.com\/danielmatos\/prefeito-hilton-goncalo-vistoria-ponte-de-areias\/\",\"url\":\"https:\/\/www.blogsoestado.com\/danielmatos\/prefeito-hilton-goncalo-vistoria-ponte-de-areias\/\",\"name\":\"Prefeito Hilton Gon\u00e7alo vistoria Ponte de Areias - Daniel Matos\",\"isPartOf\":{\"@id\":\"https:\/\/www.blogsoestado.com\/danielmatos\/#website\"},\"primaryImageOfPage\":{\"@id\":\"https:\/\/www.blogsoestado.com\/danielmatos\/prefeito-hilton-goncalo-vistoria-ponte-de-areias\/#primaryimage\"},\"image\":{\"@id\":\"https:\/\/www.blogsoestado.com\/danielmatos\/prefeito-hilton-goncalo-vistoria-ponte-de-areias\/#primaryimage\"},\"thumbnailUrl\":\"https:\/\/www.blogsoestado.com\/danielmatos\/files\/2019\/03\/IMG-20190317-WA0001.jpg\",\"datePublished\":\"2019-03-17T11:09:15+00:00\",\"author\":{\"@id\":\"\"},\"breadcrumb\":{\"@id\":\"https:\/\/www.blogsoestado.com\/danielmatos\/prefeito-hilton-goncalo-vistoria-ponte-de-areias\/#breadcrumb\"},\"inLanguage\":\"pt-BR\",\"potentialAction\":[{\"@type\":\"ReadAction\",\"target\":[\"https:\/\/www.blogsoestado.com\/danielmatos\/prefeito-hilton-goncalo-vistoria-ponte-de-areias\/\"]}]},{\"@type\":\"ImageObject\",\"inLanguage\":\"pt-BR\",\"@id\":\"https:\/\/www.blogsoestado.com\/danielmatos\/prefeito-hilton-goncalo-vistoria-ponte-de-areias\/#primaryimage\",\"url\":\"https:\/\/www.blogsoestado.com\/danielmatos\/files\/2019\/03\/IMG-20190317-WA0001.jpg\",\"contentUrl\":\"https:\/\/www.blogsoestado.com\/danielmatos\/files\/2019\/03\/IMG-20190317-WA0001.jpg\"},{\"@type\":\"BreadcrumbList\",\"@id\":\"https:\/\/www.blogsoestado.com\/danielmatos\/prefeito-hilton-goncalo-vistoria-ponte-de-areias\/#breadcrumb\",\"itemListElement\":[{\"@type\":\"ListItem\",\"position\":1,\"name\":\"In\u00edcio\",\"item\":\"https:\/\/www.blogsoestado.com\/danielmatos\/\"},{\"@type\":\"ListItem\",\"position\":2,\"name\":\"Prefeito Hilton Gon\u00e7alo vistoria Ponte de Areias\"}]},{\"@type\":\"WebSite\",\"@id\":\"https:\/\/www.blogsoestado.com\/danielmatos\/#website\",\"url\":\"https:\/\/www.blogsoestado.com\/danielmatos\/\",\"name\":\"Daniel Matos\",\"description\":\"\",\"potentialAction\":[{\"@type\":\"SearchAction\",\"target\":{\"@type\":\"EntryPoint\",\"urlTemplate\":\"https:\/\/www.blogsoestado.com\/danielmatos\/?s={search_term_string}\"},\"query-input\":{\"@type\":\"PropertyValueSpecification\",\"valueRequired\":true,\"valueName\":\"search_term_string\"}}],\"inLanguage\":\"pt-BR\"}]}<\/script>\n<!-- \/ Yoast SEO plugin. -->","yoast_head_json":{"title":"Prefeito Hilton Gon\u00e7alo vistoria Ponte de Areias - Daniel Matos","robots":{"index":"index","follow":"follow","max-snippet":"max-snippet:-1","max-image-preview":"max-image-preview:large","max-video-preview":"max-video-preview:-1"},"canonical":"https:\/\/www.blogsoestado.com\/danielmatos\/prefeito-hilton-goncalo-vistoria-ponte-de-areias\/","og_locale":"pt_BR","og_type":"article","og_title":"Prefeito Hilton Gon\u00e7alo vistoria Ponte de Areias - Daniel Matos","og_description":"O prefeito Hilton Gon\u00e7alo realizou mais uma vistoria a obra de constru\u00e7\u00e3o da Ponte de Areais, na sexta-feira (15). Na [&hellip;]","og_url":"https:\/\/www.blogsoestado.com\/danielmatos\/prefeito-hilton-goncalo-vistoria-ponte-de-areias\/","og_site_name":"Daniel Matos","article_published_time":"2019-03-17T11:09:15+00:00","og_image":[{"url":"https:\/\/www.blogsoestado.com\/danielmatos\/files\/2019\/03\/IMG-20190317-WA0001.jpg","type":"","width":"","height":""}],"twitter_card":"summary_large_image","twitter_misc":{"Est. tempo de leitura":"2 minutos"},"schema":{"@context":"https:\/\/schema.org","@graph":[{"@type":"WebPage","@id":"https:\/\/www.blogsoestado.com\/danielmatos\/prefeito-hilton-goncalo-vistoria-ponte-de-areias\/","url":"https:\/\/www.blogsoestado.com\/danielmatos\/prefeito-hilton-goncalo-vistoria-ponte-de-areias\/","name":"Prefeito Hilton Gon\u00e7alo vistoria Ponte de Areias - Daniel Matos","isPartOf":{"@id":"https:\/\/www.blogsoestado.com\/danielmatos\/#website"},"primaryImageOfPage":{"@id":"https:\/\/www.blogsoestado.com\/danielmatos\/prefeito-hilton-goncalo-vistoria-ponte-de-areias\/#primaryimage"},"image":{"@id":"https:\/\/www.blogsoestado.com\/danielmatos\/prefeito-hilton-goncalo-vistoria-ponte-de-areias\/#primaryimage"},"thumbnailUrl":"https:\/\/www.blogsoestado.com\/danielmatos\/files\/2019\/03\/IMG-20190317-WA0001.jpg","datePublished":"2019-03-17T11:09:15+00:00","author":{"@id":""},"breadcrumb":{"@id":"https:\/\/www.blogsoestado.com\/danielmatos\/prefeito-hilton-goncalo-vistoria-ponte-de-areias\/#breadcrumb"},"inLanguage":"pt-BR","potentialAction":[{"@type":"ReadAction","target":["https:\/\/www.blogsoestado.com\/danielmatos\/prefeito-hilton-goncalo-vistoria-ponte-de-areias\/"]}]},{"@type":"ImageObject","inLanguage":"pt-BR","@id":"https:\/\/www.blogsoestado.com\/danielmatos\/prefeito-hilton-goncalo-vistoria-ponte-de-areias\/#primaryimage","url":"https:\/\/www.blogsoestado.com\/danielmatos\/files\/2019\/03\/IMG-20190317-WA0001.jpg","contentUrl":"https:\/\/www.blogsoestado.com\/danielmatos\/files\/2019\/03\/IMG-20190317-WA0001.jpg"},{"@type":"BreadcrumbList","@id":"https:\/\/www.blogsoestado.com\/danielmatos\/prefeito-hilton-goncalo-vistoria-ponte-de-areias\/#breadcrumb","itemListElement":[{"@type":"ListItem","position":1,"name":"In\u00edcio","item":"https:\/\/www.blogsoestado.com\/danielmatos\/"},{"@type":"ListItem","position":2,"name":"Prefeito Hilton Gon\u00e7alo vistoria Ponte de Areias"}]},{"@type":"WebSite","@id":"https:\/\/www.blogsoestado.com\/danielmatos\/#website","url":"https:\/\/www.blogsoestado.com\/danielmatos\/","name":"Daniel Matos","description":"","potentialAction":[{"@type":"SearchAction","target":{"@type":"EntryPoint","urlTemplate":"https:\/\/www.blogsoestado.com\/danielmatos\/?s={search_term_string}"},"query-input":{"@type":"PropertyValueSpecification","valueRequired":true,"valueName":"search_term_string"}}],"inLanguage":"pt-BR"}]}},"jetpack_featured_media_url":"","_links":{"self":[{"href":"https:\/\/www.blogsoestado.com\/danielmatos\/wp-json\/wp\/v2\/posts\/61171","targetHints":{"allow":["GET"]}}],"collection":[{"href":"https:\/\/www.blogsoestado.com\/danielmatos\/wp-json\/wp\/v2\/posts"}],"about":[{"href":"https:\/\/www.blogsoestado.com\/danielmatos\/wp-json\/wp\/v2\/types\/post"}],"replies":[{"embeddable":true,"href":"https:\/\/www.blogsoestado.com\/danielmatos\/wp-json\/wp\/v2\/comments?post=61171"}],"version-history":[{"count":0,"href":"https:\/\/www.blogsoestado.com\/danielmatos\/wp-json\/wp\/v2\/posts\/61171\/revisions"}],"wp:attachment":[{"href":"https:\/\/www.blogsoestado.com\/danielmatos\/wp-json\/wp\/v2\/media?parent=61171"}],"wp:term":[{"taxonomy":"category","embeddable":true,"href":"https:\/\/www.blogsoestado.com\/danielmatos\/wp-json\/wp\/v2\/categories?post=61171"},{"taxonomy":"post_tag","embeddable":true,"href":"https:\/\/www.blogsoestado.com\/danielmatos\/wp-json\/wp\/v2\/tags?post=61171"}],"curies":[{"name":"wp","href":"https:\/\/api.w.org\/{rel}","templated":true}]}}