{"id":61177,"date":"2019-03-17T09:45:31","date_gmt":"2019-03-17T12:45:31","guid":{"rendered":"https:\/\/www.blogsoestado.com\/danielmatos\/?p=61177"},"modified":"2019-03-17T09:45:31","modified_gmt":"2019-03-17T12:45:31","slug":"para-sair-do-vermelho","status":"publish","type":"post","link":"https:\/\/www.blogsoestado.com\/danielmatos\/para-sair-do-vermelho\/","title":{"rendered":"Para sair do Vermelho"},"content":{"rendered":"\n<p><strong>Coluna do Adriano<\/strong><\/p>\n\n\n\n<figure class=\"wp-block-image\"><img decoding=\"async\" src=\"https:\/\/www.blogsoestado.com\/danielmatos\/files\/2019\/03\/Adriano-no-plenario-27-02-2019-foto-Agencia-Assembleia-001-1024x683.jpg\" alt=\"\" class=\"wp-image-61178\"\/><figcaption>Deputado Adriano alerta que a economia maranhense passa pelo pior momento de sua hist\u00f3ria<\/figcaption><\/figure>\n\n\n\n<p>Enquanto o mundo todo passa por um momento de austeridade e responsabilidade econ\u00f4mica, o governo Fl\u00e1vio Dino (PCdoB) gasta muito e gasta mal. E esta gastan\u00e7a \u00e9 alimentada com o endividamento brutal do Estado, com a queima de nossas reservas econ\u00f4micas, aumento vergonhoso de impostos e com gastos desnecess\u00e1rios para abrigar aliados pol\u00edticos. A sa\u00edda \u00e9 cortar despesas e criar incentivos para que a economia volte a crescer.<\/p>\n\n\n\n<p>A economia maranhense passa pelo pior momento em toda a sua hist\u00f3ria. E n\u00e3o \u00e9 por conta de fatores externos, como tenta fazer crer o governador e seus apoiadores. O governo comunista recebeu o Estado com uma d\u00edvida avaliada em cerca de R$ 3 bilh\u00f5es. Hoje, o Estado se aproxima dos R$ 5 bilh\u00f5es de d\u00edvida. Dino endividou o estado em cerca de R$ 2 bilh\u00f5es e sacou outro R$ 1 bilh\u00e3o do Fundo Estadual de Pens\u00e3o e Aposentadoria (Fepa). Tamb\u00e9m promoveu saques de centenas de milh\u00f5es de reais na Empresa Maranhense de Administra\u00e7\u00e3o Portu\u00e1ria (EMAP), incorrendo at\u00e9 mesmo no risco de perder a concess\u00e3o hist\u00f3rica do Porto do Itaqui.<\/p>\n\n\n\n<p>Durante o Carnaval 2019 a popula\u00e7\u00e3o maranhense foi alvo de mais um aumento de impostos promovido pelo governador Fl\u00e1vio Dino. O aumento de ICMS vai atingir diretamente a alimenta\u00e7\u00e3o, combust\u00edveis e energia el\u00e9trica. Indiretamente temos um efeito cascata que acarretar\u00e1 o aumento de pre\u00e7os em quase tudo no estado, que vai gerar um preju\u00edzo maior \u00e0 nossa j\u00e1 fragilizada economia.<\/p>\n\n\n\n<p>Vale lembrar que, segundo dados do Instituto Brasileiro de Geografia e Estat\u00edstica (IBGE\/2016), o Produto Interno Bruto (PIB) do Maranh\u00e3o recuou 5,6%, ou seja, caiu mais que a m\u00e9dia entre todos os estados e a pobreza aumentou consideravelmente, segundo a Pesquisa Nacional por Amostra de Domic\u00edlios (PNAD). Sem d\u00favida, trata-se de uma situa\u00e7\u00e3o que \u00e9 fruto da incompet\u00eancia da gest\u00e3o comunista.<\/p>\n\n\n\n<p>Em 2018 os maranhenses pagaram mais de R$ 6 bilh\u00f5es do famigerado Imposto sobre Circula\u00e7\u00e3o de Mercadorias e Servi\u00e7os, o ICMS. Para se ter uma ideia, o pre\u00e7o da gasolina aumentou em m\u00e9dia R$ 0,19 por litro. Com o novo aumento promovido pelo governo, ser\u00e3o centenas de milh\u00f5es de reais retirados do bolso do maranhense para alimentar uma m\u00e1quina p\u00fablica inchada de cargos para contemplar aliados pol\u00edticos.<\/p>\n\n\n\n<p>\u00c9 sabido que o governo Fl\u00e1vio Dino loteou suas secretarias para abrigar quem o apoiou nas elei\u00e7\u00f5es de 2018. N\u00e3o obstante, ele foi al\u00e9m e criou novas estruturas na administra\u00e7\u00e3o p\u00fablica estadual, desmembrou algumas secretarias existentes e at\u00e9 deu superpoderes \u00e0s secretarias estaduais de Programas Especiais e das Cidades para saciar interesses de aliados pol\u00edticos.<\/p>\n\n\n\n<p>Como se n\u00e3o bastasse, para bancar uma imagem positiva e em evid\u00eancia na m\u00eddia nacional, o governo esbanja R$ 7 milh\u00f5es de reais com publicidade fora do Estado, para citar um exemplo de gasto in\u00fatil. A gastan\u00e7a vai al\u00e9m, pois o or\u00e7amento geral para a \u00e1rea da comunica\u00e7\u00e3o do governo ultrapassa os R$ 50 milh\u00f5es anuais. Em resumo: o governo Dino se caracteriza por  muita propaganda e pouco investimento em a\u00e7\u00f5es estruturantes e de desenvolvimento.<\/p>\n\n\n\n<p>Precisamos de uma pol\u00edtica de crescimento eficiente, pautada na atra\u00e7\u00e3o de investimentos e cria\u00e7\u00e3o de emprego e renda, como ocorreu no passado recente, a exemplo da implanta\u00e7\u00e3o da Suzano Papel e Celulose, na Regi\u00e3o Tocantina, durante o governo Roseana, uma consequ\u00eancia do Pr\u00f3-Maranh\u00e3o, um programa que ampliou a fronteira econ\u00f4mica do Estado. Sou a favor de um projeto econ\u00f4mico que d\u00ea sustentabilidade \u00e0 iniciativa privada para gera\u00e7\u00e3o de emprego e renda e, consequentemente, menos dependente da m\u00e1quina p\u00fablica.<\/p>\n\n\n\n<p><strong>Adriano Sarney<\/strong><br> Deputado Estadual, Economista com p\u00f3s-gradua\u00e7\u00e3o pela Universit\u00e9 Paris (Sorbone, Fran\u00e7a) e em Gest\u00e3o pela Universidade Harvard.<br> Email: <a href=\"jadrianocs@post.harvard.edu\">jadrianocs@post.harvard.edu<\/a><br> Twitter: <a href=\"http:\/\/@AdrianoSarney\">@AdrianoSarney<\/a><br> Facebook: <a href=\"http:\/\/@adriano.sarney\">@adriano.sarney<\/a><br> Instagram: <a href=\"http:\/\/@adrianosarney\">@adrianosarney<\/a><\/p>\n","protected":false},"excerpt":{"rendered":"<p>Coluna do Adriano Enquanto o mundo todo passa por um momento de austeridade e responsabilidade econ\u00f4mica, o governo Fl\u00e1vio Dino [&hellip;]<\/p>\n","protected":false},"author":0,"featured_media":0,"comment_status":"open","ping_status":"open","sticky":false,"template":"","format":"standard","meta":{"site-sidebar-layout":"default","site-content-layout":"","ast-site-content-layout":"default","site-content-style":"default","site-sidebar-style":"default","ast-global-header-display":"","ast-banner-title-visibility":"","ast-main-header-display":"","ast-hfb-above-header-display":"","ast-hfb-below-header-display":"","ast-hfb-mobile-header-display":"","site-post-title":"","ast-breadcrumbs-content":"","ast-featured-img":"","footer-sml-layout":"","ast-disable-related-posts":"","theme-transparent-header-meta":"","adv-header-id-meta":"","stick-header-meta":"","header-above-stick-meta":"","header-main-stick-meta":"","header-below-stick-meta":"","astra-migrate-meta-layouts":"default","ast-page-background-enabled":"default","ast-page-background-meta":{"desktop":{"background-color":"var(--ast-global-color-5)","background-image":"","background-repeat":"repeat","background-position":"center center","background-size":"auto","background-attachment":"scroll","background-type":"","background-media":"","overlay-type":"","overlay-color":"","overlay-opacity":"","overlay-gradient":""},"tablet":{"background-color":"","background-image":"","background-repeat":"repeat","background-position":"center center","background-size":"auto","background-attachment":"scroll","background-type":"","background-media":"","overlay-type":"","overlay-color":"","overlay-opacity":"","overlay-gradient":""},"mobile":{"background-color":"","background-image":"","background-repeat":"repeat","background-position":"center center","background-size":"auto","background-attachment":"scroll","background-type":"","background-media":"","overlay-type":"","overlay-color":"","overlay-opacity":"","overlay-gradient":""}},"ast-content-background-meta":{"desktop":{"background-color":"var(--ast-global-color-4)","background-image":"","background-repeat":"repeat","background-position":"center center","background-size":"auto","background-attachment":"scroll","background-type":"","background-media":"","overlay-type":"","overlay-color":"","overlay-opacity":"","overlay-gradient":""},"tablet":{"background-color":"var(--ast-global-color-4)","background-image":"","background-repeat":"repeat","background-position":"center center","background-size":"auto","background-attachment":"scroll","background-type":"","background-media":"","overlay-type":"","overlay-color":"","overlay-opacity":"","overlay-gradient":""},"mobile":{"background-color":"var(--ast-global-color-4)","background-image":"","background-repeat":"repeat","background-position":"center center","background-size":"auto","background-attachment":"scroll","background-type":"","background-media":"","overlay-type":"","overlay-color":"","overlay-opacity":"","overlay-gradient":""}},"footnotes":""},"categories":[1],"tags":[],"class_list":["post-61177","post","type-post","status-publish","format-standard","hentry","category-sem-categoria"],"yoast_head":"<!-- This site is optimized with the Yoast SEO plugin v26.6 - https:\/\/yoast.com\/wordpress\/plugins\/seo\/ -->\n<title>Para sair do Vermelho - Daniel Matos<\/title>\n<meta name=\"robots\" content=\"index, follow, max-snippet:-1, max-image-preview:large, max-video-preview:-1\" \/>\n<link rel=\"canonical\" href=\"https:\/\/www.blogsoestado.com\/danielmatos\/para-sair-do-vermelho\/\" \/>\n<meta property=\"og:locale\" content=\"pt_BR\" \/>\n<meta property=\"og:type\" content=\"article\" \/>\n<meta property=\"og:title\" content=\"Para sair do Vermelho - Daniel Matos\" \/>\n<meta property=\"og:description\" content=\"Coluna do Adriano Enquanto o mundo todo passa por um momento de austeridade e responsabilidade econ\u00f4mica, o governo Fl\u00e1vio Dino [&hellip;]\" \/>\n<meta property=\"og:url\" content=\"https:\/\/www.blogsoestado.com\/danielmatos\/para-sair-do-vermelho\/\" \/>\n<meta property=\"og:site_name\" content=\"Daniel Matos\" \/>\n<meta property=\"article:published_time\" content=\"2019-03-17T12:45:31+00:00\" \/>\n<meta property=\"og:image\" content=\"https:\/\/www.blogsoestado.com\/danielmatos\/files\/2019\/03\/Adriano-no-plenario-27-02-2019-foto-Agencia-Assembleia-001-1024x683.jpg\" \/>\n<meta name=\"twitter:card\" content=\"summary_large_image\" \/>\n<meta name=\"twitter:label1\" content=\"Est. tempo de leitura\" \/>\n\t<meta name=\"twitter:data1\" content=\"3 minutos\" \/>\n<script type=\"application\/ld+json\" class=\"yoast-schema-graph\">{\"@context\":\"https:\/\/schema.org\",\"@graph\":[{\"@type\":\"WebPage\",\"@id\":\"https:\/\/www.blogsoestado.com\/danielmatos\/para-sair-do-vermelho\/\",\"url\":\"https:\/\/www.blogsoestado.com\/danielmatos\/para-sair-do-vermelho\/\",\"name\":\"Para sair do Vermelho - Daniel Matos\",\"isPartOf\":{\"@id\":\"https:\/\/www.blogsoestado.com\/danielmatos\/#website\"},\"primaryImageOfPage\":{\"@id\":\"https:\/\/www.blogsoestado.com\/danielmatos\/para-sair-do-vermelho\/#primaryimage\"},\"image\":{\"@id\":\"https:\/\/www.blogsoestado.com\/danielmatos\/para-sair-do-vermelho\/#primaryimage\"},\"thumbnailUrl\":\"https:\/\/www.blogsoestado.com\/danielmatos\/files\/2019\/03\/Adriano-no-plenario-27-02-2019-foto-Agencia-Assembleia-001-1024x683.jpg\",\"datePublished\":\"2019-03-17T12:45:31+00:00\",\"author\":{\"@id\":\"\"},\"breadcrumb\":{\"@id\":\"https:\/\/www.blogsoestado.com\/danielmatos\/para-sair-do-vermelho\/#breadcrumb\"},\"inLanguage\":\"pt-BR\",\"potentialAction\":[{\"@type\":\"ReadAction\",\"target\":[\"https:\/\/www.blogsoestado.com\/danielmatos\/para-sair-do-vermelho\/\"]}]},{\"@type\":\"ImageObject\",\"inLanguage\":\"pt-BR\",\"@id\":\"https:\/\/www.blogsoestado.com\/danielmatos\/para-sair-do-vermelho\/#primaryimage\",\"url\":\"https:\/\/www.blogsoestado.com\/danielmatos\/files\/2019\/03\/Adriano-no-plenario-27-02-2019-foto-Agencia-Assembleia-001-1024x683.jpg\",\"contentUrl\":\"https:\/\/www.blogsoestado.com\/danielmatos\/files\/2019\/03\/Adriano-no-plenario-27-02-2019-foto-Agencia-Assembleia-001-1024x683.jpg\"},{\"@type\":\"BreadcrumbList\",\"@id\":\"https:\/\/www.blogsoestado.com\/danielmatos\/para-sair-do-vermelho\/#breadcrumb\",\"itemListElement\":[{\"@type\":\"ListItem\",\"position\":1,\"name\":\"In\u00edcio\",\"item\":\"https:\/\/www.blogsoestado.com\/danielmatos\/\"},{\"@type\":\"ListItem\",\"position\":2,\"name\":\"Para sair do Vermelho\"}]},{\"@type\":\"WebSite\",\"@id\":\"https:\/\/www.blogsoestado.com\/danielmatos\/#website\",\"url\":\"https:\/\/www.blogsoestado.com\/danielmatos\/\",\"name\":\"Daniel Matos\",\"description\":\"\",\"potentialAction\":[{\"@type\":\"SearchAction\",\"target\":{\"@type\":\"EntryPoint\",\"urlTemplate\":\"https:\/\/www.blogsoestado.com\/danielmatos\/?s={search_term_string}\"},\"query-input\":{\"@type\":\"PropertyValueSpecification\",\"valueRequired\":true,\"valueName\":\"search_term_string\"}}],\"inLanguage\":\"pt-BR\"}]}<\/script>\n<!-- \/ Yoast SEO plugin. -->","yoast_head_json":{"title":"Para sair do Vermelho - Daniel Matos","robots":{"index":"index","follow":"follow","max-snippet":"max-snippet:-1","max-image-preview":"max-image-preview:large","max-video-preview":"max-video-preview:-1"},"canonical":"https:\/\/www.blogsoestado.com\/danielmatos\/para-sair-do-vermelho\/","og_locale":"pt_BR","og_type":"article","og_title":"Para sair do Vermelho - Daniel Matos","og_description":"Coluna do Adriano Enquanto o mundo todo passa por um momento de austeridade e responsabilidade econ\u00f4mica, o governo Fl\u00e1vio Dino [&hellip;]","og_url":"https:\/\/www.blogsoestado.com\/danielmatos\/para-sair-do-vermelho\/","og_site_name":"Daniel Matos","article_published_time":"2019-03-17T12:45:31+00:00","og_image":[{"url":"https:\/\/www.blogsoestado.com\/danielmatos\/files\/2019\/03\/Adriano-no-plenario-27-02-2019-foto-Agencia-Assembleia-001-1024x683.jpg","type":"","width":"","height":""}],"twitter_card":"summary_large_image","twitter_misc":{"Est. tempo de leitura":"3 minutos"},"schema":{"@context":"https:\/\/schema.org","@graph":[{"@type":"WebPage","@id":"https:\/\/www.blogsoestado.com\/danielmatos\/para-sair-do-vermelho\/","url":"https:\/\/www.blogsoestado.com\/danielmatos\/para-sair-do-vermelho\/","name":"Para sair do Vermelho - Daniel Matos","isPartOf":{"@id":"https:\/\/www.blogsoestado.com\/danielmatos\/#website"},"primaryImageOfPage":{"@id":"https:\/\/www.blogsoestado.com\/danielmatos\/para-sair-do-vermelho\/#primaryimage"},"image":{"@id":"https:\/\/www.blogsoestado.com\/danielmatos\/para-sair-do-vermelho\/#primaryimage"},"thumbnailUrl":"https:\/\/www.blogsoestado.com\/danielmatos\/files\/2019\/03\/Adriano-no-plenario-27-02-2019-foto-Agencia-Assembleia-001-1024x683.jpg","datePublished":"2019-03-17T12:45:31+00:00","author":{"@id":""},"breadcrumb":{"@id":"https:\/\/www.blogsoestado.com\/danielmatos\/para-sair-do-vermelho\/#breadcrumb"},"inLanguage":"pt-BR","potentialAction":[{"@type":"ReadAction","target":["https:\/\/www.blogsoestado.com\/danielmatos\/para-sair-do-vermelho\/"]}]},{"@type":"ImageObject","inLanguage":"pt-BR","@id":"https:\/\/www.blogsoestado.com\/danielmatos\/para-sair-do-vermelho\/#primaryimage","url":"https:\/\/www.blogsoestado.com\/danielmatos\/files\/2019\/03\/Adriano-no-plenario-27-02-2019-foto-Agencia-Assembleia-001-1024x683.jpg","contentUrl":"https:\/\/www.blogsoestado.com\/danielmatos\/files\/2019\/03\/Adriano-no-plenario-27-02-2019-foto-Agencia-Assembleia-001-1024x683.jpg"},{"@type":"BreadcrumbList","@id":"https:\/\/www.blogsoestado.com\/danielmatos\/para-sair-do-vermelho\/#breadcrumb","itemListElement":[{"@type":"ListItem","position":1,"name":"In\u00edcio","item":"https:\/\/www.blogsoestado.com\/danielmatos\/"},{"@type":"ListItem","position":2,"name":"Para sair do Vermelho"}]},{"@type":"WebSite","@id":"https:\/\/www.blogsoestado.com\/danielmatos\/#website","url":"https:\/\/www.blogsoestado.com\/danielmatos\/","name":"Daniel Matos","description":"","potentialAction":[{"@type":"SearchAction","target":{"@type":"EntryPoint","urlTemplate":"https:\/\/www.blogsoestado.com\/danielmatos\/?s={search_term_string}"},"query-input":{"@type":"PropertyValueSpecification","valueRequired":true,"valueName":"search_term_string"}}],"inLanguage":"pt-BR"}]}},"jetpack_featured_media_url":"","_links":{"self":[{"href":"https:\/\/www.blogsoestado.com\/danielmatos\/wp-json\/wp\/v2\/posts\/61177","targetHints":{"allow":["GET"]}}],"collection":[{"href":"https:\/\/www.blogsoestado.com\/danielmatos\/wp-json\/wp\/v2\/posts"}],"about":[{"href":"https:\/\/www.blogsoestado.com\/danielmatos\/wp-json\/wp\/v2\/types\/post"}],"replies":[{"embeddable":true,"href":"https:\/\/www.blogsoestado.com\/danielmatos\/wp-json\/wp\/v2\/comments?post=61177"}],"version-history":[{"count":0,"href":"https:\/\/www.blogsoestado.com\/danielmatos\/wp-json\/wp\/v2\/posts\/61177\/revisions"}],"wp:attachment":[{"href":"https:\/\/www.blogsoestado.com\/danielmatos\/wp-json\/wp\/v2\/media?parent=61177"}],"wp:term":[{"taxonomy":"category","embeddable":true,"href":"https:\/\/www.blogsoestado.com\/danielmatos\/wp-json\/wp\/v2\/categories?post=61177"},{"taxonomy":"post_tag","embeddable":true,"href":"https:\/\/www.blogsoestado.com\/danielmatos\/wp-json\/wp\/v2\/tags?post=61177"}],"curies":[{"name":"wp","href":"https:\/\/api.w.org\/{rel}","templated":true}]}}