{"id":61186,"date":"2019-03-18T11:01:47","date_gmt":"2019-03-18T14:01:47","guid":{"rendered":"https:\/\/www.blogsoestado.com\/danielmatos\/?p=61186"},"modified":"2019-03-18T11:01:47","modified_gmt":"2019-03-18T14:01:47","slug":"legiao-urbana-volta-a-sao-luis-para-mais-um-show-memoravel","status":"publish","type":"post","link":"https:\/\/www.blogsoestado.com\/danielmatos\/legiao-urbana-volta-a-sao-luis-para-mais-um-show-memoravel\/","title":{"rendered":"Legi\u00e3o Urbana volta a S\u00e3o Lu\u00eds para mais um show memor\u00e1vel"},"content":{"rendered":"\n<div class=\"wp-block-image\"><figure class=\"aligncenter\"><img decoding=\"async\" src=\"https:\/\/www.blogsoestado.com\/danielmatos\/files\/2019\/03\/legiao-dunas-576x1024.jpg\" alt=\"\" class=\"wp-image-61187\"\/><\/figure><\/div>\n\n\n\n<p>Quem me dera ao menos, MAIS UMA VEZ\u2026 Se permita ter uma Super noite nos anos 80 e 90 &#x270c;<br>\n.<\/p>\n\n\n\n<p>LEGI\u00c3O URBANA XXX &#8211; O \u00faltimo show da turn\u00ea em S\u00e3o Lu\u00eds<br> . <br>O maior show de todos os tempos do projeto GERA\u00c7\u00c3O BRAZUCA &#8211; LEGI\u00c3O URBANA XXX ANOS AO VIVO.<br> .<\/p>\n\n\n\n<p>Ser\u00e3o 02 ambientes e. acreditem, para os que toparem e aguentarem a festa vai at\u00e9 o AMANHECER, isso mesmo at\u00e9 o AMANHECER.<br> .<\/p>\n\n\n\n<p>O local escolhido foi o HOTEL BLUE TREE TOWERS, localizado na Avenida Litor\u00e2nea. Com uma vista magnifica, o lugar perfeito para levar sua fam\u00edlia, seu amor, seus amigos e tudo com todo conforto, seguran\u00e7a e comodidade.<br> .<\/p>\n\n\n\n<p><strong>VENDAS INICIADAS (Lote Promocional)<br><\/strong> . <\/p>\n\n\n\n<ul class=\"wp-block-list\"><li>ARENA LEGI\u00c3O &#8211; R$ 60,00<\/li><li>FRONT BLUE TREE &#8211; 90,00<\/li><li>APTMS BLUE TREE &#8211; (Somente para 02 pessoas, com direito a Caf\u00e9 da manh\u00e3, o After (02 Ambiente) e OPCIONAL FEIJOADA Blue Tree, sendo todos os apartamentos com ACESSO EXCLUSIVO ao show. Valor: somente no hotel <br> .<\/li><\/ul>\n\n\n\n<p>COMPRE SEU INGRESSO NO LOTE PROMOCIONAL e tenha o prazer de ver a lend\u00e1ria LEGI\u00c3O URBANA de um jeito que voc\u00ea nunca viu.<\/p>\n\n\n\n<p><strong>&#x1f39f; Pontos de venda:<\/strong><\/p>\n\n\n\n<p>Bilheteria digital (com taxa de servi\u00e7o)<\/p>\n\n\n\n<p>Casa das Dunas (sem taxa de servi\u00e7o)<\/p>\n\n\n\n<p>Pororoca Produ\u00e7\u00f5es e Dmais Music<br><\/p>\n\n\n\n<p>&#x1f4f2; (98)98101 3210<\/p>\n\n\n\n<p>Assista a um trecho da m\u00fasica \u00cdndios, interpretada pelo inesquec\u00edvel Renato Russo:<\/p>\n\n\n\n<figure class=\"wp-block-embed-youtube wp-block-embed is-type-video is-provider-youtube wp-embed-aspect-4-3 wp-has-aspect-ratio\"><div class=\"wp-block-embed__wrapper\">\n<iframe title=\"Legi\u00e3o Urbana Ac\u00fastico\" width=\"500\" height=\"375\" src=\"https:\/\/www.youtube.com\/embed\/mF1jDJsJER4?feature=oembed\" frameborder=\"0\" allow=\"accelerometer; autoplay; clipboard-write; encrypted-media; gyroscope; picture-in-picture; web-share\" referrerpolicy=\"strict-origin-when-cross-origin\" allowfullscreen><\/iframe>\n<\/div><\/figure>\n","protected":false},"excerpt":{"rendered":"<p>Quem me dera ao menos, MAIS UMA VEZ\u2026 Se permita ter uma Super noite nos anos 80 e 90 &#x270c; [&hellip;]<\/p>\n","protected":false},"author":0,"featured_media":0,"comment_status":"open","ping_status":"open","sticky":false,"template":"","format":"standard","meta":{"site-sidebar-layout":"default","site-content-layout":"","ast-site-content-layout":"default","site-content-style":"default","site-sidebar-style":"default","ast-global-header-display":"","ast-banner-title-visibility":"","ast-main-header-display":"","ast-hfb-above-header-display":"","ast-hfb-below-header-display":"","ast-hfb-mobile-header-display":"","site-post-title":"","ast-breadcrumbs-content":"","ast-featured-img":"","footer-sml-layout":"","ast-disable-related-posts":"","theme-transparent-header-meta":"","adv-header-id-meta":"","stick-header-meta":"","header-above-stick-meta":"","header-main-stick-meta":"","header-below-stick-meta":"","astra-migrate-meta-layouts":"default","ast-page-background-enabled":"default","ast-page-background-meta":{"desktop":{"background-color":"var(--ast-global-color-5)","background-image":"","background-repeat":"repeat","background-position":"center center","background-size":"auto","background-attachment":"scroll","background-type":"","background-media":"","overlay-type":"","overlay-color":"","overlay-opacity":"","overlay-gradient":""},"tablet":{"background-color":"","background-image":"","background-repeat":"repeat","background-position":"center center","background-size":"auto","background-attachment":"scroll","background-type":"","background-media":"","overlay-type":"","overlay-color":"","overlay-opacity":"","overlay-gradient":""},"mobile":{"background-color":"","background-image":"","background-repeat":"repeat","background-position":"center center","background-size":"auto","background-attachment":"scroll","background-type":"","background-media":"","overlay-type":"","overlay-color":"","overlay-opacity":"","overlay-gradient":""}},"ast-content-background-meta":{"desktop":{"background-color":"var(--ast-global-color-4)","background-image":"","background-repeat":"repeat","background-position":"center center","background-size":"auto","background-attachment":"scroll","background-type":"","background-media":"","overlay-type":"","overlay-color":"","overlay-opacity":"","overlay-gradient":""},"tablet":{"background-color":"var(--ast-global-color-4)","background-image":"","background-repeat":"repeat","background-position":"center center","background-size":"auto","background-attachment":"scroll","background-type":"","background-media":"","overlay-type":"","overlay-color":"","overlay-opacity":"","overlay-gradient":""},"mobile":{"background-color":"var(--ast-global-color-4)","background-image":"","background-repeat":"repeat","background-position":"center center","background-size":"auto","background-attachment":"scroll","background-type":"","background-media":"","overlay-type":"","overlay-color":"","overlay-opacity":"","overlay-gradient":""}},"footnotes":""},"categories":[1],"tags":[],"class_list":["post-61186","post","type-post","status-publish","format-standard","hentry","category-sem-categoria"],"yoast_head":"<!-- This site is optimized with the Yoast SEO plugin v26.6 - https:\/\/yoast.com\/wordpress\/plugins\/seo\/ -->\n<title>Legi\u00e3o Urbana volta a S\u00e3o Lu\u00eds para mais um show memor\u00e1vel - Daniel Matos<\/title>\n<meta name=\"robots\" content=\"index, follow, max-snippet:-1, max-image-preview:large, max-video-preview:-1\" \/>\n<link rel=\"canonical\" href=\"https:\/\/www.blogsoestado.com\/danielmatos\/legiao-urbana-volta-a-sao-luis-para-mais-um-show-memoravel\/\" \/>\n<meta property=\"og:locale\" content=\"pt_BR\" \/>\n<meta property=\"og:type\" content=\"article\" \/>\n<meta property=\"og:title\" content=\"Legi\u00e3o Urbana volta a S\u00e3o Lu\u00eds para mais um show memor\u00e1vel - Daniel Matos\" \/>\n<meta property=\"og:description\" content=\"Quem me dera ao menos, MAIS UMA VEZ\u2026 Se permita ter uma Super noite nos anos 80 e 90 &#x270c; [&hellip;]\" \/>\n<meta property=\"og:url\" content=\"https:\/\/www.blogsoestado.com\/danielmatos\/legiao-urbana-volta-a-sao-luis-para-mais-um-show-memoravel\/\" \/>\n<meta property=\"og:site_name\" content=\"Daniel Matos\" \/>\n<meta property=\"article:published_time\" content=\"2019-03-18T14:01:47+00:00\" \/>\n<meta property=\"og:image\" content=\"https:\/\/www.blogsoestado.com\/danielmatos\/files\/2019\/03\/legiao-dunas-576x1024.jpg\" \/>\n<meta name=\"twitter:card\" content=\"summary_large_image\" \/>\n<meta name=\"twitter:label1\" content=\"Est. tempo de leitura\" \/>\n\t<meta name=\"twitter:data1\" content=\"1 minuto\" \/>\n<script type=\"application\/ld+json\" class=\"yoast-schema-graph\">{\"@context\":\"https:\/\/schema.org\",\"@graph\":[{\"@type\":\"WebPage\",\"@id\":\"https:\/\/www.blogsoestado.com\/danielmatos\/legiao-urbana-volta-a-sao-luis-para-mais-um-show-memoravel\/\",\"url\":\"https:\/\/www.blogsoestado.com\/danielmatos\/legiao-urbana-volta-a-sao-luis-para-mais-um-show-memoravel\/\",\"name\":\"Legi\u00e3o Urbana volta a S\u00e3o Lu\u00eds para mais um show memor\u00e1vel - Daniel Matos\",\"isPartOf\":{\"@id\":\"https:\/\/www.blogsoestado.com\/danielmatos\/#website\"},\"primaryImageOfPage\":{\"@id\":\"https:\/\/www.blogsoestado.com\/danielmatos\/legiao-urbana-volta-a-sao-luis-para-mais-um-show-memoravel\/#primaryimage\"},\"image\":{\"@id\":\"https:\/\/www.blogsoestado.com\/danielmatos\/legiao-urbana-volta-a-sao-luis-para-mais-um-show-memoravel\/#primaryimage\"},\"thumbnailUrl\":\"https:\/\/www.blogsoestado.com\/danielmatos\/files\/2019\/03\/legiao-dunas-576x1024.jpg\",\"datePublished\":\"2019-03-18T14:01:47+00:00\",\"author\":{\"@id\":\"\"},\"breadcrumb\":{\"@id\":\"https:\/\/www.blogsoestado.com\/danielmatos\/legiao-urbana-volta-a-sao-luis-para-mais-um-show-memoravel\/#breadcrumb\"},\"inLanguage\":\"pt-BR\",\"potentialAction\":[{\"@type\":\"ReadAction\",\"target\":[\"https:\/\/www.blogsoestado.com\/danielmatos\/legiao-urbana-volta-a-sao-luis-para-mais-um-show-memoravel\/\"]}]},{\"@type\":\"ImageObject\",\"inLanguage\":\"pt-BR\",\"@id\":\"https:\/\/www.blogsoestado.com\/danielmatos\/legiao-urbana-volta-a-sao-luis-para-mais-um-show-memoravel\/#primaryimage\",\"url\":\"https:\/\/www.blogsoestado.com\/danielmatos\/files\/2019\/03\/legiao-dunas-576x1024.jpg\",\"contentUrl\":\"https:\/\/www.blogsoestado.com\/danielmatos\/files\/2019\/03\/legiao-dunas-576x1024.jpg\"},{\"@type\":\"BreadcrumbList\",\"@id\":\"https:\/\/www.blogsoestado.com\/danielmatos\/legiao-urbana-volta-a-sao-luis-para-mais-um-show-memoravel\/#breadcrumb\",\"itemListElement\":[{\"@type\":\"ListItem\",\"position\":1,\"name\":\"In\u00edcio\",\"item\":\"https:\/\/www.blogsoestado.com\/danielmatos\/\"},{\"@type\":\"ListItem\",\"position\":2,\"name\":\"Legi\u00e3o Urbana volta a S\u00e3o Lu\u00eds para mais um show memor\u00e1vel\"}]},{\"@type\":\"WebSite\",\"@id\":\"https:\/\/www.blogsoestado.com\/danielmatos\/#website\",\"url\":\"https:\/\/www.blogsoestado.com\/danielmatos\/\",\"name\":\"Daniel Matos\",\"description\":\"\",\"potentialAction\":[{\"@type\":\"SearchAction\",\"target\":{\"@type\":\"EntryPoint\",\"urlTemplate\":\"https:\/\/www.blogsoestado.com\/danielmatos\/?s={search_term_string}\"},\"query-input\":{\"@type\":\"PropertyValueSpecification\",\"valueRequired\":true,\"valueName\":\"search_term_string\"}}],\"inLanguage\":\"pt-BR\"}]}<\/script>\n<!-- \/ Yoast SEO plugin. -->","yoast_head_json":{"title":"Legi\u00e3o Urbana volta a S\u00e3o Lu\u00eds para mais um show memor\u00e1vel - Daniel Matos","robots":{"index":"index","follow":"follow","max-snippet":"max-snippet:-1","max-image-preview":"max-image-preview:large","max-video-preview":"max-video-preview:-1"},"canonical":"https:\/\/www.blogsoestado.com\/danielmatos\/legiao-urbana-volta-a-sao-luis-para-mais-um-show-memoravel\/","og_locale":"pt_BR","og_type":"article","og_title":"Legi\u00e3o Urbana volta a S\u00e3o Lu\u00eds para mais um show memor\u00e1vel - Daniel Matos","og_description":"Quem me dera ao menos, MAIS UMA VEZ\u2026 Se permita ter uma Super noite nos anos 80 e 90 &#x270c; [&hellip;]","og_url":"https:\/\/www.blogsoestado.com\/danielmatos\/legiao-urbana-volta-a-sao-luis-para-mais-um-show-memoravel\/","og_site_name":"Daniel Matos","article_published_time":"2019-03-18T14:01:47+00:00","og_image":[{"url":"https:\/\/www.blogsoestado.com\/danielmatos\/files\/2019\/03\/legiao-dunas-576x1024.jpg","type":"","width":"","height":""}],"twitter_card":"summary_large_image","twitter_misc":{"Est. tempo de leitura":"1 minuto"},"schema":{"@context":"https:\/\/schema.org","@graph":[{"@type":"WebPage","@id":"https:\/\/www.blogsoestado.com\/danielmatos\/legiao-urbana-volta-a-sao-luis-para-mais-um-show-memoravel\/","url":"https:\/\/www.blogsoestado.com\/danielmatos\/legiao-urbana-volta-a-sao-luis-para-mais-um-show-memoravel\/","name":"Legi\u00e3o Urbana volta a S\u00e3o Lu\u00eds para mais um show memor\u00e1vel - Daniel Matos","isPartOf":{"@id":"https:\/\/www.blogsoestado.com\/danielmatos\/#website"},"primaryImageOfPage":{"@id":"https:\/\/www.blogsoestado.com\/danielmatos\/legiao-urbana-volta-a-sao-luis-para-mais-um-show-memoravel\/#primaryimage"},"image":{"@id":"https:\/\/www.blogsoestado.com\/danielmatos\/legiao-urbana-volta-a-sao-luis-para-mais-um-show-memoravel\/#primaryimage"},"thumbnailUrl":"https:\/\/www.blogsoestado.com\/danielmatos\/files\/2019\/03\/legiao-dunas-576x1024.jpg","datePublished":"2019-03-18T14:01:47+00:00","author":{"@id":""},"breadcrumb":{"@id":"https:\/\/www.blogsoestado.com\/danielmatos\/legiao-urbana-volta-a-sao-luis-para-mais-um-show-memoravel\/#breadcrumb"},"inLanguage":"pt-BR","potentialAction":[{"@type":"ReadAction","target":["https:\/\/www.blogsoestado.com\/danielmatos\/legiao-urbana-volta-a-sao-luis-para-mais-um-show-memoravel\/"]}]},{"@type":"ImageObject","inLanguage":"pt-BR","@id":"https:\/\/www.blogsoestado.com\/danielmatos\/legiao-urbana-volta-a-sao-luis-para-mais-um-show-memoravel\/#primaryimage","url":"https:\/\/www.blogsoestado.com\/danielmatos\/files\/2019\/03\/legiao-dunas-576x1024.jpg","contentUrl":"https:\/\/www.blogsoestado.com\/danielmatos\/files\/2019\/03\/legiao-dunas-576x1024.jpg"},{"@type":"BreadcrumbList","@id":"https:\/\/www.blogsoestado.com\/danielmatos\/legiao-urbana-volta-a-sao-luis-para-mais-um-show-memoravel\/#breadcrumb","itemListElement":[{"@type":"ListItem","position":1,"name":"In\u00edcio","item":"https:\/\/www.blogsoestado.com\/danielmatos\/"},{"@type":"ListItem","position":2,"name":"Legi\u00e3o Urbana volta a S\u00e3o Lu\u00eds para mais um show memor\u00e1vel"}]},{"@type":"WebSite","@id":"https:\/\/www.blogsoestado.com\/danielmatos\/#website","url":"https:\/\/www.blogsoestado.com\/danielmatos\/","name":"Daniel Matos","description":"","potentialAction":[{"@type":"SearchAction","target":{"@type":"EntryPoint","urlTemplate":"https:\/\/www.blogsoestado.com\/danielmatos\/?s={search_term_string}"},"query-input":{"@type":"PropertyValueSpecification","valueRequired":true,"valueName":"search_term_string"}}],"inLanguage":"pt-BR"}]}},"jetpack_featured_media_url":"","_links":{"self":[{"href":"https:\/\/www.blogsoestado.com\/danielmatos\/wp-json\/wp\/v2\/posts\/61186","targetHints":{"allow":["GET"]}}],"collection":[{"href":"https:\/\/www.blogsoestado.com\/danielmatos\/wp-json\/wp\/v2\/posts"}],"about":[{"href":"https:\/\/www.blogsoestado.com\/danielmatos\/wp-json\/wp\/v2\/types\/post"}],"replies":[{"embeddable":true,"href":"https:\/\/www.blogsoestado.com\/danielmatos\/wp-json\/wp\/v2\/comments?post=61186"}],"version-history":[{"count":0,"href":"https:\/\/www.blogsoestado.com\/danielmatos\/wp-json\/wp\/v2\/posts\/61186\/revisions"}],"wp:attachment":[{"href":"https:\/\/www.blogsoestado.com\/danielmatos\/wp-json\/wp\/v2\/media?parent=61186"}],"wp:term":[{"taxonomy":"category","embeddable":true,"href":"https:\/\/www.blogsoestado.com\/danielmatos\/wp-json\/wp\/v2\/categories?post=61186"},{"taxonomy":"post_tag","embeddable":true,"href":"https:\/\/www.blogsoestado.com\/danielmatos\/wp-json\/wp\/v2\/tags?post=61186"}],"curies":[{"name":"wp","href":"https:\/\/api.w.org\/{rel}","templated":true}]}}