{"id":61193,"date":"2019-03-18T16:21:14","date_gmt":"2019-03-18T19:21:14","guid":{"rendered":"https:\/\/www.blogsoestado.com\/danielmatos\/?p=61193"},"modified":"2019-03-18T16:21:14","modified_gmt":"2019-03-18T19:21:14","slug":"atraso-de-salarios-de-servidores-e-o-primeiro-feito-de-rubens-jr-na-secid","status":"publish","type":"post","link":"https:\/\/www.blogsoestado.com\/danielmatos\/atraso-de-salarios-de-servidores-e-o-primeiro-feito-de-rubens-jr-na-secid\/","title":{"rendered":"Atraso de sal\u00e1rios de servidores \u00e9 o primeiro feito de Rubens Jr. na Secid"},"content":{"rendered":"\n<div class=\"wp-block-image\"><figure class=\"aligncenter\"><img decoding=\"async\" src=\"https:\/\/www.blogsoestado.com\/danielmatos\/files\/2019\/03\/secid-posse.jpg\" alt=\"\" class=\"wp-image-61199\"\/><figcaption>Rubens J\u00fanior com o governador Fl\u00e1vio Dino na solenidade de posse <\/figcaption><\/figure><\/div>\n\n\n\n<p>Servidores terceirizados da Secretaria de Estado de Cidades e Desenvolvimento Urbano (Secid) denunciam o atraso dos seus sal\u00e1rios, que deveria ter sido pago at\u00e9 o quinto dia \u00faltimo deste m\u00eas. Os trabalhadores relatam que a situa\u00e7\u00e3o no \u00f3rg\u00e3o, que j\u00e1 era ruim sob a gest\u00e3o da antiga secret\u00e1ria, Fl\u00e1via Alexandrina, piorou ainda mais t\u00e3o logo o deputado federal Rubens Jr. (PCdoB) assumiu a chefia da pasta, em 25 de fevereiro.<\/p>\n\n\n\n<p>Cerca de 100 servidores terceirizados da Secid est\u00e3o com os sal\u00e1rios atrasados. Eles s\u00e3o respons\u00e1vel pelo cadastro das fam\u00edlias para que estas obtenham o t\u00edtulo de propriedade dos im\u00f3veis que habitam. O trabalho \u00e9 feito de casa em casa, a p\u00e9, em bairros como Cidade Ol\u00edmpica e Cidade Oper\u00e1ria, e, al\u00e9m de desgaste f\u00edsico, envolve risco \u00e0 vida de quem o realiza.<\/p>\n\n\n\n<p>Vinculados \u00e0 Funda\u00e7\u00e3o Josu\u00e9 Montello, os servidores dizem que ainda n\u00e3o h\u00e1 qualquer previs\u00e3o sobre quando receber\u00e3o seus vencimentos. &#8220;Jamais imaginamos que as coisas ficaria ainda piores com a mudan\u00e7a de se secret\u00e1rio&#8221;, declarou uma fonte ao blog.<\/p>\n\n\n\n<p><strong>Resposta<\/strong><\/p>\n\n\n\n<p>Em resposta ao questionamento do blog sobre o atraso dos sal\u00e1rios dos servidores da Secid, a Funda\u00e7\u00e3o Josu\u00e9 Montello fez o seguinte esclarecimento:<\/p>\n\n\n\n<p>&#8220;Informamos que a abertura recente do or\u00e7amento do exerc\u00edcio 2019 e a mudan\u00e7a no sistema de pagamentos do Governo do Estado resultou na altera\u00e7\u00e3o do cronograma de repasse dos recursos oriundos do projeto da SECID apoiado por esta funda\u00e7\u00e3o, resultando no atraso no pagamento referente ao m\u00eas de fevereiro. Os tr\u00e2mites para normaliza\u00e7\u00e3o do pagamento j\u00e1 est\u00e3o sendo finalizados pelas institui\u00e7\u00f5es&#8221;.<\/p>\n\n\n\n<p><\/p>\n\n\n\n<p> <\/p>\n\n\n\n<p>  <\/p>\n","protected":false},"excerpt":{"rendered":"<p>Servidores terceirizados da Secretaria de Estado de Cidades e Desenvolvimento Urbano (Secid) denunciam o atraso dos seus sal\u00e1rios, que deveria [&hellip;]<\/p>\n","protected":false},"author":0,"featured_media":0,"comment_status":"open","ping_status":"open","sticky":false,"template":"","format":"standard","meta":{"site-sidebar-layout":"default","site-content-layout":"","ast-site-content-layout":"default","site-content-style":"default","site-sidebar-style":"default","ast-global-header-display":"","ast-banner-title-visibility":"","ast-main-header-display":"","ast-hfb-above-header-display":"","ast-hfb-below-header-display":"","ast-hfb-mobile-header-display":"","site-post-title":"","ast-breadcrumbs-content":"","ast-featured-img":"","footer-sml-layout":"","ast-disable-related-posts":"","theme-transparent-header-meta":"","adv-header-id-meta":"","stick-header-meta":"","header-above-stick-meta":"","header-main-stick-meta":"","header-below-stick-meta":"","astra-migrate-meta-layouts":"default","ast-page-background-enabled":"default","ast-page-background-meta":{"desktop":{"background-color":"var(--ast-global-color-5)","background-image":"","background-repeat":"repeat","background-position":"center center","background-size":"auto","background-attachment":"scroll","background-type":"","background-media":"","overlay-type":"","overlay-color":"","overlay-opacity":"","overlay-gradient":""},"tablet":{"background-color":"","background-image":"","background-repeat":"repeat","background-position":"center center","background-size":"auto","background-attachment":"scroll","background-type":"","background-media":"","overlay-type":"","overlay-color":"","overlay-opacity":"","overlay-gradient":""},"mobile":{"background-color":"","background-image":"","background-repeat":"repeat","background-position":"center center","background-size":"auto","background-attachment":"scroll","background-type":"","background-media":"","overlay-type":"","overlay-color":"","overlay-opacity":"","overlay-gradient":""}},"ast-content-background-meta":{"desktop":{"background-color":"var(--ast-global-color-4)","background-image":"","background-repeat":"repeat","background-position":"center center","background-size":"auto","background-attachment":"scroll","background-type":"","background-media":"","overlay-type":"","overlay-color":"","overlay-opacity":"","overlay-gradient":""},"tablet":{"background-color":"var(--ast-global-color-4)","background-image":"","background-repeat":"repeat","background-position":"center center","background-size":"auto","background-attachment":"scroll","background-type":"","background-media":"","overlay-type":"","overlay-color":"","overlay-opacity":"","overlay-gradient":""},"mobile":{"background-color":"var(--ast-global-color-4)","background-image":"","background-repeat":"repeat","background-position":"center center","background-size":"auto","background-attachment":"scroll","background-type":"","background-media":"","overlay-type":"","overlay-color":"","overlay-opacity":"","overlay-gradient":""}},"footnotes":""},"categories":[1],"tags":[],"class_list":["post-61193","post","type-post","status-publish","format-standard","hentry","category-sem-categoria"],"yoast_head":"<!-- This site is optimized with the Yoast SEO plugin v26.6 - https:\/\/yoast.com\/wordpress\/plugins\/seo\/ -->\n<title>Atraso de sal\u00e1rios de servidores \u00e9 o primeiro feito de Rubens Jr. na Secid - Daniel Matos<\/title>\n<meta name=\"robots\" content=\"index, follow, max-snippet:-1, max-image-preview:large, max-video-preview:-1\" \/>\n<link rel=\"canonical\" href=\"https:\/\/www.blogsoestado.com\/danielmatos\/atraso-de-salarios-de-servidores-e-o-primeiro-feito-de-rubens-jr-na-secid\/\" \/>\n<meta property=\"og:locale\" content=\"pt_BR\" \/>\n<meta property=\"og:type\" content=\"article\" \/>\n<meta property=\"og:title\" content=\"Atraso de sal\u00e1rios de servidores \u00e9 o primeiro feito de Rubens Jr. na Secid - Daniel Matos\" \/>\n<meta property=\"og:description\" content=\"Servidores terceirizados da Secretaria de Estado de Cidades e Desenvolvimento Urbano (Secid) denunciam o atraso dos seus sal\u00e1rios, que deveria [&hellip;]\" \/>\n<meta property=\"og:url\" content=\"https:\/\/www.blogsoestado.com\/danielmatos\/atraso-de-salarios-de-servidores-e-o-primeiro-feito-de-rubens-jr-na-secid\/\" \/>\n<meta property=\"og:site_name\" content=\"Daniel Matos\" \/>\n<meta property=\"article:published_time\" content=\"2019-03-18T19:21:14+00:00\" \/>\n<meta property=\"og:image\" content=\"https:\/\/www.blogsoestado.com\/danielmatos\/files\/2019\/03\/secid-posse.jpg\" \/>\n<meta name=\"twitter:card\" content=\"summary_large_image\" \/>\n<meta name=\"twitter:label1\" content=\"Est. tempo de leitura\" \/>\n\t<meta name=\"twitter:data1\" content=\"1 minuto\" \/>\n<script type=\"application\/ld+json\" class=\"yoast-schema-graph\">{\"@context\":\"https:\/\/schema.org\",\"@graph\":[{\"@type\":\"WebPage\",\"@id\":\"https:\/\/www.blogsoestado.com\/danielmatos\/atraso-de-salarios-de-servidores-e-o-primeiro-feito-de-rubens-jr-na-secid\/\",\"url\":\"https:\/\/www.blogsoestado.com\/danielmatos\/atraso-de-salarios-de-servidores-e-o-primeiro-feito-de-rubens-jr-na-secid\/\",\"name\":\"Atraso de sal\u00e1rios de servidores \u00e9 o primeiro feito de Rubens Jr. na Secid - Daniel Matos\",\"isPartOf\":{\"@id\":\"https:\/\/www.blogsoestado.com\/danielmatos\/#website\"},\"primaryImageOfPage\":{\"@id\":\"https:\/\/www.blogsoestado.com\/danielmatos\/atraso-de-salarios-de-servidores-e-o-primeiro-feito-de-rubens-jr-na-secid\/#primaryimage\"},\"image\":{\"@id\":\"https:\/\/www.blogsoestado.com\/danielmatos\/atraso-de-salarios-de-servidores-e-o-primeiro-feito-de-rubens-jr-na-secid\/#primaryimage\"},\"thumbnailUrl\":\"https:\/\/www.blogsoestado.com\/danielmatos\/files\/2019\/03\/secid-posse.jpg\",\"datePublished\":\"2019-03-18T19:21:14+00:00\",\"author\":{\"@id\":\"\"},\"breadcrumb\":{\"@id\":\"https:\/\/www.blogsoestado.com\/danielmatos\/atraso-de-salarios-de-servidores-e-o-primeiro-feito-de-rubens-jr-na-secid\/#breadcrumb\"},\"inLanguage\":\"pt-BR\",\"potentialAction\":[{\"@type\":\"ReadAction\",\"target\":[\"https:\/\/www.blogsoestado.com\/danielmatos\/atraso-de-salarios-de-servidores-e-o-primeiro-feito-de-rubens-jr-na-secid\/\"]}]},{\"@type\":\"ImageObject\",\"inLanguage\":\"pt-BR\",\"@id\":\"https:\/\/www.blogsoestado.com\/danielmatos\/atraso-de-salarios-de-servidores-e-o-primeiro-feito-de-rubens-jr-na-secid\/#primaryimage\",\"url\":\"https:\/\/www.blogsoestado.com\/danielmatos\/files\/2019\/03\/secid-posse.jpg\",\"contentUrl\":\"https:\/\/www.blogsoestado.com\/danielmatos\/files\/2019\/03\/secid-posse.jpg\"},{\"@type\":\"BreadcrumbList\",\"@id\":\"https:\/\/www.blogsoestado.com\/danielmatos\/atraso-de-salarios-de-servidores-e-o-primeiro-feito-de-rubens-jr-na-secid\/#breadcrumb\",\"itemListElement\":[{\"@type\":\"ListItem\",\"position\":1,\"name\":\"In\u00edcio\",\"item\":\"https:\/\/www.blogsoestado.com\/danielmatos\/\"},{\"@type\":\"ListItem\",\"position\":2,\"name\":\"Atraso de sal\u00e1rios de servidores \u00e9 o primeiro feito de Rubens Jr. na Secid\"}]},{\"@type\":\"WebSite\",\"@id\":\"https:\/\/www.blogsoestado.com\/danielmatos\/#website\",\"url\":\"https:\/\/www.blogsoestado.com\/danielmatos\/\",\"name\":\"Daniel Matos\",\"description\":\"\",\"potentialAction\":[{\"@type\":\"SearchAction\",\"target\":{\"@type\":\"EntryPoint\",\"urlTemplate\":\"https:\/\/www.blogsoestado.com\/danielmatos\/?s={search_term_string}\"},\"query-input\":{\"@type\":\"PropertyValueSpecification\",\"valueRequired\":true,\"valueName\":\"search_term_string\"}}],\"inLanguage\":\"pt-BR\"}]}<\/script>\n<!-- \/ Yoast SEO plugin. -->","yoast_head_json":{"title":"Atraso de sal\u00e1rios de servidores \u00e9 o primeiro feito de Rubens Jr. na Secid - Daniel Matos","robots":{"index":"index","follow":"follow","max-snippet":"max-snippet:-1","max-image-preview":"max-image-preview:large","max-video-preview":"max-video-preview:-1"},"canonical":"https:\/\/www.blogsoestado.com\/danielmatos\/atraso-de-salarios-de-servidores-e-o-primeiro-feito-de-rubens-jr-na-secid\/","og_locale":"pt_BR","og_type":"article","og_title":"Atraso de sal\u00e1rios de servidores \u00e9 o primeiro feito de Rubens Jr. na Secid - Daniel Matos","og_description":"Servidores terceirizados da Secretaria de Estado de Cidades e Desenvolvimento Urbano (Secid) denunciam o atraso dos seus sal\u00e1rios, que deveria [&hellip;]","og_url":"https:\/\/www.blogsoestado.com\/danielmatos\/atraso-de-salarios-de-servidores-e-o-primeiro-feito-de-rubens-jr-na-secid\/","og_site_name":"Daniel Matos","article_published_time":"2019-03-18T19:21:14+00:00","og_image":[{"url":"https:\/\/www.blogsoestado.com\/danielmatos\/files\/2019\/03\/secid-posse.jpg","type":"","width":"","height":""}],"twitter_card":"summary_large_image","twitter_misc":{"Est. tempo de leitura":"1 minuto"},"schema":{"@context":"https:\/\/schema.org","@graph":[{"@type":"WebPage","@id":"https:\/\/www.blogsoestado.com\/danielmatos\/atraso-de-salarios-de-servidores-e-o-primeiro-feito-de-rubens-jr-na-secid\/","url":"https:\/\/www.blogsoestado.com\/danielmatos\/atraso-de-salarios-de-servidores-e-o-primeiro-feito-de-rubens-jr-na-secid\/","name":"Atraso de sal\u00e1rios de servidores \u00e9 o primeiro feito de Rubens Jr. na Secid - Daniel Matos","isPartOf":{"@id":"https:\/\/www.blogsoestado.com\/danielmatos\/#website"},"primaryImageOfPage":{"@id":"https:\/\/www.blogsoestado.com\/danielmatos\/atraso-de-salarios-de-servidores-e-o-primeiro-feito-de-rubens-jr-na-secid\/#primaryimage"},"image":{"@id":"https:\/\/www.blogsoestado.com\/danielmatos\/atraso-de-salarios-de-servidores-e-o-primeiro-feito-de-rubens-jr-na-secid\/#primaryimage"},"thumbnailUrl":"https:\/\/www.blogsoestado.com\/danielmatos\/files\/2019\/03\/secid-posse.jpg","datePublished":"2019-03-18T19:21:14+00:00","author":{"@id":""},"breadcrumb":{"@id":"https:\/\/www.blogsoestado.com\/danielmatos\/atraso-de-salarios-de-servidores-e-o-primeiro-feito-de-rubens-jr-na-secid\/#breadcrumb"},"inLanguage":"pt-BR","potentialAction":[{"@type":"ReadAction","target":["https:\/\/www.blogsoestado.com\/danielmatos\/atraso-de-salarios-de-servidores-e-o-primeiro-feito-de-rubens-jr-na-secid\/"]}]},{"@type":"ImageObject","inLanguage":"pt-BR","@id":"https:\/\/www.blogsoestado.com\/danielmatos\/atraso-de-salarios-de-servidores-e-o-primeiro-feito-de-rubens-jr-na-secid\/#primaryimage","url":"https:\/\/www.blogsoestado.com\/danielmatos\/files\/2019\/03\/secid-posse.jpg","contentUrl":"https:\/\/www.blogsoestado.com\/danielmatos\/files\/2019\/03\/secid-posse.jpg"},{"@type":"BreadcrumbList","@id":"https:\/\/www.blogsoestado.com\/danielmatos\/atraso-de-salarios-de-servidores-e-o-primeiro-feito-de-rubens-jr-na-secid\/#breadcrumb","itemListElement":[{"@type":"ListItem","position":1,"name":"In\u00edcio","item":"https:\/\/www.blogsoestado.com\/danielmatos\/"},{"@type":"ListItem","position":2,"name":"Atraso de sal\u00e1rios de servidores \u00e9 o primeiro feito de Rubens Jr. na Secid"}]},{"@type":"WebSite","@id":"https:\/\/www.blogsoestado.com\/danielmatos\/#website","url":"https:\/\/www.blogsoestado.com\/danielmatos\/","name":"Daniel Matos","description":"","potentialAction":[{"@type":"SearchAction","target":{"@type":"EntryPoint","urlTemplate":"https:\/\/www.blogsoestado.com\/danielmatos\/?s={search_term_string}"},"query-input":{"@type":"PropertyValueSpecification","valueRequired":true,"valueName":"search_term_string"}}],"inLanguage":"pt-BR"}]}},"jetpack_featured_media_url":"","_links":{"self":[{"href":"https:\/\/www.blogsoestado.com\/danielmatos\/wp-json\/wp\/v2\/posts\/61193","targetHints":{"allow":["GET"]}}],"collection":[{"href":"https:\/\/www.blogsoestado.com\/danielmatos\/wp-json\/wp\/v2\/posts"}],"about":[{"href":"https:\/\/www.blogsoestado.com\/danielmatos\/wp-json\/wp\/v2\/types\/post"}],"replies":[{"embeddable":true,"href":"https:\/\/www.blogsoestado.com\/danielmatos\/wp-json\/wp\/v2\/comments?post=61193"}],"version-history":[{"count":0,"href":"https:\/\/www.blogsoestado.com\/danielmatos\/wp-json\/wp\/v2\/posts\/61193\/revisions"}],"wp:attachment":[{"href":"https:\/\/www.blogsoestado.com\/danielmatos\/wp-json\/wp\/v2\/media?parent=61193"}],"wp:term":[{"taxonomy":"category","embeddable":true,"href":"https:\/\/www.blogsoestado.com\/danielmatos\/wp-json\/wp\/v2\/categories?post=61193"},{"taxonomy":"post_tag","embeddable":true,"href":"https:\/\/www.blogsoestado.com\/danielmatos\/wp-json\/wp\/v2\/tags?post=61193"}],"curies":[{"name":"wp","href":"https:\/\/api.w.org\/{rel}","templated":true}]}}