{"id":61201,"date":"2019-03-18T17:12:38","date_gmt":"2019-03-18T20:12:38","guid":{"rendered":"https:\/\/www.blogsoestado.com\/danielmatos\/?p=61201"},"modified":"2019-03-18T17:12:38","modified_gmt":"2019-03-18T20:12:38","slug":"parede-de-protecao-solar-na-sede-da-ses-sera-demolida-ate-o-fim-de-semana","status":"publish","type":"post","link":"https:\/\/www.blogsoestado.com\/danielmatos\/parede-de-protecao-solar-na-sede-da-ses-sera-demolida-ate-o-fim-de-semana\/","title":{"rendered":"Parede de prote\u00e7\u00e3o solar na sede da SES ser\u00e1 demolida at\u00e9 o fim de semana"},"content":{"rendered":"\n<figure class=\"wp-block-image\"><img decoding=\"async\" src=\"https:\/\/www.blogsoestado.com\/danielmatos\/files\/2019\/03\/ses-demolir-1024x682.jpg\" alt=\"\" class=\"wp-image-61202\"\/><figcaption> A \u00e1rea se encontra isolada com tapumes, para evitar a circula\u00e7\u00e3o de pessoas no local <\/figcaption><\/figure>\n\n\n\n<p>A demoli\u00e7\u00e3o total do brise-soleil da Secretaria de Estado de Sa\u00fade (SES), estrutura externa que garante prote\u00e7\u00e3o contra a incid\u00eancia de luz e conforto t\u00e9rmico \u00e0 edifica\u00e7\u00e3o, deve acontecer no fim de semana, quando n\u00e3o h\u00e1 servidores no local. Na sexta-feira (15), um incidente resultou na queda de uma pequena parte do quebra-sol, sem deixar feridos. <\/p>\n\n\n\n<p>A \u00e1rea se encontra isolada com tapumes, para evitar a circula\u00e7\u00e3o de pessoas no local. Al\u00e9m disso, houve o remanejamento do estacionamento frontal do \u00f3rg\u00e3o. A demoli\u00e7\u00e3o ser\u00e1 feita por uma empresa que presta servi\u00e7os de manuten\u00e7\u00e3o \u00e0 SES e um engenheiro especialista em estrutura foi contratado para elaborar o projeto, que deve ficar pronto at\u00e9 a quinta-feira (21). <\/p>\n\n\n\n<p>O pr\u00e9dio foi evacuado na sexta-feira (13) por medida de preven\u00e7\u00e3o, mas as atividades administrativas retornam nesta ter\u00e7a-feira (19), ap\u00f3s vistorias da Defesa Civil, Corpo de Bombeiros e da equipe de engenharia da SES, que constataram n\u00e3o haver risco \u00e0 estrutura do pr\u00e9dio.<\/p>\n\n\n\n<p>\u201cA parte externa \u00e9 uma prote\u00e7\u00e3o solar que n\u00e3o tem nenhuma liga\u00e7\u00e3o limite com os setores da SES, por isso n\u00e3o h\u00e1 riscos aos servidores. Mas como houve esse incidente, a parede fica desestabilizada, por isso precisamos remov\u00ea-la. Isso ser\u00e1 feito de forma controlada, conforme um projeto. Posteriormente faremos a constru\u00e7\u00e3o de uma nova estrutura\u201d, explicou a secret\u00e1ria adjunta de Engenharia e Manuten\u00e7\u00e3o da SES, Thais Farias. <\/p>\n\n\n\n<p>Simult\u00e2neo \u00e0s obras, a SES prossegue com uma investiga\u00e7\u00e3o junto \u00e0s demais autoridades para descobrir a causa do incidente. <\/p>\n\n\n\n<p><strong>Brises <\/strong><\/p>\n\n\n\n<p>As brises ou quebra-sol s\u00e3o elementos de arquitetura usados nas constru\u00e7\u00f5es para proteger o interior ou a fachada das edifica\u00e7\u00f5es do sol excessivo, o que promove controle de temperatura no interior e evita o ofuscamento que a ilumina\u00e7\u00e3o abundante pode causar.<\/p>\n","protected":false},"excerpt":{"rendered":"<p>A demoli\u00e7\u00e3o total do brise-soleil da Secretaria de Estado de Sa\u00fade (SES), estrutura externa que garante prote\u00e7\u00e3o contra a incid\u00eancia [&hellip;]<\/p>\n","protected":false},"author":0,"featured_media":0,"comment_status":"open","ping_status":"open","sticky":false,"template":"","format":"standard","meta":{"site-sidebar-layout":"default","site-content-layout":"","ast-site-content-layout":"default","site-content-style":"default","site-sidebar-style":"default","ast-global-header-display":"","ast-banner-title-visibility":"","ast-main-header-display":"","ast-hfb-above-header-display":"","ast-hfb-below-header-display":"","ast-hfb-mobile-header-display":"","site-post-title":"","ast-breadcrumbs-content":"","ast-featured-img":"","footer-sml-layout":"","ast-disable-related-posts":"","theme-transparent-header-meta":"","adv-header-id-meta":"","stick-header-meta":"","header-above-stick-meta":"","header-main-stick-meta":"","header-below-stick-meta":"","astra-migrate-meta-layouts":"default","ast-page-background-enabled":"default","ast-page-background-meta":{"desktop":{"background-color":"var(--ast-global-color-5)","background-image":"","background-repeat":"repeat","background-position":"center center","background-size":"auto","background-attachment":"scroll","background-type":"","background-media":"","overlay-type":"","overlay-color":"","overlay-opacity":"","overlay-gradient":""},"tablet":{"background-color":"","background-image":"","background-repeat":"repeat","background-position":"center center","background-size":"auto","background-attachment":"scroll","background-type":"","background-media":"","overlay-type":"","overlay-color":"","overlay-opacity":"","overlay-gradient":""},"mobile":{"background-color":"","background-image":"","background-repeat":"repeat","background-position":"center center","background-size":"auto","background-attachment":"scroll","background-type":"","background-media":"","overlay-type":"","overlay-color":"","overlay-opacity":"","overlay-gradient":""}},"ast-content-background-meta":{"desktop":{"background-color":"var(--ast-global-color-4)","background-image":"","background-repeat":"repeat","background-position":"center center","background-size":"auto","background-attachment":"scroll","background-type":"","background-media":"","overlay-type":"","overlay-color":"","overlay-opacity":"","overlay-gradient":""},"tablet":{"background-color":"var(--ast-global-color-4)","background-image":"","background-repeat":"repeat","background-position":"center center","background-size":"auto","background-attachment":"scroll","background-type":"","background-media":"","overlay-type":"","overlay-color":"","overlay-opacity":"","overlay-gradient":""},"mobile":{"background-color":"var(--ast-global-color-4)","background-image":"","background-repeat":"repeat","background-position":"center center","background-size":"auto","background-attachment":"scroll","background-type":"","background-media":"","overlay-type":"","overlay-color":"","overlay-opacity":"","overlay-gradient":""}},"footnotes":""},"categories":[1],"tags":[],"class_list":["post-61201","post","type-post","status-publish","format-standard","hentry","category-sem-categoria"],"yoast_head":"<!-- This site is optimized with the Yoast SEO plugin v26.6 - https:\/\/yoast.com\/wordpress\/plugins\/seo\/ -->\n<title>Parede de prote\u00e7\u00e3o solar na sede da SES ser\u00e1 demolida at\u00e9 o fim de semana - Daniel Matos<\/title>\n<meta name=\"robots\" content=\"index, follow, max-snippet:-1, max-image-preview:large, max-video-preview:-1\" \/>\n<link rel=\"canonical\" href=\"https:\/\/www.blogsoestado.com\/danielmatos\/parede-de-protecao-solar-na-sede-da-ses-sera-demolida-ate-o-fim-de-semana\/\" \/>\n<meta property=\"og:locale\" content=\"pt_BR\" \/>\n<meta property=\"og:type\" content=\"article\" \/>\n<meta property=\"og:title\" content=\"Parede de prote\u00e7\u00e3o solar na sede da SES ser\u00e1 demolida at\u00e9 o fim de semana - Daniel Matos\" \/>\n<meta property=\"og:description\" content=\"A demoli\u00e7\u00e3o total do brise-soleil da Secretaria de Estado de Sa\u00fade (SES), estrutura externa que garante prote\u00e7\u00e3o contra a incid\u00eancia [&hellip;]\" \/>\n<meta property=\"og:url\" content=\"https:\/\/www.blogsoestado.com\/danielmatos\/parede-de-protecao-solar-na-sede-da-ses-sera-demolida-ate-o-fim-de-semana\/\" \/>\n<meta property=\"og:site_name\" content=\"Daniel Matos\" \/>\n<meta property=\"article:published_time\" content=\"2019-03-18T20:12:38+00:00\" \/>\n<meta property=\"og:image\" content=\"https:\/\/www.blogsoestado.com\/danielmatos\/files\/2019\/03\/ses-demolir-1024x682.jpg\" \/>\n<meta name=\"twitter:card\" content=\"summary_large_image\" \/>\n<meta name=\"twitter:label1\" content=\"Est. tempo de leitura\" \/>\n\t<meta name=\"twitter:data1\" content=\"2 minutos\" \/>\n<script type=\"application\/ld+json\" class=\"yoast-schema-graph\">{\"@context\":\"https:\/\/schema.org\",\"@graph\":[{\"@type\":\"WebPage\",\"@id\":\"https:\/\/www.blogsoestado.com\/danielmatos\/parede-de-protecao-solar-na-sede-da-ses-sera-demolida-ate-o-fim-de-semana\/\",\"url\":\"https:\/\/www.blogsoestado.com\/danielmatos\/parede-de-protecao-solar-na-sede-da-ses-sera-demolida-ate-o-fim-de-semana\/\",\"name\":\"Parede de prote\u00e7\u00e3o solar na sede da SES ser\u00e1 demolida at\u00e9 o fim de semana - Daniel Matos\",\"isPartOf\":{\"@id\":\"https:\/\/www.blogsoestado.com\/danielmatos\/#website\"},\"primaryImageOfPage\":{\"@id\":\"https:\/\/www.blogsoestado.com\/danielmatos\/parede-de-protecao-solar-na-sede-da-ses-sera-demolida-ate-o-fim-de-semana\/#primaryimage\"},\"image\":{\"@id\":\"https:\/\/www.blogsoestado.com\/danielmatos\/parede-de-protecao-solar-na-sede-da-ses-sera-demolida-ate-o-fim-de-semana\/#primaryimage\"},\"thumbnailUrl\":\"https:\/\/www.blogsoestado.com\/danielmatos\/files\/2019\/03\/ses-demolir-1024x682.jpg\",\"datePublished\":\"2019-03-18T20:12:38+00:00\",\"author\":{\"@id\":\"\"},\"breadcrumb\":{\"@id\":\"https:\/\/www.blogsoestado.com\/danielmatos\/parede-de-protecao-solar-na-sede-da-ses-sera-demolida-ate-o-fim-de-semana\/#breadcrumb\"},\"inLanguage\":\"pt-BR\",\"potentialAction\":[{\"@type\":\"ReadAction\",\"target\":[\"https:\/\/www.blogsoestado.com\/danielmatos\/parede-de-protecao-solar-na-sede-da-ses-sera-demolida-ate-o-fim-de-semana\/\"]}]},{\"@type\":\"ImageObject\",\"inLanguage\":\"pt-BR\",\"@id\":\"https:\/\/www.blogsoestado.com\/danielmatos\/parede-de-protecao-solar-na-sede-da-ses-sera-demolida-ate-o-fim-de-semana\/#primaryimage\",\"url\":\"https:\/\/www.blogsoestado.com\/danielmatos\/files\/2019\/03\/ses-demolir-1024x682.jpg\",\"contentUrl\":\"https:\/\/www.blogsoestado.com\/danielmatos\/files\/2019\/03\/ses-demolir-1024x682.jpg\"},{\"@type\":\"BreadcrumbList\",\"@id\":\"https:\/\/www.blogsoestado.com\/danielmatos\/parede-de-protecao-solar-na-sede-da-ses-sera-demolida-ate-o-fim-de-semana\/#breadcrumb\",\"itemListElement\":[{\"@type\":\"ListItem\",\"position\":1,\"name\":\"In\u00edcio\",\"item\":\"https:\/\/www.blogsoestado.com\/danielmatos\/\"},{\"@type\":\"ListItem\",\"position\":2,\"name\":\"Parede de prote\u00e7\u00e3o solar na sede da SES ser\u00e1 demolida at\u00e9 o fim de semana\"}]},{\"@type\":\"WebSite\",\"@id\":\"https:\/\/www.blogsoestado.com\/danielmatos\/#website\",\"url\":\"https:\/\/www.blogsoestado.com\/danielmatos\/\",\"name\":\"Daniel Matos\",\"description\":\"\",\"potentialAction\":[{\"@type\":\"SearchAction\",\"target\":{\"@type\":\"EntryPoint\",\"urlTemplate\":\"https:\/\/www.blogsoestado.com\/danielmatos\/?s={search_term_string}\"},\"query-input\":{\"@type\":\"PropertyValueSpecification\",\"valueRequired\":true,\"valueName\":\"search_term_string\"}}],\"inLanguage\":\"pt-BR\"}]}<\/script>\n<!-- \/ Yoast SEO plugin. -->","yoast_head_json":{"title":"Parede de prote\u00e7\u00e3o solar na sede da SES ser\u00e1 demolida at\u00e9 o fim de semana - Daniel Matos","robots":{"index":"index","follow":"follow","max-snippet":"max-snippet:-1","max-image-preview":"max-image-preview:large","max-video-preview":"max-video-preview:-1"},"canonical":"https:\/\/www.blogsoestado.com\/danielmatos\/parede-de-protecao-solar-na-sede-da-ses-sera-demolida-ate-o-fim-de-semana\/","og_locale":"pt_BR","og_type":"article","og_title":"Parede de prote\u00e7\u00e3o solar na sede da SES ser\u00e1 demolida at\u00e9 o fim de semana - Daniel Matos","og_description":"A demoli\u00e7\u00e3o total do brise-soleil da Secretaria de Estado de Sa\u00fade (SES), estrutura externa que garante prote\u00e7\u00e3o contra a incid\u00eancia [&hellip;]","og_url":"https:\/\/www.blogsoestado.com\/danielmatos\/parede-de-protecao-solar-na-sede-da-ses-sera-demolida-ate-o-fim-de-semana\/","og_site_name":"Daniel Matos","article_published_time":"2019-03-18T20:12:38+00:00","og_image":[{"url":"https:\/\/www.blogsoestado.com\/danielmatos\/files\/2019\/03\/ses-demolir-1024x682.jpg","type":"","width":"","height":""}],"twitter_card":"summary_large_image","twitter_misc":{"Est. tempo de leitura":"2 minutos"},"schema":{"@context":"https:\/\/schema.org","@graph":[{"@type":"WebPage","@id":"https:\/\/www.blogsoestado.com\/danielmatos\/parede-de-protecao-solar-na-sede-da-ses-sera-demolida-ate-o-fim-de-semana\/","url":"https:\/\/www.blogsoestado.com\/danielmatos\/parede-de-protecao-solar-na-sede-da-ses-sera-demolida-ate-o-fim-de-semana\/","name":"Parede de prote\u00e7\u00e3o solar na sede da SES ser\u00e1 demolida at\u00e9 o fim de semana - Daniel Matos","isPartOf":{"@id":"https:\/\/www.blogsoestado.com\/danielmatos\/#website"},"primaryImageOfPage":{"@id":"https:\/\/www.blogsoestado.com\/danielmatos\/parede-de-protecao-solar-na-sede-da-ses-sera-demolida-ate-o-fim-de-semana\/#primaryimage"},"image":{"@id":"https:\/\/www.blogsoestado.com\/danielmatos\/parede-de-protecao-solar-na-sede-da-ses-sera-demolida-ate-o-fim-de-semana\/#primaryimage"},"thumbnailUrl":"https:\/\/www.blogsoestado.com\/danielmatos\/files\/2019\/03\/ses-demolir-1024x682.jpg","datePublished":"2019-03-18T20:12:38+00:00","author":{"@id":""},"breadcrumb":{"@id":"https:\/\/www.blogsoestado.com\/danielmatos\/parede-de-protecao-solar-na-sede-da-ses-sera-demolida-ate-o-fim-de-semana\/#breadcrumb"},"inLanguage":"pt-BR","potentialAction":[{"@type":"ReadAction","target":["https:\/\/www.blogsoestado.com\/danielmatos\/parede-de-protecao-solar-na-sede-da-ses-sera-demolida-ate-o-fim-de-semana\/"]}]},{"@type":"ImageObject","inLanguage":"pt-BR","@id":"https:\/\/www.blogsoestado.com\/danielmatos\/parede-de-protecao-solar-na-sede-da-ses-sera-demolida-ate-o-fim-de-semana\/#primaryimage","url":"https:\/\/www.blogsoestado.com\/danielmatos\/files\/2019\/03\/ses-demolir-1024x682.jpg","contentUrl":"https:\/\/www.blogsoestado.com\/danielmatos\/files\/2019\/03\/ses-demolir-1024x682.jpg"},{"@type":"BreadcrumbList","@id":"https:\/\/www.blogsoestado.com\/danielmatos\/parede-de-protecao-solar-na-sede-da-ses-sera-demolida-ate-o-fim-de-semana\/#breadcrumb","itemListElement":[{"@type":"ListItem","position":1,"name":"In\u00edcio","item":"https:\/\/www.blogsoestado.com\/danielmatos\/"},{"@type":"ListItem","position":2,"name":"Parede de prote\u00e7\u00e3o solar na sede da SES ser\u00e1 demolida at\u00e9 o fim de semana"}]},{"@type":"WebSite","@id":"https:\/\/www.blogsoestado.com\/danielmatos\/#website","url":"https:\/\/www.blogsoestado.com\/danielmatos\/","name":"Daniel Matos","description":"","potentialAction":[{"@type":"SearchAction","target":{"@type":"EntryPoint","urlTemplate":"https:\/\/www.blogsoestado.com\/danielmatos\/?s={search_term_string}"},"query-input":{"@type":"PropertyValueSpecification","valueRequired":true,"valueName":"search_term_string"}}],"inLanguage":"pt-BR"}]}},"jetpack_featured_media_url":"","_links":{"self":[{"href":"https:\/\/www.blogsoestado.com\/danielmatos\/wp-json\/wp\/v2\/posts\/61201","targetHints":{"allow":["GET"]}}],"collection":[{"href":"https:\/\/www.blogsoestado.com\/danielmatos\/wp-json\/wp\/v2\/posts"}],"about":[{"href":"https:\/\/www.blogsoestado.com\/danielmatos\/wp-json\/wp\/v2\/types\/post"}],"replies":[{"embeddable":true,"href":"https:\/\/www.blogsoestado.com\/danielmatos\/wp-json\/wp\/v2\/comments?post=61201"}],"version-history":[{"count":0,"href":"https:\/\/www.blogsoestado.com\/danielmatos\/wp-json\/wp\/v2\/posts\/61201\/revisions"}],"wp:attachment":[{"href":"https:\/\/www.blogsoestado.com\/danielmatos\/wp-json\/wp\/v2\/media?parent=61201"}],"wp:term":[{"taxonomy":"category","embeddable":true,"href":"https:\/\/www.blogsoestado.com\/danielmatos\/wp-json\/wp\/v2\/categories?post=61201"},{"taxonomy":"post_tag","embeddable":true,"href":"https:\/\/www.blogsoestado.com\/danielmatos\/wp-json\/wp\/v2\/tags?post=61201"}],"curies":[{"name":"wp","href":"https:\/\/api.w.org\/{rel}","templated":true}]}}