{"id":61217,"date":"2019-03-19T11:46:58","date_gmt":"2019-03-19T14:46:58","guid":{"rendered":"https:\/\/www.blogsoestado.com\/danielmatos\/?p=61217"},"modified":"2019-03-19T11:46:58","modified_gmt":"2019-03-19T14:46:58","slug":"osmar-filho-e-reeleito-membro-da-executiva-nacional-do-pdt","status":"publish","type":"post","link":"https:\/\/www.blogsoestado.com\/danielmatos\/osmar-filho-e-reeleito-membro-da-executiva-nacional-do-pdt\/","title":{"rendered":"Osmar Filho \u00e9 reeleito membro da executiva nacional do PDT"},"content":{"rendered":"\n<div class=\"wp-block-image\"><figure class=\"alignright is-resized\"><img fetchpriority=\"high\" decoding=\"async\" src=\"https:\/\/www.blogsoestado.com\/danielmatos\/files\/2019\/03\/osmar-eleito-769x1024.jpg\" alt=\"\" class=\"wp-image-61218\" width=\"351\" height=\"467\"\/><figcaption>Osmar comemorou elei\u00e7\u00e3o com os tamb\u00e9m pedetistas Weverton Rocha, Edivaldo Holanda Jr. e Raimundo Penha<\/figcaption><\/figure><\/div>\n\n\n\n<p>O presidente da C\u00e2mara Municipal de S\u00e3o Lu\u00eds, vereador Osmar Filho, participou, nesta segunda-feira (18), da 25\u00aa Conven\u00e7\u00e3o Nacional do PDT, em Bras\u00edlia.<\/p>\n\n\n\n<p>Na oportunidade, o parlamentar foi reeleito como membro da executiva nacional da sigla.<\/p>\n\n\n\n<p>Osmar participou do evento acompanhado de v\u00e1rias lideran\u00e7as pedetistas, tais como o senador Weverton Rocha (presidente estadual da legenda); o prefeito Edivaldo Holanda J\u00fanior; o vereador e presidente do PDT em S\u00e3o Lu\u00eds, Raimundo Penha; os deputados M\u00e1rcio Honaiser, Glalbert Cutrim, Rafael Leitoa, Gil Cutrim; dentre outras.<\/p>\n\n\n\n<p>&#8220;\u00c9 gratificante ter a oportunidade novamente de construir a hist\u00f3ria do PDT no Brasil e em nossa cidade de atua\u00e7\u00e3o pol\u00edtica. A escolha nos motiva a fazer parte de uma legenda que muito contribui para a nova pol\u00edtica municipalista&#8221;, disse o presidente.<\/p>\n\n\n\n<p>Durante o evento, foi lan\u00e7ado o projeto &#8220;PDT Digital&#8221; e realizado a elei\u00e7\u00e3o para escolha dos demais membros do Diret\u00f3rio Nacional. Tamb\u00e9m foram discutidos temas como a conjuntura pol\u00edtica do pa\u00eds e os projetos considerados priorit\u00e1rios para a popula\u00e7\u00e3o, dentre eles a Reforma da Previd\u00eancia.<\/p>\n\n\n\n<figure class=\"wp-block-image\"><img decoding=\"async\" src=\"https:\/\/www.blogsoestado.com\/danielmatos\/files\/2019\/03\/osmar-eleito2-1024x710.jpg\" alt=\"\" class=\"wp-image-61219\"\/><figcaption>Conven\u00e7\u00e3o registrou presen\u00e7a maci\u00e7a de pedetistas maranhenses, que tiveram participa\u00e7\u00e3o destacada<\/figcaption><\/figure>\n\n\n\n<p><strong>Articula\u00e7\u00e3o<\/strong><\/p>\n\n\n\n<p>Ap\u00f3s a conven\u00e7\u00e3o, os representantes pol\u00edticos da Grande Ilha se reuniram com o l\u00edder do PDT na C\u00e2mara Alta, Weverton Rocha, para discutir projetos e programas sociais para a cidade de S\u00e3o Lu\u00eds.<\/p>\n\n\n\n<p>&#8220;Uma satisfa\u00e7\u00e3o receber a lideran\u00e7a  da nossa cidade aqui, colocamos o nosso gabinete sempre \u00e0 disposi\u00e7\u00e3o do interesse da querida ilha de S\u00e3o Lu\u00eds e de todo o estado&#8221;, declarou o senador. <\/p>\n","protected":false},"excerpt":{"rendered":"<p>O presidente da C\u00e2mara Municipal de S\u00e3o Lu\u00eds, vereador Osmar Filho, participou, nesta segunda-feira (18), da 25\u00aa Conven\u00e7\u00e3o Nacional do [&hellip;]<\/p>\n","protected":false},"author":0,"featured_media":0,"comment_status":"open","ping_status":"open","sticky":false,"template":"","format":"standard","meta":{"site-sidebar-layout":"default","site-content-layout":"","ast-site-content-layout":"default","site-content-style":"default","site-sidebar-style":"default","ast-global-header-display":"","ast-banner-title-visibility":"","ast-main-header-display":"","ast-hfb-above-header-display":"","ast-hfb-below-header-display":"","ast-hfb-mobile-header-display":"","site-post-title":"","ast-breadcrumbs-content":"","ast-featured-img":"","footer-sml-layout":"","ast-disable-related-posts":"","theme-transparent-header-meta":"","adv-header-id-meta":"","stick-header-meta":"","header-above-stick-meta":"","header-main-stick-meta":"","header-below-stick-meta":"","astra-migrate-meta-layouts":"default","ast-page-background-enabled":"default","ast-page-background-meta":{"desktop":{"background-color":"var(--ast-global-color-5)","background-image":"","background-repeat":"repeat","background-position":"center center","background-size":"auto","background-attachment":"scroll","background-type":"","background-media":"","overlay-type":"","overlay-color":"","overlay-opacity":"","overlay-gradient":""},"tablet":{"background-color":"","background-image":"","background-repeat":"repeat","background-position":"center center","background-size":"auto","background-attachment":"scroll","background-type":"","background-media":"","overlay-type":"","overlay-color":"","overlay-opacity":"","overlay-gradient":""},"mobile":{"background-color":"","background-image":"","background-repeat":"repeat","background-position":"center center","background-size":"auto","background-attachment":"scroll","background-type":"","background-media":"","overlay-type":"","overlay-color":"","overlay-opacity":"","overlay-gradient":""}},"ast-content-background-meta":{"desktop":{"background-color":"var(--ast-global-color-4)","background-image":"","background-repeat":"repeat","background-position":"center center","background-size":"auto","background-attachment":"scroll","background-type":"","background-media":"","overlay-type":"","overlay-color":"","overlay-opacity":"","overlay-gradient":""},"tablet":{"background-color":"var(--ast-global-color-4)","background-image":"","background-repeat":"repeat","background-position":"center center","background-size":"auto","background-attachment":"scroll","background-type":"","background-media":"","overlay-type":"","overlay-color":"","overlay-opacity":"","overlay-gradient":""},"mobile":{"background-color":"var(--ast-global-color-4)","background-image":"","background-repeat":"repeat","background-position":"center center","background-size":"auto","background-attachment":"scroll","background-type":"","background-media":"","overlay-type":"","overlay-color":"","overlay-opacity":"","overlay-gradient":""}},"footnotes":""},"categories":[1],"tags":[],"class_list":["post-61217","post","type-post","status-publish","format-standard","hentry","category-sem-categoria"],"yoast_head":"<!-- This site is optimized with the Yoast SEO plugin v26.6 - https:\/\/yoast.com\/wordpress\/plugins\/seo\/ -->\n<title>Osmar Filho \u00e9 reeleito membro da executiva nacional do PDT - Daniel Matos<\/title>\n<meta name=\"robots\" content=\"index, follow, max-snippet:-1, max-image-preview:large, max-video-preview:-1\" \/>\n<link rel=\"canonical\" href=\"https:\/\/www.blogsoestado.com\/danielmatos\/osmar-filho-e-reeleito-membro-da-executiva-nacional-do-pdt\/\" \/>\n<meta property=\"og:locale\" content=\"pt_BR\" \/>\n<meta property=\"og:type\" content=\"article\" \/>\n<meta property=\"og:title\" content=\"Osmar Filho \u00e9 reeleito membro da executiva nacional do PDT - Daniel Matos\" \/>\n<meta property=\"og:description\" content=\"O presidente da C\u00e2mara Municipal de S\u00e3o Lu\u00eds, vereador Osmar Filho, participou, nesta segunda-feira (18), da 25\u00aa Conven\u00e7\u00e3o Nacional do [&hellip;]\" \/>\n<meta property=\"og:url\" content=\"https:\/\/www.blogsoestado.com\/danielmatos\/osmar-filho-e-reeleito-membro-da-executiva-nacional-do-pdt\/\" \/>\n<meta property=\"og:site_name\" content=\"Daniel Matos\" \/>\n<meta property=\"article:published_time\" content=\"2019-03-19T14:46:58+00:00\" \/>\n<meta property=\"og:image\" content=\"https:\/\/www.blogsoestado.com\/danielmatos\/files\/2019\/03\/osmar-eleito-769x1024.jpg\" \/>\n<meta name=\"twitter:card\" content=\"summary_large_image\" \/>\n<meta name=\"twitter:label1\" content=\"Est. tempo de leitura\" \/>\n\t<meta name=\"twitter:data1\" content=\"2 minutos\" \/>\n<script type=\"application\/ld+json\" class=\"yoast-schema-graph\">{\"@context\":\"https:\/\/schema.org\",\"@graph\":[{\"@type\":\"WebPage\",\"@id\":\"https:\/\/www.blogsoestado.com\/danielmatos\/osmar-filho-e-reeleito-membro-da-executiva-nacional-do-pdt\/\",\"url\":\"https:\/\/www.blogsoestado.com\/danielmatos\/osmar-filho-e-reeleito-membro-da-executiva-nacional-do-pdt\/\",\"name\":\"Osmar Filho \u00e9 reeleito membro da executiva nacional do PDT - Daniel Matos\",\"isPartOf\":{\"@id\":\"https:\/\/www.blogsoestado.com\/danielmatos\/#website\"},\"primaryImageOfPage\":{\"@id\":\"https:\/\/www.blogsoestado.com\/danielmatos\/osmar-filho-e-reeleito-membro-da-executiva-nacional-do-pdt\/#primaryimage\"},\"image\":{\"@id\":\"https:\/\/www.blogsoestado.com\/danielmatos\/osmar-filho-e-reeleito-membro-da-executiva-nacional-do-pdt\/#primaryimage\"},\"thumbnailUrl\":\"https:\/\/www.blogsoestado.com\/danielmatos\/files\/2019\/03\/osmar-eleito-769x1024.jpg\",\"datePublished\":\"2019-03-19T14:46:58+00:00\",\"author\":{\"@id\":\"\"},\"breadcrumb\":{\"@id\":\"https:\/\/www.blogsoestado.com\/danielmatos\/osmar-filho-e-reeleito-membro-da-executiva-nacional-do-pdt\/#breadcrumb\"},\"inLanguage\":\"pt-BR\",\"potentialAction\":[{\"@type\":\"ReadAction\",\"target\":[\"https:\/\/www.blogsoestado.com\/danielmatos\/osmar-filho-e-reeleito-membro-da-executiva-nacional-do-pdt\/\"]}]},{\"@type\":\"ImageObject\",\"inLanguage\":\"pt-BR\",\"@id\":\"https:\/\/www.blogsoestado.com\/danielmatos\/osmar-filho-e-reeleito-membro-da-executiva-nacional-do-pdt\/#primaryimage\",\"url\":\"https:\/\/www.blogsoestado.com\/danielmatos\/files\/2019\/03\/osmar-eleito-769x1024.jpg\",\"contentUrl\":\"https:\/\/www.blogsoestado.com\/danielmatos\/files\/2019\/03\/osmar-eleito-769x1024.jpg\"},{\"@type\":\"BreadcrumbList\",\"@id\":\"https:\/\/www.blogsoestado.com\/danielmatos\/osmar-filho-e-reeleito-membro-da-executiva-nacional-do-pdt\/#breadcrumb\",\"itemListElement\":[{\"@type\":\"ListItem\",\"position\":1,\"name\":\"In\u00edcio\",\"item\":\"https:\/\/www.blogsoestado.com\/danielmatos\/\"},{\"@type\":\"ListItem\",\"position\":2,\"name\":\"Osmar Filho \u00e9 reeleito membro da executiva nacional do PDT\"}]},{\"@type\":\"WebSite\",\"@id\":\"https:\/\/www.blogsoestado.com\/danielmatos\/#website\",\"url\":\"https:\/\/www.blogsoestado.com\/danielmatos\/\",\"name\":\"Daniel Matos\",\"description\":\"\",\"potentialAction\":[{\"@type\":\"SearchAction\",\"target\":{\"@type\":\"EntryPoint\",\"urlTemplate\":\"https:\/\/www.blogsoestado.com\/danielmatos\/?s={search_term_string}\"},\"query-input\":{\"@type\":\"PropertyValueSpecification\",\"valueRequired\":true,\"valueName\":\"search_term_string\"}}],\"inLanguage\":\"pt-BR\"}]}<\/script>\n<!-- \/ Yoast SEO plugin. -->","yoast_head_json":{"title":"Osmar Filho \u00e9 reeleito membro da executiva nacional do PDT - Daniel Matos","robots":{"index":"index","follow":"follow","max-snippet":"max-snippet:-1","max-image-preview":"max-image-preview:large","max-video-preview":"max-video-preview:-1"},"canonical":"https:\/\/www.blogsoestado.com\/danielmatos\/osmar-filho-e-reeleito-membro-da-executiva-nacional-do-pdt\/","og_locale":"pt_BR","og_type":"article","og_title":"Osmar Filho \u00e9 reeleito membro da executiva nacional do PDT - Daniel Matos","og_description":"O presidente da C\u00e2mara Municipal de S\u00e3o Lu\u00eds, vereador Osmar Filho, participou, nesta segunda-feira (18), da 25\u00aa Conven\u00e7\u00e3o Nacional do [&hellip;]","og_url":"https:\/\/www.blogsoestado.com\/danielmatos\/osmar-filho-e-reeleito-membro-da-executiva-nacional-do-pdt\/","og_site_name":"Daniel Matos","article_published_time":"2019-03-19T14:46:58+00:00","og_image":[{"url":"https:\/\/www.blogsoestado.com\/danielmatos\/files\/2019\/03\/osmar-eleito-769x1024.jpg","type":"","width":"","height":""}],"twitter_card":"summary_large_image","twitter_misc":{"Est. tempo de leitura":"2 minutos"},"schema":{"@context":"https:\/\/schema.org","@graph":[{"@type":"WebPage","@id":"https:\/\/www.blogsoestado.com\/danielmatos\/osmar-filho-e-reeleito-membro-da-executiva-nacional-do-pdt\/","url":"https:\/\/www.blogsoestado.com\/danielmatos\/osmar-filho-e-reeleito-membro-da-executiva-nacional-do-pdt\/","name":"Osmar Filho \u00e9 reeleito membro da executiva nacional do PDT - Daniel Matos","isPartOf":{"@id":"https:\/\/www.blogsoestado.com\/danielmatos\/#website"},"primaryImageOfPage":{"@id":"https:\/\/www.blogsoestado.com\/danielmatos\/osmar-filho-e-reeleito-membro-da-executiva-nacional-do-pdt\/#primaryimage"},"image":{"@id":"https:\/\/www.blogsoestado.com\/danielmatos\/osmar-filho-e-reeleito-membro-da-executiva-nacional-do-pdt\/#primaryimage"},"thumbnailUrl":"https:\/\/www.blogsoestado.com\/danielmatos\/files\/2019\/03\/osmar-eleito-769x1024.jpg","datePublished":"2019-03-19T14:46:58+00:00","author":{"@id":""},"breadcrumb":{"@id":"https:\/\/www.blogsoestado.com\/danielmatos\/osmar-filho-e-reeleito-membro-da-executiva-nacional-do-pdt\/#breadcrumb"},"inLanguage":"pt-BR","potentialAction":[{"@type":"ReadAction","target":["https:\/\/www.blogsoestado.com\/danielmatos\/osmar-filho-e-reeleito-membro-da-executiva-nacional-do-pdt\/"]}]},{"@type":"ImageObject","inLanguage":"pt-BR","@id":"https:\/\/www.blogsoestado.com\/danielmatos\/osmar-filho-e-reeleito-membro-da-executiva-nacional-do-pdt\/#primaryimage","url":"https:\/\/www.blogsoestado.com\/danielmatos\/files\/2019\/03\/osmar-eleito-769x1024.jpg","contentUrl":"https:\/\/www.blogsoestado.com\/danielmatos\/files\/2019\/03\/osmar-eleito-769x1024.jpg"},{"@type":"BreadcrumbList","@id":"https:\/\/www.blogsoestado.com\/danielmatos\/osmar-filho-e-reeleito-membro-da-executiva-nacional-do-pdt\/#breadcrumb","itemListElement":[{"@type":"ListItem","position":1,"name":"In\u00edcio","item":"https:\/\/www.blogsoestado.com\/danielmatos\/"},{"@type":"ListItem","position":2,"name":"Osmar Filho \u00e9 reeleito membro da executiva nacional do PDT"}]},{"@type":"WebSite","@id":"https:\/\/www.blogsoestado.com\/danielmatos\/#website","url":"https:\/\/www.blogsoestado.com\/danielmatos\/","name":"Daniel Matos","description":"","potentialAction":[{"@type":"SearchAction","target":{"@type":"EntryPoint","urlTemplate":"https:\/\/www.blogsoestado.com\/danielmatos\/?s={search_term_string}"},"query-input":{"@type":"PropertyValueSpecification","valueRequired":true,"valueName":"search_term_string"}}],"inLanguage":"pt-BR"}]}},"jetpack_featured_media_url":"","_links":{"self":[{"href":"https:\/\/www.blogsoestado.com\/danielmatos\/wp-json\/wp\/v2\/posts\/61217","targetHints":{"allow":["GET"]}}],"collection":[{"href":"https:\/\/www.blogsoestado.com\/danielmatos\/wp-json\/wp\/v2\/posts"}],"about":[{"href":"https:\/\/www.blogsoestado.com\/danielmatos\/wp-json\/wp\/v2\/types\/post"}],"replies":[{"embeddable":true,"href":"https:\/\/www.blogsoestado.com\/danielmatos\/wp-json\/wp\/v2\/comments?post=61217"}],"version-history":[{"count":0,"href":"https:\/\/www.blogsoestado.com\/danielmatos\/wp-json\/wp\/v2\/posts\/61217\/revisions"}],"wp:attachment":[{"href":"https:\/\/www.blogsoestado.com\/danielmatos\/wp-json\/wp\/v2\/media?parent=61217"}],"wp:term":[{"taxonomy":"category","embeddable":true,"href":"https:\/\/www.blogsoestado.com\/danielmatos\/wp-json\/wp\/v2\/categories?post=61217"},{"taxonomy":"post_tag","embeddable":true,"href":"https:\/\/www.blogsoestado.com\/danielmatos\/wp-json\/wp\/v2\/tags?post=61217"}],"curies":[{"name":"wp","href":"https:\/\/api.w.org\/{rel}","templated":true}]}}