{"id":61221,"date":"2019-03-19T13:44:18","date_gmt":"2019-03-19T16:44:18","guid":{"rendered":"https:\/\/www.blogsoestado.com\/danielmatos\/?p=61221"},"modified":"2019-03-19T13:44:18","modified_gmt":"2019-03-19T16:44:18","slug":"adriano-sugere-cpi-para-investigar-abandono-do-sistema-de-videomonitoramento","status":"publish","type":"post","link":"https:\/\/www.blogsoestado.com\/danielmatos\/adriano-sugere-cpi-para-investigar-abandono-do-sistema-de-videomonitoramento\/","title":{"rendered":"Adriano sugere CPI para investigar abandono do sistema de videomonitoramento"},"content":{"rendered":"\n<div class=\"wp-block-image\"><figure class=\"alignleft\"><img decoding=\"async\" src=\"https:\/\/www.blogsoestado.com\/danielmatos\/files\/2019\/03\/adriano-cpi-video.jpg\" alt=\"\" class=\"wp-image-61224\"\/><figcaption>Adriano n\u00e3o descarta apresentar requerimento com pedido de crian\u00e7\u00e3o de CPI para investigar mau funcionamento do sistema de videomonitoramento <\/figcaption><\/figure><\/div>\n\n\n\n<p>O deputado estadual Adriano Sarney (PV) disse estar disposto a propor ao plen\u00e1rio da Assembleia Legislativa a cria\u00e7\u00e3o de uma Comiss\u00e3o Parlamentar de Inqu\u00e9rito (CPI) para apurar den\u00fancias de mau funcionamento e de desativa\u00e7\u00e3o do sistema de videomonitoramento, instalado em 2014, na \u00faltima gest\u00e3o da ex-governadora Roseana Sarney, para auxiliar na preven\u00e7\u00e3o e repress\u00e3o \u00e0 viol\u00eancia em vias e logradouros p\u00fablicos de S\u00e3o Lu\u00eds. Distribu\u00eddas em pontos estrat\u00e9gicos da capital, as 220 c\u00e2meras instaladas h\u00e1 cinco anos estariam funcionando de forma prec\u00e1ria desde o in\u00edcio do governo Fl\u00e1vio Dino (PCdoB) e h\u00e1 quem diga que j\u00e1 foram at\u00e9 desligadas.<\/p>\n\n\n\n<p>Adriano revelou sua inten\u00e7\u00e3o de propor a CPI no in\u00edcio da manh\u00e3 desta ter\u00e7a-feira (19), em entrevista ao programa Nova Manh\u00e3, da R\u00e1dio Nova FM, ocasi\u00e3o em que comentou o caos no tr\u00e2nsito provocado por uma manifesta\u00e7\u00e3o popular, no Jaracati, motivada pelo atropelamento de um pai e uma filha, de apenas 1 ano, ao atravessar a Avenida Carlos Cunha, no trecho pr\u00f3ximo \u00e0 cabeceira da Ponte Bandeira Tribuzi. Durante o protesto, populares reivindicaram a apresenta\u00e7\u00e3o das imagens supostamente captadas pelas c\u00e2meras para ajudar a identificar o motorista atropelador, que fugiu do local sem prestar socorro \u00e0s v\u00edtimas e desde ent\u00e3o est\u00e1 sendo procurado.<\/p>\n\n\n\n<p>O parlamentar considerou um absurdo o descaso do atual governo com um sistema que, al\u00e9m de auxiliar as opera\u00e7\u00f5es de seguran\u00e7a p\u00fablica, representou, na \u00e9poca de sua aquisi\u00e7\u00e3o pelo Estado, um investimento de R$ 14 milh\u00f5es. &#8220;Uma CPI seria um importante instrumento para obrigar o governo comunista a explicar por que o videomonitoramento n\u00e3o est\u00e1 mais cumprindo a sua finalidade de combater o crime e por que um recurso t\u00e3o expressivo est\u00e1 sendo desperdi\u00e7ado&#8221;, justificou.<\/p>\n\n\n\n<p>Adriano recordou o per\u00edodo em que as c\u00e2meras estavam em pleno funcionamento, quando crimes foram coibidos, autores foram identificados e presos e at\u00e9 atos obscenos foram flagrados e punidos, de acordo com a lei, &#8220;Nos \u00faltimos quatro anos, n\u00e3o vimos nenhum crime solucionado com aux\u00edlio do videomonitoramento&#8221;, observou, questionando se a devida manuten\u00e7\u00e3o dos equipamentos est\u00e1 sendo feita.<\/p>\n\n\n\n<p><strong>Falta de planejamento<\/strong><\/p>\n\n\n\n<p>Sobre os m\u00faltiplos congestionamentos causados pela manifesta\u00e7\u00e3o popular, que praticamente pararam a regi\u00e3o central da cidade, Adriano acusou a falta de planejamento da administra\u00e7\u00e3o municipal na \u00e1rea de tr\u00e2nsito. Tamb\u00e9m criticou o governo estadual por n\u00e3o cumprir a promessa de firmar parceria com as prefeituras da Ilha de S\u00e3o Lu\u00eds. &#8220;\u00c9 um governo de propaganda. S\u00e3o Lu\u00eds precisa de um gestor competente, de algu\u00e9m que apare\u00e7a. Cad\u00ea o prefeito? Cad\u00ea o governador fora das suas m\u00eddias sociais?&#8221;, indagou.<\/p>\n\n\n\n<p>O deputado garantiu que cobrar\u00e1, na Assembleia Legislativa, um planejamento para S\u00e3o Lu\u00eds e para o Maranh\u00e3o. &#8220;Vamos atuar para que o governo saia das m\u00eddias sociais e deixe de lado a propaganda barata e comece a trabalhar&#8221;, anunciou. <\/p>\n\n\n\n<p><strong>Assista ao v\u00eddeo:<\/strong><\/p>\n\n\n\n<figure class=\"wp-block-embed-youtube wp-block-embed is-type-video is-provider-youtube wp-embed-aspect-4-3 wp-has-aspect-ratio\"><div class=\"wp-block-embed__wrapper\">\n<iframe title=\"Deputado Adriano comenta caos no tr\u00e2nsito provocado por manifesta\u00e7\u00e3o\" width=\"500\" height=\"281\" src=\"https:\/\/www.youtube.com\/embed\/S--vvVTgrV4?feature=oembed\" frameborder=\"0\" allow=\"accelerometer; autoplay; clipboard-write; encrypted-media; gyroscope; picture-in-picture; web-share\" referrerpolicy=\"strict-origin-when-cross-origin\" allowfullscreen><\/iframe>\n<\/div><\/figure>\n","protected":false},"excerpt":{"rendered":"<p>O deputado estadual Adriano Sarney (PV) disse estar disposto a propor ao plen\u00e1rio da Assembleia Legislativa a cria\u00e7\u00e3o de uma [&hellip;]<\/p>\n","protected":false},"author":0,"featured_media":0,"comment_status":"open","ping_status":"open","sticky":false,"template":"","format":"standard","meta":{"site-sidebar-layout":"default","site-content-layout":"","ast-site-content-layout":"default","site-content-style":"default","site-sidebar-style":"default","ast-global-header-display":"","ast-banner-title-visibility":"","ast-main-header-display":"","ast-hfb-above-header-display":"","ast-hfb-below-header-display":"","ast-hfb-mobile-header-display":"","site-post-title":"","ast-breadcrumbs-content":"","ast-featured-img":"","footer-sml-layout":"","ast-disable-related-posts":"","theme-transparent-header-meta":"","adv-header-id-meta":"","stick-header-meta":"","header-above-stick-meta":"","header-main-stick-meta":"","header-below-stick-meta":"","astra-migrate-meta-layouts":"default","ast-page-background-enabled":"default","ast-page-background-meta":{"desktop":{"background-color":"var(--ast-global-color-5)","background-image":"","background-repeat":"repeat","background-position":"center center","background-size":"auto","background-attachment":"scroll","background-type":"","background-media":"","overlay-type":"","overlay-color":"","overlay-opacity":"","overlay-gradient":""},"tablet":{"background-color":"","background-image":"","background-repeat":"repeat","background-position":"center center","background-size":"auto","background-attachment":"scroll","background-type":"","background-media":"","overlay-type":"","overlay-color":"","overlay-opacity":"","overlay-gradient":""},"mobile":{"background-color":"","background-image":"","background-repeat":"repeat","background-position":"center center","background-size":"auto","background-attachment":"scroll","background-type":"","background-media":"","overlay-type":"","overlay-color":"","overlay-opacity":"","overlay-gradient":""}},"ast-content-background-meta":{"desktop":{"background-color":"var(--ast-global-color-4)","background-image":"","background-repeat":"repeat","background-position":"center center","background-size":"auto","background-attachment":"scroll","background-type":"","background-media":"","overlay-type":"","overlay-color":"","overlay-opacity":"","overlay-gradient":""},"tablet":{"background-color":"var(--ast-global-color-4)","background-image":"","background-repeat":"repeat","background-position":"center center","background-size":"auto","background-attachment":"scroll","background-type":"","background-media":"","overlay-type":"","overlay-color":"","overlay-opacity":"","overlay-gradient":""},"mobile":{"background-color":"var(--ast-global-color-4)","background-image":"","background-repeat":"repeat","background-position":"center center","background-size":"auto","background-attachment":"scroll","background-type":"","background-media":"","overlay-type":"","overlay-color":"","overlay-opacity":"","overlay-gradient":""}},"footnotes":""},"categories":[1],"tags":[],"class_list":["post-61221","post","type-post","status-publish","format-standard","hentry","category-sem-categoria"],"yoast_head":"<!-- This site is optimized with the Yoast SEO plugin v26.6 - https:\/\/yoast.com\/wordpress\/plugins\/seo\/ -->\n<title>Adriano sugere CPI para investigar abandono do sistema de videomonitoramento - Daniel Matos<\/title>\n<meta name=\"robots\" content=\"index, follow, max-snippet:-1, max-image-preview:large, max-video-preview:-1\" \/>\n<link rel=\"canonical\" href=\"https:\/\/www.blogsoestado.com\/danielmatos\/adriano-sugere-cpi-para-investigar-abandono-do-sistema-de-videomonitoramento\/\" \/>\n<meta property=\"og:locale\" content=\"pt_BR\" \/>\n<meta property=\"og:type\" content=\"article\" \/>\n<meta property=\"og:title\" content=\"Adriano sugere CPI para investigar abandono do sistema de videomonitoramento - Daniel Matos\" \/>\n<meta property=\"og:description\" content=\"O deputado estadual Adriano Sarney (PV) disse estar disposto a propor ao plen\u00e1rio da Assembleia Legislativa a cria\u00e7\u00e3o de uma [&hellip;]\" \/>\n<meta property=\"og:url\" content=\"https:\/\/www.blogsoestado.com\/danielmatos\/adriano-sugere-cpi-para-investigar-abandono-do-sistema-de-videomonitoramento\/\" \/>\n<meta property=\"og:site_name\" content=\"Daniel Matos\" \/>\n<meta property=\"article:published_time\" content=\"2019-03-19T16:44:18+00:00\" \/>\n<meta property=\"og:image\" content=\"https:\/\/www.blogsoestado.com\/danielmatos\/files\/2019\/03\/adriano-cpi-video.jpg\" \/>\n<meta name=\"twitter:card\" content=\"summary_large_image\" \/>\n<meta name=\"twitter:label1\" content=\"Est. tempo de leitura\" \/>\n\t<meta name=\"twitter:data1\" content=\"3 minutos\" \/>\n<script type=\"application\/ld+json\" class=\"yoast-schema-graph\">{\"@context\":\"https:\/\/schema.org\",\"@graph\":[{\"@type\":\"WebPage\",\"@id\":\"https:\/\/www.blogsoestado.com\/danielmatos\/adriano-sugere-cpi-para-investigar-abandono-do-sistema-de-videomonitoramento\/\",\"url\":\"https:\/\/www.blogsoestado.com\/danielmatos\/adriano-sugere-cpi-para-investigar-abandono-do-sistema-de-videomonitoramento\/\",\"name\":\"Adriano sugere CPI para investigar abandono do sistema de videomonitoramento - Daniel Matos\",\"isPartOf\":{\"@id\":\"https:\/\/www.blogsoestado.com\/danielmatos\/#website\"},\"primaryImageOfPage\":{\"@id\":\"https:\/\/www.blogsoestado.com\/danielmatos\/adriano-sugere-cpi-para-investigar-abandono-do-sistema-de-videomonitoramento\/#primaryimage\"},\"image\":{\"@id\":\"https:\/\/www.blogsoestado.com\/danielmatos\/adriano-sugere-cpi-para-investigar-abandono-do-sistema-de-videomonitoramento\/#primaryimage\"},\"thumbnailUrl\":\"https:\/\/www.blogsoestado.com\/danielmatos\/files\/2019\/03\/adriano-cpi-video.jpg\",\"datePublished\":\"2019-03-19T16:44:18+00:00\",\"author\":{\"@id\":\"\"},\"breadcrumb\":{\"@id\":\"https:\/\/www.blogsoestado.com\/danielmatos\/adriano-sugere-cpi-para-investigar-abandono-do-sistema-de-videomonitoramento\/#breadcrumb\"},\"inLanguage\":\"pt-BR\",\"potentialAction\":[{\"@type\":\"ReadAction\",\"target\":[\"https:\/\/www.blogsoestado.com\/danielmatos\/adriano-sugere-cpi-para-investigar-abandono-do-sistema-de-videomonitoramento\/\"]}]},{\"@type\":\"ImageObject\",\"inLanguage\":\"pt-BR\",\"@id\":\"https:\/\/www.blogsoestado.com\/danielmatos\/adriano-sugere-cpi-para-investigar-abandono-do-sistema-de-videomonitoramento\/#primaryimage\",\"url\":\"https:\/\/www.blogsoestado.com\/danielmatos\/files\/2019\/03\/adriano-cpi-video.jpg\",\"contentUrl\":\"https:\/\/www.blogsoestado.com\/danielmatos\/files\/2019\/03\/adriano-cpi-video.jpg\"},{\"@type\":\"BreadcrumbList\",\"@id\":\"https:\/\/www.blogsoestado.com\/danielmatos\/adriano-sugere-cpi-para-investigar-abandono-do-sistema-de-videomonitoramento\/#breadcrumb\",\"itemListElement\":[{\"@type\":\"ListItem\",\"position\":1,\"name\":\"In\u00edcio\",\"item\":\"https:\/\/www.blogsoestado.com\/danielmatos\/\"},{\"@type\":\"ListItem\",\"position\":2,\"name\":\"Adriano sugere CPI para investigar abandono do sistema de videomonitoramento\"}]},{\"@type\":\"WebSite\",\"@id\":\"https:\/\/www.blogsoestado.com\/danielmatos\/#website\",\"url\":\"https:\/\/www.blogsoestado.com\/danielmatos\/\",\"name\":\"Daniel Matos\",\"description\":\"\",\"potentialAction\":[{\"@type\":\"SearchAction\",\"target\":{\"@type\":\"EntryPoint\",\"urlTemplate\":\"https:\/\/www.blogsoestado.com\/danielmatos\/?s={search_term_string}\"},\"query-input\":{\"@type\":\"PropertyValueSpecification\",\"valueRequired\":true,\"valueName\":\"search_term_string\"}}],\"inLanguage\":\"pt-BR\"}]}<\/script>\n<!-- \/ Yoast SEO plugin. -->","yoast_head_json":{"title":"Adriano sugere CPI para investigar abandono do sistema de videomonitoramento - Daniel Matos","robots":{"index":"index","follow":"follow","max-snippet":"max-snippet:-1","max-image-preview":"max-image-preview:large","max-video-preview":"max-video-preview:-1"},"canonical":"https:\/\/www.blogsoestado.com\/danielmatos\/adriano-sugere-cpi-para-investigar-abandono-do-sistema-de-videomonitoramento\/","og_locale":"pt_BR","og_type":"article","og_title":"Adriano sugere CPI para investigar abandono do sistema de videomonitoramento - Daniel Matos","og_description":"O deputado estadual Adriano Sarney (PV) disse estar disposto a propor ao plen\u00e1rio da Assembleia Legislativa a cria\u00e7\u00e3o de uma [&hellip;]","og_url":"https:\/\/www.blogsoestado.com\/danielmatos\/adriano-sugere-cpi-para-investigar-abandono-do-sistema-de-videomonitoramento\/","og_site_name":"Daniel Matos","article_published_time":"2019-03-19T16:44:18+00:00","og_image":[{"url":"https:\/\/www.blogsoestado.com\/danielmatos\/files\/2019\/03\/adriano-cpi-video.jpg","type":"","width":"","height":""}],"twitter_card":"summary_large_image","twitter_misc":{"Est. tempo de leitura":"3 minutos"},"schema":{"@context":"https:\/\/schema.org","@graph":[{"@type":"WebPage","@id":"https:\/\/www.blogsoestado.com\/danielmatos\/adriano-sugere-cpi-para-investigar-abandono-do-sistema-de-videomonitoramento\/","url":"https:\/\/www.blogsoestado.com\/danielmatos\/adriano-sugere-cpi-para-investigar-abandono-do-sistema-de-videomonitoramento\/","name":"Adriano sugere CPI para investigar abandono do sistema de videomonitoramento - Daniel Matos","isPartOf":{"@id":"https:\/\/www.blogsoestado.com\/danielmatos\/#website"},"primaryImageOfPage":{"@id":"https:\/\/www.blogsoestado.com\/danielmatos\/adriano-sugere-cpi-para-investigar-abandono-do-sistema-de-videomonitoramento\/#primaryimage"},"image":{"@id":"https:\/\/www.blogsoestado.com\/danielmatos\/adriano-sugere-cpi-para-investigar-abandono-do-sistema-de-videomonitoramento\/#primaryimage"},"thumbnailUrl":"https:\/\/www.blogsoestado.com\/danielmatos\/files\/2019\/03\/adriano-cpi-video.jpg","datePublished":"2019-03-19T16:44:18+00:00","author":{"@id":""},"breadcrumb":{"@id":"https:\/\/www.blogsoestado.com\/danielmatos\/adriano-sugere-cpi-para-investigar-abandono-do-sistema-de-videomonitoramento\/#breadcrumb"},"inLanguage":"pt-BR","potentialAction":[{"@type":"ReadAction","target":["https:\/\/www.blogsoestado.com\/danielmatos\/adriano-sugere-cpi-para-investigar-abandono-do-sistema-de-videomonitoramento\/"]}]},{"@type":"ImageObject","inLanguage":"pt-BR","@id":"https:\/\/www.blogsoestado.com\/danielmatos\/adriano-sugere-cpi-para-investigar-abandono-do-sistema-de-videomonitoramento\/#primaryimage","url":"https:\/\/www.blogsoestado.com\/danielmatos\/files\/2019\/03\/adriano-cpi-video.jpg","contentUrl":"https:\/\/www.blogsoestado.com\/danielmatos\/files\/2019\/03\/adriano-cpi-video.jpg"},{"@type":"BreadcrumbList","@id":"https:\/\/www.blogsoestado.com\/danielmatos\/adriano-sugere-cpi-para-investigar-abandono-do-sistema-de-videomonitoramento\/#breadcrumb","itemListElement":[{"@type":"ListItem","position":1,"name":"In\u00edcio","item":"https:\/\/www.blogsoestado.com\/danielmatos\/"},{"@type":"ListItem","position":2,"name":"Adriano sugere CPI para investigar abandono do sistema de videomonitoramento"}]},{"@type":"WebSite","@id":"https:\/\/www.blogsoestado.com\/danielmatos\/#website","url":"https:\/\/www.blogsoestado.com\/danielmatos\/","name":"Daniel Matos","description":"","potentialAction":[{"@type":"SearchAction","target":{"@type":"EntryPoint","urlTemplate":"https:\/\/www.blogsoestado.com\/danielmatos\/?s={search_term_string}"},"query-input":{"@type":"PropertyValueSpecification","valueRequired":true,"valueName":"search_term_string"}}],"inLanguage":"pt-BR"}]}},"jetpack_featured_media_url":"","_links":{"self":[{"href":"https:\/\/www.blogsoestado.com\/danielmatos\/wp-json\/wp\/v2\/posts\/61221","targetHints":{"allow":["GET"]}}],"collection":[{"href":"https:\/\/www.blogsoestado.com\/danielmatos\/wp-json\/wp\/v2\/posts"}],"about":[{"href":"https:\/\/www.blogsoestado.com\/danielmatos\/wp-json\/wp\/v2\/types\/post"}],"replies":[{"embeddable":true,"href":"https:\/\/www.blogsoestado.com\/danielmatos\/wp-json\/wp\/v2\/comments?post=61221"}],"version-history":[{"count":0,"href":"https:\/\/www.blogsoestado.com\/danielmatos\/wp-json\/wp\/v2\/posts\/61221\/revisions"}],"wp:attachment":[{"href":"https:\/\/www.blogsoestado.com\/danielmatos\/wp-json\/wp\/v2\/media?parent=61221"}],"wp:term":[{"taxonomy":"category","embeddable":true,"href":"https:\/\/www.blogsoestado.com\/danielmatos\/wp-json\/wp\/v2\/categories?post=61221"},{"taxonomy":"post_tag","embeddable":true,"href":"https:\/\/www.blogsoestado.com\/danielmatos\/wp-json\/wp\/v2\/tags?post=61221"}],"curies":[{"name":"wp","href":"https:\/\/api.w.org\/{rel}","templated":true}]}}