{"id":61229,"date":"2019-03-19T23:00:22","date_gmt":"2019-03-20T02:00:22","guid":{"rendered":"https:\/\/www.blogsoestado.com\/danielmatos\/?p=61229"},"modified":"2019-03-19T23:00:22","modified_gmt":"2019-03-20T02:00:22","slug":"projeto-ludic-realizara-iii-caminhada-amor-pelo-21","status":"publish","type":"post","link":"https:\/\/www.blogsoestado.com\/danielmatos\/projeto-ludic-realizara-iii-caminhada-amor-pelo-21\/","title":{"rendered":"Projeto Ludic realizar\u00e1 III Caminhada Amor pelo 21"},"content":{"rendered":"\n<p class=\"has-text-color has-large-font-size has-vivid-red-color\">Evento em comemora\u00e7\u00e3o ao Dia Internacional da S\u00edndrome de Down visa chamar aten\u00e7\u00e3o da sociedade para a inclus\u00e3o social das pessoas com defici\u00eancia, o que significa torn\u00e1-las participantes da vida social<\/p>\n\n\n\n<figure class=\"wp-block-image\"><img decoding=\"async\" src=\"https:\/\/www.blogsoestado.com\/danielmatos\/files\/2019\/03\/caminhada-ludic.jpg\" alt=\"\" class=\"wp-image-61230\"\/><figcaption> Caminhada visa conscientizar a popula\u00e7\u00e3o sobre a import\u00e2ncia da promo\u00e7\u00e3o dos direitos das pessoas portadoras de defici\u00eancia  <\/figcaption><\/figure>\n\n\n\n<p>O Projeto Ludic realizar\u00e1 dia 23 deste m\u00eas, \u00e0s 15h, na Reserva do Itapirac\u00f3, a III Caminhada Amor pelo 21, em comemora\u00e7\u00e3o ao Dia Internacional da S\u00edndrome de Down (21 de mar\u00e7o). A ideia \u00e9 mobilizar, chamar a aten\u00e7\u00e3o da sociedade para a inclus\u00e3o social das pessoas com defici\u00eancia, o que significa torn\u00e1-las participantes da vida social.<\/p>\n\n\n\n<p>Segunda a organizadora da caminhada e respons\u00e1vel pelo Projeto Ludic a terapeuta ocupacional R\u00f4se Cristina Bello, o principal desafio em rela\u00e7\u00e3o \u00e0 inclus\u00e3o das pessoas com S\u00edndrome de Down ainda \u00e9 se vencer o preconceito. \u201cCom isso, queremos conscientizar a popula\u00e7\u00e3o sobre a import\u00e2ncia da promo\u00e7\u00e3o dos direitos inerentes a essas pessoas para que possam tamb\u00e9m desfrutar uma vida plena e digna, como membros participativos na comunidade\u201d, ressaltou. <\/p>\n\n\n\n<p>Atuante na Cl\u00ednica Le Petit, R\u00f4se Cristina Bello explica que o trabalho do terapeuta ocupacional ajuda as pessoas com s\u00edndrome de Down a desenvolver, recuperar ou manter habilidades que elas precisam para desempenhar as chamadas atividades da vida di\u00e1ria, levando em conta as particularidades de cada indiv\u00edduo, bem como o ambiente em que vivem. Essas habilidades podem incluir, no caso de crian\u00e7as, comer com colher, beber no copo, usar o banheiro e brincar com brinquedos apropriados para a sua idade, entre outras. <\/p>\n\n\n\n<p>\u201cCom as crian\u00e7as, em particular, podemos procurar atuar tanto na estimula\u00e7\u00e3o e aquisi\u00e7\u00e3o de habilidades motoras finas, intelectuais e afetivas quanto na casa em que elas vivem com sua fam\u00edlia. Ajudando a crian\u00e7a com s\u00edndrome de Down a se relacionar com o meio, intermediando e facilitando esse encontro, ou seja, ajudando as fam\u00edlias a adaptar o ambiente para que a crian\u00e7a possa viver o dia a dia com confian\u00e7a e se integrar \u00e0 vida familiar\u201d, disse R\u00f4se Cristina Bello.<\/p>\n\n\n\n<p>Os interessados em participar da caminhada podem se inscrever gratuitamente at\u00e9 o dia 22 de mar\u00e7o na, Cl\u00ednica Le Petit, Estimular e nas Farm\u00e1cias Garrido, ou pelos telefones: 98876-2047\/98258-3307. O evento tem ainda o apoio da Minamoo.<\/p>\n","protected":false},"excerpt":{"rendered":"<p>Evento em comemora\u00e7\u00e3o ao Dia Internacional da S\u00edndrome de Down visa chamar aten\u00e7\u00e3o da sociedade para a inclus\u00e3o social das [&hellip;]<\/p>\n","protected":false},"author":0,"featured_media":0,"comment_status":"open","ping_status":"open","sticky":false,"template":"","format":"standard","meta":{"site-sidebar-layout":"default","site-content-layout":"","ast-site-content-layout":"default","site-content-style":"default","site-sidebar-style":"default","ast-global-header-display":"","ast-banner-title-visibility":"","ast-main-header-display":"","ast-hfb-above-header-display":"","ast-hfb-below-header-display":"","ast-hfb-mobile-header-display":"","site-post-title":"","ast-breadcrumbs-content":"","ast-featured-img":"","footer-sml-layout":"","ast-disable-related-posts":"","theme-transparent-header-meta":"","adv-header-id-meta":"","stick-header-meta":"","header-above-stick-meta":"","header-main-stick-meta":"","header-below-stick-meta":"","astra-migrate-meta-layouts":"default","ast-page-background-enabled":"default","ast-page-background-meta":{"desktop":{"background-color":"var(--ast-global-color-5)","background-image":"","background-repeat":"repeat","background-position":"center center","background-size":"auto","background-attachment":"scroll","background-type":"","background-media":"","overlay-type":"","overlay-color":"","overlay-opacity":"","overlay-gradient":""},"tablet":{"background-color":"","background-image":"","background-repeat":"repeat","background-position":"center center","background-size":"auto","background-attachment":"scroll","background-type":"","background-media":"","overlay-type":"","overlay-color":"","overlay-opacity":"","overlay-gradient":""},"mobile":{"background-color":"","background-image":"","background-repeat":"repeat","background-position":"center center","background-size":"auto","background-attachment":"scroll","background-type":"","background-media":"","overlay-type":"","overlay-color":"","overlay-opacity":"","overlay-gradient":""}},"ast-content-background-meta":{"desktop":{"background-color":"var(--ast-global-color-4)","background-image":"","background-repeat":"repeat","background-position":"center center","background-size":"auto","background-attachment":"scroll","background-type":"","background-media":"","overlay-type":"","overlay-color":"","overlay-opacity":"","overlay-gradient":""},"tablet":{"background-color":"var(--ast-global-color-4)","background-image":"","background-repeat":"repeat","background-position":"center center","background-size":"auto","background-attachment":"scroll","background-type":"","background-media":"","overlay-type":"","overlay-color":"","overlay-opacity":"","overlay-gradient":""},"mobile":{"background-color":"var(--ast-global-color-4)","background-image":"","background-repeat":"repeat","background-position":"center center","background-size":"auto","background-attachment":"scroll","background-type":"","background-media":"","overlay-type":"","overlay-color":"","overlay-opacity":"","overlay-gradient":""}},"footnotes":""},"categories":[1],"tags":[],"class_list":["post-61229","post","type-post","status-publish","format-standard","hentry","category-sem-categoria"],"yoast_head":"<!-- This site is optimized with the Yoast SEO plugin v26.6 - https:\/\/yoast.com\/wordpress\/plugins\/seo\/ -->\n<title>Projeto Ludic realizar\u00e1 III Caminhada Amor pelo 21 - Daniel Matos<\/title>\n<meta name=\"robots\" content=\"index, follow, max-snippet:-1, max-image-preview:large, max-video-preview:-1\" \/>\n<link rel=\"canonical\" href=\"https:\/\/www.blogsoestado.com\/danielmatos\/projeto-ludic-realizara-iii-caminhada-amor-pelo-21\/\" \/>\n<meta property=\"og:locale\" content=\"pt_BR\" \/>\n<meta property=\"og:type\" content=\"article\" \/>\n<meta property=\"og:title\" content=\"Projeto Ludic realizar\u00e1 III Caminhada Amor pelo 21 - Daniel Matos\" \/>\n<meta property=\"og:description\" content=\"Evento em comemora\u00e7\u00e3o ao Dia Internacional da S\u00edndrome de Down visa chamar aten\u00e7\u00e3o da sociedade para a inclus\u00e3o social das [&hellip;]\" \/>\n<meta property=\"og:url\" content=\"https:\/\/www.blogsoestado.com\/danielmatos\/projeto-ludic-realizara-iii-caminhada-amor-pelo-21\/\" \/>\n<meta property=\"og:site_name\" content=\"Daniel Matos\" \/>\n<meta property=\"article:published_time\" content=\"2019-03-20T02:00:22+00:00\" \/>\n<meta property=\"og:image\" content=\"https:\/\/www.blogsoestado.com\/danielmatos\/files\/2019\/03\/caminhada-ludic.jpg\" \/>\n<meta name=\"twitter:card\" content=\"summary_large_image\" \/>\n<meta name=\"twitter:label1\" content=\"Est. tempo de leitura\" \/>\n\t<meta name=\"twitter:data1\" content=\"2 minutos\" \/>\n<script type=\"application\/ld+json\" class=\"yoast-schema-graph\">{\"@context\":\"https:\/\/schema.org\",\"@graph\":[{\"@type\":\"WebPage\",\"@id\":\"https:\/\/www.blogsoestado.com\/danielmatos\/projeto-ludic-realizara-iii-caminhada-amor-pelo-21\/\",\"url\":\"https:\/\/www.blogsoestado.com\/danielmatos\/projeto-ludic-realizara-iii-caminhada-amor-pelo-21\/\",\"name\":\"Projeto Ludic realizar\u00e1 III Caminhada Amor pelo 21 - Daniel Matos\",\"isPartOf\":{\"@id\":\"https:\/\/www.blogsoestado.com\/danielmatos\/#website\"},\"primaryImageOfPage\":{\"@id\":\"https:\/\/www.blogsoestado.com\/danielmatos\/projeto-ludic-realizara-iii-caminhada-amor-pelo-21\/#primaryimage\"},\"image\":{\"@id\":\"https:\/\/www.blogsoestado.com\/danielmatos\/projeto-ludic-realizara-iii-caminhada-amor-pelo-21\/#primaryimage\"},\"thumbnailUrl\":\"https:\/\/www.blogsoestado.com\/danielmatos\/files\/2019\/03\/caminhada-ludic.jpg\",\"datePublished\":\"2019-03-20T02:00:22+00:00\",\"author\":{\"@id\":\"\"},\"breadcrumb\":{\"@id\":\"https:\/\/www.blogsoestado.com\/danielmatos\/projeto-ludic-realizara-iii-caminhada-amor-pelo-21\/#breadcrumb\"},\"inLanguage\":\"pt-BR\",\"potentialAction\":[{\"@type\":\"ReadAction\",\"target\":[\"https:\/\/www.blogsoestado.com\/danielmatos\/projeto-ludic-realizara-iii-caminhada-amor-pelo-21\/\"]}]},{\"@type\":\"ImageObject\",\"inLanguage\":\"pt-BR\",\"@id\":\"https:\/\/www.blogsoestado.com\/danielmatos\/projeto-ludic-realizara-iii-caminhada-amor-pelo-21\/#primaryimage\",\"url\":\"https:\/\/www.blogsoestado.com\/danielmatos\/files\/2019\/03\/caminhada-ludic.jpg\",\"contentUrl\":\"https:\/\/www.blogsoestado.com\/danielmatos\/files\/2019\/03\/caminhada-ludic.jpg\"},{\"@type\":\"BreadcrumbList\",\"@id\":\"https:\/\/www.blogsoestado.com\/danielmatos\/projeto-ludic-realizara-iii-caminhada-amor-pelo-21\/#breadcrumb\",\"itemListElement\":[{\"@type\":\"ListItem\",\"position\":1,\"name\":\"In\u00edcio\",\"item\":\"https:\/\/www.blogsoestado.com\/danielmatos\/\"},{\"@type\":\"ListItem\",\"position\":2,\"name\":\"Projeto Ludic realizar\u00e1 III Caminhada Amor pelo 21\"}]},{\"@type\":\"WebSite\",\"@id\":\"https:\/\/www.blogsoestado.com\/danielmatos\/#website\",\"url\":\"https:\/\/www.blogsoestado.com\/danielmatos\/\",\"name\":\"Daniel Matos\",\"description\":\"\",\"potentialAction\":[{\"@type\":\"SearchAction\",\"target\":{\"@type\":\"EntryPoint\",\"urlTemplate\":\"https:\/\/www.blogsoestado.com\/danielmatos\/?s={search_term_string}\"},\"query-input\":{\"@type\":\"PropertyValueSpecification\",\"valueRequired\":true,\"valueName\":\"search_term_string\"}}],\"inLanguage\":\"pt-BR\"}]}<\/script>\n<!-- \/ Yoast SEO plugin. -->","yoast_head_json":{"title":"Projeto Ludic realizar\u00e1 III Caminhada Amor pelo 21 - Daniel Matos","robots":{"index":"index","follow":"follow","max-snippet":"max-snippet:-1","max-image-preview":"max-image-preview:large","max-video-preview":"max-video-preview:-1"},"canonical":"https:\/\/www.blogsoestado.com\/danielmatos\/projeto-ludic-realizara-iii-caminhada-amor-pelo-21\/","og_locale":"pt_BR","og_type":"article","og_title":"Projeto Ludic realizar\u00e1 III Caminhada Amor pelo 21 - Daniel Matos","og_description":"Evento em comemora\u00e7\u00e3o ao Dia Internacional da S\u00edndrome de Down visa chamar aten\u00e7\u00e3o da sociedade para a inclus\u00e3o social das [&hellip;]","og_url":"https:\/\/www.blogsoestado.com\/danielmatos\/projeto-ludic-realizara-iii-caminhada-amor-pelo-21\/","og_site_name":"Daniel Matos","article_published_time":"2019-03-20T02:00:22+00:00","og_image":[{"url":"https:\/\/www.blogsoestado.com\/danielmatos\/files\/2019\/03\/caminhada-ludic.jpg","type":"","width":"","height":""}],"twitter_card":"summary_large_image","twitter_misc":{"Est. tempo de leitura":"2 minutos"},"schema":{"@context":"https:\/\/schema.org","@graph":[{"@type":"WebPage","@id":"https:\/\/www.blogsoestado.com\/danielmatos\/projeto-ludic-realizara-iii-caminhada-amor-pelo-21\/","url":"https:\/\/www.blogsoestado.com\/danielmatos\/projeto-ludic-realizara-iii-caminhada-amor-pelo-21\/","name":"Projeto Ludic realizar\u00e1 III Caminhada Amor pelo 21 - Daniel Matos","isPartOf":{"@id":"https:\/\/www.blogsoestado.com\/danielmatos\/#website"},"primaryImageOfPage":{"@id":"https:\/\/www.blogsoestado.com\/danielmatos\/projeto-ludic-realizara-iii-caminhada-amor-pelo-21\/#primaryimage"},"image":{"@id":"https:\/\/www.blogsoestado.com\/danielmatos\/projeto-ludic-realizara-iii-caminhada-amor-pelo-21\/#primaryimage"},"thumbnailUrl":"https:\/\/www.blogsoestado.com\/danielmatos\/files\/2019\/03\/caminhada-ludic.jpg","datePublished":"2019-03-20T02:00:22+00:00","author":{"@id":""},"breadcrumb":{"@id":"https:\/\/www.blogsoestado.com\/danielmatos\/projeto-ludic-realizara-iii-caminhada-amor-pelo-21\/#breadcrumb"},"inLanguage":"pt-BR","potentialAction":[{"@type":"ReadAction","target":["https:\/\/www.blogsoestado.com\/danielmatos\/projeto-ludic-realizara-iii-caminhada-amor-pelo-21\/"]}]},{"@type":"ImageObject","inLanguage":"pt-BR","@id":"https:\/\/www.blogsoestado.com\/danielmatos\/projeto-ludic-realizara-iii-caminhada-amor-pelo-21\/#primaryimage","url":"https:\/\/www.blogsoestado.com\/danielmatos\/files\/2019\/03\/caminhada-ludic.jpg","contentUrl":"https:\/\/www.blogsoestado.com\/danielmatos\/files\/2019\/03\/caminhada-ludic.jpg"},{"@type":"BreadcrumbList","@id":"https:\/\/www.blogsoestado.com\/danielmatos\/projeto-ludic-realizara-iii-caminhada-amor-pelo-21\/#breadcrumb","itemListElement":[{"@type":"ListItem","position":1,"name":"In\u00edcio","item":"https:\/\/www.blogsoestado.com\/danielmatos\/"},{"@type":"ListItem","position":2,"name":"Projeto Ludic realizar\u00e1 III Caminhada Amor pelo 21"}]},{"@type":"WebSite","@id":"https:\/\/www.blogsoestado.com\/danielmatos\/#website","url":"https:\/\/www.blogsoestado.com\/danielmatos\/","name":"Daniel Matos","description":"","potentialAction":[{"@type":"SearchAction","target":{"@type":"EntryPoint","urlTemplate":"https:\/\/www.blogsoestado.com\/danielmatos\/?s={search_term_string}"},"query-input":{"@type":"PropertyValueSpecification","valueRequired":true,"valueName":"search_term_string"}}],"inLanguage":"pt-BR"}]}},"jetpack_featured_media_url":"","_links":{"self":[{"href":"https:\/\/www.blogsoestado.com\/danielmatos\/wp-json\/wp\/v2\/posts\/61229","targetHints":{"allow":["GET"]}}],"collection":[{"href":"https:\/\/www.blogsoestado.com\/danielmatos\/wp-json\/wp\/v2\/posts"}],"about":[{"href":"https:\/\/www.blogsoestado.com\/danielmatos\/wp-json\/wp\/v2\/types\/post"}],"replies":[{"embeddable":true,"href":"https:\/\/www.blogsoestado.com\/danielmatos\/wp-json\/wp\/v2\/comments?post=61229"}],"version-history":[{"count":0,"href":"https:\/\/www.blogsoestado.com\/danielmatos\/wp-json\/wp\/v2\/posts\/61229\/revisions"}],"wp:attachment":[{"href":"https:\/\/www.blogsoestado.com\/danielmatos\/wp-json\/wp\/v2\/media?parent=61229"}],"wp:term":[{"taxonomy":"category","embeddable":true,"href":"https:\/\/www.blogsoestado.com\/danielmatos\/wp-json\/wp\/v2\/categories?post=61229"},{"taxonomy":"post_tag","embeddable":true,"href":"https:\/\/www.blogsoestado.com\/danielmatos\/wp-json\/wp\/v2\/tags?post=61229"}],"curies":[{"name":"wp","href":"https:\/\/api.w.org\/{rel}","templated":true}]}}