{"id":61232,"date":"2019-03-19T16:53:22","date_gmt":"2019-03-19T19:53:22","guid":{"rendered":"https:\/\/www.blogsoestado.com\/danielmatos\/?p=61232"},"modified":"2019-03-19T16:53:22","modified_gmt":"2019-03-19T19:53:22","slug":"mateus-chega-a-baixada-maranhense-com-inauguracao-historica","status":"publish","type":"post","link":"https:\/\/www.blogsoestado.com\/danielmatos\/mateus-chega-a-baixada-maranhense-com-inauguracao-historica\/","title":{"rendered":"Mateus chega \u00e0 Baixada Maranhense com inaugura\u00e7\u00e3o hist\u00f3rica"},"content":{"rendered":"\n<p class=\"has-text-color has-large-font-size has-vivid-red-color\">No primeiro dia de funcionamento, o novo Mix Atacarejo de Pinheiro vai abrir as portas durante 24 horas<\/p>\n\n\n\n<figure class=\"wp-block-image\"><img decoding=\"async\" src=\"https:\/\/www.blogsoestado.com\/danielmatos\/files\/2019\/03\/mix-pinheiro-1024x768.jpg\" alt=\"\" class=\"wp-image-61234\"\/><figcaption> <br> Mix Atacarejo de Pinheiro abrir\u00e1 ao p\u00fablico no primeiro minuto do dia 22 e s\u00f3 fechar\u00e1 24 horas depois, \u00e0 meia-noite de s\u00e1bado (23) <\/figcaption><\/figure>\n\n\n\n<p>Meia-noite: exatamente quando os ponteiros do rel\u00f3gio marcarem o in\u00edcio do primeiro minuto da sexta-feira (22), as portas do t\u00e3o aguardado Mix Atacarejo de Pinheiro ser\u00e3o abertas ao p\u00fablico e s\u00f3 fechar\u00e3o 24 horas depois, \u00e0 meia-noite de s\u00e1bado (23). O fato, in\u00e9dito na regi\u00e3o, vai marcar a chegada do maior grupo supermercadista do Maranh\u00e3o e um dos maiores do Brasil \u00e0 populosa e bela Princesa do Mearim, como \u00e9 carinhosamente chamada a cidade de Pinheiro. \u201cEstamos muito felizes com a chegada do Grupo a essa cidade, que \u00e9 t\u00e3o importante na economia do Maranh\u00e3o\u201d, enfatizou Ilson Mateus, presidente do Grupo Mateus.<\/p>\n\n\n\n<p>O novo empreendimento do Grupo Mateus tem uma megaestrutura: s\u00e3o mais de 11 mil metros quadrados de \u00e1rea total constru\u00edda, sendo 4,8 mil s\u00f3 no sal\u00e3o de vendas. No estacionamento, espa\u00e7o para 560 ve\u00edculos, entre motos e carros. Nas diversas se\u00e7\u00f5es espalhadas pela loja, um mix com mais de 15 mil produtos para atender a todo o p\u00fablico da cidade e da regi\u00e3o, que \u00e9 repleta de pequenos e m\u00e9dios comerciantes.<\/p>\n\n\n\n<p>\u201cA proposta do Mix Atacarejo \u00e9 oferecer produtos a pre\u00e7os competitivos e justos aos consumidores em geral e, em especial, aos empreendedores. O Mix de Pinheiro, a exemplo do que j\u00e1 ocorre em outras cidades do Maranh\u00e3o e do Par\u00e1, ser\u00e1 um polo distribuidor de produtos para comerciantes, pequenos e m\u00e9dios atacadistas da regi\u00e3o, que antes precisavam pagar mais caro ou tinham despesas maiores com o transporte da mercadoria, o que encarecia o pre\u00e7o final cobrado do consumidor. Agora, isso vai mudar\u201d, anunciou o presidente do Grupo Mateus.<\/p>\n\n\n\n<p><strong>Emprego e renda<\/strong><\/p>\n\n\n\n<figure class=\"wp-block-image\"><img decoding=\"async\" src=\"https:\/\/www.blogsoestado.com\/danielmatos\/files\/2019\/03\/mix-pinheiro2-1024x498.jpg\" alt=\"\" class=\"wp-image-61235\"\/><figcaption>Mix Atacarejo de Pinheiro ser\u00e1   um polo distribuidor de produtos para comerciantes, pequenos e m\u00e9dios atacadistas da regi\u00e3o <\/figcaption><\/figure>\n\n\n\n<p>Com a inaugura\u00e7\u00e3o do Mix Atacarejo em Pinheiro, o Grupo Mateus incrementa a economia da regi\u00e3o e favorece a gera\u00e7\u00e3o de emprego e renda. S\u00f3 para se ter uma ideia, com o in\u00edcio das opera\u00e7\u00f5es em Pinheiro, foram criados exatos 326 postos de trabalho na nova loja, com quase total m\u00e3o-de-obra local.<\/p>\n\n\n\n<p>Isso sem falar da gera\u00e7\u00e3o de renda indireta. \u201cO que vemos acontecer com frequ\u00eancia \u00e9 o surgimento de novos neg\u00f3cios, o que movimenta capital e fortalece a economia\u201d, assegurou Ilson Mateus.<\/p>\n\n\n\n<p><strong>Caf\u00e9 da manh\u00e3 com a imprensa<\/strong><\/p>\n\n\n\n<p>Para apresentar o novo Mix, a imprensa local foi convidada para um caf\u00e9 da manh\u00e3 exclusivo, nesta quarta-feira (20), \u00e0s 08h, no pr\u00f3prio Mix Pinheiro. Os profissionais da comunica\u00e7\u00e3o que atuam no munic\u00edpio e na vizinhan\u00e7a v\u00e3o conhecer em primeira m\u00e3o a estrutura da loja, as ofertas, os produtos e as novidades.<\/p>\n\n\n\n<p>Assim, quando forem reportar a chegada do empreendimento \u00e0 popula\u00e7\u00e3o, est\u00e3o muito melhor embasados, com conhecimento e dom\u00ednio de todas as informa\u00e7\u00f5es. Al\u00e9m disso, o caf\u00e9 da manh\u00e3 tamb\u00e9m servir\u00e1 para o Grupo Mateus estreitar as rela\u00e7\u00f5es com a imprensa local e mostrar os planos que tem para Pinheiro e regi\u00e3o.<\/p>\n\n\n\n<p><strong>SERVI\u00c7O<\/strong><\/p>\n\n\n\n<p>O QUE: Inaugura\u00e7\u00e3o do Mix Mateus<\/p>\n\n\n\n<p>QUANDO: Meia-noite de sexta (22) \u00e0 meia-noite de s\u00e1bado (23)<\/p>\n\n\n\n<p>ONDE: Pinheiro \u2013 Baixada Maranhense<\/p>\n","protected":false},"excerpt":{"rendered":"<p>No primeiro dia de funcionamento, o novo Mix Atacarejo de Pinheiro vai abrir as portas durante 24 horas Meia-noite: exatamente [&hellip;]<\/p>\n","protected":false},"author":0,"featured_media":0,"comment_status":"open","ping_status":"open","sticky":false,"template":"","format":"standard","meta":{"site-sidebar-layout":"default","site-content-layout":"","ast-site-content-layout":"default","site-content-style":"default","site-sidebar-style":"default","ast-global-header-display":"","ast-banner-title-visibility":"","ast-main-header-display":"","ast-hfb-above-header-display":"","ast-hfb-below-header-display":"","ast-hfb-mobile-header-display":"","site-post-title":"","ast-breadcrumbs-content":"","ast-featured-img":"","footer-sml-layout":"","ast-disable-related-posts":"","theme-transparent-header-meta":"","adv-header-id-meta":"","stick-header-meta":"","header-above-stick-meta":"","header-main-stick-meta":"","header-below-stick-meta":"","astra-migrate-meta-layouts":"default","ast-page-background-enabled":"default","ast-page-background-meta":{"desktop":{"background-color":"var(--ast-global-color-5)","background-image":"","background-repeat":"repeat","background-position":"center center","background-size":"auto","background-attachment":"scroll","background-type":"","background-media":"","overlay-type":"","overlay-color":"","overlay-opacity":"","overlay-gradient":""},"tablet":{"background-color":"","background-image":"","background-repeat":"repeat","background-position":"center center","background-size":"auto","background-attachment":"scroll","background-type":"","background-media":"","overlay-type":"","overlay-color":"","overlay-opacity":"","overlay-gradient":""},"mobile":{"background-color":"","background-image":"","background-repeat":"repeat","background-position":"center center","background-size":"auto","background-attachment":"scroll","background-type":"","background-media":"","overlay-type":"","overlay-color":"","overlay-opacity":"","overlay-gradient":""}},"ast-content-background-meta":{"desktop":{"background-color":"var(--ast-global-color-4)","background-image":"","background-repeat":"repeat","background-position":"center center","background-size":"auto","background-attachment":"scroll","background-type":"","background-media":"","overlay-type":"","overlay-color":"","overlay-opacity":"","overlay-gradient":""},"tablet":{"background-color":"var(--ast-global-color-4)","background-image":"","background-repeat":"repeat","background-position":"center center","background-size":"auto","background-attachment":"scroll","background-type":"","background-media":"","overlay-type":"","overlay-color":"","overlay-opacity":"","overlay-gradient":""},"mobile":{"background-color":"var(--ast-global-color-4)","background-image":"","background-repeat":"repeat","background-position":"center center","background-size":"auto","background-attachment":"scroll","background-type":"","background-media":"","overlay-type":"","overlay-color":"","overlay-opacity":"","overlay-gradient":""}},"footnotes":""},"categories":[1],"tags":[],"class_list":["post-61232","post","type-post","status-publish","format-standard","hentry","category-sem-categoria"],"yoast_head":"<!-- This site is optimized with the Yoast SEO plugin v26.6 - https:\/\/yoast.com\/wordpress\/plugins\/seo\/ -->\n<title>Mateus chega \u00e0 Baixada Maranhense com inaugura\u00e7\u00e3o hist\u00f3rica - Daniel Matos<\/title>\n<meta name=\"robots\" content=\"index, follow, max-snippet:-1, max-image-preview:large, max-video-preview:-1\" \/>\n<link rel=\"canonical\" href=\"https:\/\/www.blogsoestado.com\/danielmatos\/mateus-chega-a-baixada-maranhense-com-inauguracao-historica\/\" \/>\n<meta property=\"og:locale\" content=\"pt_BR\" \/>\n<meta property=\"og:type\" content=\"article\" \/>\n<meta property=\"og:title\" content=\"Mateus chega \u00e0 Baixada Maranhense com inaugura\u00e7\u00e3o hist\u00f3rica - Daniel Matos\" \/>\n<meta property=\"og:description\" content=\"No primeiro dia de funcionamento, o novo Mix Atacarejo de Pinheiro vai abrir as portas durante 24 horas Meia-noite: exatamente [&hellip;]\" \/>\n<meta property=\"og:url\" content=\"https:\/\/www.blogsoestado.com\/danielmatos\/mateus-chega-a-baixada-maranhense-com-inauguracao-historica\/\" \/>\n<meta property=\"og:site_name\" content=\"Daniel Matos\" \/>\n<meta property=\"article:published_time\" content=\"2019-03-19T19:53:22+00:00\" \/>\n<meta property=\"og:image\" content=\"https:\/\/www.blogsoestado.com\/danielmatos\/files\/2019\/03\/mix-pinheiro-1024x768.jpg\" \/>\n<meta name=\"twitter:card\" content=\"summary_large_image\" \/>\n<meta name=\"twitter:label1\" content=\"Est. tempo de leitura\" \/>\n\t<meta name=\"twitter:data1\" content=\"3 minutos\" \/>\n<script type=\"application\/ld+json\" class=\"yoast-schema-graph\">{\"@context\":\"https:\/\/schema.org\",\"@graph\":[{\"@type\":\"WebPage\",\"@id\":\"https:\/\/www.blogsoestado.com\/danielmatos\/mateus-chega-a-baixada-maranhense-com-inauguracao-historica\/\",\"url\":\"https:\/\/www.blogsoestado.com\/danielmatos\/mateus-chega-a-baixada-maranhense-com-inauguracao-historica\/\",\"name\":\"Mateus chega \u00e0 Baixada Maranhense com inaugura\u00e7\u00e3o hist\u00f3rica - Daniel Matos\",\"isPartOf\":{\"@id\":\"https:\/\/www.blogsoestado.com\/danielmatos\/#website\"},\"primaryImageOfPage\":{\"@id\":\"https:\/\/www.blogsoestado.com\/danielmatos\/mateus-chega-a-baixada-maranhense-com-inauguracao-historica\/#primaryimage\"},\"image\":{\"@id\":\"https:\/\/www.blogsoestado.com\/danielmatos\/mateus-chega-a-baixada-maranhense-com-inauguracao-historica\/#primaryimage\"},\"thumbnailUrl\":\"https:\/\/www.blogsoestado.com\/danielmatos\/files\/2019\/03\/mix-pinheiro-1024x768.jpg\",\"datePublished\":\"2019-03-19T19:53:22+00:00\",\"author\":{\"@id\":\"\"},\"breadcrumb\":{\"@id\":\"https:\/\/www.blogsoestado.com\/danielmatos\/mateus-chega-a-baixada-maranhense-com-inauguracao-historica\/#breadcrumb\"},\"inLanguage\":\"pt-BR\",\"potentialAction\":[{\"@type\":\"ReadAction\",\"target\":[\"https:\/\/www.blogsoestado.com\/danielmatos\/mateus-chega-a-baixada-maranhense-com-inauguracao-historica\/\"]}]},{\"@type\":\"ImageObject\",\"inLanguage\":\"pt-BR\",\"@id\":\"https:\/\/www.blogsoestado.com\/danielmatos\/mateus-chega-a-baixada-maranhense-com-inauguracao-historica\/#primaryimage\",\"url\":\"https:\/\/www.blogsoestado.com\/danielmatos\/files\/2019\/03\/mix-pinheiro-1024x768.jpg\",\"contentUrl\":\"https:\/\/www.blogsoestado.com\/danielmatos\/files\/2019\/03\/mix-pinheiro-1024x768.jpg\"},{\"@type\":\"BreadcrumbList\",\"@id\":\"https:\/\/www.blogsoestado.com\/danielmatos\/mateus-chega-a-baixada-maranhense-com-inauguracao-historica\/#breadcrumb\",\"itemListElement\":[{\"@type\":\"ListItem\",\"position\":1,\"name\":\"In\u00edcio\",\"item\":\"https:\/\/www.blogsoestado.com\/danielmatos\/\"},{\"@type\":\"ListItem\",\"position\":2,\"name\":\"Mateus chega \u00e0 Baixada Maranhense com inaugura\u00e7\u00e3o hist\u00f3rica\"}]},{\"@type\":\"WebSite\",\"@id\":\"https:\/\/www.blogsoestado.com\/danielmatos\/#website\",\"url\":\"https:\/\/www.blogsoestado.com\/danielmatos\/\",\"name\":\"Daniel Matos\",\"description\":\"\",\"potentialAction\":[{\"@type\":\"SearchAction\",\"target\":{\"@type\":\"EntryPoint\",\"urlTemplate\":\"https:\/\/www.blogsoestado.com\/danielmatos\/?s={search_term_string}\"},\"query-input\":{\"@type\":\"PropertyValueSpecification\",\"valueRequired\":true,\"valueName\":\"search_term_string\"}}],\"inLanguage\":\"pt-BR\"}]}<\/script>\n<!-- \/ Yoast SEO plugin. -->","yoast_head_json":{"title":"Mateus chega \u00e0 Baixada Maranhense com inaugura\u00e7\u00e3o hist\u00f3rica - Daniel Matos","robots":{"index":"index","follow":"follow","max-snippet":"max-snippet:-1","max-image-preview":"max-image-preview:large","max-video-preview":"max-video-preview:-1"},"canonical":"https:\/\/www.blogsoestado.com\/danielmatos\/mateus-chega-a-baixada-maranhense-com-inauguracao-historica\/","og_locale":"pt_BR","og_type":"article","og_title":"Mateus chega \u00e0 Baixada Maranhense com inaugura\u00e7\u00e3o hist\u00f3rica - Daniel Matos","og_description":"No primeiro dia de funcionamento, o novo Mix Atacarejo de Pinheiro vai abrir as portas durante 24 horas Meia-noite: exatamente [&hellip;]","og_url":"https:\/\/www.blogsoestado.com\/danielmatos\/mateus-chega-a-baixada-maranhense-com-inauguracao-historica\/","og_site_name":"Daniel Matos","article_published_time":"2019-03-19T19:53:22+00:00","og_image":[{"url":"https:\/\/www.blogsoestado.com\/danielmatos\/files\/2019\/03\/mix-pinheiro-1024x768.jpg","type":"","width":"","height":""}],"twitter_card":"summary_large_image","twitter_misc":{"Est. tempo de leitura":"3 minutos"},"schema":{"@context":"https:\/\/schema.org","@graph":[{"@type":"WebPage","@id":"https:\/\/www.blogsoestado.com\/danielmatos\/mateus-chega-a-baixada-maranhense-com-inauguracao-historica\/","url":"https:\/\/www.blogsoestado.com\/danielmatos\/mateus-chega-a-baixada-maranhense-com-inauguracao-historica\/","name":"Mateus chega \u00e0 Baixada Maranhense com inaugura\u00e7\u00e3o hist\u00f3rica - Daniel Matos","isPartOf":{"@id":"https:\/\/www.blogsoestado.com\/danielmatos\/#website"},"primaryImageOfPage":{"@id":"https:\/\/www.blogsoestado.com\/danielmatos\/mateus-chega-a-baixada-maranhense-com-inauguracao-historica\/#primaryimage"},"image":{"@id":"https:\/\/www.blogsoestado.com\/danielmatos\/mateus-chega-a-baixada-maranhense-com-inauguracao-historica\/#primaryimage"},"thumbnailUrl":"https:\/\/www.blogsoestado.com\/danielmatos\/files\/2019\/03\/mix-pinheiro-1024x768.jpg","datePublished":"2019-03-19T19:53:22+00:00","author":{"@id":""},"breadcrumb":{"@id":"https:\/\/www.blogsoestado.com\/danielmatos\/mateus-chega-a-baixada-maranhense-com-inauguracao-historica\/#breadcrumb"},"inLanguage":"pt-BR","potentialAction":[{"@type":"ReadAction","target":["https:\/\/www.blogsoestado.com\/danielmatos\/mateus-chega-a-baixada-maranhense-com-inauguracao-historica\/"]}]},{"@type":"ImageObject","inLanguage":"pt-BR","@id":"https:\/\/www.blogsoestado.com\/danielmatos\/mateus-chega-a-baixada-maranhense-com-inauguracao-historica\/#primaryimage","url":"https:\/\/www.blogsoestado.com\/danielmatos\/files\/2019\/03\/mix-pinheiro-1024x768.jpg","contentUrl":"https:\/\/www.blogsoestado.com\/danielmatos\/files\/2019\/03\/mix-pinheiro-1024x768.jpg"},{"@type":"BreadcrumbList","@id":"https:\/\/www.blogsoestado.com\/danielmatos\/mateus-chega-a-baixada-maranhense-com-inauguracao-historica\/#breadcrumb","itemListElement":[{"@type":"ListItem","position":1,"name":"In\u00edcio","item":"https:\/\/www.blogsoestado.com\/danielmatos\/"},{"@type":"ListItem","position":2,"name":"Mateus chega \u00e0 Baixada Maranhense com inaugura\u00e7\u00e3o hist\u00f3rica"}]},{"@type":"WebSite","@id":"https:\/\/www.blogsoestado.com\/danielmatos\/#website","url":"https:\/\/www.blogsoestado.com\/danielmatos\/","name":"Daniel Matos","description":"","potentialAction":[{"@type":"SearchAction","target":{"@type":"EntryPoint","urlTemplate":"https:\/\/www.blogsoestado.com\/danielmatos\/?s={search_term_string}"},"query-input":{"@type":"PropertyValueSpecification","valueRequired":true,"valueName":"search_term_string"}}],"inLanguage":"pt-BR"}]}},"jetpack_featured_media_url":"","_links":{"self":[{"href":"https:\/\/www.blogsoestado.com\/danielmatos\/wp-json\/wp\/v2\/posts\/61232","targetHints":{"allow":["GET"]}}],"collection":[{"href":"https:\/\/www.blogsoestado.com\/danielmatos\/wp-json\/wp\/v2\/posts"}],"about":[{"href":"https:\/\/www.blogsoestado.com\/danielmatos\/wp-json\/wp\/v2\/types\/post"}],"replies":[{"embeddable":true,"href":"https:\/\/www.blogsoestado.com\/danielmatos\/wp-json\/wp\/v2\/comments?post=61232"}],"version-history":[{"count":0,"href":"https:\/\/www.blogsoestado.com\/danielmatos\/wp-json\/wp\/v2\/posts\/61232\/revisions"}],"wp:attachment":[{"href":"https:\/\/www.blogsoestado.com\/danielmatos\/wp-json\/wp\/v2\/media?parent=61232"}],"wp:term":[{"taxonomy":"category","embeddable":true,"href":"https:\/\/www.blogsoestado.com\/danielmatos\/wp-json\/wp\/v2\/categories?post=61232"},{"taxonomy":"post_tag","embeddable":true,"href":"https:\/\/www.blogsoestado.com\/danielmatos\/wp-json\/wp\/v2\/tags?post=61232"}],"curies":[{"name":"wp","href":"https:\/\/api.w.org\/{rel}","templated":true}]}}