{"id":61246,"date":"2019-03-20T09:26:07","date_gmt":"2019-03-20T12:26:07","guid":{"rendered":"https:\/\/www.blogsoestado.com\/danielmatos\/?p=61246"},"modified":"2019-03-20T09:26:07","modified_gmt":"2019-03-20T12:26:07","slug":"tragedia-em-suzano-deve-levar-autoridades-a-refletirem-sobre-flexibilizacao-da-posse-de-armas-defende-ze-inacio","status":"publish","type":"post","link":"https:\/\/www.blogsoestado.com\/danielmatos\/tragedia-em-suzano-deve-levar-autoridades-a-refletirem-sobre-flexibilizacao-da-posse-de-armas-defende-ze-inacio\/","title":{"rendered":"&#8220;Trag\u00e9dia em Suzano deve levar autoridades a refletirem sobre flexibiliza\u00e7\u00e3o da posse de armas&#8221;, defende Z\u00e9 In\u00e1cio"},"content":{"rendered":"\n<figure class=\"wp-block-image\"><img decoding=\"async\" src=\"https:\/\/www.blogsoestado.com\/danielmatos\/files\/2019\/03\/inacio-armas-1024x678.jpg\" alt=\"\" class=\"wp-image-61247\"\/><figcaption>Z\u00e9 In\u00e1cio  <br>criticou o atual Governo Federal por ter editado um decreto para facilitar a compra e a posse de armas no Brasil  <\/figcaption><\/figure>\n\n\n\n<p>O deputado Z\u00e9 In\u00e1cio usou a tribuna da Assembleia esta ter\u00e7a-feira (19) para falar sobre os tristes atentados que aconteceram na escola Raul Brasil, em Suzano\/SP e em duas mesquitas na Nova Zel\u00e2ndia, e fez um paralelo sobre a flexibiliza\u00e7\u00e3o das leis brasileiras para a posse de armas.<\/p>\n\n\n\n<p>&#8220;Enquanto pelo ocorrido na Nova Zel\u00e2ndia a primeira Ministra determinou que encaminhar\u00e1 um projeto de lei para tornar mais r\u00edgido o acesso ao porte de armas, aqui no Brasil lideran\u00e7as destacadas do Governo, a exemplo do Major Ol\u00edmpio, diz que se os professores estivessem armados essa trag\u00e9dia, talvez, tivesse sido evitada. Ou seja, ele n\u00e3o s\u00f3 defende e promove o livre acesso \u00e0s armas como tamb\u00e9m defende que o professor ao inv\u00e9s de ter em suas m\u00e3os livros, a capacita\u00e7\u00e3o, a forma\u00e7\u00e3o, ele defende que os professores usem a arma nas escolas.&#8221;, disse Z\u00e9 In\u00e1cio. <\/p>\n\n\n\n<p>O parlamentar criticou o atual governo federal, que editou um decreto para facilitar a compra e posse de armas no Brasil. &#8220;Como ter acesso a arma \u00e9 uma pol\u00edtica de seguran\u00e7a? \u00c9 um grande equ\u00edvoco desse Governo que se elegeu com a promessa de trabalhar uma proposta de seguran\u00e7a p\u00fablica para o Brasil, mas que n\u00e3o tem apresentado nenhuma resposta significativa&#8221;, disse.<\/p>\n\n\n\n<p>Z\u00e9 In\u00e1cio destacou ainda dados que mostram queda no n\u00famero de mortes por armas de fogo ap\u00f3s entrar em vigor o Estatuto do Desarmamento, realidade que pode mudar com a facilidade do acesso a armas.<\/p>\n\n\n\n<p>E finalizou afirmando: \u201cn\u00e3o quero dizer com isso que o Brasil n\u00e3o continua nas estat\u00edsticas do pa\u00eds que mais mata, que mais comete homic\u00eddio a partir da arma de fogo, mas \u00e9 importante que se fa\u00e7a esse debate, se fa\u00e7a essa reflex\u00e3o a partir desse epis\u00f3dio. E  em vez das autoridades pensarem em flexibilizar a libera\u00e7\u00e3o de armas, n\u00f3s que somos representantes do povo temos que fazer esse debate para dizer que liberar arma n\u00e3o resolve, s\u00f3 aumenta os \u00edndices de viol\u00eancia, n\u00e3o s\u00f3 no pa\u00eds, mas em todo o mundo&#8221;, concluiu.<\/p>\n","protected":false},"excerpt":{"rendered":"<p>O deputado Z\u00e9 In\u00e1cio usou a tribuna da Assembleia esta ter\u00e7a-feira (19) para falar sobre os tristes atentados que aconteceram [&hellip;]<\/p>\n","protected":false},"author":0,"featured_media":0,"comment_status":"open","ping_status":"open","sticky":false,"template":"","format":"standard","meta":{"site-sidebar-layout":"default","site-content-layout":"","ast-site-content-layout":"default","site-content-style":"default","site-sidebar-style":"default","ast-global-header-display":"","ast-banner-title-visibility":"","ast-main-header-display":"","ast-hfb-above-header-display":"","ast-hfb-below-header-display":"","ast-hfb-mobile-header-display":"","site-post-title":"","ast-breadcrumbs-content":"","ast-featured-img":"","footer-sml-layout":"","ast-disable-related-posts":"","theme-transparent-header-meta":"","adv-header-id-meta":"","stick-header-meta":"","header-above-stick-meta":"","header-main-stick-meta":"","header-below-stick-meta":"","astra-migrate-meta-layouts":"default","ast-page-background-enabled":"default","ast-page-background-meta":{"desktop":{"background-color":"var(--ast-global-color-5)","background-image":"","background-repeat":"repeat","background-position":"center center","background-size":"auto","background-attachment":"scroll","background-type":"","background-media":"","overlay-type":"","overlay-color":"","overlay-opacity":"","overlay-gradient":""},"tablet":{"background-color":"","background-image":"","background-repeat":"repeat","background-position":"center center","background-size":"auto","background-attachment":"scroll","background-type":"","background-media":"","overlay-type":"","overlay-color":"","overlay-opacity":"","overlay-gradient":""},"mobile":{"background-color":"","background-image":"","background-repeat":"repeat","background-position":"center center","background-size":"auto","background-attachment":"scroll","background-type":"","background-media":"","overlay-type":"","overlay-color":"","overlay-opacity":"","overlay-gradient":""}},"ast-content-background-meta":{"desktop":{"background-color":"var(--ast-global-color-4)","background-image":"","background-repeat":"repeat","background-position":"center center","background-size":"auto","background-attachment":"scroll","background-type":"","background-media":"","overlay-type":"","overlay-color":"","overlay-opacity":"","overlay-gradient":""},"tablet":{"background-color":"var(--ast-global-color-4)","background-image":"","background-repeat":"repeat","background-position":"center center","background-size":"auto","background-attachment":"scroll","background-type":"","background-media":"","overlay-type":"","overlay-color":"","overlay-opacity":"","overlay-gradient":""},"mobile":{"background-color":"var(--ast-global-color-4)","background-image":"","background-repeat":"repeat","background-position":"center center","background-size":"auto","background-attachment":"scroll","background-type":"","background-media":"","overlay-type":"","overlay-color":"","overlay-opacity":"","overlay-gradient":""}},"footnotes":""},"categories":[1],"tags":[],"class_list":["post-61246","post","type-post","status-publish","format-standard","hentry","category-sem-categoria"],"yoast_head":"<!-- This site is optimized with the Yoast SEO plugin v26.6 - https:\/\/yoast.com\/wordpress\/plugins\/seo\/ -->\n<title>&quot;Trag\u00e9dia em Suzano deve levar autoridades a refletirem sobre flexibiliza\u00e7\u00e3o da posse de armas&quot;, defende Z\u00e9 In\u00e1cio - Daniel Matos<\/title>\n<meta name=\"robots\" content=\"index, follow, max-snippet:-1, max-image-preview:large, max-video-preview:-1\" \/>\n<link rel=\"canonical\" href=\"https:\/\/www.blogsoestado.com\/danielmatos\/tragedia-em-suzano-deve-levar-autoridades-a-refletirem-sobre-flexibilizacao-da-posse-de-armas-defende-ze-inacio\/\" \/>\n<meta property=\"og:locale\" content=\"pt_BR\" \/>\n<meta property=\"og:type\" content=\"article\" \/>\n<meta property=\"og:title\" content=\"&quot;Trag\u00e9dia em Suzano deve levar autoridades a refletirem sobre flexibiliza\u00e7\u00e3o da posse de armas&quot;, defende Z\u00e9 In\u00e1cio - Daniel Matos\" \/>\n<meta property=\"og:description\" content=\"O deputado Z\u00e9 In\u00e1cio usou a tribuna da Assembleia esta ter\u00e7a-feira (19) para falar sobre os tristes atentados que aconteceram [&hellip;]\" \/>\n<meta property=\"og:url\" content=\"https:\/\/www.blogsoestado.com\/danielmatos\/tragedia-em-suzano-deve-levar-autoridades-a-refletirem-sobre-flexibilizacao-da-posse-de-armas-defende-ze-inacio\/\" \/>\n<meta property=\"og:site_name\" content=\"Daniel Matos\" \/>\n<meta property=\"article:published_time\" content=\"2019-03-20T12:26:07+00:00\" \/>\n<meta property=\"og:image\" content=\"https:\/\/www.blogsoestado.com\/danielmatos\/files\/2019\/03\/inacio-armas-1024x678.jpg\" \/>\n<meta name=\"twitter:card\" content=\"summary_large_image\" \/>\n<meta name=\"twitter:label1\" content=\"Est. tempo de leitura\" \/>\n\t<meta name=\"twitter:data1\" content=\"2 minutos\" \/>\n<script type=\"application\/ld+json\" class=\"yoast-schema-graph\">{\"@context\":\"https:\/\/schema.org\",\"@graph\":[{\"@type\":\"WebPage\",\"@id\":\"https:\/\/www.blogsoestado.com\/danielmatos\/tragedia-em-suzano-deve-levar-autoridades-a-refletirem-sobre-flexibilizacao-da-posse-de-armas-defende-ze-inacio\/\",\"url\":\"https:\/\/www.blogsoestado.com\/danielmatos\/tragedia-em-suzano-deve-levar-autoridades-a-refletirem-sobre-flexibilizacao-da-posse-de-armas-defende-ze-inacio\/\",\"name\":\"\\\"Trag\u00e9dia em Suzano deve levar autoridades a refletirem sobre flexibiliza\u00e7\u00e3o da posse de armas\\\", defende Z\u00e9 In\u00e1cio - Daniel Matos\",\"isPartOf\":{\"@id\":\"https:\/\/www.blogsoestado.com\/danielmatos\/#website\"},\"primaryImageOfPage\":{\"@id\":\"https:\/\/www.blogsoestado.com\/danielmatos\/tragedia-em-suzano-deve-levar-autoridades-a-refletirem-sobre-flexibilizacao-da-posse-de-armas-defende-ze-inacio\/#primaryimage\"},\"image\":{\"@id\":\"https:\/\/www.blogsoestado.com\/danielmatos\/tragedia-em-suzano-deve-levar-autoridades-a-refletirem-sobre-flexibilizacao-da-posse-de-armas-defende-ze-inacio\/#primaryimage\"},\"thumbnailUrl\":\"https:\/\/www.blogsoestado.com\/danielmatos\/files\/2019\/03\/inacio-armas-1024x678.jpg\",\"datePublished\":\"2019-03-20T12:26:07+00:00\",\"author\":{\"@id\":\"\"},\"breadcrumb\":{\"@id\":\"https:\/\/www.blogsoestado.com\/danielmatos\/tragedia-em-suzano-deve-levar-autoridades-a-refletirem-sobre-flexibilizacao-da-posse-de-armas-defende-ze-inacio\/#breadcrumb\"},\"inLanguage\":\"pt-BR\",\"potentialAction\":[{\"@type\":\"ReadAction\",\"target\":[\"https:\/\/www.blogsoestado.com\/danielmatos\/tragedia-em-suzano-deve-levar-autoridades-a-refletirem-sobre-flexibilizacao-da-posse-de-armas-defende-ze-inacio\/\"]}]},{\"@type\":\"ImageObject\",\"inLanguage\":\"pt-BR\",\"@id\":\"https:\/\/www.blogsoestado.com\/danielmatos\/tragedia-em-suzano-deve-levar-autoridades-a-refletirem-sobre-flexibilizacao-da-posse-de-armas-defende-ze-inacio\/#primaryimage\",\"url\":\"https:\/\/www.blogsoestado.com\/danielmatos\/files\/2019\/03\/inacio-armas-1024x678.jpg\",\"contentUrl\":\"https:\/\/www.blogsoestado.com\/danielmatos\/files\/2019\/03\/inacio-armas-1024x678.jpg\"},{\"@type\":\"BreadcrumbList\",\"@id\":\"https:\/\/www.blogsoestado.com\/danielmatos\/tragedia-em-suzano-deve-levar-autoridades-a-refletirem-sobre-flexibilizacao-da-posse-de-armas-defende-ze-inacio\/#breadcrumb\",\"itemListElement\":[{\"@type\":\"ListItem\",\"position\":1,\"name\":\"In\u00edcio\",\"item\":\"https:\/\/www.blogsoestado.com\/danielmatos\/\"},{\"@type\":\"ListItem\",\"position\":2,\"name\":\"&#8220;Trag\u00e9dia em Suzano deve levar autoridades a refletirem sobre flexibiliza\u00e7\u00e3o da posse de armas&#8221;, defende Z\u00e9 In\u00e1cio\"}]},{\"@type\":\"WebSite\",\"@id\":\"https:\/\/www.blogsoestado.com\/danielmatos\/#website\",\"url\":\"https:\/\/www.blogsoestado.com\/danielmatos\/\",\"name\":\"Daniel Matos\",\"description\":\"\",\"potentialAction\":[{\"@type\":\"SearchAction\",\"target\":{\"@type\":\"EntryPoint\",\"urlTemplate\":\"https:\/\/www.blogsoestado.com\/danielmatos\/?s={search_term_string}\"},\"query-input\":{\"@type\":\"PropertyValueSpecification\",\"valueRequired\":true,\"valueName\":\"search_term_string\"}}],\"inLanguage\":\"pt-BR\"}]}<\/script>\n<!-- \/ Yoast SEO plugin. -->","yoast_head_json":{"title":"\"Trag\u00e9dia em Suzano deve levar autoridades a refletirem sobre flexibiliza\u00e7\u00e3o da posse de armas\", defende Z\u00e9 In\u00e1cio - Daniel Matos","robots":{"index":"index","follow":"follow","max-snippet":"max-snippet:-1","max-image-preview":"max-image-preview:large","max-video-preview":"max-video-preview:-1"},"canonical":"https:\/\/www.blogsoestado.com\/danielmatos\/tragedia-em-suzano-deve-levar-autoridades-a-refletirem-sobre-flexibilizacao-da-posse-de-armas-defende-ze-inacio\/","og_locale":"pt_BR","og_type":"article","og_title":"\"Trag\u00e9dia em Suzano deve levar autoridades a refletirem sobre flexibiliza\u00e7\u00e3o da posse de armas\", defende Z\u00e9 In\u00e1cio - Daniel Matos","og_description":"O deputado Z\u00e9 In\u00e1cio usou a tribuna da Assembleia esta ter\u00e7a-feira (19) para falar sobre os tristes atentados que aconteceram [&hellip;]","og_url":"https:\/\/www.blogsoestado.com\/danielmatos\/tragedia-em-suzano-deve-levar-autoridades-a-refletirem-sobre-flexibilizacao-da-posse-de-armas-defende-ze-inacio\/","og_site_name":"Daniel Matos","article_published_time":"2019-03-20T12:26:07+00:00","og_image":[{"url":"https:\/\/www.blogsoestado.com\/danielmatos\/files\/2019\/03\/inacio-armas-1024x678.jpg","type":"","width":"","height":""}],"twitter_card":"summary_large_image","twitter_misc":{"Est. tempo de leitura":"2 minutos"},"schema":{"@context":"https:\/\/schema.org","@graph":[{"@type":"WebPage","@id":"https:\/\/www.blogsoestado.com\/danielmatos\/tragedia-em-suzano-deve-levar-autoridades-a-refletirem-sobre-flexibilizacao-da-posse-de-armas-defende-ze-inacio\/","url":"https:\/\/www.blogsoestado.com\/danielmatos\/tragedia-em-suzano-deve-levar-autoridades-a-refletirem-sobre-flexibilizacao-da-posse-de-armas-defende-ze-inacio\/","name":"\"Trag\u00e9dia em Suzano deve levar autoridades a refletirem sobre flexibiliza\u00e7\u00e3o da posse de armas\", defende Z\u00e9 In\u00e1cio - Daniel Matos","isPartOf":{"@id":"https:\/\/www.blogsoestado.com\/danielmatos\/#website"},"primaryImageOfPage":{"@id":"https:\/\/www.blogsoestado.com\/danielmatos\/tragedia-em-suzano-deve-levar-autoridades-a-refletirem-sobre-flexibilizacao-da-posse-de-armas-defende-ze-inacio\/#primaryimage"},"image":{"@id":"https:\/\/www.blogsoestado.com\/danielmatos\/tragedia-em-suzano-deve-levar-autoridades-a-refletirem-sobre-flexibilizacao-da-posse-de-armas-defende-ze-inacio\/#primaryimage"},"thumbnailUrl":"https:\/\/www.blogsoestado.com\/danielmatos\/files\/2019\/03\/inacio-armas-1024x678.jpg","datePublished":"2019-03-20T12:26:07+00:00","author":{"@id":""},"breadcrumb":{"@id":"https:\/\/www.blogsoestado.com\/danielmatos\/tragedia-em-suzano-deve-levar-autoridades-a-refletirem-sobre-flexibilizacao-da-posse-de-armas-defende-ze-inacio\/#breadcrumb"},"inLanguage":"pt-BR","potentialAction":[{"@type":"ReadAction","target":["https:\/\/www.blogsoestado.com\/danielmatos\/tragedia-em-suzano-deve-levar-autoridades-a-refletirem-sobre-flexibilizacao-da-posse-de-armas-defende-ze-inacio\/"]}]},{"@type":"ImageObject","inLanguage":"pt-BR","@id":"https:\/\/www.blogsoestado.com\/danielmatos\/tragedia-em-suzano-deve-levar-autoridades-a-refletirem-sobre-flexibilizacao-da-posse-de-armas-defende-ze-inacio\/#primaryimage","url":"https:\/\/www.blogsoestado.com\/danielmatos\/files\/2019\/03\/inacio-armas-1024x678.jpg","contentUrl":"https:\/\/www.blogsoestado.com\/danielmatos\/files\/2019\/03\/inacio-armas-1024x678.jpg"},{"@type":"BreadcrumbList","@id":"https:\/\/www.blogsoestado.com\/danielmatos\/tragedia-em-suzano-deve-levar-autoridades-a-refletirem-sobre-flexibilizacao-da-posse-de-armas-defende-ze-inacio\/#breadcrumb","itemListElement":[{"@type":"ListItem","position":1,"name":"In\u00edcio","item":"https:\/\/www.blogsoestado.com\/danielmatos\/"},{"@type":"ListItem","position":2,"name":"&#8220;Trag\u00e9dia em Suzano deve levar autoridades a refletirem sobre flexibiliza\u00e7\u00e3o da posse de armas&#8221;, defende Z\u00e9 In\u00e1cio"}]},{"@type":"WebSite","@id":"https:\/\/www.blogsoestado.com\/danielmatos\/#website","url":"https:\/\/www.blogsoestado.com\/danielmatos\/","name":"Daniel Matos","description":"","potentialAction":[{"@type":"SearchAction","target":{"@type":"EntryPoint","urlTemplate":"https:\/\/www.blogsoestado.com\/danielmatos\/?s={search_term_string}"},"query-input":{"@type":"PropertyValueSpecification","valueRequired":true,"valueName":"search_term_string"}}],"inLanguage":"pt-BR"}]}},"jetpack_featured_media_url":"","_links":{"self":[{"href":"https:\/\/www.blogsoestado.com\/danielmatos\/wp-json\/wp\/v2\/posts\/61246","targetHints":{"allow":["GET"]}}],"collection":[{"href":"https:\/\/www.blogsoestado.com\/danielmatos\/wp-json\/wp\/v2\/posts"}],"about":[{"href":"https:\/\/www.blogsoestado.com\/danielmatos\/wp-json\/wp\/v2\/types\/post"}],"replies":[{"embeddable":true,"href":"https:\/\/www.blogsoestado.com\/danielmatos\/wp-json\/wp\/v2\/comments?post=61246"}],"version-history":[{"count":0,"href":"https:\/\/www.blogsoestado.com\/danielmatos\/wp-json\/wp\/v2\/posts\/61246\/revisions"}],"wp:attachment":[{"href":"https:\/\/www.blogsoestado.com\/danielmatos\/wp-json\/wp\/v2\/media?parent=61246"}],"wp:term":[{"taxonomy":"category","embeddable":true,"href":"https:\/\/www.blogsoestado.com\/danielmatos\/wp-json\/wp\/v2\/categories?post=61246"},{"taxonomy":"post_tag","embeddable":true,"href":"https:\/\/www.blogsoestado.com\/danielmatos\/wp-json\/wp\/v2\/tags?post=61246"}],"curies":[{"name":"wp","href":"https:\/\/api.w.org\/{rel}","templated":true}]}}