{"id":61249,"date":"2019-03-20T11:24:49","date_gmt":"2019-03-20T14:24:49","guid":{"rendered":"https:\/\/www.blogsoestado.com\/danielmatos\/?p=61249"},"modified":"2019-03-20T11:24:49","modified_gmt":"2019-03-20T14:24:49","slug":"ze-gentil-e-fabio-gentil-debatem-projeto-do-porto-seco-de-caxias-em-feira-internacional-de-logistica-em-sp","status":"publish","type":"post","link":"https:\/\/www.blogsoestado.com\/danielmatos\/ze-gentil-e-fabio-gentil-debatem-projeto-do-porto-seco-de-caxias-em-feira-internacional-de-logistica-em-sp\/","title":{"rendered":"Z\u00e9 Gentil e F\u00e1bio Gentil debatem projeto do porto seco de Caxias em feira internacional de log\u00edstica, em SP"},"content":{"rendered":"\n<figure class=\"wp-block-image\"><img decoding=\"async\" src=\"https:\/\/www.blogsoestado.com\/danielmatos\/files\/2019\/03\/porto-seco3.jpg\" alt=\"\" class=\"wp-image-61250\"\/><figcaption>Z\u00c9 Gentil e F\u00e1bio Gentil discutem com Carlos Brand\u00e3o e t\u00e9cnicos viabilidade do porto seco no stand da Emap na 25\u00aa Intermodal South America<\/figcaption><\/figure>\n\n\n\n<p>O deputado estadual Z\u00e9 Gentil (PRB) acompanhou o prefeito de Caxias, F\u00e1bio Gentil (PRB), em visita \u00e0 25\u00aa edi\u00e7\u00e3o da Intermodal South America 2019, feira internacional que apresenta as inova\u00e7\u00f5es na \u00e1rea de log\u00edstica portu\u00e1ria, aberta nessa ter\u00e7a-feira (19), na Expo S\u00e3o Paulo, em S\u00e3o Paulo. O parlamentar e o gestor municipal conheceram as novidades do setor e participaram de uma reuni\u00e3o na qual foi reafirmada a viabilidade da instala\u00e7\u00e3o de um porto seco em territ\u00f3rio caxiense.<\/p>\n\n\n\n<p>Maior evento do g\u00eanero da Am\u00e9rica Latina, a 25\u00aa Intermodal South America \u00e9 prestigiada por empres\u00e1rios de todo o continente e de pa\u00edses como B\u00e9lgica, China, Holanda, Canad\u00e1 e Estados Unidos. Autoridades do Governo Federal, como o secret\u00e1rio nacional de Portos do Minist\u00e9rio da Infraestrutura, Diogo Piloni e Silva, tamb\u00e9m prestigiaram a feira. Ao todo, s\u00e3o esperados mais de 50 mil visitantes at\u00e9 amanh\u00e3 (21), \u00faltimo dia do evento.  <\/p>\n\n\n\n<p>A comitiva maranhense na 25\u00aa Intermodal South Am\u00e9rica foi liderada pelo vice-governador Carlos Brand\u00e3o, que tem demonstrado entusiasmo e boa vontade em rela\u00e7\u00e3o \u00e0 instala\u00e7\u00e3o de um porto seco em Caxias. Em reuni\u00e3o no stand montado pela Empresa Maranhense de Administra\u00e7\u00e3o Portu\u00e1ria (Emap), t\u00e9cnicos da estatal apresentaram a Brand\u00e3o, F\u00e1bio e Z\u00e9 Gentil o projeto, que conta com o apoio do Governo do Estado, e tem potencial de gerar milhares de empregos diretos e indiretos e volume expressivo de renda em Caxias e regi\u00e3o, al\u00e9m de fortalecer a arrecada\u00e7\u00e3o tribut\u00e1ria.<\/p>\n\n\n\n<figure class=\"wp-block-image\"><img decoding=\"async\" src=\"https:\/\/www.blogsoestado.com\/danielmatos\/files\/2019\/03\/porto-seco.jpg\" alt=\"\" class=\"wp-image-61251\"\/><figcaption>O deputado estadual e o prefeito com o vice-governador, Carlos Brand\u00e3o, na abertura da feira<\/figcaption><\/figure>\n\n\n\n<p>Em breve exposi\u00e7\u00e3o sobre o porto seco em Caxias, um dos t\u00e9cnicos da Emap explicou, com aux\u00edlio de gr\u00e1ficos, que o projeto n\u00e3o depender\u00e1 necessariamente de ferrovia para ser vi\u00e1vel ou n\u00e3o. Ele observou que essa n\u00e3o \u00e9 uma condi\u00e7\u00e3o, principalmente quando se fala da movimenta\u00e7\u00e3o de cargas industrializadas, como cont\u00eaineres. &#8220;Uma ferrovia acaba n\u00e3o sendo competitiva para transporta cont\u00eainer. Um modal rodovi\u00e1rio \u00e9 muito mais din\u00e2mico para esse tipo de carga&#8221;, esclareceu.<\/p>\n\n\n\n<p>O t\u00e9cnico refor\u00e7ou que para quest\u00e3o de cargas alfandegadas o empreendimento n\u00e3o seria dependente de ferrovia para se tornar vi\u00e1vel. Mas frisou que em rela\u00e7\u00e3o a outros tipos de cargas, como soja, para o caso de o porto seco atender a fronteira agr\u00edcola, seria preciso pensar em um ramal ferrovi\u00e1rio. &#8220;Um estudo de viabilidade j\u00e1 incluiria essa quest\u00e3o&#8221;, recomendou o especialista.  <\/p>\n\n\n\n<p><strong>Assista ao v\u00eddeo:<\/strong><\/p>\n\n\n\n<figure class=\"wp-block-embed-youtube wp-block-embed is-type-video is-provider-youtube wp-embed-aspect-16-9 wp-has-aspect-ratio\"><div class=\"wp-block-embed__wrapper\">\n<iframe title=\"T\u00e9cnico fala sobre viabilidade de porto seco em Caxias\" width=\"500\" height=\"281\" src=\"https:\/\/www.youtube.com\/embed\/7nHX-b2rEWE?feature=oembed\" frameborder=\"0\" allow=\"accelerometer; autoplay; clipboard-write; encrypted-media; gyroscope; picture-in-picture; web-share\" referrerpolicy=\"strict-origin-when-cross-origin\" allowfullscreen><\/iframe>\n<\/div><\/figure>\n\n\n\n<p><strong>Protocolo de inten\u00e7\u00f5es<\/strong><\/p>\n\n\n\n<p>O projeto do porto seco em Caxias j\u00e1 conta com um protocolo de inten\u00e7\u00f5es, assinado em 29 de janeiro deste ano, com a Empresa Maranhense de Administra\u00e7\u00e3o Portu\u00e1ria (Emap), que representou o primeiro passo para a execu\u00e7\u00e3o do empreendimento no munic\u00edpio. <\/p>\n\n\n\n<p>No ato da assinatura do documento, foi destacado que Caxias re\u00fane os requisitos ideais para a instala\u00e7\u00e3o e a opera\u00e7\u00e3o do empreendimento. Disp\u00f5e de ferrovia, hidrovia, condi\u00e7\u00f5es para implanta\u00e7\u00e3o de aeroporto e estradas e posi\u00e7\u00e3o geogr\u00e1fica estrat\u00e9gica, que propicia bom escoamento para os produtos.  <\/p>\n","protected":false},"excerpt":{"rendered":"<p>O deputado estadual Z\u00e9 Gentil (PRB) acompanhou o prefeito de Caxias, F\u00e1bio Gentil (PRB), em visita \u00e0 25\u00aa edi\u00e7\u00e3o da [&hellip;]<\/p>\n","protected":false},"author":0,"featured_media":0,"comment_status":"open","ping_status":"open","sticky":false,"template":"","format":"standard","meta":{"site-sidebar-layout":"default","site-content-layout":"","ast-site-content-layout":"default","site-content-style":"default","site-sidebar-style":"default","ast-global-header-display":"","ast-banner-title-visibility":"","ast-main-header-display":"","ast-hfb-above-header-display":"","ast-hfb-below-header-display":"","ast-hfb-mobile-header-display":"","site-post-title":"","ast-breadcrumbs-content":"","ast-featured-img":"","footer-sml-layout":"","ast-disable-related-posts":"","theme-transparent-header-meta":"","adv-header-id-meta":"","stick-header-meta":"","header-above-stick-meta":"","header-main-stick-meta":"","header-below-stick-meta":"","astra-migrate-meta-layouts":"default","ast-page-background-enabled":"default","ast-page-background-meta":{"desktop":{"background-color":"var(--ast-global-color-5)","background-image":"","background-repeat":"repeat","background-position":"center center","background-size":"auto","background-attachment":"scroll","background-type":"","background-media":"","overlay-type":"","overlay-color":"","overlay-opacity":"","overlay-gradient":""},"tablet":{"background-color":"","background-image":"","background-repeat":"repeat","background-position":"center center","background-size":"auto","background-attachment":"scroll","background-type":"","background-media":"","overlay-type":"","overlay-color":"","overlay-opacity":"","overlay-gradient":""},"mobile":{"background-color":"","background-image":"","background-repeat":"repeat","background-position":"center center","background-size":"auto","background-attachment":"scroll","background-type":"","background-media":"","overlay-type":"","overlay-color":"","overlay-opacity":"","overlay-gradient":""}},"ast-content-background-meta":{"desktop":{"background-color":"var(--ast-global-color-4)","background-image":"","background-repeat":"repeat","background-position":"center center","background-size":"auto","background-attachment":"scroll","background-type":"","background-media":"","overlay-type":"","overlay-color":"","overlay-opacity":"","overlay-gradient":""},"tablet":{"background-color":"var(--ast-global-color-4)","background-image":"","background-repeat":"repeat","background-position":"center center","background-size":"auto","background-attachment":"scroll","background-type":"","background-media":"","overlay-type":"","overlay-color":"","overlay-opacity":"","overlay-gradient":""},"mobile":{"background-color":"var(--ast-global-color-4)","background-image":"","background-repeat":"repeat","background-position":"center center","background-size":"auto","background-attachment":"scroll","background-type":"","background-media":"","overlay-type":"","overlay-color":"","overlay-opacity":"","overlay-gradient":""}},"footnotes":""},"categories":[1],"tags":[],"class_list":["post-61249","post","type-post","status-publish","format-standard","hentry","category-sem-categoria"],"yoast_head":"<!-- This site is optimized with the Yoast SEO plugin v26.6 - https:\/\/yoast.com\/wordpress\/plugins\/seo\/ -->\n<title>Z\u00e9 Gentil e F\u00e1bio Gentil debatem projeto do porto seco de Caxias em feira internacional de log\u00edstica, em SP - Daniel Matos<\/title>\n<meta name=\"robots\" content=\"index, follow, max-snippet:-1, max-image-preview:large, max-video-preview:-1\" \/>\n<link rel=\"canonical\" href=\"https:\/\/www.blogsoestado.com\/danielmatos\/ze-gentil-e-fabio-gentil-debatem-projeto-do-porto-seco-de-caxias-em-feira-internacional-de-logistica-em-sp\/\" \/>\n<meta property=\"og:locale\" content=\"pt_BR\" \/>\n<meta property=\"og:type\" content=\"article\" \/>\n<meta property=\"og:title\" content=\"Z\u00e9 Gentil e F\u00e1bio Gentil debatem projeto do porto seco de Caxias em feira internacional de log\u00edstica, em SP - Daniel Matos\" \/>\n<meta property=\"og:description\" content=\"O deputado estadual Z\u00e9 Gentil (PRB) acompanhou o prefeito de Caxias, F\u00e1bio Gentil (PRB), em visita \u00e0 25\u00aa edi\u00e7\u00e3o da [&hellip;]\" \/>\n<meta property=\"og:url\" content=\"https:\/\/www.blogsoestado.com\/danielmatos\/ze-gentil-e-fabio-gentil-debatem-projeto-do-porto-seco-de-caxias-em-feira-internacional-de-logistica-em-sp\/\" \/>\n<meta property=\"og:site_name\" content=\"Daniel Matos\" \/>\n<meta property=\"article:published_time\" content=\"2019-03-20T14:24:49+00:00\" \/>\n<meta property=\"og:image\" content=\"https:\/\/www.blogsoestado.com\/danielmatos\/files\/2019\/03\/porto-seco3.jpg\" \/>\n<meta name=\"twitter:card\" content=\"summary_large_image\" \/>\n<meta name=\"twitter:label1\" content=\"Est. tempo de leitura\" \/>\n\t<meta name=\"twitter:data1\" content=\"3 minutos\" \/>\n<script type=\"application\/ld+json\" class=\"yoast-schema-graph\">{\"@context\":\"https:\/\/schema.org\",\"@graph\":[{\"@type\":\"WebPage\",\"@id\":\"https:\/\/www.blogsoestado.com\/danielmatos\/ze-gentil-e-fabio-gentil-debatem-projeto-do-porto-seco-de-caxias-em-feira-internacional-de-logistica-em-sp\/\",\"url\":\"https:\/\/www.blogsoestado.com\/danielmatos\/ze-gentil-e-fabio-gentil-debatem-projeto-do-porto-seco-de-caxias-em-feira-internacional-de-logistica-em-sp\/\",\"name\":\"Z\u00e9 Gentil e F\u00e1bio Gentil debatem projeto do porto seco de Caxias em feira internacional de log\u00edstica, em SP - Daniel Matos\",\"isPartOf\":{\"@id\":\"https:\/\/www.blogsoestado.com\/danielmatos\/#website\"},\"primaryImageOfPage\":{\"@id\":\"https:\/\/www.blogsoestado.com\/danielmatos\/ze-gentil-e-fabio-gentil-debatem-projeto-do-porto-seco-de-caxias-em-feira-internacional-de-logistica-em-sp\/#primaryimage\"},\"image\":{\"@id\":\"https:\/\/www.blogsoestado.com\/danielmatos\/ze-gentil-e-fabio-gentil-debatem-projeto-do-porto-seco-de-caxias-em-feira-internacional-de-logistica-em-sp\/#primaryimage\"},\"thumbnailUrl\":\"https:\/\/www.blogsoestado.com\/danielmatos\/files\/2019\/03\/porto-seco3.jpg\",\"datePublished\":\"2019-03-20T14:24:49+00:00\",\"author\":{\"@id\":\"\"},\"breadcrumb\":{\"@id\":\"https:\/\/www.blogsoestado.com\/danielmatos\/ze-gentil-e-fabio-gentil-debatem-projeto-do-porto-seco-de-caxias-em-feira-internacional-de-logistica-em-sp\/#breadcrumb\"},\"inLanguage\":\"pt-BR\",\"potentialAction\":[{\"@type\":\"ReadAction\",\"target\":[\"https:\/\/www.blogsoestado.com\/danielmatos\/ze-gentil-e-fabio-gentil-debatem-projeto-do-porto-seco-de-caxias-em-feira-internacional-de-logistica-em-sp\/\"]}]},{\"@type\":\"ImageObject\",\"inLanguage\":\"pt-BR\",\"@id\":\"https:\/\/www.blogsoestado.com\/danielmatos\/ze-gentil-e-fabio-gentil-debatem-projeto-do-porto-seco-de-caxias-em-feira-internacional-de-logistica-em-sp\/#primaryimage\",\"url\":\"https:\/\/www.blogsoestado.com\/danielmatos\/files\/2019\/03\/porto-seco3.jpg\",\"contentUrl\":\"https:\/\/www.blogsoestado.com\/danielmatos\/files\/2019\/03\/porto-seco3.jpg\"},{\"@type\":\"BreadcrumbList\",\"@id\":\"https:\/\/www.blogsoestado.com\/danielmatos\/ze-gentil-e-fabio-gentil-debatem-projeto-do-porto-seco-de-caxias-em-feira-internacional-de-logistica-em-sp\/#breadcrumb\",\"itemListElement\":[{\"@type\":\"ListItem\",\"position\":1,\"name\":\"In\u00edcio\",\"item\":\"https:\/\/www.blogsoestado.com\/danielmatos\/\"},{\"@type\":\"ListItem\",\"position\":2,\"name\":\"Z\u00e9 Gentil e F\u00e1bio Gentil debatem projeto do porto seco de Caxias em feira internacional de log\u00edstica, em SP\"}]},{\"@type\":\"WebSite\",\"@id\":\"https:\/\/www.blogsoestado.com\/danielmatos\/#website\",\"url\":\"https:\/\/www.blogsoestado.com\/danielmatos\/\",\"name\":\"Daniel Matos\",\"description\":\"\",\"potentialAction\":[{\"@type\":\"SearchAction\",\"target\":{\"@type\":\"EntryPoint\",\"urlTemplate\":\"https:\/\/www.blogsoestado.com\/danielmatos\/?s={search_term_string}\"},\"query-input\":{\"@type\":\"PropertyValueSpecification\",\"valueRequired\":true,\"valueName\":\"search_term_string\"}}],\"inLanguage\":\"pt-BR\"}]}<\/script>\n<!-- \/ Yoast SEO plugin. -->","yoast_head_json":{"title":"Z\u00e9 Gentil e F\u00e1bio Gentil debatem projeto do porto seco de Caxias em feira internacional de log\u00edstica, em SP - Daniel Matos","robots":{"index":"index","follow":"follow","max-snippet":"max-snippet:-1","max-image-preview":"max-image-preview:large","max-video-preview":"max-video-preview:-1"},"canonical":"https:\/\/www.blogsoestado.com\/danielmatos\/ze-gentil-e-fabio-gentil-debatem-projeto-do-porto-seco-de-caxias-em-feira-internacional-de-logistica-em-sp\/","og_locale":"pt_BR","og_type":"article","og_title":"Z\u00e9 Gentil e F\u00e1bio Gentil debatem projeto do porto seco de Caxias em feira internacional de log\u00edstica, em SP - Daniel Matos","og_description":"O deputado estadual Z\u00e9 Gentil (PRB) acompanhou o prefeito de Caxias, F\u00e1bio Gentil (PRB), em visita \u00e0 25\u00aa edi\u00e7\u00e3o da [&hellip;]","og_url":"https:\/\/www.blogsoestado.com\/danielmatos\/ze-gentil-e-fabio-gentil-debatem-projeto-do-porto-seco-de-caxias-em-feira-internacional-de-logistica-em-sp\/","og_site_name":"Daniel Matos","article_published_time":"2019-03-20T14:24:49+00:00","og_image":[{"url":"https:\/\/www.blogsoestado.com\/danielmatos\/files\/2019\/03\/porto-seco3.jpg","type":"","width":"","height":""}],"twitter_card":"summary_large_image","twitter_misc":{"Est. tempo de leitura":"3 minutos"},"schema":{"@context":"https:\/\/schema.org","@graph":[{"@type":"WebPage","@id":"https:\/\/www.blogsoestado.com\/danielmatos\/ze-gentil-e-fabio-gentil-debatem-projeto-do-porto-seco-de-caxias-em-feira-internacional-de-logistica-em-sp\/","url":"https:\/\/www.blogsoestado.com\/danielmatos\/ze-gentil-e-fabio-gentil-debatem-projeto-do-porto-seco-de-caxias-em-feira-internacional-de-logistica-em-sp\/","name":"Z\u00e9 Gentil e F\u00e1bio Gentil debatem projeto do porto seco de Caxias em feira internacional de log\u00edstica, em SP - Daniel Matos","isPartOf":{"@id":"https:\/\/www.blogsoestado.com\/danielmatos\/#website"},"primaryImageOfPage":{"@id":"https:\/\/www.blogsoestado.com\/danielmatos\/ze-gentil-e-fabio-gentil-debatem-projeto-do-porto-seco-de-caxias-em-feira-internacional-de-logistica-em-sp\/#primaryimage"},"image":{"@id":"https:\/\/www.blogsoestado.com\/danielmatos\/ze-gentil-e-fabio-gentil-debatem-projeto-do-porto-seco-de-caxias-em-feira-internacional-de-logistica-em-sp\/#primaryimage"},"thumbnailUrl":"https:\/\/www.blogsoestado.com\/danielmatos\/files\/2019\/03\/porto-seco3.jpg","datePublished":"2019-03-20T14:24:49+00:00","author":{"@id":""},"breadcrumb":{"@id":"https:\/\/www.blogsoestado.com\/danielmatos\/ze-gentil-e-fabio-gentil-debatem-projeto-do-porto-seco-de-caxias-em-feira-internacional-de-logistica-em-sp\/#breadcrumb"},"inLanguage":"pt-BR","potentialAction":[{"@type":"ReadAction","target":["https:\/\/www.blogsoestado.com\/danielmatos\/ze-gentil-e-fabio-gentil-debatem-projeto-do-porto-seco-de-caxias-em-feira-internacional-de-logistica-em-sp\/"]}]},{"@type":"ImageObject","inLanguage":"pt-BR","@id":"https:\/\/www.blogsoestado.com\/danielmatos\/ze-gentil-e-fabio-gentil-debatem-projeto-do-porto-seco-de-caxias-em-feira-internacional-de-logistica-em-sp\/#primaryimage","url":"https:\/\/www.blogsoestado.com\/danielmatos\/files\/2019\/03\/porto-seco3.jpg","contentUrl":"https:\/\/www.blogsoestado.com\/danielmatos\/files\/2019\/03\/porto-seco3.jpg"},{"@type":"BreadcrumbList","@id":"https:\/\/www.blogsoestado.com\/danielmatos\/ze-gentil-e-fabio-gentil-debatem-projeto-do-porto-seco-de-caxias-em-feira-internacional-de-logistica-em-sp\/#breadcrumb","itemListElement":[{"@type":"ListItem","position":1,"name":"In\u00edcio","item":"https:\/\/www.blogsoestado.com\/danielmatos\/"},{"@type":"ListItem","position":2,"name":"Z\u00e9 Gentil e F\u00e1bio Gentil debatem projeto do porto seco de Caxias em feira internacional de log\u00edstica, em SP"}]},{"@type":"WebSite","@id":"https:\/\/www.blogsoestado.com\/danielmatos\/#website","url":"https:\/\/www.blogsoestado.com\/danielmatos\/","name":"Daniel Matos","description":"","potentialAction":[{"@type":"SearchAction","target":{"@type":"EntryPoint","urlTemplate":"https:\/\/www.blogsoestado.com\/danielmatos\/?s={search_term_string}"},"query-input":{"@type":"PropertyValueSpecification","valueRequired":true,"valueName":"search_term_string"}}],"inLanguage":"pt-BR"}]}},"jetpack_featured_media_url":"","_links":{"self":[{"href":"https:\/\/www.blogsoestado.com\/danielmatos\/wp-json\/wp\/v2\/posts\/61249","targetHints":{"allow":["GET"]}}],"collection":[{"href":"https:\/\/www.blogsoestado.com\/danielmatos\/wp-json\/wp\/v2\/posts"}],"about":[{"href":"https:\/\/www.blogsoestado.com\/danielmatos\/wp-json\/wp\/v2\/types\/post"}],"replies":[{"embeddable":true,"href":"https:\/\/www.blogsoestado.com\/danielmatos\/wp-json\/wp\/v2\/comments?post=61249"}],"version-history":[{"count":0,"href":"https:\/\/www.blogsoestado.com\/danielmatos\/wp-json\/wp\/v2\/posts\/61249\/revisions"}],"wp:attachment":[{"href":"https:\/\/www.blogsoestado.com\/danielmatos\/wp-json\/wp\/v2\/media?parent=61249"}],"wp:term":[{"taxonomy":"category","embeddable":true,"href":"https:\/\/www.blogsoestado.com\/danielmatos\/wp-json\/wp\/v2\/categories?post=61249"},{"taxonomy":"post_tag","embeddable":true,"href":"https:\/\/www.blogsoestado.com\/danielmatos\/wp-json\/wp\/v2\/tags?post=61249"}],"curies":[{"name":"wp","href":"https:\/\/api.w.org\/{rel}","templated":true}]}}