{"id":61256,"date":"2019-03-20T12:09:28","date_gmt":"2019-03-20T15:09:28","guid":{"rendered":"https:\/\/www.blogsoestado.com\/danielmatos\/?p=61256"},"modified":"2019-03-20T12:09:28","modified_gmt":"2019-03-20T15:09:28","slug":"wellington-aciona-mp-para-obrigar-dutra-a-conceder-direitos-a-professores","status":"publish","type":"post","link":"https:\/\/www.blogsoestado.com\/danielmatos\/wellington-aciona-mp-para-obrigar-dutra-a-conceder-direitos-a-professores\/","title":{"rendered":"Wellington aciona MP para obrigar Dutra a conceder direitos a professores"},"content":{"rendered":"\n<figure class=\"wp-block-image\"><img decoding=\"async\" src=\"https:\/\/www.blogsoestado.com\/danielmatos\/files\/2019\/03\/IMG-20190320-WA0033-1024x678.jpg\" alt=\"\" class=\"wp-image-61257\"\/><figcaption>Wellington apresenta pauta de reivindica\u00e7\u00f5es de prpfessores a Dutra durante audi\u00eancia na Assembleia<\/figcaption><\/figure>\n\n\n\n<p><br>O deputado estadual Wellington do Curso acionou o Minist\u00e9rio P\u00fablico, nessa ter\u00e7a-feira (19), solicitando que sejam adotadas provid\u00eancias em desfavor da Prefeitura de Pa\u00e7o do Lumiar. O objeto da representa\u00e7\u00e3o \u00e9 para obrigar a Prefeitura a cumprir a Lei N\u00ba 11.738\/2008 (do piso salarial) e o Estatuto Municipal do Magist\u00e9rio, assegurando, assim, o cumprimento dos direitos dos professores. <\/p>\n\n\n\n<p>Entre os direitos.<br>A a\u00e7\u00e3o do deputado Wellington resulta de solicita\u00e7\u00f5es e den\u00fancias formuladas pelos professores da Rede Municipal de Ensino.<\/p>\n\n\n\n<figure class=\"wp-block-image\"><img decoding=\"async\" src=\"https:\/\/www.blogsoestado.com\/danielmatos\/files\/2019\/03\/IMG-20190320-WA0032-768x1024.jpg\" alt=\"\" class=\"wp-image-61258\"\/><figcaption>Den\u00fancia encaminhada pelo parlamentar ao MP<\/figcaption><\/figure>\n\n\n\n<p><br>\u201cEstamos encaminhando todas as informa\u00e7\u00f5es e meios de provas que recebemos dos professores de Pa\u00e7o do Lumiar. Entre as solicita\u00e7\u00f5es, h\u00e1 a imediata revoga\u00e7\u00e3o das relota\u00e7\u00f5es realizadas de maneira ilegal e arbitr\u00e1ria pela Secretaria Municipal de Educa\u00e7\u00e3o de Pa\u00e7o do Lumiar. Al\u00e9m disso, a\u00a0 efetiva\u00e7\u00e3o da devida e justa equipara\u00e7\u00e3o salarial, seja pela via da dobra no sal\u00e1rio dos profissionais que cumprem jornada de 40 horas semanais, seja por meio da redu\u00e7\u00e3o desta jornada para 30 horas semanais, conforme processo iniciado em 2018 pela referida gest\u00e3o municipal. O nosso compromisso \u00e9 com os professores!\u201d, disse Wellington.<br><\/p>\n","protected":false},"excerpt":{"rendered":"<p>O deputado estadual Wellington do Curso acionou o Minist\u00e9rio P\u00fablico, nessa ter\u00e7a-feira (19), solicitando que sejam adotadas provid\u00eancias em desfavor [&hellip;]<\/p>\n","protected":false},"author":0,"featured_media":0,"comment_status":"open","ping_status":"open","sticky":false,"template":"","format":"standard","meta":{"site-sidebar-layout":"default","site-content-layout":"","ast-site-content-layout":"default","site-content-style":"default","site-sidebar-style":"default","ast-global-header-display":"","ast-banner-title-visibility":"","ast-main-header-display":"","ast-hfb-above-header-display":"","ast-hfb-below-header-display":"","ast-hfb-mobile-header-display":"","site-post-title":"","ast-breadcrumbs-content":"","ast-featured-img":"","footer-sml-layout":"","ast-disable-related-posts":"","theme-transparent-header-meta":"","adv-header-id-meta":"","stick-header-meta":"","header-above-stick-meta":"","header-main-stick-meta":"","header-below-stick-meta":"","astra-migrate-meta-layouts":"default","ast-page-background-enabled":"default","ast-page-background-meta":{"desktop":{"background-color":"var(--ast-global-color-5)","background-image":"","background-repeat":"repeat","background-position":"center center","background-size":"auto","background-attachment":"scroll","background-type":"","background-media":"","overlay-type":"","overlay-color":"","overlay-opacity":"","overlay-gradient":""},"tablet":{"background-color":"","background-image":"","background-repeat":"repeat","background-position":"center center","background-size":"auto","background-attachment":"scroll","background-type":"","background-media":"","overlay-type":"","overlay-color":"","overlay-opacity":"","overlay-gradient":""},"mobile":{"background-color":"","background-image":"","background-repeat":"repeat","background-position":"center center","background-size":"auto","background-attachment":"scroll","background-type":"","background-media":"","overlay-type":"","overlay-color":"","overlay-opacity":"","overlay-gradient":""}},"ast-content-background-meta":{"desktop":{"background-color":"var(--ast-global-color-4)","background-image":"","background-repeat":"repeat","background-position":"center center","background-size":"auto","background-attachment":"scroll","background-type":"","background-media":"","overlay-type":"","overlay-color":"","overlay-opacity":"","overlay-gradient":""},"tablet":{"background-color":"var(--ast-global-color-4)","background-image":"","background-repeat":"repeat","background-position":"center center","background-size":"auto","background-attachment":"scroll","background-type":"","background-media":"","overlay-type":"","overlay-color":"","overlay-opacity":"","overlay-gradient":""},"mobile":{"background-color":"var(--ast-global-color-4)","background-image":"","background-repeat":"repeat","background-position":"center center","background-size":"auto","background-attachment":"scroll","background-type":"","background-media":"","overlay-type":"","overlay-color":"","overlay-opacity":"","overlay-gradient":""}},"footnotes":""},"categories":[1],"tags":[],"class_list":["post-61256","post","type-post","status-publish","format-standard","hentry","category-sem-categoria"],"yoast_head":"<!-- This site is optimized with the Yoast SEO plugin v26.6 - https:\/\/yoast.com\/wordpress\/plugins\/seo\/ -->\n<title>Wellington aciona MP para obrigar Dutra a conceder direitos a professores - Daniel Matos<\/title>\n<meta name=\"robots\" content=\"index, follow, max-snippet:-1, max-image-preview:large, max-video-preview:-1\" \/>\n<link rel=\"canonical\" href=\"https:\/\/www.blogsoestado.com\/danielmatos\/wellington-aciona-mp-para-obrigar-dutra-a-conceder-direitos-a-professores\/\" \/>\n<meta property=\"og:locale\" content=\"pt_BR\" \/>\n<meta property=\"og:type\" content=\"article\" \/>\n<meta property=\"og:title\" content=\"Wellington aciona MP para obrigar Dutra a conceder direitos a professores - Daniel Matos\" \/>\n<meta property=\"og:description\" content=\"O deputado estadual Wellington do Curso acionou o Minist\u00e9rio P\u00fablico, nessa ter\u00e7a-feira (19), solicitando que sejam adotadas provid\u00eancias em desfavor [&hellip;]\" \/>\n<meta property=\"og:url\" content=\"https:\/\/www.blogsoestado.com\/danielmatos\/wellington-aciona-mp-para-obrigar-dutra-a-conceder-direitos-a-professores\/\" \/>\n<meta property=\"og:site_name\" content=\"Daniel Matos\" \/>\n<meta property=\"article:published_time\" content=\"2019-03-20T15:09:28+00:00\" \/>\n<meta property=\"og:image\" content=\"https:\/\/www.blogsoestado.com\/danielmatos\/files\/2019\/03\/IMG-20190320-WA0033-1024x678.jpg\" \/>\n<meta name=\"twitter:card\" content=\"summary_large_image\" \/>\n<meta name=\"twitter:label1\" content=\"Est. tempo de leitura\" \/>\n\t<meta name=\"twitter:data1\" content=\"1 minuto\" \/>\n<script type=\"application\/ld+json\" class=\"yoast-schema-graph\">{\"@context\":\"https:\/\/schema.org\",\"@graph\":[{\"@type\":\"WebPage\",\"@id\":\"https:\/\/www.blogsoestado.com\/danielmatos\/wellington-aciona-mp-para-obrigar-dutra-a-conceder-direitos-a-professores\/\",\"url\":\"https:\/\/www.blogsoestado.com\/danielmatos\/wellington-aciona-mp-para-obrigar-dutra-a-conceder-direitos-a-professores\/\",\"name\":\"Wellington aciona MP para obrigar Dutra a conceder direitos a professores - Daniel Matos\",\"isPartOf\":{\"@id\":\"https:\/\/www.blogsoestado.com\/danielmatos\/#website\"},\"primaryImageOfPage\":{\"@id\":\"https:\/\/www.blogsoestado.com\/danielmatos\/wellington-aciona-mp-para-obrigar-dutra-a-conceder-direitos-a-professores\/#primaryimage\"},\"image\":{\"@id\":\"https:\/\/www.blogsoestado.com\/danielmatos\/wellington-aciona-mp-para-obrigar-dutra-a-conceder-direitos-a-professores\/#primaryimage\"},\"thumbnailUrl\":\"https:\/\/www.blogsoestado.com\/danielmatos\/files\/2019\/03\/IMG-20190320-WA0033-1024x678.jpg\",\"datePublished\":\"2019-03-20T15:09:28+00:00\",\"author\":{\"@id\":\"\"},\"breadcrumb\":{\"@id\":\"https:\/\/www.blogsoestado.com\/danielmatos\/wellington-aciona-mp-para-obrigar-dutra-a-conceder-direitos-a-professores\/#breadcrumb\"},\"inLanguage\":\"pt-BR\",\"potentialAction\":[{\"@type\":\"ReadAction\",\"target\":[\"https:\/\/www.blogsoestado.com\/danielmatos\/wellington-aciona-mp-para-obrigar-dutra-a-conceder-direitos-a-professores\/\"]}]},{\"@type\":\"ImageObject\",\"inLanguage\":\"pt-BR\",\"@id\":\"https:\/\/www.blogsoestado.com\/danielmatos\/wellington-aciona-mp-para-obrigar-dutra-a-conceder-direitos-a-professores\/#primaryimage\",\"url\":\"https:\/\/www.blogsoestado.com\/danielmatos\/files\/2019\/03\/IMG-20190320-WA0033-1024x678.jpg\",\"contentUrl\":\"https:\/\/www.blogsoestado.com\/danielmatos\/files\/2019\/03\/IMG-20190320-WA0033-1024x678.jpg\"},{\"@type\":\"BreadcrumbList\",\"@id\":\"https:\/\/www.blogsoestado.com\/danielmatos\/wellington-aciona-mp-para-obrigar-dutra-a-conceder-direitos-a-professores\/#breadcrumb\",\"itemListElement\":[{\"@type\":\"ListItem\",\"position\":1,\"name\":\"In\u00edcio\",\"item\":\"https:\/\/www.blogsoestado.com\/danielmatos\/\"},{\"@type\":\"ListItem\",\"position\":2,\"name\":\"Wellington aciona MP para obrigar Dutra a conceder direitos a professores\"}]},{\"@type\":\"WebSite\",\"@id\":\"https:\/\/www.blogsoestado.com\/danielmatos\/#website\",\"url\":\"https:\/\/www.blogsoestado.com\/danielmatos\/\",\"name\":\"Daniel Matos\",\"description\":\"\",\"potentialAction\":[{\"@type\":\"SearchAction\",\"target\":{\"@type\":\"EntryPoint\",\"urlTemplate\":\"https:\/\/www.blogsoestado.com\/danielmatos\/?s={search_term_string}\"},\"query-input\":{\"@type\":\"PropertyValueSpecification\",\"valueRequired\":true,\"valueName\":\"search_term_string\"}}],\"inLanguage\":\"pt-BR\"}]}<\/script>\n<!-- \/ Yoast SEO plugin. -->","yoast_head_json":{"title":"Wellington aciona MP para obrigar Dutra a conceder direitos a professores - Daniel Matos","robots":{"index":"index","follow":"follow","max-snippet":"max-snippet:-1","max-image-preview":"max-image-preview:large","max-video-preview":"max-video-preview:-1"},"canonical":"https:\/\/www.blogsoestado.com\/danielmatos\/wellington-aciona-mp-para-obrigar-dutra-a-conceder-direitos-a-professores\/","og_locale":"pt_BR","og_type":"article","og_title":"Wellington aciona MP para obrigar Dutra a conceder direitos a professores - Daniel Matos","og_description":"O deputado estadual Wellington do Curso acionou o Minist\u00e9rio P\u00fablico, nessa ter\u00e7a-feira (19), solicitando que sejam adotadas provid\u00eancias em desfavor [&hellip;]","og_url":"https:\/\/www.blogsoestado.com\/danielmatos\/wellington-aciona-mp-para-obrigar-dutra-a-conceder-direitos-a-professores\/","og_site_name":"Daniel Matos","article_published_time":"2019-03-20T15:09:28+00:00","og_image":[{"url":"https:\/\/www.blogsoestado.com\/danielmatos\/files\/2019\/03\/IMG-20190320-WA0033-1024x678.jpg","type":"","width":"","height":""}],"twitter_card":"summary_large_image","twitter_misc":{"Est. tempo de leitura":"1 minuto"},"schema":{"@context":"https:\/\/schema.org","@graph":[{"@type":"WebPage","@id":"https:\/\/www.blogsoestado.com\/danielmatos\/wellington-aciona-mp-para-obrigar-dutra-a-conceder-direitos-a-professores\/","url":"https:\/\/www.blogsoestado.com\/danielmatos\/wellington-aciona-mp-para-obrigar-dutra-a-conceder-direitos-a-professores\/","name":"Wellington aciona MP para obrigar Dutra a conceder direitos a professores - Daniel Matos","isPartOf":{"@id":"https:\/\/www.blogsoestado.com\/danielmatos\/#website"},"primaryImageOfPage":{"@id":"https:\/\/www.blogsoestado.com\/danielmatos\/wellington-aciona-mp-para-obrigar-dutra-a-conceder-direitos-a-professores\/#primaryimage"},"image":{"@id":"https:\/\/www.blogsoestado.com\/danielmatos\/wellington-aciona-mp-para-obrigar-dutra-a-conceder-direitos-a-professores\/#primaryimage"},"thumbnailUrl":"https:\/\/www.blogsoestado.com\/danielmatos\/files\/2019\/03\/IMG-20190320-WA0033-1024x678.jpg","datePublished":"2019-03-20T15:09:28+00:00","author":{"@id":""},"breadcrumb":{"@id":"https:\/\/www.blogsoestado.com\/danielmatos\/wellington-aciona-mp-para-obrigar-dutra-a-conceder-direitos-a-professores\/#breadcrumb"},"inLanguage":"pt-BR","potentialAction":[{"@type":"ReadAction","target":["https:\/\/www.blogsoestado.com\/danielmatos\/wellington-aciona-mp-para-obrigar-dutra-a-conceder-direitos-a-professores\/"]}]},{"@type":"ImageObject","inLanguage":"pt-BR","@id":"https:\/\/www.blogsoestado.com\/danielmatos\/wellington-aciona-mp-para-obrigar-dutra-a-conceder-direitos-a-professores\/#primaryimage","url":"https:\/\/www.blogsoestado.com\/danielmatos\/files\/2019\/03\/IMG-20190320-WA0033-1024x678.jpg","contentUrl":"https:\/\/www.blogsoestado.com\/danielmatos\/files\/2019\/03\/IMG-20190320-WA0033-1024x678.jpg"},{"@type":"BreadcrumbList","@id":"https:\/\/www.blogsoestado.com\/danielmatos\/wellington-aciona-mp-para-obrigar-dutra-a-conceder-direitos-a-professores\/#breadcrumb","itemListElement":[{"@type":"ListItem","position":1,"name":"In\u00edcio","item":"https:\/\/www.blogsoestado.com\/danielmatos\/"},{"@type":"ListItem","position":2,"name":"Wellington aciona MP para obrigar Dutra a conceder direitos a professores"}]},{"@type":"WebSite","@id":"https:\/\/www.blogsoestado.com\/danielmatos\/#website","url":"https:\/\/www.blogsoestado.com\/danielmatos\/","name":"Daniel Matos","description":"","potentialAction":[{"@type":"SearchAction","target":{"@type":"EntryPoint","urlTemplate":"https:\/\/www.blogsoestado.com\/danielmatos\/?s={search_term_string}"},"query-input":{"@type":"PropertyValueSpecification","valueRequired":true,"valueName":"search_term_string"}}],"inLanguage":"pt-BR"}]}},"jetpack_featured_media_url":"","_links":{"self":[{"href":"https:\/\/www.blogsoestado.com\/danielmatos\/wp-json\/wp\/v2\/posts\/61256","targetHints":{"allow":["GET"]}}],"collection":[{"href":"https:\/\/www.blogsoestado.com\/danielmatos\/wp-json\/wp\/v2\/posts"}],"about":[{"href":"https:\/\/www.blogsoestado.com\/danielmatos\/wp-json\/wp\/v2\/types\/post"}],"replies":[{"embeddable":true,"href":"https:\/\/www.blogsoestado.com\/danielmatos\/wp-json\/wp\/v2\/comments?post=61256"}],"version-history":[{"count":0,"href":"https:\/\/www.blogsoestado.com\/danielmatos\/wp-json\/wp\/v2\/posts\/61256\/revisions"}],"wp:attachment":[{"href":"https:\/\/www.blogsoestado.com\/danielmatos\/wp-json\/wp\/v2\/media?parent=61256"}],"wp:term":[{"taxonomy":"category","embeddable":true,"href":"https:\/\/www.blogsoestado.com\/danielmatos\/wp-json\/wp\/v2\/categories?post=61256"},{"taxonomy":"post_tag","embeddable":true,"href":"https:\/\/www.blogsoestado.com\/danielmatos\/wp-json\/wp\/v2\/tags?post=61256"}],"curies":[{"name":"wp","href":"https:\/\/api.w.org\/{rel}","templated":true}]}}