{"id":61263,"date":"2019-03-20T14:02:41","date_gmt":"2019-03-20T17:02:41","guid":{"rendered":"https:\/\/www.blogsoestado.com\/danielmatos\/?p=61263"},"modified":"2019-03-20T14:02:41","modified_gmt":"2019-03-20T17:02:41","slug":"eleicao-mantida-mesa-diretora-do-tjma-para-mandato-tampao","status":"publish","type":"post","link":"https:\/\/www.blogsoestado.com\/danielmatos\/eleicao-mantida-mesa-diretora-do-tjma-para-mandato-tampao\/","title":{"rendered":"Elei\u00e7\u00e3o: mantida mesa diretora do TJMA para mandato tamp\u00e3o"},"content":{"rendered":"\n<div class=\"wp-block-image\"><figure class=\"aligncenter\"><img decoding=\"async\" src=\"https:\/\/www.blogsoestado.com\/danielmatos\/files\/2019\/03\/tj-mesa.jpg\" alt=\"\" class=\"wp-image-61264\"\/><figcaption>Desembargadores Joaquim Figueiredo, Marcelo Carvalho e Lourival Serejo continuar\u00e3o \u00e0 frente do TJMA at\u00e9 24 de abril de 2020 <\/figcaption><\/figure><\/div>\n\n\n\n<p>O pleno do Tribunal de Justi\u00e7a do Maranh\u00e3o (TJMA) elegeu, nesta quarta-feira (20), em Sess\u00e3o Plen\u00e1ria Administrativa, os desembargadores Joaquim Figueiredo, Lourival Serejo e Marcelo Carvalho para os cargos de presidente, vice-presidente e corregedor-geral da Justi\u00e7a, respectivamente, para o mandato tamp\u00e3o do Judici\u00e1rio maranhense, correspondente ao per\u00edodo de 20 de dezembro de 2019 a 24 de abril de 2020.<\/p>\n\n\n\n<p>A elei\u00e7\u00e3o excepcional ocorreu conforme o que est\u00e1 estabelecido no Edital n\u00ba 1\/2019, na forma do artigo 102, par\u00e1grafo \u00fanico da Lei Org\u00e2nica da Magistratura (Lomam).<\/p>\n\n\n\n<p>O pleito foi realizado por vota\u00e7\u00e3o secreta, com a presen\u00e7a de 23 desembargadores, que mantiveram os ocupantes da Mesa Diretora do bi\u00eanio 2018\/2019 para o novo mandato tamp\u00e3o.<\/p>\n\n\n\n<p>O presidente do TJMA, desembargador Joaquim Figueiredo agradeceu os votos que recebeu, por unanimidade, citando o vers\u00edculo b\u00edblico que diz \u201cEntrega teu caminho ao Senhor, confia nele e o mais Ele far\u00e1\u201d.<\/p>\n\n\n\n<p>\u201cAgrade\u00e7o a todos os desembargadores da Corte pela confian\u00e7a. Continuaremos unidos fazendo uma gest\u00e3o voltada para o fortalecimento do Poder Judici\u00e1rio frente aos desafios pertinentes \u00e0 miss\u00e3o constitucional. Continuarei trabalhando diuturnamente com toda a minha for\u00e7a e a minha f\u00e9&#8221;, assinalou o presidente do TJMA, desembargador Joaquim Figueiredo, acrescentando que buscar\u00e1 cada vez mais a uni\u00e3o de todos e o engradecimento da Institui\u00e7\u00e3o.<\/p>\n\n\n\n<p><strong>ALTERA\u00c7\u00c3O<\/strong><\/p>\n\n\n\n<p>O presidente do TJMA explicou que a altera\u00e7\u00e3o tem o intuito de eliminar o v\u00e1cuo da gest\u00e3o nos \u00faltimos meses do ano, evitando, assim, a paralisa\u00e7\u00e3o de licita\u00e7\u00f5es e vencimentos de contratos. \u201cO objetivo \u00e9 que n\u00e3o haja o desabastecimento da nova gest\u00e3o; da entrega tempestiva das presta\u00e7\u00f5es de contas do bi\u00eanio do Poder Judici\u00e1rio ao Tribunal de Contas do Estado e da elimina\u00e7\u00e3o dos processos de restitui\u00e7\u00e3o ao er\u00e1rio\u201d, disse.<\/p>\n\n\n\n<p>Na convoca\u00e7\u00e3o da elei\u00e7\u00e3o, a Corte maranhense considerou os termos do artigo 1\u00ba da Lei Complementar n\u00ba 212, de 12 de mar\u00e7o de 2019, que alterou as datas de elei\u00e7\u00e3o e posse dos cargos de dire\u00e7\u00e3o do Tribunal de Justi\u00e7a do Maranh\u00e3o.<\/p>\n\n\n\n<p>Na publica\u00e7\u00e3o do edital, o TJMA considerou tamb\u00e9m o precedente do Conselho Nacional de Justi\u00e7a (CNJ) nos autos do PCA n\u00ba 0009531-47.2017.2.00.0000, no qual figura como Requerido o Tribunal de Justi\u00e7a do Piau\u00ed.<\/p>\n\n\n\n<p>Outro ponto levado em considera\u00e7\u00e3o foi o precedente firmado pelo CNJ no julgamento do Pedido de Provid\u00eancias n\u00ba 0001592-65.2007.2.00.0000, tendo como relator Paulo L\u00f4bo, segundo o qual, no caso de elei\u00e7\u00e3o para complementar mandato com tempo inferior a 1(um) ano, n\u00e3o se aplicam as restri\u00e7\u00f5es previstas no artigo 102, caput da Lei Org\u00e2nica da Magistratura.<\/p>\n\n\n\n<p><strong>Fonte:<\/strong> Tribunal de Justi\u00e7a do Maranh\u00e3o<\/p>\n","protected":false},"excerpt":{"rendered":"<p>O pleno do Tribunal de Justi\u00e7a do Maranh\u00e3o (TJMA) elegeu, nesta quarta-feira (20), em Sess\u00e3o Plen\u00e1ria Administrativa, os desembargadores Joaquim [&hellip;]<\/p>\n","protected":false},"author":0,"featured_media":0,"comment_status":"open","ping_status":"open","sticky":false,"template":"","format":"standard","meta":{"site-sidebar-layout":"default","site-content-layout":"","ast-site-content-layout":"default","site-content-style":"default","site-sidebar-style":"default","ast-global-header-display":"","ast-banner-title-visibility":"","ast-main-header-display":"","ast-hfb-above-header-display":"","ast-hfb-below-header-display":"","ast-hfb-mobile-header-display":"","site-post-title":"","ast-breadcrumbs-content":"","ast-featured-img":"","footer-sml-layout":"","ast-disable-related-posts":"","theme-transparent-header-meta":"","adv-header-id-meta":"","stick-header-meta":"","header-above-stick-meta":"","header-main-stick-meta":"","header-below-stick-meta":"","astra-migrate-meta-layouts":"default","ast-page-background-enabled":"default","ast-page-background-meta":{"desktop":{"background-color":"var(--ast-global-color-5)","background-image":"","background-repeat":"repeat","background-position":"center center","background-size":"auto","background-attachment":"scroll","background-type":"","background-media":"","overlay-type":"","overlay-color":"","overlay-opacity":"","overlay-gradient":""},"tablet":{"background-color":"","background-image":"","background-repeat":"repeat","background-position":"center center","background-size":"auto","background-attachment":"scroll","background-type":"","background-media":"","overlay-type":"","overlay-color":"","overlay-opacity":"","overlay-gradient":""},"mobile":{"background-color":"","background-image":"","background-repeat":"repeat","background-position":"center center","background-size":"auto","background-attachment":"scroll","background-type":"","background-media":"","overlay-type":"","overlay-color":"","overlay-opacity":"","overlay-gradient":""}},"ast-content-background-meta":{"desktop":{"background-color":"var(--ast-global-color-4)","background-image":"","background-repeat":"repeat","background-position":"center center","background-size":"auto","background-attachment":"scroll","background-type":"","background-media":"","overlay-type":"","overlay-color":"","overlay-opacity":"","overlay-gradient":""},"tablet":{"background-color":"var(--ast-global-color-4)","background-image":"","background-repeat":"repeat","background-position":"center center","background-size":"auto","background-attachment":"scroll","background-type":"","background-media":"","overlay-type":"","overlay-color":"","overlay-opacity":"","overlay-gradient":""},"mobile":{"background-color":"var(--ast-global-color-4)","background-image":"","background-repeat":"repeat","background-position":"center center","background-size":"auto","background-attachment":"scroll","background-type":"","background-media":"","overlay-type":"","overlay-color":"","overlay-opacity":"","overlay-gradient":""}},"footnotes":""},"categories":[1],"tags":[],"class_list":["post-61263","post","type-post","status-publish","format-standard","hentry","category-sem-categoria"],"yoast_head":"<!-- This site is optimized with the Yoast SEO plugin v26.6 - https:\/\/yoast.com\/wordpress\/plugins\/seo\/ -->\n<title>Elei\u00e7\u00e3o: mantida mesa diretora do TJMA para mandato tamp\u00e3o - Daniel Matos<\/title>\n<meta name=\"robots\" content=\"index, follow, max-snippet:-1, max-image-preview:large, max-video-preview:-1\" \/>\n<link rel=\"canonical\" href=\"https:\/\/www.blogsoestado.com\/danielmatos\/eleicao-mantida-mesa-diretora-do-tjma-para-mandato-tampao\/\" \/>\n<meta property=\"og:locale\" content=\"pt_BR\" \/>\n<meta property=\"og:type\" content=\"article\" \/>\n<meta property=\"og:title\" content=\"Elei\u00e7\u00e3o: mantida mesa diretora do TJMA para mandato tamp\u00e3o - Daniel Matos\" \/>\n<meta property=\"og:description\" content=\"O pleno do Tribunal de Justi\u00e7a do Maranh\u00e3o (TJMA) elegeu, nesta quarta-feira (20), em Sess\u00e3o Plen\u00e1ria Administrativa, os desembargadores Joaquim [&hellip;]\" \/>\n<meta property=\"og:url\" content=\"https:\/\/www.blogsoestado.com\/danielmatos\/eleicao-mantida-mesa-diretora-do-tjma-para-mandato-tampao\/\" \/>\n<meta property=\"og:site_name\" content=\"Daniel Matos\" \/>\n<meta property=\"article:published_time\" content=\"2019-03-20T17:02:41+00:00\" \/>\n<meta property=\"og:image\" content=\"https:\/\/www.blogsoestado.com\/danielmatos\/files\/2019\/03\/tj-mesa.jpg\" \/>\n<meta name=\"twitter:card\" content=\"summary_large_image\" \/>\n<meta name=\"twitter:label1\" content=\"Est. tempo de leitura\" \/>\n\t<meta name=\"twitter:data1\" content=\"2 minutos\" \/>\n<script type=\"application\/ld+json\" class=\"yoast-schema-graph\">{\"@context\":\"https:\/\/schema.org\",\"@graph\":[{\"@type\":\"WebPage\",\"@id\":\"https:\/\/www.blogsoestado.com\/danielmatos\/eleicao-mantida-mesa-diretora-do-tjma-para-mandato-tampao\/\",\"url\":\"https:\/\/www.blogsoestado.com\/danielmatos\/eleicao-mantida-mesa-diretora-do-tjma-para-mandato-tampao\/\",\"name\":\"Elei\u00e7\u00e3o: mantida mesa diretora do TJMA para mandato tamp\u00e3o - Daniel Matos\",\"isPartOf\":{\"@id\":\"https:\/\/www.blogsoestado.com\/danielmatos\/#website\"},\"primaryImageOfPage\":{\"@id\":\"https:\/\/www.blogsoestado.com\/danielmatos\/eleicao-mantida-mesa-diretora-do-tjma-para-mandato-tampao\/#primaryimage\"},\"image\":{\"@id\":\"https:\/\/www.blogsoestado.com\/danielmatos\/eleicao-mantida-mesa-diretora-do-tjma-para-mandato-tampao\/#primaryimage\"},\"thumbnailUrl\":\"https:\/\/www.blogsoestado.com\/danielmatos\/files\/2019\/03\/tj-mesa.jpg\",\"datePublished\":\"2019-03-20T17:02:41+00:00\",\"author\":{\"@id\":\"\"},\"breadcrumb\":{\"@id\":\"https:\/\/www.blogsoestado.com\/danielmatos\/eleicao-mantida-mesa-diretora-do-tjma-para-mandato-tampao\/#breadcrumb\"},\"inLanguage\":\"pt-BR\",\"potentialAction\":[{\"@type\":\"ReadAction\",\"target\":[\"https:\/\/www.blogsoestado.com\/danielmatos\/eleicao-mantida-mesa-diretora-do-tjma-para-mandato-tampao\/\"]}]},{\"@type\":\"ImageObject\",\"inLanguage\":\"pt-BR\",\"@id\":\"https:\/\/www.blogsoestado.com\/danielmatos\/eleicao-mantida-mesa-diretora-do-tjma-para-mandato-tampao\/#primaryimage\",\"url\":\"https:\/\/www.blogsoestado.com\/danielmatos\/files\/2019\/03\/tj-mesa.jpg\",\"contentUrl\":\"https:\/\/www.blogsoestado.com\/danielmatos\/files\/2019\/03\/tj-mesa.jpg\"},{\"@type\":\"BreadcrumbList\",\"@id\":\"https:\/\/www.blogsoestado.com\/danielmatos\/eleicao-mantida-mesa-diretora-do-tjma-para-mandato-tampao\/#breadcrumb\",\"itemListElement\":[{\"@type\":\"ListItem\",\"position\":1,\"name\":\"In\u00edcio\",\"item\":\"https:\/\/www.blogsoestado.com\/danielmatos\/\"},{\"@type\":\"ListItem\",\"position\":2,\"name\":\"Elei\u00e7\u00e3o: mantida mesa diretora do TJMA para mandato tamp\u00e3o\"}]},{\"@type\":\"WebSite\",\"@id\":\"https:\/\/www.blogsoestado.com\/danielmatos\/#website\",\"url\":\"https:\/\/www.blogsoestado.com\/danielmatos\/\",\"name\":\"Daniel Matos\",\"description\":\"\",\"potentialAction\":[{\"@type\":\"SearchAction\",\"target\":{\"@type\":\"EntryPoint\",\"urlTemplate\":\"https:\/\/www.blogsoestado.com\/danielmatos\/?s={search_term_string}\"},\"query-input\":{\"@type\":\"PropertyValueSpecification\",\"valueRequired\":true,\"valueName\":\"search_term_string\"}}],\"inLanguage\":\"pt-BR\"}]}<\/script>\n<!-- \/ Yoast SEO plugin. -->","yoast_head_json":{"title":"Elei\u00e7\u00e3o: mantida mesa diretora do TJMA para mandato tamp\u00e3o - Daniel Matos","robots":{"index":"index","follow":"follow","max-snippet":"max-snippet:-1","max-image-preview":"max-image-preview:large","max-video-preview":"max-video-preview:-1"},"canonical":"https:\/\/www.blogsoestado.com\/danielmatos\/eleicao-mantida-mesa-diretora-do-tjma-para-mandato-tampao\/","og_locale":"pt_BR","og_type":"article","og_title":"Elei\u00e7\u00e3o: mantida mesa diretora do TJMA para mandato tamp\u00e3o - Daniel Matos","og_description":"O pleno do Tribunal de Justi\u00e7a do Maranh\u00e3o (TJMA) elegeu, nesta quarta-feira (20), em Sess\u00e3o Plen\u00e1ria Administrativa, os desembargadores Joaquim [&hellip;]","og_url":"https:\/\/www.blogsoestado.com\/danielmatos\/eleicao-mantida-mesa-diretora-do-tjma-para-mandato-tampao\/","og_site_name":"Daniel Matos","article_published_time":"2019-03-20T17:02:41+00:00","og_image":[{"url":"https:\/\/www.blogsoestado.com\/danielmatos\/files\/2019\/03\/tj-mesa.jpg","type":"","width":"","height":""}],"twitter_card":"summary_large_image","twitter_misc":{"Est. tempo de leitura":"2 minutos"},"schema":{"@context":"https:\/\/schema.org","@graph":[{"@type":"WebPage","@id":"https:\/\/www.blogsoestado.com\/danielmatos\/eleicao-mantida-mesa-diretora-do-tjma-para-mandato-tampao\/","url":"https:\/\/www.blogsoestado.com\/danielmatos\/eleicao-mantida-mesa-diretora-do-tjma-para-mandato-tampao\/","name":"Elei\u00e7\u00e3o: mantida mesa diretora do TJMA para mandato tamp\u00e3o - Daniel Matos","isPartOf":{"@id":"https:\/\/www.blogsoestado.com\/danielmatos\/#website"},"primaryImageOfPage":{"@id":"https:\/\/www.blogsoestado.com\/danielmatos\/eleicao-mantida-mesa-diretora-do-tjma-para-mandato-tampao\/#primaryimage"},"image":{"@id":"https:\/\/www.blogsoestado.com\/danielmatos\/eleicao-mantida-mesa-diretora-do-tjma-para-mandato-tampao\/#primaryimage"},"thumbnailUrl":"https:\/\/www.blogsoestado.com\/danielmatos\/files\/2019\/03\/tj-mesa.jpg","datePublished":"2019-03-20T17:02:41+00:00","author":{"@id":""},"breadcrumb":{"@id":"https:\/\/www.blogsoestado.com\/danielmatos\/eleicao-mantida-mesa-diretora-do-tjma-para-mandato-tampao\/#breadcrumb"},"inLanguage":"pt-BR","potentialAction":[{"@type":"ReadAction","target":["https:\/\/www.blogsoestado.com\/danielmatos\/eleicao-mantida-mesa-diretora-do-tjma-para-mandato-tampao\/"]}]},{"@type":"ImageObject","inLanguage":"pt-BR","@id":"https:\/\/www.blogsoestado.com\/danielmatos\/eleicao-mantida-mesa-diretora-do-tjma-para-mandato-tampao\/#primaryimage","url":"https:\/\/www.blogsoestado.com\/danielmatos\/files\/2019\/03\/tj-mesa.jpg","contentUrl":"https:\/\/www.blogsoestado.com\/danielmatos\/files\/2019\/03\/tj-mesa.jpg"},{"@type":"BreadcrumbList","@id":"https:\/\/www.blogsoestado.com\/danielmatos\/eleicao-mantida-mesa-diretora-do-tjma-para-mandato-tampao\/#breadcrumb","itemListElement":[{"@type":"ListItem","position":1,"name":"In\u00edcio","item":"https:\/\/www.blogsoestado.com\/danielmatos\/"},{"@type":"ListItem","position":2,"name":"Elei\u00e7\u00e3o: mantida mesa diretora do TJMA para mandato tamp\u00e3o"}]},{"@type":"WebSite","@id":"https:\/\/www.blogsoestado.com\/danielmatos\/#website","url":"https:\/\/www.blogsoestado.com\/danielmatos\/","name":"Daniel Matos","description":"","potentialAction":[{"@type":"SearchAction","target":{"@type":"EntryPoint","urlTemplate":"https:\/\/www.blogsoestado.com\/danielmatos\/?s={search_term_string}"},"query-input":{"@type":"PropertyValueSpecification","valueRequired":true,"valueName":"search_term_string"}}],"inLanguage":"pt-BR"}]}},"jetpack_featured_media_url":"","_links":{"self":[{"href":"https:\/\/www.blogsoestado.com\/danielmatos\/wp-json\/wp\/v2\/posts\/61263","targetHints":{"allow":["GET"]}}],"collection":[{"href":"https:\/\/www.blogsoestado.com\/danielmatos\/wp-json\/wp\/v2\/posts"}],"about":[{"href":"https:\/\/www.blogsoestado.com\/danielmatos\/wp-json\/wp\/v2\/types\/post"}],"replies":[{"embeddable":true,"href":"https:\/\/www.blogsoestado.com\/danielmatos\/wp-json\/wp\/v2\/comments?post=61263"}],"version-history":[{"count":0,"href":"https:\/\/www.blogsoestado.com\/danielmatos\/wp-json\/wp\/v2\/posts\/61263\/revisions"}],"wp:attachment":[{"href":"https:\/\/www.blogsoestado.com\/danielmatos\/wp-json\/wp\/v2\/media?parent=61263"}],"wp:term":[{"taxonomy":"category","embeddable":true,"href":"https:\/\/www.blogsoestado.com\/danielmatos\/wp-json\/wp\/v2\/categories?post=61263"},{"taxonomy":"post_tag","embeddable":true,"href":"https:\/\/www.blogsoestado.com\/danielmatos\/wp-json\/wp\/v2\/tags?post=61263"}],"curies":[{"name":"wp","href":"https:\/\/api.w.org\/{rel}","templated":true}]}}