{"id":61272,"date":"2019-03-20T17:32:23","date_gmt":"2019-03-20T20:32:23","guid":{"rendered":"https:\/\/www.blogsoestado.com\/danielmatos\/?p=61272"},"modified":"2019-03-20T17:32:23","modified_gmt":"2019-03-20T20:32:23","slug":"marcial-lima-promete-denunciar-ao-mp-e-a-justica-se-emendas-de-sua-autoria-destinadas-a-recuperacao-de-feiras-nao-sejam-aplicadas-corretamente","status":"publish","type":"post","link":"https:\/\/www.blogsoestado.com\/danielmatos\/marcial-lima-promete-denunciar-ao-mp-e-a-justica-se-emendas-de-sua-autoria-destinadas-a-recuperacao-de-feiras-nao-sejam-aplicadas-corretamente\/","title":{"rendered":"Marcial Lima promete denunciar ao MP e \u00e0 Justi\u00e7a se emendas de sua autoria destinadas \u00e0 recupera\u00e7\u00e3o de feiras n\u00e3o forem aplicadas corretamente"},"content":{"rendered":"\n<p class=\"has-text-color has-large-font-size has-vivid-red-color\">Em discurso duro, vereador tamb\u00e9m alertou para abandono de pr\u00e9dio da Rua do Egito comprado para abrigar centro administrativo da prefeitura e anunciou frente parlamentar para acompanhar drama de trabalhadores rodovi\u00e1rios <\/p>\n\n\n\n<figure class=\"wp-block-image\"><img decoding=\"async\" src=\"https:\/\/www.blogsoestado.com\/danielmatos\/files\/2019\/03\/marcial-fala.jpg\" alt=\"\" class=\"wp-image-61273\"\/><figcaption>Marcial Lima abordou assuntos diversos em mais um pronunciamento contundente<\/figcaption><\/figure>\n\n\n\n<p>O vereador Marcial Lima (PRTB) subiu \u00e0 tribuna da C\u00e2mara Municipal, nesta quarta-feira (20), para tratar de diversos assuntos relevantes  para a popula\u00e7\u00e3o. Ele voltou a denunciar o abandono do pr\u00e9dio do antigo Banco do Estado do Maranh\u00e3o (BEM), na Rua do Egito (Centro), que at\u00e9 hoje n\u00e3o cumpriu sua finalidade de abrigar o centro administrativo da Prefeitura de S\u00e3o Lu\u00eds. Marcial anunciou que n\u00e3o hesitar\u00e1 em representar ao Minist\u00e9rio P\u00fablico e procurar a Justi\u00e7a, caso as emendas de sua autoria, destinadas \u00e0 recupera\u00e7\u00e3o das feiras do Bom Jesus e da Vila Vicente Fialho, n\u00e3o sejam liberadas pelo Poder Executivo ou tenham aplica\u00e7\u00e3o diferente da finalidade proposta.<\/p>\n\n\n\n<p>O vereador reivindicou provid\u00eancias da Prefeitura de S\u00e3o Lu\u00eds para que d\u00ea finalidade ao pr\u00e9dio da Rua do Egito comprado na gest\u00e3o do falecido ex-prefeito Jo\u00e3o Castelo para abrigar \u00f3rg\u00e3os da prefeitura, reunidos em um \u00fanico espa\u00e7o. Alertou que o aproveitamento do im\u00f3vel como centro administrativo municipal revitalizaria a regi\u00e3o onde est\u00e1 localizado, que n\u00e3o conta mais com bancas de revistas e outros estabelecimentos que antes atra\u00edam movimento.<\/p>\n\n\n\n<p>Reafirmando seu compromisso de representar todos os habitantes da capital &#8211; tanto os que lhe confiaram o voto, quanto os fizeram outras op\u00f5es nas urnas -, Marcial Lima prometeu lutar para que as emendas ao or\u00e7amento municipal de 2019 de sua autoria aprovadas pelo plen\u00e1rio da C\u00e2mara tenham destina\u00e7\u00e3o correta. &#8220;Se a prefeitura n\u00e3o realizar as obras nas duas feiras, irei ao Minist\u00e9rio P\u00fablico e \u00e0 Vara de Direitos Difusos e Coletivos apresentar den\u00fancia&#8221;, garantiu.<\/p>\n\n\n\n<p>Da mesma forma, o vereador disse que tamb\u00e9m cobrar\u00e1 a constru\u00e7\u00e3o da t\u00e3o sonhada pra\u00e7a do conjunto Vivendas do Turu, objeto de outra emenda sua ao or\u00e7amento municipal para o presente exerc\u00edcio. <\/p>\n\n\n\n<p><strong>Transporte prec\u00e1rio<\/strong>  <\/p>\n\n\n\n<p>Marcial Lima tamb\u00e9m defendeu que a C\u00e2mara Municipal denuncie com mais \u00eanfase o descaso com o transporte p\u00fablico na capital. Ele disse que enquanto as vias internas dos terminais de integra\u00e7\u00e3o est\u00e3o esburacadas, os empres\u00e1rios do setor est\u00e3o preocupados em construir lanchonetes dentro desses espa\u00e7os para lucrar ainda mais. <\/p>\n\n\n\n<p>O vereador denunciou, ainda, o n\u00e3o pagamento do adiantamento e dos t\u00edquetes-alimenta\u00e7\u00e3o aos trabalhadores do transporte rodovi\u00e1rio. &#8220;Enquanto o descaso persiste, os mais de 650 mil usu\u00e1rios do sistema sofrem com um servi\u00e7o de p\u00e9ssima qualidade&#8221;, criticou, anunciando que vai propor a cria\u00e7\u00e3o de uma frente parlamentar para acompanhar o sofrimento dos trabalhadores rodovi\u00e1rios.<\/p>\n\n\n\n<p><strong>Assista <a href=\"https:\/\/www.facebook.com\/marciallima2\/videos\/1083096565231891\/\">aqui<\/a> ao pronunciamento de Marcial Lima.<\/strong><\/p>\n\n\n\n<p><\/p>\n","protected":false},"excerpt":{"rendered":"<p>Em discurso duro, vereador tamb\u00e9m alertou para abandono de pr\u00e9dio da Rua do Egito comprado para abrigar centro administrativo da [&hellip;]<\/p>\n","protected":false},"author":0,"featured_media":0,"comment_status":"open","ping_status":"open","sticky":false,"template":"","format":"standard","meta":{"site-sidebar-layout":"default","site-content-layout":"","ast-site-content-layout":"default","site-content-style":"default","site-sidebar-style":"default","ast-global-header-display":"","ast-banner-title-visibility":"","ast-main-header-display":"","ast-hfb-above-header-display":"","ast-hfb-below-header-display":"","ast-hfb-mobile-header-display":"","site-post-title":"","ast-breadcrumbs-content":"","ast-featured-img":"","footer-sml-layout":"","ast-disable-related-posts":"","theme-transparent-header-meta":"","adv-header-id-meta":"","stick-header-meta":"","header-above-stick-meta":"","header-main-stick-meta":"","header-below-stick-meta":"","astra-migrate-meta-layouts":"default","ast-page-background-enabled":"default","ast-page-background-meta":{"desktop":{"background-color":"var(--ast-global-color-5)","background-image":"","background-repeat":"repeat","background-position":"center center","background-size":"auto","background-attachment":"scroll","background-type":"","background-media":"","overlay-type":"","overlay-color":"","overlay-opacity":"","overlay-gradient":""},"tablet":{"background-color":"","background-image":"","background-repeat":"repeat","background-position":"center center","background-size":"auto","background-attachment":"scroll","background-type":"","background-media":"","overlay-type":"","overlay-color":"","overlay-opacity":"","overlay-gradient":""},"mobile":{"background-color":"","background-image":"","background-repeat":"repeat","background-position":"center center","background-size":"auto","background-attachment":"scroll","background-type":"","background-media":"","overlay-type":"","overlay-color":"","overlay-opacity":"","overlay-gradient":""}},"ast-content-background-meta":{"desktop":{"background-color":"var(--ast-global-color-4)","background-image":"","background-repeat":"repeat","background-position":"center center","background-size":"auto","background-attachment":"scroll","background-type":"","background-media":"","overlay-type":"","overlay-color":"","overlay-opacity":"","overlay-gradient":""},"tablet":{"background-color":"var(--ast-global-color-4)","background-image":"","background-repeat":"repeat","background-position":"center center","background-size":"auto","background-attachment":"scroll","background-type":"","background-media":"","overlay-type":"","overlay-color":"","overlay-opacity":"","overlay-gradient":""},"mobile":{"background-color":"var(--ast-global-color-4)","background-image":"","background-repeat":"repeat","background-position":"center center","background-size":"auto","background-attachment":"scroll","background-type":"","background-media":"","overlay-type":"","overlay-color":"","overlay-opacity":"","overlay-gradient":""}},"footnotes":""},"categories":[1],"tags":[],"class_list":["post-61272","post","type-post","status-publish","format-standard","hentry","category-sem-categoria"],"yoast_head":"<!-- This site is optimized with the Yoast SEO plugin v26.6 - https:\/\/yoast.com\/wordpress\/plugins\/seo\/ -->\n<title>Marcial Lima promete denunciar ao MP e \u00e0 Justi\u00e7a se emendas de sua autoria destinadas \u00e0 recupera\u00e7\u00e3o de feiras n\u00e3o forem aplicadas corretamente - Daniel Matos<\/title>\n<meta name=\"robots\" content=\"index, follow, max-snippet:-1, max-image-preview:large, max-video-preview:-1\" \/>\n<link rel=\"canonical\" href=\"https:\/\/www.blogsoestado.com\/danielmatos\/marcial-lima-promete-denunciar-ao-mp-e-a-justica-se-emendas-de-sua-autoria-destinadas-a-recuperacao-de-feiras-nao-sejam-aplicadas-corretamente\/\" \/>\n<meta property=\"og:locale\" content=\"pt_BR\" \/>\n<meta property=\"og:type\" content=\"article\" \/>\n<meta property=\"og:title\" content=\"Marcial Lima promete denunciar ao MP e \u00e0 Justi\u00e7a se emendas de sua autoria destinadas \u00e0 recupera\u00e7\u00e3o de feiras n\u00e3o forem aplicadas corretamente - Daniel Matos\" \/>\n<meta property=\"og:description\" content=\"Em discurso duro, vereador tamb\u00e9m alertou para abandono de pr\u00e9dio da Rua do Egito comprado para abrigar centro administrativo da [&hellip;]\" \/>\n<meta property=\"og:url\" content=\"https:\/\/www.blogsoestado.com\/danielmatos\/marcial-lima-promete-denunciar-ao-mp-e-a-justica-se-emendas-de-sua-autoria-destinadas-a-recuperacao-de-feiras-nao-sejam-aplicadas-corretamente\/\" \/>\n<meta property=\"og:site_name\" content=\"Daniel Matos\" \/>\n<meta property=\"article:published_time\" content=\"2019-03-20T20:32:23+00:00\" \/>\n<meta property=\"og:image\" content=\"https:\/\/www.blogsoestado.com\/danielmatos\/files\/2019\/03\/marcial-fala.jpg\" \/>\n<meta name=\"twitter:card\" content=\"summary_large_image\" \/>\n<meta name=\"twitter:label1\" content=\"Est. tempo de leitura\" \/>\n\t<meta name=\"twitter:data1\" content=\"2 minutos\" \/>\n<script type=\"application\/ld+json\" class=\"yoast-schema-graph\">{\"@context\":\"https:\/\/schema.org\",\"@graph\":[{\"@type\":\"WebPage\",\"@id\":\"https:\/\/www.blogsoestado.com\/danielmatos\/marcial-lima-promete-denunciar-ao-mp-e-a-justica-se-emendas-de-sua-autoria-destinadas-a-recuperacao-de-feiras-nao-sejam-aplicadas-corretamente\/\",\"url\":\"https:\/\/www.blogsoestado.com\/danielmatos\/marcial-lima-promete-denunciar-ao-mp-e-a-justica-se-emendas-de-sua-autoria-destinadas-a-recuperacao-de-feiras-nao-sejam-aplicadas-corretamente\/\",\"name\":\"Marcial Lima promete denunciar ao MP e \u00e0 Justi\u00e7a se emendas de sua autoria destinadas \u00e0 recupera\u00e7\u00e3o de feiras n\u00e3o forem aplicadas corretamente - Daniel Matos\",\"isPartOf\":{\"@id\":\"https:\/\/www.blogsoestado.com\/danielmatos\/#website\"},\"primaryImageOfPage\":{\"@id\":\"https:\/\/www.blogsoestado.com\/danielmatos\/marcial-lima-promete-denunciar-ao-mp-e-a-justica-se-emendas-de-sua-autoria-destinadas-a-recuperacao-de-feiras-nao-sejam-aplicadas-corretamente\/#primaryimage\"},\"image\":{\"@id\":\"https:\/\/www.blogsoestado.com\/danielmatos\/marcial-lima-promete-denunciar-ao-mp-e-a-justica-se-emendas-de-sua-autoria-destinadas-a-recuperacao-de-feiras-nao-sejam-aplicadas-corretamente\/#primaryimage\"},\"thumbnailUrl\":\"https:\/\/www.blogsoestado.com\/danielmatos\/files\/2019\/03\/marcial-fala.jpg\",\"datePublished\":\"2019-03-20T20:32:23+00:00\",\"author\":{\"@id\":\"\"},\"breadcrumb\":{\"@id\":\"https:\/\/www.blogsoestado.com\/danielmatos\/marcial-lima-promete-denunciar-ao-mp-e-a-justica-se-emendas-de-sua-autoria-destinadas-a-recuperacao-de-feiras-nao-sejam-aplicadas-corretamente\/#breadcrumb\"},\"inLanguage\":\"pt-BR\",\"potentialAction\":[{\"@type\":\"ReadAction\",\"target\":[\"https:\/\/www.blogsoestado.com\/danielmatos\/marcial-lima-promete-denunciar-ao-mp-e-a-justica-se-emendas-de-sua-autoria-destinadas-a-recuperacao-de-feiras-nao-sejam-aplicadas-corretamente\/\"]}]},{\"@type\":\"ImageObject\",\"inLanguage\":\"pt-BR\",\"@id\":\"https:\/\/www.blogsoestado.com\/danielmatos\/marcial-lima-promete-denunciar-ao-mp-e-a-justica-se-emendas-de-sua-autoria-destinadas-a-recuperacao-de-feiras-nao-sejam-aplicadas-corretamente\/#primaryimage\",\"url\":\"https:\/\/www.blogsoestado.com\/danielmatos\/files\/2019\/03\/marcial-fala.jpg\",\"contentUrl\":\"https:\/\/www.blogsoestado.com\/danielmatos\/files\/2019\/03\/marcial-fala.jpg\"},{\"@type\":\"BreadcrumbList\",\"@id\":\"https:\/\/www.blogsoestado.com\/danielmatos\/marcial-lima-promete-denunciar-ao-mp-e-a-justica-se-emendas-de-sua-autoria-destinadas-a-recuperacao-de-feiras-nao-sejam-aplicadas-corretamente\/#breadcrumb\",\"itemListElement\":[{\"@type\":\"ListItem\",\"position\":1,\"name\":\"In\u00edcio\",\"item\":\"https:\/\/www.blogsoestado.com\/danielmatos\/\"},{\"@type\":\"ListItem\",\"position\":2,\"name\":\"Marcial Lima promete denunciar ao MP e \u00e0 Justi\u00e7a se emendas de sua autoria destinadas \u00e0 recupera\u00e7\u00e3o de feiras n\u00e3o forem aplicadas corretamente\"}]},{\"@type\":\"WebSite\",\"@id\":\"https:\/\/www.blogsoestado.com\/danielmatos\/#website\",\"url\":\"https:\/\/www.blogsoestado.com\/danielmatos\/\",\"name\":\"Daniel Matos\",\"description\":\"\",\"potentialAction\":[{\"@type\":\"SearchAction\",\"target\":{\"@type\":\"EntryPoint\",\"urlTemplate\":\"https:\/\/www.blogsoestado.com\/danielmatos\/?s={search_term_string}\"},\"query-input\":{\"@type\":\"PropertyValueSpecification\",\"valueRequired\":true,\"valueName\":\"search_term_string\"}}],\"inLanguage\":\"pt-BR\"}]}<\/script>\n<!-- \/ Yoast SEO plugin. -->","yoast_head_json":{"title":"Marcial Lima promete denunciar ao MP e \u00e0 Justi\u00e7a se emendas de sua autoria destinadas \u00e0 recupera\u00e7\u00e3o de feiras n\u00e3o forem aplicadas corretamente - Daniel Matos","robots":{"index":"index","follow":"follow","max-snippet":"max-snippet:-1","max-image-preview":"max-image-preview:large","max-video-preview":"max-video-preview:-1"},"canonical":"https:\/\/www.blogsoestado.com\/danielmatos\/marcial-lima-promete-denunciar-ao-mp-e-a-justica-se-emendas-de-sua-autoria-destinadas-a-recuperacao-de-feiras-nao-sejam-aplicadas-corretamente\/","og_locale":"pt_BR","og_type":"article","og_title":"Marcial Lima promete denunciar ao MP e \u00e0 Justi\u00e7a se emendas de sua autoria destinadas \u00e0 recupera\u00e7\u00e3o de feiras n\u00e3o forem aplicadas corretamente - Daniel Matos","og_description":"Em discurso duro, vereador tamb\u00e9m alertou para abandono de pr\u00e9dio da Rua do Egito comprado para abrigar centro administrativo da [&hellip;]","og_url":"https:\/\/www.blogsoestado.com\/danielmatos\/marcial-lima-promete-denunciar-ao-mp-e-a-justica-se-emendas-de-sua-autoria-destinadas-a-recuperacao-de-feiras-nao-sejam-aplicadas-corretamente\/","og_site_name":"Daniel Matos","article_published_time":"2019-03-20T20:32:23+00:00","og_image":[{"url":"https:\/\/www.blogsoestado.com\/danielmatos\/files\/2019\/03\/marcial-fala.jpg","type":"","width":"","height":""}],"twitter_card":"summary_large_image","twitter_misc":{"Est. tempo de leitura":"2 minutos"},"schema":{"@context":"https:\/\/schema.org","@graph":[{"@type":"WebPage","@id":"https:\/\/www.blogsoestado.com\/danielmatos\/marcial-lima-promete-denunciar-ao-mp-e-a-justica-se-emendas-de-sua-autoria-destinadas-a-recuperacao-de-feiras-nao-sejam-aplicadas-corretamente\/","url":"https:\/\/www.blogsoestado.com\/danielmatos\/marcial-lima-promete-denunciar-ao-mp-e-a-justica-se-emendas-de-sua-autoria-destinadas-a-recuperacao-de-feiras-nao-sejam-aplicadas-corretamente\/","name":"Marcial Lima promete denunciar ao MP e \u00e0 Justi\u00e7a se emendas de sua autoria destinadas \u00e0 recupera\u00e7\u00e3o de feiras n\u00e3o forem aplicadas corretamente - Daniel Matos","isPartOf":{"@id":"https:\/\/www.blogsoestado.com\/danielmatos\/#website"},"primaryImageOfPage":{"@id":"https:\/\/www.blogsoestado.com\/danielmatos\/marcial-lima-promete-denunciar-ao-mp-e-a-justica-se-emendas-de-sua-autoria-destinadas-a-recuperacao-de-feiras-nao-sejam-aplicadas-corretamente\/#primaryimage"},"image":{"@id":"https:\/\/www.blogsoestado.com\/danielmatos\/marcial-lima-promete-denunciar-ao-mp-e-a-justica-se-emendas-de-sua-autoria-destinadas-a-recuperacao-de-feiras-nao-sejam-aplicadas-corretamente\/#primaryimage"},"thumbnailUrl":"https:\/\/www.blogsoestado.com\/danielmatos\/files\/2019\/03\/marcial-fala.jpg","datePublished":"2019-03-20T20:32:23+00:00","author":{"@id":""},"breadcrumb":{"@id":"https:\/\/www.blogsoestado.com\/danielmatos\/marcial-lima-promete-denunciar-ao-mp-e-a-justica-se-emendas-de-sua-autoria-destinadas-a-recuperacao-de-feiras-nao-sejam-aplicadas-corretamente\/#breadcrumb"},"inLanguage":"pt-BR","potentialAction":[{"@type":"ReadAction","target":["https:\/\/www.blogsoestado.com\/danielmatos\/marcial-lima-promete-denunciar-ao-mp-e-a-justica-se-emendas-de-sua-autoria-destinadas-a-recuperacao-de-feiras-nao-sejam-aplicadas-corretamente\/"]}]},{"@type":"ImageObject","inLanguage":"pt-BR","@id":"https:\/\/www.blogsoestado.com\/danielmatos\/marcial-lima-promete-denunciar-ao-mp-e-a-justica-se-emendas-de-sua-autoria-destinadas-a-recuperacao-de-feiras-nao-sejam-aplicadas-corretamente\/#primaryimage","url":"https:\/\/www.blogsoestado.com\/danielmatos\/files\/2019\/03\/marcial-fala.jpg","contentUrl":"https:\/\/www.blogsoestado.com\/danielmatos\/files\/2019\/03\/marcial-fala.jpg"},{"@type":"BreadcrumbList","@id":"https:\/\/www.blogsoestado.com\/danielmatos\/marcial-lima-promete-denunciar-ao-mp-e-a-justica-se-emendas-de-sua-autoria-destinadas-a-recuperacao-de-feiras-nao-sejam-aplicadas-corretamente\/#breadcrumb","itemListElement":[{"@type":"ListItem","position":1,"name":"In\u00edcio","item":"https:\/\/www.blogsoestado.com\/danielmatos\/"},{"@type":"ListItem","position":2,"name":"Marcial Lima promete denunciar ao MP e \u00e0 Justi\u00e7a se emendas de sua autoria destinadas \u00e0 recupera\u00e7\u00e3o de feiras n\u00e3o forem aplicadas corretamente"}]},{"@type":"WebSite","@id":"https:\/\/www.blogsoestado.com\/danielmatos\/#website","url":"https:\/\/www.blogsoestado.com\/danielmatos\/","name":"Daniel Matos","description":"","potentialAction":[{"@type":"SearchAction","target":{"@type":"EntryPoint","urlTemplate":"https:\/\/www.blogsoestado.com\/danielmatos\/?s={search_term_string}"},"query-input":{"@type":"PropertyValueSpecification","valueRequired":true,"valueName":"search_term_string"}}],"inLanguage":"pt-BR"}]}},"jetpack_featured_media_url":"","_links":{"self":[{"href":"https:\/\/www.blogsoestado.com\/danielmatos\/wp-json\/wp\/v2\/posts\/61272","targetHints":{"allow":["GET"]}}],"collection":[{"href":"https:\/\/www.blogsoestado.com\/danielmatos\/wp-json\/wp\/v2\/posts"}],"about":[{"href":"https:\/\/www.blogsoestado.com\/danielmatos\/wp-json\/wp\/v2\/types\/post"}],"replies":[{"embeddable":true,"href":"https:\/\/www.blogsoestado.com\/danielmatos\/wp-json\/wp\/v2\/comments?post=61272"}],"version-history":[{"count":0,"href":"https:\/\/www.blogsoestado.com\/danielmatos\/wp-json\/wp\/v2\/posts\/61272\/revisions"}],"wp:attachment":[{"href":"https:\/\/www.blogsoestado.com\/danielmatos\/wp-json\/wp\/v2\/media?parent=61272"}],"wp:term":[{"taxonomy":"category","embeddable":true,"href":"https:\/\/www.blogsoestado.com\/danielmatos\/wp-json\/wp\/v2\/categories?post=61272"},{"taxonomy":"post_tag","embeddable":true,"href":"https:\/\/www.blogsoestado.com\/danielmatos\/wp-json\/wp\/v2\/tags?post=61272"}],"curies":[{"name":"wp","href":"https:\/\/api.w.org\/{rel}","templated":true}]}}