{"id":61279,"date":"2019-03-20T17:48:29","date_gmt":"2019-03-20T20:48:29","guid":{"rendered":"https:\/\/www.blogsoestado.com\/danielmatos\/?p=61279"},"modified":"2019-03-20T17:48:29","modified_gmt":"2019-03-20T20:48:29","slug":"prefeitura-de-sao-luis-foge-ao-debate-sobre-transporte-coletivo-com-vereadores-e-a-populacao-e-sofre-criticas","status":"publish","type":"post","link":"https:\/\/www.blogsoestado.com\/danielmatos\/prefeitura-de-sao-luis-foge-ao-debate-sobre-transporte-coletivo-com-vereadores-e-a-populacao-e-sofre-criticas\/","title":{"rendered":"Prefeitura de S\u00e3o Lu\u00eds foge ao debate sobre transporte coletivo com vereadores e a popula\u00e7\u00e3o e sofre cr\u00edticas"},"content":{"rendered":"\n<figure class=\"wp-block-image\"><img decoding=\"async\" src=\"https:\/\/www.blogsoestado.com\/danielmatos\/files\/2019\/03\/IMG-20190320-WA0011-1024x682.jpg\" alt=\"\" class=\"wp-image-61280\"\/><figcaption>Audi\u00eancia p\u00fablica teve participa\u00e7\u00e3o ampla da sociedade<\/figcaption><\/figure>\n\n\n\n<p>Ao fazer a abertura da audi\u00eancia p\u00fablica sobre quest\u00f5es inerentes ao transporte coletivo de S\u00e3o Lu\u00eds, realizado nesta (20), no plen\u00e1rio da C\u00e2mara Municipal de S\u00e3o Lu\u00eds, o vereador C\u00e9zar Bombeiro registrou, que a aus\u00eancia da Prefeitura de S\u00e3o Lu\u00eds e os seus segmentos que tratam do servi\u00e7o essencial, n\u00e3o foi apenas a falta de respeito para com a C\u00e2mara Municipal de S\u00e3o Lu\u00eds, mas principalmente com a popula\u00e7\u00e3o de S\u00e3o Lu\u00eds.<\/p>\n\n\n\n<p>O vereador C\u00e9zar de Bombeiro chegou a receber sugest\u00e3o de adiamento da audi\u00eancia p\u00fablica, mas n\u00e3o atendeu e afirmou que todos os presentes nos mais diversos segmentos estavam ali para debater democraticamente e acima de tudo defender direitos, que lhes s\u00e3o assegurados constitucionalmente. Se a Prefeitura de S\u00e3o Lu\u00eds e a SMTT se negam a discutir a problem\u00e1tica \u00e9 lament\u00e1vel e suscitam suspeitas de irregularidades, que v\u00eam sendo denunciadas e a maioria delas s\u00e3o muito graves, disse o vereador.<\/p>\n\n\n\n<figure class=\"wp-block-image\"><img decoding=\"async\" src=\"https:\/\/www.blogsoestado.com\/danielmatos\/files\/2019\/03\/IMG-20190320-WA0012-1024x682.jpg\" alt=\"\" class=\"wp-image-61281\"\/><figcaption>Vereador C\u00e9sar Bombeiro presidiu a audi\u00eancia p\u00fablica e dialogou com a popula\u00e7\u00e3o sobre problemas do transporte<\/figcaption><\/figure>\n\n\n\n<p>Dirigindo-se aos presentes, mesmo com a aus\u00eancia da Prefeitura de S\u00e3o Lu\u00eds, vamos debater pre\u00e7os de passagens, terminais da integra\u00e7\u00e3o, paralisa\u00e7\u00f5es do sistema de transporte por falta de pagamento de sal\u00e1rios e outros direitos dos rodovi\u00e1rios. Assaltos a coletivos, assassinatos de trabalhadores e les\u00f5es corporais em outros, a misteriosa licita\u00e7\u00e3o do transporte coletivo, a exclus\u00e3o da C\u00e2mara Municipal sobre os reajustes de tarifas e a verdade sobre a frota de coletivos que serve a nossa capital.<\/p>\n\n\n\n<p>O vereador Honorato Fernandes tamb\u00e9m exerceu a sua critica sobre a aus\u00eancia do poder p\u00fablico municipal, em se negar a um amplo debate com a popula\u00e7\u00e3o de nossa capital.<\/p>\n\n\n\n<p>Rodovi\u00e1rios destacam que a audi\u00eancia p\u00fablica seria importante para esclarecimentos<\/p>\n\n\n\n<p>O presidente da Ag\u00eancia Estadual de Mobilidade Urbana, Lawrence Pereira Melo, embora a institui\u00e7\u00e3o seja respons\u00e1vel pelo transporte semiurbano, prestou importantes esclarecimentos sobre as a\u00e7\u00f5es da MOB e anunciou para breve a licita\u00e7\u00e3o dos transportes semiurbano.<\/p>\n\n\n\n<p>O sindicalista Isaias Castelo Branco, presidente do Sindicato dos Rodovi\u00e1rios do Maranh\u00e3o, lamentou profundamente que nem a Prefeitura de S\u00e3o Lu\u00eds, a SMTT e os empres\u00e1rios n\u00e3o estivessem presentes. Muitos dos questionamentos que a popula\u00e7\u00e3o de S\u00e3o Lu\u00eds faz sobre o transporte coletivo, a resposta est\u00e1 com eles. Como n\u00e3o teriam coragem de falar a verdade sobre as suas pr\u00f3prias defici\u00eancias e inoper\u00e2ncias, a aus\u00eancia foi o caminho escolhido e o desrespeito a popula\u00e7\u00e3o, disse o dirigente sindical. Os problemas mais s\u00e9rios e que devem perdurar residem nos desrespeito a Conven\u00e7\u00e3o Coletiva de Trabalho, em que empres\u00e1rios acusam a Prefeitura e a SMTT e n\u00e3o honrarem compromissos, sem no entanto esclarecer quais s\u00e3o eles.<\/p>\n\n\n\n<p><strong>Mesa da audi\u00eancia p\u00fablica<\/strong><\/p>\n\n\n\n<figure class=\"wp-block-image\"><img decoding=\"async\" src=\"https:\/\/www.blogsoestado.com\/danielmatos\/files\/2019\/03\/IMG-20190320-WA0009-1024x682.jpg\" alt=\"\" class=\"wp-image-61282\"\/><figcaption>Audi\u00eancia presidida por C\u00e9zar Bombeiro contou com representantes de todas as partes interessadas, exceto a prefeitura<\/figcaption><\/figure>\n\n\n\n<p>A mesa que dirigiu a audi\u00eancia p\u00fablica foi integrada pelos vereadores C\u00e9zar Bombeiro e Honorato Fernandes, o presidente da MOB, Lawrence Pereira Melo; Isaias Castelo Branco, presidente do Sindicato dos Rodovi\u00e1rios; Paulo Henrique, presidente do Sindicato dos Usu\u00e1rios de Transporte Coletivo> Jeferson Taylor, integrante da Frente de Luta de Mobilidade Urbana de S\u00e3o Lu\u00eds: Luciana de Paula Figueir\u00eado, presidente do Movimento Estudantil Independente e Denise Duarte, presidente da Central Estudantil.<\/p>\n\n\n\n<p>Foi bem expressiva a presen\u00e7a de lideran\u00e7as comunit\u00e1rias, as quais lamentaram a aus\u00eancia do poder p\u00fablico municipal, que deveria ter um m\u00ednimo de respeito com a popula\u00e7\u00e3o e mostrar a cara para tanto descaso com o servi\u00e7o de transporte coletivo, acabou se constituindo efetivamente em indigna\u00e7\u00e3o para a maioria. Outro registro foi o reconhecimento a iniciativa do vereador C\u00e9zar Bombeiro, que n\u00e3o desistiu de lutar ao lado do povo e junto com os usu\u00e1rios dos transportes coletivos de S\u00e3o Lu\u00eds.<\/p>\n","protected":false},"excerpt":{"rendered":"<p>Ao fazer a abertura da audi\u00eancia p\u00fablica sobre quest\u00f5es inerentes ao transporte coletivo de S\u00e3o Lu\u00eds, realizado nesta (20), no [&hellip;]<\/p>\n","protected":false},"author":0,"featured_media":0,"comment_status":"open","ping_status":"open","sticky":false,"template":"","format":"standard","meta":{"site-sidebar-layout":"default","site-content-layout":"","ast-site-content-layout":"default","site-content-style":"default","site-sidebar-style":"default","ast-global-header-display":"","ast-banner-title-visibility":"","ast-main-header-display":"","ast-hfb-above-header-display":"","ast-hfb-below-header-display":"","ast-hfb-mobile-header-display":"","site-post-title":"","ast-breadcrumbs-content":"","ast-featured-img":"","footer-sml-layout":"","ast-disable-related-posts":"","theme-transparent-header-meta":"","adv-header-id-meta":"","stick-header-meta":"","header-above-stick-meta":"","header-main-stick-meta":"","header-below-stick-meta":"","astra-migrate-meta-layouts":"default","ast-page-background-enabled":"default","ast-page-background-meta":{"desktop":{"background-color":"var(--ast-global-color-5)","background-image":"","background-repeat":"repeat","background-position":"center center","background-size":"auto","background-attachment":"scroll","background-type":"","background-media":"","overlay-type":"","overlay-color":"","overlay-opacity":"","overlay-gradient":""},"tablet":{"background-color":"","background-image":"","background-repeat":"repeat","background-position":"center center","background-size":"auto","background-attachment":"scroll","background-type":"","background-media":"","overlay-type":"","overlay-color":"","overlay-opacity":"","overlay-gradient":""},"mobile":{"background-color":"","background-image":"","background-repeat":"repeat","background-position":"center center","background-size":"auto","background-attachment":"scroll","background-type":"","background-media":"","overlay-type":"","overlay-color":"","overlay-opacity":"","overlay-gradient":""}},"ast-content-background-meta":{"desktop":{"background-color":"var(--ast-global-color-4)","background-image":"","background-repeat":"repeat","background-position":"center center","background-size":"auto","background-attachment":"scroll","background-type":"","background-media":"","overlay-type":"","overlay-color":"","overlay-opacity":"","overlay-gradient":""},"tablet":{"background-color":"var(--ast-global-color-4)","background-image":"","background-repeat":"repeat","background-position":"center center","background-size":"auto","background-attachment":"scroll","background-type":"","background-media":"","overlay-type":"","overlay-color":"","overlay-opacity":"","overlay-gradient":""},"mobile":{"background-color":"var(--ast-global-color-4)","background-image":"","background-repeat":"repeat","background-position":"center center","background-size":"auto","background-attachment":"scroll","background-type":"","background-media":"","overlay-type":"","overlay-color":"","overlay-opacity":"","overlay-gradient":""}},"footnotes":""},"categories":[1],"tags":[],"class_list":["post-61279","post","type-post","status-publish","format-standard","hentry","category-sem-categoria"],"yoast_head":"<!-- This site is optimized with the Yoast SEO plugin v26.6 - https:\/\/yoast.com\/wordpress\/plugins\/seo\/ -->\n<title>Prefeitura de S\u00e3o Lu\u00eds foge ao debate sobre transporte coletivo com vereadores e a popula\u00e7\u00e3o e sofre cr\u00edticas - Daniel Matos<\/title>\n<meta name=\"robots\" content=\"index, follow, max-snippet:-1, max-image-preview:large, max-video-preview:-1\" \/>\n<link rel=\"canonical\" href=\"https:\/\/www.blogsoestado.com\/danielmatos\/prefeitura-de-sao-luis-foge-ao-debate-sobre-transporte-coletivo-com-vereadores-e-a-populacao-e-sofre-criticas\/\" \/>\n<meta property=\"og:locale\" content=\"pt_BR\" \/>\n<meta property=\"og:type\" content=\"article\" \/>\n<meta property=\"og:title\" content=\"Prefeitura de S\u00e3o Lu\u00eds foge ao debate sobre transporte coletivo com vereadores e a popula\u00e7\u00e3o e sofre cr\u00edticas - Daniel Matos\" \/>\n<meta property=\"og:description\" content=\"Ao fazer a abertura da audi\u00eancia p\u00fablica sobre quest\u00f5es inerentes ao transporte coletivo de S\u00e3o Lu\u00eds, realizado nesta (20), no [&hellip;]\" \/>\n<meta property=\"og:url\" content=\"https:\/\/www.blogsoestado.com\/danielmatos\/prefeitura-de-sao-luis-foge-ao-debate-sobre-transporte-coletivo-com-vereadores-e-a-populacao-e-sofre-criticas\/\" \/>\n<meta property=\"og:site_name\" content=\"Daniel Matos\" \/>\n<meta property=\"article:published_time\" content=\"2019-03-20T20:48:29+00:00\" \/>\n<meta property=\"og:image\" content=\"https:\/\/www.blogsoestado.com\/danielmatos\/files\/2019\/03\/IMG-20190320-WA0011-1024x682.jpg\" \/>\n<meta name=\"twitter:card\" content=\"summary_large_image\" \/>\n<meta name=\"twitter:label1\" content=\"Est. tempo de leitura\" \/>\n\t<meta name=\"twitter:data1\" content=\"4 minutos\" \/>\n<script type=\"application\/ld+json\" class=\"yoast-schema-graph\">{\"@context\":\"https:\/\/schema.org\",\"@graph\":[{\"@type\":\"WebPage\",\"@id\":\"https:\/\/www.blogsoestado.com\/danielmatos\/prefeitura-de-sao-luis-foge-ao-debate-sobre-transporte-coletivo-com-vereadores-e-a-populacao-e-sofre-criticas\/\",\"url\":\"https:\/\/www.blogsoestado.com\/danielmatos\/prefeitura-de-sao-luis-foge-ao-debate-sobre-transporte-coletivo-com-vereadores-e-a-populacao-e-sofre-criticas\/\",\"name\":\"Prefeitura de S\u00e3o Lu\u00eds foge ao debate sobre transporte coletivo com vereadores e a popula\u00e7\u00e3o e sofre cr\u00edticas - Daniel Matos\",\"isPartOf\":{\"@id\":\"https:\/\/www.blogsoestado.com\/danielmatos\/#website\"},\"primaryImageOfPage\":{\"@id\":\"https:\/\/www.blogsoestado.com\/danielmatos\/prefeitura-de-sao-luis-foge-ao-debate-sobre-transporte-coletivo-com-vereadores-e-a-populacao-e-sofre-criticas\/#primaryimage\"},\"image\":{\"@id\":\"https:\/\/www.blogsoestado.com\/danielmatos\/prefeitura-de-sao-luis-foge-ao-debate-sobre-transporte-coletivo-com-vereadores-e-a-populacao-e-sofre-criticas\/#primaryimage\"},\"thumbnailUrl\":\"https:\/\/www.blogsoestado.com\/danielmatos\/files\/2019\/03\/IMG-20190320-WA0011-1024x682.jpg\",\"datePublished\":\"2019-03-20T20:48:29+00:00\",\"author\":{\"@id\":\"\"},\"breadcrumb\":{\"@id\":\"https:\/\/www.blogsoestado.com\/danielmatos\/prefeitura-de-sao-luis-foge-ao-debate-sobre-transporte-coletivo-com-vereadores-e-a-populacao-e-sofre-criticas\/#breadcrumb\"},\"inLanguage\":\"pt-BR\",\"potentialAction\":[{\"@type\":\"ReadAction\",\"target\":[\"https:\/\/www.blogsoestado.com\/danielmatos\/prefeitura-de-sao-luis-foge-ao-debate-sobre-transporte-coletivo-com-vereadores-e-a-populacao-e-sofre-criticas\/\"]}]},{\"@type\":\"ImageObject\",\"inLanguage\":\"pt-BR\",\"@id\":\"https:\/\/www.blogsoestado.com\/danielmatos\/prefeitura-de-sao-luis-foge-ao-debate-sobre-transporte-coletivo-com-vereadores-e-a-populacao-e-sofre-criticas\/#primaryimage\",\"url\":\"https:\/\/www.blogsoestado.com\/danielmatos\/files\/2019\/03\/IMG-20190320-WA0011-1024x682.jpg\",\"contentUrl\":\"https:\/\/www.blogsoestado.com\/danielmatos\/files\/2019\/03\/IMG-20190320-WA0011-1024x682.jpg\"},{\"@type\":\"BreadcrumbList\",\"@id\":\"https:\/\/www.blogsoestado.com\/danielmatos\/prefeitura-de-sao-luis-foge-ao-debate-sobre-transporte-coletivo-com-vereadores-e-a-populacao-e-sofre-criticas\/#breadcrumb\",\"itemListElement\":[{\"@type\":\"ListItem\",\"position\":1,\"name\":\"In\u00edcio\",\"item\":\"https:\/\/www.blogsoestado.com\/danielmatos\/\"},{\"@type\":\"ListItem\",\"position\":2,\"name\":\"Prefeitura de S\u00e3o Lu\u00eds foge ao debate sobre transporte coletivo com vereadores e a popula\u00e7\u00e3o e sofre cr\u00edticas\"}]},{\"@type\":\"WebSite\",\"@id\":\"https:\/\/www.blogsoestado.com\/danielmatos\/#website\",\"url\":\"https:\/\/www.blogsoestado.com\/danielmatos\/\",\"name\":\"Daniel Matos\",\"description\":\"\",\"potentialAction\":[{\"@type\":\"SearchAction\",\"target\":{\"@type\":\"EntryPoint\",\"urlTemplate\":\"https:\/\/www.blogsoestado.com\/danielmatos\/?s={search_term_string}\"},\"query-input\":{\"@type\":\"PropertyValueSpecification\",\"valueRequired\":true,\"valueName\":\"search_term_string\"}}],\"inLanguage\":\"pt-BR\"}]}<\/script>\n<!-- \/ Yoast SEO plugin. -->","yoast_head_json":{"title":"Prefeitura de S\u00e3o Lu\u00eds foge ao debate sobre transporte coletivo com vereadores e a popula\u00e7\u00e3o e sofre cr\u00edticas - Daniel Matos","robots":{"index":"index","follow":"follow","max-snippet":"max-snippet:-1","max-image-preview":"max-image-preview:large","max-video-preview":"max-video-preview:-1"},"canonical":"https:\/\/www.blogsoestado.com\/danielmatos\/prefeitura-de-sao-luis-foge-ao-debate-sobre-transporte-coletivo-com-vereadores-e-a-populacao-e-sofre-criticas\/","og_locale":"pt_BR","og_type":"article","og_title":"Prefeitura de S\u00e3o Lu\u00eds foge ao debate sobre transporte coletivo com vereadores e a popula\u00e7\u00e3o e sofre cr\u00edticas - Daniel Matos","og_description":"Ao fazer a abertura da audi\u00eancia p\u00fablica sobre quest\u00f5es inerentes ao transporte coletivo de S\u00e3o Lu\u00eds, realizado nesta (20), no [&hellip;]","og_url":"https:\/\/www.blogsoestado.com\/danielmatos\/prefeitura-de-sao-luis-foge-ao-debate-sobre-transporte-coletivo-com-vereadores-e-a-populacao-e-sofre-criticas\/","og_site_name":"Daniel Matos","article_published_time":"2019-03-20T20:48:29+00:00","og_image":[{"url":"https:\/\/www.blogsoestado.com\/danielmatos\/files\/2019\/03\/IMG-20190320-WA0011-1024x682.jpg","type":"","width":"","height":""}],"twitter_card":"summary_large_image","twitter_misc":{"Est. tempo de leitura":"4 minutos"},"schema":{"@context":"https:\/\/schema.org","@graph":[{"@type":"WebPage","@id":"https:\/\/www.blogsoestado.com\/danielmatos\/prefeitura-de-sao-luis-foge-ao-debate-sobre-transporte-coletivo-com-vereadores-e-a-populacao-e-sofre-criticas\/","url":"https:\/\/www.blogsoestado.com\/danielmatos\/prefeitura-de-sao-luis-foge-ao-debate-sobre-transporte-coletivo-com-vereadores-e-a-populacao-e-sofre-criticas\/","name":"Prefeitura de S\u00e3o Lu\u00eds foge ao debate sobre transporte coletivo com vereadores e a popula\u00e7\u00e3o e sofre cr\u00edticas - Daniel Matos","isPartOf":{"@id":"https:\/\/www.blogsoestado.com\/danielmatos\/#website"},"primaryImageOfPage":{"@id":"https:\/\/www.blogsoestado.com\/danielmatos\/prefeitura-de-sao-luis-foge-ao-debate-sobre-transporte-coletivo-com-vereadores-e-a-populacao-e-sofre-criticas\/#primaryimage"},"image":{"@id":"https:\/\/www.blogsoestado.com\/danielmatos\/prefeitura-de-sao-luis-foge-ao-debate-sobre-transporte-coletivo-com-vereadores-e-a-populacao-e-sofre-criticas\/#primaryimage"},"thumbnailUrl":"https:\/\/www.blogsoestado.com\/danielmatos\/files\/2019\/03\/IMG-20190320-WA0011-1024x682.jpg","datePublished":"2019-03-20T20:48:29+00:00","author":{"@id":""},"breadcrumb":{"@id":"https:\/\/www.blogsoestado.com\/danielmatos\/prefeitura-de-sao-luis-foge-ao-debate-sobre-transporte-coletivo-com-vereadores-e-a-populacao-e-sofre-criticas\/#breadcrumb"},"inLanguage":"pt-BR","potentialAction":[{"@type":"ReadAction","target":["https:\/\/www.blogsoestado.com\/danielmatos\/prefeitura-de-sao-luis-foge-ao-debate-sobre-transporte-coletivo-com-vereadores-e-a-populacao-e-sofre-criticas\/"]}]},{"@type":"ImageObject","inLanguage":"pt-BR","@id":"https:\/\/www.blogsoestado.com\/danielmatos\/prefeitura-de-sao-luis-foge-ao-debate-sobre-transporte-coletivo-com-vereadores-e-a-populacao-e-sofre-criticas\/#primaryimage","url":"https:\/\/www.blogsoestado.com\/danielmatos\/files\/2019\/03\/IMG-20190320-WA0011-1024x682.jpg","contentUrl":"https:\/\/www.blogsoestado.com\/danielmatos\/files\/2019\/03\/IMG-20190320-WA0011-1024x682.jpg"},{"@type":"BreadcrumbList","@id":"https:\/\/www.blogsoestado.com\/danielmatos\/prefeitura-de-sao-luis-foge-ao-debate-sobre-transporte-coletivo-com-vereadores-e-a-populacao-e-sofre-criticas\/#breadcrumb","itemListElement":[{"@type":"ListItem","position":1,"name":"In\u00edcio","item":"https:\/\/www.blogsoestado.com\/danielmatos\/"},{"@type":"ListItem","position":2,"name":"Prefeitura de S\u00e3o Lu\u00eds foge ao debate sobre transporte coletivo com vereadores e a popula\u00e7\u00e3o e sofre cr\u00edticas"}]},{"@type":"WebSite","@id":"https:\/\/www.blogsoestado.com\/danielmatos\/#website","url":"https:\/\/www.blogsoestado.com\/danielmatos\/","name":"Daniel Matos","description":"","potentialAction":[{"@type":"SearchAction","target":{"@type":"EntryPoint","urlTemplate":"https:\/\/www.blogsoestado.com\/danielmatos\/?s={search_term_string}"},"query-input":{"@type":"PropertyValueSpecification","valueRequired":true,"valueName":"search_term_string"}}],"inLanguage":"pt-BR"}]}},"jetpack_featured_media_url":"","_links":{"self":[{"href":"https:\/\/www.blogsoestado.com\/danielmatos\/wp-json\/wp\/v2\/posts\/61279","targetHints":{"allow":["GET"]}}],"collection":[{"href":"https:\/\/www.blogsoestado.com\/danielmatos\/wp-json\/wp\/v2\/posts"}],"about":[{"href":"https:\/\/www.blogsoestado.com\/danielmatos\/wp-json\/wp\/v2\/types\/post"}],"replies":[{"embeddable":true,"href":"https:\/\/www.blogsoestado.com\/danielmatos\/wp-json\/wp\/v2\/comments?post=61279"}],"version-history":[{"count":0,"href":"https:\/\/www.blogsoestado.com\/danielmatos\/wp-json\/wp\/v2\/posts\/61279\/revisions"}],"wp:attachment":[{"href":"https:\/\/www.blogsoestado.com\/danielmatos\/wp-json\/wp\/v2\/media?parent=61279"}],"wp:term":[{"taxonomy":"category","embeddable":true,"href":"https:\/\/www.blogsoestado.com\/danielmatos\/wp-json\/wp\/v2\/categories?post=61279"},{"taxonomy":"post_tag","embeddable":true,"href":"https:\/\/www.blogsoestado.com\/danielmatos\/wp-json\/wp\/v2\/tags?post=61279"}],"curies":[{"name":"wp","href":"https:\/\/api.w.org\/{rel}","templated":true}]}}