{"id":61294,"date":"2019-03-21T11:47:59","date_gmt":"2019-03-21T14:47:59","guid":{"rendered":"https:\/\/www.blogsoestado.com\/danielmatos\/?p=61294"},"modified":"2019-03-21T11:47:59","modified_gmt":"2019-03-21T14:47:59","slug":"adriano-condena-venda-de-imoveis-do-estado-para-cobrir-rombo-no-fepa-no-governo-flavio-dino","status":"publish","type":"post","link":"https:\/\/www.blogsoestado.com\/danielmatos\/adriano-condena-venda-de-imoveis-do-estado-para-cobrir-rombo-no-fepa-no-governo-flavio-dino\/","title":{"rendered":"Adriano condena venda de im\u00f3veis do Estado para cobrir rombo no Fepa no governo Fl\u00e1vio Dino"},"content":{"rendered":"\n<figure class=\"wp-block-image\"><img decoding=\"async\" src=\"https:\/\/www.blogsoestado.com\/danielmatos\/files\/2019\/03\/adriano-aragao-1024x768.jpg\" alt=\"\" class=\"wp-image-61295\"\/><figcaption>Deputado Adriano concedeu entrevista ao rep\u00f3rter Jorge Arag\u00e3o, da R\u00e1dio Mirante AM<\/figcaption><\/figure>\n\n\n\n<p>Em entrevista ao rep\u00f3rter Jorge Arag\u00e3o (R\u00e1dio Mirante AM), o deputado Adriano Sarney (PV) criticou a inten\u00e7\u00e3o do governo comunista de Fl\u00e1vio Dino de vender im\u00f3veis do Fundo Estadual de Pens\u00e3o e Aposentadoria (Fepa) para cobrir o rombo decorrente dos sucessivos saques realizados pelo pr\u00f3prio governo nos recursos do dessa vez<\/p>\n\n\n\n<p>&#8220;Em vez de devolver o dinheiro que tirou do patrim\u00f4nio financeiro dos aposentados, o governo quer vender o patrim\u00f4nio material (bens, im\u00f3veis)&#8221;, condenou o parlamentar. <\/p>\n\n\n\n<p>Outro assunto da entrevista, ao vivo para o programa Ponto Final, apresentado pelo jornalista Roberto Fernandes, foi a pressa inexplic\u00e1vel do governo em aprovar o projeto de lei que cria o Programa Habitar no Centro. <\/p>\n\n\n\n<p>Adriano quer debater e aprimorar o projeto, ampliando os benef\u00edcios aos diversos bairros adjacentes do Centro Hist\u00f3rico de S\u00e3o Lu\u00eds.<\/p>\n","protected":false},"excerpt":{"rendered":"<p>Em entrevista ao rep\u00f3rter Jorge Arag\u00e3o (R\u00e1dio Mirante AM), o deputado Adriano Sarney (PV) criticou a inten\u00e7\u00e3o do governo comunista [&hellip;]<\/p>\n","protected":false},"author":0,"featured_media":0,"comment_status":"open","ping_status":"open","sticky":false,"template":"","format":"standard","meta":{"site-sidebar-layout":"default","site-content-layout":"","ast-site-content-layout":"default","site-content-style":"default","site-sidebar-style":"default","ast-global-header-display":"","ast-banner-title-visibility":"","ast-main-header-display":"","ast-hfb-above-header-display":"","ast-hfb-below-header-display":"","ast-hfb-mobile-header-display":"","site-post-title":"","ast-breadcrumbs-content":"","ast-featured-img":"","footer-sml-layout":"","ast-disable-related-posts":"","theme-transparent-header-meta":"","adv-header-id-meta":"","stick-header-meta":"","header-above-stick-meta":"","header-main-stick-meta":"","header-below-stick-meta":"","astra-migrate-meta-layouts":"default","ast-page-background-enabled":"default","ast-page-background-meta":{"desktop":{"background-color":"var(--ast-global-color-5)","background-image":"","background-repeat":"repeat","background-position":"center center","background-size":"auto","background-attachment":"scroll","background-type":"","background-media":"","overlay-type":"","overlay-color":"","overlay-opacity":"","overlay-gradient":""},"tablet":{"background-color":"","background-image":"","background-repeat":"repeat","background-position":"center center","background-size":"auto","background-attachment":"scroll","background-type":"","background-media":"","overlay-type":"","overlay-color":"","overlay-opacity":"","overlay-gradient":""},"mobile":{"background-color":"","background-image":"","background-repeat":"repeat","background-position":"center center","background-size":"auto","background-attachment":"scroll","background-type":"","background-media":"","overlay-type":"","overlay-color":"","overlay-opacity":"","overlay-gradient":""}},"ast-content-background-meta":{"desktop":{"background-color":"var(--ast-global-color-4)","background-image":"","background-repeat":"repeat","background-position":"center center","background-size":"auto","background-attachment":"scroll","background-type":"","background-media":"","overlay-type":"","overlay-color":"","overlay-opacity":"","overlay-gradient":""},"tablet":{"background-color":"var(--ast-global-color-4)","background-image":"","background-repeat":"repeat","background-position":"center center","background-size":"auto","background-attachment":"scroll","background-type":"","background-media":"","overlay-type":"","overlay-color":"","overlay-opacity":"","overlay-gradient":""},"mobile":{"background-color":"var(--ast-global-color-4)","background-image":"","background-repeat":"repeat","background-position":"center center","background-size":"auto","background-attachment":"scroll","background-type":"","background-media":"","overlay-type":"","overlay-color":"","overlay-opacity":"","overlay-gradient":""}},"footnotes":""},"categories":[1],"tags":[],"class_list":["post-61294","post","type-post","status-publish","format-standard","hentry","category-sem-categoria"],"yoast_head":"<!-- This site is optimized with the Yoast SEO plugin v26.6 - https:\/\/yoast.com\/wordpress\/plugins\/seo\/ -->\n<title>Adriano condena venda de im\u00f3veis do Estado para cobrir rombo no Fepa no governo Fl\u00e1vio Dino - Daniel Matos<\/title>\n<meta name=\"robots\" content=\"index, follow, max-snippet:-1, max-image-preview:large, max-video-preview:-1\" \/>\n<link rel=\"canonical\" href=\"https:\/\/www.blogsoestado.com\/danielmatos\/adriano-condena-venda-de-imoveis-do-estado-para-cobrir-rombo-no-fepa-no-governo-flavio-dino\/\" \/>\n<meta property=\"og:locale\" content=\"pt_BR\" \/>\n<meta property=\"og:type\" content=\"article\" \/>\n<meta property=\"og:title\" content=\"Adriano condena venda de im\u00f3veis do Estado para cobrir rombo no Fepa no governo Fl\u00e1vio Dino - Daniel Matos\" \/>\n<meta property=\"og:description\" content=\"Em entrevista ao rep\u00f3rter Jorge Arag\u00e3o (R\u00e1dio Mirante AM), o deputado Adriano Sarney (PV) criticou a inten\u00e7\u00e3o do governo comunista [&hellip;]\" \/>\n<meta property=\"og:url\" content=\"https:\/\/www.blogsoestado.com\/danielmatos\/adriano-condena-venda-de-imoveis-do-estado-para-cobrir-rombo-no-fepa-no-governo-flavio-dino\/\" \/>\n<meta property=\"og:site_name\" content=\"Daniel Matos\" \/>\n<meta property=\"article:published_time\" content=\"2019-03-21T14:47:59+00:00\" \/>\n<meta property=\"og:image\" content=\"https:\/\/www.blogsoestado.com\/danielmatos\/files\/2019\/03\/adriano-aragao-1024x768.jpg\" \/>\n<meta name=\"twitter:card\" content=\"summary_large_image\" \/>\n<meta name=\"twitter:label1\" content=\"Est. tempo de leitura\" \/>\n\t<meta name=\"twitter:data1\" content=\"1 minuto\" \/>\n<script type=\"application\/ld+json\" class=\"yoast-schema-graph\">{\"@context\":\"https:\/\/schema.org\",\"@graph\":[{\"@type\":\"WebPage\",\"@id\":\"https:\/\/www.blogsoestado.com\/danielmatos\/adriano-condena-venda-de-imoveis-do-estado-para-cobrir-rombo-no-fepa-no-governo-flavio-dino\/\",\"url\":\"https:\/\/www.blogsoestado.com\/danielmatos\/adriano-condena-venda-de-imoveis-do-estado-para-cobrir-rombo-no-fepa-no-governo-flavio-dino\/\",\"name\":\"Adriano condena venda de im\u00f3veis do Estado para cobrir rombo no Fepa no governo Fl\u00e1vio Dino - Daniel Matos\",\"isPartOf\":{\"@id\":\"https:\/\/www.blogsoestado.com\/danielmatos\/#website\"},\"primaryImageOfPage\":{\"@id\":\"https:\/\/www.blogsoestado.com\/danielmatos\/adriano-condena-venda-de-imoveis-do-estado-para-cobrir-rombo-no-fepa-no-governo-flavio-dino\/#primaryimage\"},\"image\":{\"@id\":\"https:\/\/www.blogsoestado.com\/danielmatos\/adriano-condena-venda-de-imoveis-do-estado-para-cobrir-rombo-no-fepa-no-governo-flavio-dino\/#primaryimage\"},\"thumbnailUrl\":\"https:\/\/www.blogsoestado.com\/danielmatos\/files\/2019\/03\/adriano-aragao-1024x768.jpg\",\"datePublished\":\"2019-03-21T14:47:59+00:00\",\"author\":{\"@id\":\"\"},\"breadcrumb\":{\"@id\":\"https:\/\/www.blogsoestado.com\/danielmatos\/adriano-condena-venda-de-imoveis-do-estado-para-cobrir-rombo-no-fepa-no-governo-flavio-dino\/#breadcrumb\"},\"inLanguage\":\"pt-BR\",\"potentialAction\":[{\"@type\":\"ReadAction\",\"target\":[\"https:\/\/www.blogsoestado.com\/danielmatos\/adriano-condena-venda-de-imoveis-do-estado-para-cobrir-rombo-no-fepa-no-governo-flavio-dino\/\"]}]},{\"@type\":\"ImageObject\",\"inLanguage\":\"pt-BR\",\"@id\":\"https:\/\/www.blogsoestado.com\/danielmatos\/adriano-condena-venda-de-imoveis-do-estado-para-cobrir-rombo-no-fepa-no-governo-flavio-dino\/#primaryimage\",\"url\":\"https:\/\/www.blogsoestado.com\/danielmatos\/files\/2019\/03\/adriano-aragao-1024x768.jpg\",\"contentUrl\":\"https:\/\/www.blogsoestado.com\/danielmatos\/files\/2019\/03\/adriano-aragao-1024x768.jpg\"},{\"@type\":\"BreadcrumbList\",\"@id\":\"https:\/\/www.blogsoestado.com\/danielmatos\/adriano-condena-venda-de-imoveis-do-estado-para-cobrir-rombo-no-fepa-no-governo-flavio-dino\/#breadcrumb\",\"itemListElement\":[{\"@type\":\"ListItem\",\"position\":1,\"name\":\"In\u00edcio\",\"item\":\"https:\/\/www.blogsoestado.com\/danielmatos\/\"},{\"@type\":\"ListItem\",\"position\":2,\"name\":\"Adriano condena venda de im\u00f3veis do Estado para cobrir rombo no Fepa no governo Fl\u00e1vio Dino\"}]},{\"@type\":\"WebSite\",\"@id\":\"https:\/\/www.blogsoestado.com\/danielmatos\/#website\",\"url\":\"https:\/\/www.blogsoestado.com\/danielmatos\/\",\"name\":\"Daniel Matos\",\"description\":\"\",\"potentialAction\":[{\"@type\":\"SearchAction\",\"target\":{\"@type\":\"EntryPoint\",\"urlTemplate\":\"https:\/\/www.blogsoestado.com\/danielmatos\/?s={search_term_string}\"},\"query-input\":{\"@type\":\"PropertyValueSpecification\",\"valueRequired\":true,\"valueName\":\"search_term_string\"}}],\"inLanguage\":\"pt-BR\"}]}<\/script>\n<!-- \/ Yoast SEO plugin. -->","yoast_head_json":{"title":"Adriano condena venda de im\u00f3veis do Estado para cobrir rombo no Fepa no governo Fl\u00e1vio Dino - Daniel Matos","robots":{"index":"index","follow":"follow","max-snippet":"max-snippet:-1","max-image-preview":"max-image-preview:large","max-video-preview":"max-video-preview:-1"},"canonical":"https:\/\/www.blogsoestado.com\/danielmatos\/adriano-condena-venda-de-imoveis-do-estado-para-cobrir-rombo-no-fepa-no-governo-flavio-dino\/","og_locale":"pt_BR","og_type":"article","og_title":"Adriano condena venda de im\u00f3veis do Estado para cobrir rombo no Fepa no governo Fl\u00e1vio Dino - Daniel Matos","og_description":"Em entrevista ao rep\u00f3rter Jorge Arag\u00e3o (R\u00e1dio Mirante AM), o deputado Adriano Sarney (PV) criticou a inten\u00e7\u00e3o do governo comunista [&hellip;]","og_url":"https:\/\/www.blogsoestado.com\/danielmatos\/adriano-condena-venda-de-imoveis-do-estado-para-cobrir-rombo-no-fepa-no-governo-flavio-dino\/","og_site_name":"Daniel Matos","article_published_time":"2019-03-21T14:47:59+00:00","og_image":[{"url":"https:\/\/www.blogsoestado.com\/danielmatos\/files\/2019\/03\/adriano-aragao-1024x768.jpg","type":"","width":"","height":""}],"twitter_card":"summary_large_image","twitter_misc":{"Est. tempo de leitura":"1 minuto"},"schema":{"@context":"https:\/\/schema.org","@graph":[{"@type":"WebPage","@id":"https:\/\/www.blogsoestado.com\/danielmatos\/adriano-condena-venda-de-imoveis-do-estado-para-cobrir-rombo-no-fepa-no-governo-flavio-dino\/","url":"https:\/\/www.blogsoestado.com\/danielmatos\/adriano-condena-venda-de-imoveis-do-estado-para-cobrir-rombo-no-fepa-no-governo-flavio-dino\/","name":"Adriano condena venda de im\u00f3veis do Estado para cobrir rombo no Fepa no governo Fl\u00e1vio Dino - Daniel Matos","isPartOf":{"@id":"https:\/\/www.blogsoestado.com\/danielmatos\/#website"},"primaryImageOfPage":{"@id":"https:\/\/www.blogsoestado.com\/danielmatos\/adriano-condena-venda-de-imoveis-do-estado-para-cobrir-rombo-no-fepa-no-governo-flavio-dino\/#primaryimage"},"image":{"@id":"https:\/\/www.blogsoestado.com\/danielmatos\/adriano-condena-venda-de-imoveis-do-estado-para-cobrir-rombo-no-fepa-no-governo-flavio-dino\/#primaryimage"},"thumbnailUrl":"https:\/\/www.blogsoestado.com\/danielmatos\/files\/2019\/03\/adriano-aragao-1024x768.jpg","datePublished":"2019-03-21T14:47:59+00:00","author":{"@id":""},"breadcrumb":{"@id":"https:\/\/www.blogsoestado.com\/danielmatos\/adriano-condena-venda-de-imoveis-do-estado-para-cobrir-rombo-no-fepa-no-governo-flavio-dino\/#breadcrumb"},"inLanguage":"pt-BR","potentialAction":[{"@type":"ReadAction","target":["https:\/\/www.blogsoestado.com\/danielmatos\/adriano-condena-venda-de-imoveis-do-estado-para-cobrir-rombo-no-fepa-no-governo-flavio-dino\/"]}]},{"@type":"ImageObject","inLanguage":"pt-BR","@id":"https:\/\/www.blogsoestado.com\/danielmatos\/adriano-condena-venda-de-imoveis-do-estado-para-cobrir-rombo-no-fepa-no-governo-flavio-dino\/#primaryimage","url":"https:\/\/www.blogsoestado.com\/danielmatos\/files\/2019\/03\/adriano-aragao-1024x768.jpg","contentUrl":"https:\/\/www.blogsoestado.com\/danielmatos\/files\/2019\/03\/adriano-aragao-1024x768.jpg"},{"@type":"BreadcrumbList","@id":"https:\/\/www.blogsoestado.com\/danielmatos\/adriano-condena-venda-de-imoveis-do-estado-para-cobrir-rombo-no-fepa-no-governo-flavio-dino\/#breadcrumb","itemListElement":[{"@type":"ListItem","position":1,"name":"In\u00edcio","item":"https:\/\/www.blogsoestado.com\/danielmatos\/"},{"@type":"ListItem","position":2,"name":"Adriano condena venda de im\u00f3veis do Estado para cobrir rombo no Fepa no governo Fl\u00e1vio Dino"}]},{"@type":"WebSite","@id":"https:\/\/www.blogsoestado.com\/danielmatos\/#website","url":"https:\/\/www.blogsoestado.com\/danielmatos\/","name":"Daniel Matos","description":"","potentialAction":[{"@type":"SearchAction","target":{"@type":"EntryPoint","urlTemplate":"https:\/\/www.blogsoestado.com\/danielmatos\/?s={search_term_string}"},"query-input":{"@type":"PropertyValueSpecification","valueRequired":true,"valueName":"search_term_string"}}],"inLanguage":"pt-BR"}]}},"jetpack_featured_media_url":"","_links":{"self":[{"href":"https:\/\/www.blogsoestado.com\/danielmatos\/wp-json\/wp\/v2\/posts\/61294","targetHints":{"allow":["GET"]}}],"collection":[{"href":"https:\/\/www.blogsoestado.com\/danielmatos\/wp-json\/wp\/v2\/posts"}],"about":[{"href":"https:\/\/www.blogsoestado.com\/danielmatos\/wp-json\/wp\/v2\/types\/post"}],"replies":[{"embeddable":true,"href":"https:\/\/www.blogsoestado.com\/danielmatos\/wp-json\/wp\/v2\/comments?post=61294"}],"version-history":[{"count":0,"href":"https:\/\/www.blogsoestado.com\/danielmatos\/wp-json\/wp\/v2\/posts\/61294\/revisions"}],"wp:attachment":[{"href":"https:\/\/www.blogsoestado.com\/danielmatos\/wp-json\/wp\/v2\/media?parent=61294"}],"wp:term":[{"taxonomy":"category","embeddable":true,"href":"https:\/\/www.blogsoestado.com\/danielmatos\/wp-json\/wp\/v2\/categories?post=61294"},{"taxonomy":"post_tag","embeddable":true,"href":"https:\/\/www.blogsoestado.com\/danielmatos\/wp-json\/wp\/v2\/tags?post=61294"}],"curies":[{"name":"wp","href":"https:\/\/api.w.org\/{rel}","templated":true}]}}