{"id":61303,"date":"2019-03-21T16:44:45","date_gmt":"2019-03-21T19:44:45","guid":{"rendered":"https:\/\/www.blogsoestado.com\/danielmatos\/?p=61303"},"modified":"2019-03-21T16:44:45","modified_gmt":"2019-03-21T19:44:45","slug":"suzano-comemora-cinco-anos-da-inauguracao-de-fabrica-no-maranhao","status":"publish","type":"post","link":"https:\/\/www.blogsoestado.com\/danielmatos\/suzano-comemora-cinco-anos-da-inauguracao-de-fabrica-no-maranhao\/","title":{"rendered":"Suzano comemora cinco anos da inaugura\u00e7\u00e3o de f\u00e1brica no Maranh\u00e3o"},"content":{"rendered":"\n<p class=\"has-text-color has-large-font-size has-vivid-red-color\">Unidade Imperatriz contribui com o desenvolvimento da regi\u00e3o e aumento no PIB per capita<\/p>\n\n\n\n<div class=\"wp-block-image\"><figure class=\"aligncenter\"><img decoding=\"async\" src=\"https:\/\/www.blogsoestado.com\/danielmatos\/files\/2019\/03\/suzano-imperatriz.jpg\" alt=\"\" class=\"wp-image-61304\"\/><figcaption>Vista a\u00e9rea da f\u00e1brica da Suzano em Imperatriz (<strong>Foto:<\/strong> S\u00e9rgio Zacchi)<\/figcaption><\/figure><\/div>\n\n\n\n<p>A Suzano completou, nessa quarta-feira (20), cinco anos do in\u00edcio das opera\u00e7\u00f5es da sua Unidade Imperatriz, no Maranh\u00e3o. A f\u00e1brica inaugurada em 2014, tem capacidade de produ\u00e7\u00e3o de 1,65 milh\u00e3o de toneladas de celulose por ano e 60 mil toneladas de pap\u00e9is sanit\u00e1rios. Desde a inaugura\u00e7\u00e3o da Unidade Industrial na cidade, a companhia busca contribuir com a gera\u00e7\u00e3o de oportunidades de trabalho e com os avan\u00e7os sociais e ambientais nas comunidades do entorno. Atualmente, s\u00e3o aproximadamente 5.100 empregos gerados direta ou indiretamente, englobando as opera\u00e7\u00f5es industriais e florestais, o que contribui com a posi\u00e7\u00e3o do munic\u00edpio em terceiro lugar entre as cidades com melhores condi\u00e7\u00f5es de emprego no Estado.<\/p>\n\n\n\n<p>Um importante polo energ\u00e9tico do Nordeste, Imperatriz \u00e9 o segundo maior munic\u00edpio do Maranh\u00e3o, com mais de 255 mil habitantes. Desde que a Suzano chegou \u00e0 regi\u00e3o, j\u00e1 contribuiu com um aumento de 71% no PIB per capita da cidade, al\u00e9m de promover o aumento nas exporta\u00e7\u00f5es no munic\u00edpio, fazendo com que Imperatriz ocupe atualmente a 59\u00aa posi\u00e7\u00e3o entre os munic\u00edpios que mais exportam no Pa\u00eds. Tamb\u00e9m sobre o desenvolvimento da economia regional, a empresa contratou, em 2018, aproximadamente 400 fornecedores locais, com movimenta\u00e7\u00e3o  de mais de R$850 milh\u00f5es neste ano.<\/p>\n\n\n\n<p>Nacionalmente, a empresa alavancou a cidade em mais de 500 posi\u00e7\u00f5es no ranking de desenvolvimento de munic\u00edpios. \u201cPara n\u00f3s \u00e9 um orgulho poder fomentar o desenvolvimento dessa regi\u00e3o e contribuir econ\u00f4mica e socialmente com o crescimento da cidade\u201d, afirma Jos\u00e9 Wilhelms Ventura, Gerente Executivo Industrial da Suzano no Maranh\u00e3o.<\/p>\n\n\n\n<p><strong>Inaugura\u00e7\u00e3o e recorde<\/strong><\/p>\n\n\n\n<div class=\"wp-block-image\"><figure class=\"aligncenter\"><img decoding=\"async\" src=\"https:\/\/www.blogsoestado.com\/danielmatos\/files\/2019\/03\/suzano-imperatriz2.jpg\" alt=\"\" class=\"wp-image-61305\"\/><figcaption>Fachada da f\u00e1brica da Suzano em Imperatriz (F<strong>otos:<\/strong> S\u00e9rgio Zacchi)<\/figcaption><\/figure><\/div>\n\n\n\n<p>Em 2017, a Unidade deu in\u00edcio \u00e0s opera\u00e7\u00f5es da f\u00e1brica de produ\u00e7\u00e3o de bobinas usadas na confec\u00e7\u00e3o de pap\u00e9is sanit\u00e1rios (tissue), tornando-se a primeira desse segmento no Maranh\u00e3o, e j\u00e1 atingiu recordes em produ\u00e7\u00e3o di\u00e1ria de folha simples, produ\u00e7\u00e3o di\u00e1ria de folha dupla e atingimento de velocidade. Al\u00e9m disso, atualmente a empresa ocupa a posi\u00e7\u00e3o de l\u00edder do segmento de pap\u00e9is higi\u00eanicos no Norte-Nordeste em volume e representa cerca de 20% de participa\u00e7\u00e3o no mercado total da regi\u00e3o.<\/p>\n\n\n\n<p>Assim como faz parte da tradi\u00e7\u00e3o da Suzano, a Unidade Imperatriz, em cinco anos de opera\u00e7\u00e3o, j\u00e1 recebeu mais de US$ 3 bilh\u00f5es em investimentos sempre com foco em tecnologia e inova\u00e7\u00e3o. O \u00faltimo, foi a sala CPF \u2013 Centro de Preven\u00e7\u00e3o de Falhas, que tem como objetivo contribuir com a identifica\u00e7\u00e3o de falhas em um tempo de resposta mais eficiente. O m\u00e9todo, ligado ao conceito de Ind\u00fastria 4.0, n\u00e3o exige o armazenamento de informa\u00e7\u00f5es em m\u00e1quinas locais e todos os dados coletados est\u00e3o dispon\u00edveis em nuvem de f\u00e1cil acesso remoto.<\/p>\n","protected":false},"excerpt":{"rendered":"<p>Unidade Imperatriz contribui com o desenvolvimento da regi\u00e3o e aumento no PIB per capita A Suzano completou, nessa quarta-feira (20), [&hellip;]<\/p>\n","protected":false},"author":0,"featured_media":0,"comment_status":"open","ping_status":"open","sticky":false,"template":"","format":"standard","meta":{"site-sidebar-layout":"default","site-content-layout":"","ast-site-content-layout":"default","site-content-style":"default","site-sidebar-style":"default","ast-global-header-display":"","ast-banner-title-visibility":"","ast-main-header-display":"","ast-hfb-above-header-display":"","ast-hfb-below-header-display":"","ast-hfb-mobile-header-display":"","site-post-title":"","ast-breadcrumbs-content":"","ast-featured-img":"","footer-sml-layout":"","ast-disable-related-posts":"","theme-transparent-header-meta":"","adv-header-id-meta":"","stick-header-meta":"","header-above-stick-meta":"","header-main-stick-meta":"","header-below-stick-meta":"","astra-migrate-meta-layouts":"default","ast-page-background-enabled":"default","ast-page-background-meta":{"desktop":{"background-color":"var(--ast-global-color-5)","background-image":"","background-repeat":"repeat","background-position":"center center","background-size":"auto","background-attachment":"scroll","background-type":"","background-media":"","overlay-type":"","overlay-color":"","overlay-opacity":"","overlay-gradient":""},"tablet":{"background-color":"","background-image":"","background-repeat":"repeat","background-position":"center center","background-size":"auto","background-attachment":"scroll","background-type":"","background-media":"","overlay-type":"","overlay-color":"","overlay-opacity":"","overlay-gradient":""},"mobile":{"background-color":"","background-image":"","background-repeat":"repeat","background-position":"center center","background-size":"auto","background-attachment":"scroll","background-type":"","background-media":"","overlay-type":"","overlay-color":"","overlay-opacity":"","overlay-gradient":""}},"ast-content-background-meta":{"desktop":{"background-color":"var(--ast-global-color-4)","background-image":"","background-repeat":"repeat","background-position":"center center","background-size":"auto","background-attachment":"scroll","background-type":"","background-media":"","overlay-type":"","overlay-color":"","overlay-opacity":"","overlay-gradient":""},"tablet":{"background-color":"var(--ast-global-color-4)","background-image":"","background-repeat":"repeat","background-position":"center center","background-size":"auto","background-attachment":"scroll","background-type":"","background-media":"","overlay-type":"","overlay-color":"","overlay-opacity":"","overlay-gradient":""},"mobile":{"background-color":"var(--ast-global-color-4)","background-image":"","background-repeat":"repeat","background-position":"center center","background-size":"auto","background-attachment":"scroll","background-type":"","background-media":"","overlay-type":"","overlay-color":"","overlay-opacity":"","overlay-gradient":""}},"footnotes":""},"categories":[1],"tags":[],"class_list":["post-61303","post","type-post","status-publish","format-standard","hentry","category-sem-categoria"],"yoast_head":"<!-- This site is optimized with the Yoast SEO plugin v26.6 - https:\/\/yoast.com\/wordpress\/plugins\/seo\/ -->\n<title>Suzano comemora cinco anos da inaugura\u00e7\u00e3o de f\u00e1brica no Maranh\u00e3o - Daniel Matos<\/title>\n<meta name=\"robots\" content=\"index, follow, max-snippet:-1, max-image-preview:large, max-video-preview:-1\" \/>\n<link rel=\"canonical\" href=\"https:\/\/www.blogsoestado.com\/danielmatos\/suzano-comemora-cinco-anos-da-inauguracao-de-fabrica-no-maranhao\/\" \/>\n<meta property=\"og:locale\" content=\"pt_BR\" \/>\n<meta property=\"og:type\" content=\"article\" \/>\n<meta property=\"og:title\" content=\"Suzano comemora cinco anos da inaugura\u00e7\u00e3o de f\u00e1brica no Maranh\u00e3o - Daniel Matos\" \/>\n<meta property=\"og:description\" content=\"Unidade Imperatriz contribui com o desenvolvimento da regi\u00e3o e aumento no PIB per capita A Suzano completou, nessa quarta-feira (20), [&hellip;]\" \/>\n<meta property=\"og:url\" content=\"https:\/\/www.blogsoestado.com\/danielmatos\/suzano-comemora-cinco-anos-da-inauguracao-de-fabrica-no-maranhao\/\" \/>\n<meta property=\"og:site_name\" content=\"Daniel Matos\" \/>\n<meta property=\"article:published_time\" content=\"2019-03-21T19:44:45+00:00\" \/>\n<meta property=\"og:image\" content=\"https:\/\/www.blogsoestado.com\/danielmatos\/files\/2019\/03\/suzano-imperatriz.jpg\" \/>\n<meta name=\"twitter:card\" content=\"summary_large_image\" \/>\n<meta name=\"twitter:label1\" content=\"Est. tempo de leitura\" \/>\n\t<meta name=\"twitter:data1\" content=\"3 minutos\" \/>\n<script type=\"application\/ld+json\" class=\"yoast-schema-graph\">{\"@context\":\"https:\/\/schema.org\",\"@graph\":[{\"@type\":\"WebPage\",\"@id\":\"https:\/\/www.blogsoestado.com\/danielmatos\/suzano-comemora-cinco-anos-da-inauguracao-de-fabrica-no-maranhao\/\",\"url\":\"https:\/\/www.blogsoestado.com\/danielmatos\/suzano-comemora-cinco-anos-da-inauguracao-de-fabrica-no-maranhao\/\",\"name\":\"Suzano comemora cinco anos da inaugura\u00e7\u00e3o de f\u00e1brica no Maranh\u00e3o - Daniel Matos\",\"isPartOf\":{\"@id\":\"https:\/\/www.blogsoestado.com\/danielmatos\/#website\"},\"primaryImageOfPage\":{\"@id\":\"https:\/\/www.blogsoestado.com\/danielmatos\/suzano-comemora-cinco-anos-da-inauguracao-de-fabrica-no-maranhao\/#primaryimage\"},\"image\":{\"@id\":\"https:\/\/www.blogsoestado.com\/danielmatos\/suzano-comemora-cinco-anos-da-inauguracao-de-fabrica-no-maranhao\/#primaryimage\"},\"thumbnailUrl\":\"https:\/\/www.blogsoestado.com\/danielmatos\/files\/2019\/03\/suzano-imperatriz.jpg\",\"datePublished\":\"2019-03-21T19:44:45+00:00\",\"author\":{\"@id\":\"\"},\"breadcrumb\":{\"@id\":\"https:\/\/www.blogsoestado.com\/danielmatos\/suzano-comemora-cinco-anos-da-inauguracao-de-fabrica-no-maranhao\/#breadcrumb\"},\"inLanguage\":\"pt-BR\",\"potentialAction\":[{\"@type\":\"ReadAction\",\"target\":[\"https:\/\/www.blogsoestado.com\/danielmatos\/suzano-comemora-cinco-anos-da-inauguracao-de-fabrica-no-maranhao\/\"]}]},{\"@type\":\"ImageObject\",\"inLanguage\":\"pt-BR\",\"@id\":\"https:\/\/www.blogsoestado.com\/danielmatos\/suzano-comemora-cinco-anos-da-inauguracao-de-fabrica-no-maranhao\/#primaryimage\",\"url\":\"https:\/\/www.blogsoestado.com\/danielmatos\/files\/2019\/03\/suzano-imperatriz.jpg\",\"contentUrl\":\"https:\/\/www.blogsoestado.com\/danielmatos\/files\/2019\/03\/suzano-imperatriz.jpg\"},{\"@type\":\"BreadcrumbList\",\"@id\":\"https:\/\/www.blogsoestado.com\/danielmatos\/suzano-comemora-cinco-anos-da-inauguracao-de-fabrica-no-maranhao\/#breadcrumb\",\"itemListElement\":[{\"@type\":\"ListItem\",\"position\":1,\"name\":\"In\u00edcio\",\"item\":\"https:\/\/www.blogsoestado.com\/danielmatos\/\"},{\"@type\":\"ListItem\",\"position\":2,\"name\":\"Suzano comemora cinco anos da inaugura\u00e7\u00e3o de f\u00e1brica no Maranh\u00e3o\"}]},{\"@type\":\"WebSite\",\"@id\":\"https:\/\/www.blogsoestado.com\/danielmatos\/#website\",\"url\":\"https:\/\/www.blogsoestado.com\/danielmatos\/\",\"name\":\"Daniel Matos\",\"description\":\"\",\"potentialAction\":[{\"@type\":\"SearchAction\",\"target\":{\"@type\":\"EntryPoint\",\"urlTemplate\":\"https:\/\/www.blogsoestado.com\/danielmatos\/?s={search_term_string}\"},\"query-input\":{\"@type\":\"PropertyValueSpecification\",\"valueRequired\":true,\"valueName\":\"search_term_string\"}}],\"inLanguage\":\"pt-BR\"}]}<\/script>\n<!-- \/ Yoast SEO plugin. -->","yoast_head_json":{"title":"Suzano comemora cinco anos da inaugura\u00e7\u00e3o de f\u00e1brica no Maranh\u00e3o - Daniel Matos","robots":{"index":"index","follow":"follow","max-snippet":"max-snippet:-1","max-image-preview":"max-image-preview:large","max-video-preview":"max-video-preview:-1"},"canonical":"https:\/\/www.blogsoestado.com\/danielmatos\/suzano-comemora-cinco-anos-da-inauguracao-de-fabrica-no-maranhao\/","og_locale":"pt_BR","og_type":"article","og_title":"Suzano comemora cinco anos da inaugura\u00e7\u00e3o de f\u00e1brica no Maranh\u00e3o - Daniel Matos","og_description":"Unidade Imperatriz contribui com o desenvolvimento da regi\u00e3o e aumento no PIB per capita A Suzano completou, nessa quarta-feira (20), [&hellip;]","og_url":"https:\/\/www.blogsoestado.com\/danielmatos\/suzano-comemora-cinco-anos-da-inauguracao-de-fabrica-no-maranhao\/","og_site_name":"Daniel Matos","article_published_time":"2019-03-21T19:44:45+00:00","og_image":[{"url":"https:\/\/www.blogsoestado.com\/danielmatos\/files\/2019\/03\/suzano-imperatriz.jpg","type":"","width":"","height":""}],"twitter_card":"summary_large_image","twitter_misc":{"Est. tempo de leitura":"3 minutos"},"schema":{"@context":"https:\/\/schema.org","@graph":[{"@type":"WebPage","@id":"https:\/\/www.blogsoestado.com\/danielmatos\/suzano-comemora-cinco-anos-da-inauguracao-de-fabrica-no-maranhao\/","url":"https:\/\/www.blogsoestado.com\/danielmatos\/suzano-comemora-cinco-anos-da-inauguracao-de-fabrica-no-maranhao\/","name":"Suzano comemora cinco anos da inaugura\u00e7\u00e3o de f\u00e1brica no Maranh\u00e3o - Daniel Matos","isPartOf":{"@id":"https:\/\/www.blogsoestado.com\/danielmatos\/#website"},"primaryImageOfPage":{"@id":"https:\/\/www.blogsoestado.com\/danielmatos\/suzano-comemora-cinco-anos-da-inauguracao-de-fabrica-no-maranhao\/#primaryimage"},"image":{"@id":"https:\/\/www.blogsoestado.com\/danielmatos\/suzano-comemora-cinco-anos-da-inauguracao-de-fabrica-no-maranhao\/#primaryimage"},"thumbnailUrl":"https:\/\/www.blogsoestado.com\/danielmatos\/files\/2019\/03\/suzano-imperatriz.jpg","datePublished":"2019-03-21T19:44:45+00:00","author":{"@id":""},"breadcrumb":{"@id":"https:\/\/www.blogsoestado.com\/danielmatos\/suzano-comemora-cinco-anos-da-inauguracao-de-fabrica-no-maranhao\/#breadcrumb"},"inLanguage":"pt-BR","potentialAction":[{"@type":"ReadAction","target":["https:\/\/www.blogsoestado.com\/danielmatos\/suzano-comemora-cinco-anos-da-inauguracao-de-fabrica-no-maranhao\/"]}]},{"@type":"ImageObject","inLanguage":"pt-BR","@id":"https:\/\/www.blogsoestado.com\/danielmatos\/suzano-comemora-cinco-anos-da-inauguracao-de-fabrica-no-maranhao\/#primaryimage","url":"https:\/\/www.blogsoestado.com\/danielmatos\/files\/2019\/03\/suzano-imperatriz.jpg","contentUrl":"https:\/\/www.blogsoestado.com\/danielmatos\/files\/2019\/03\/suzano-imperatriz.jpg"},{"@type":"BreadcrumbList","@id":"https:\/\/www.blogsoestado.com\/danielmatos\/suzano-comemora-cinco-anos-da-inauguracao-de-fabrica-no-maranhao\/#breadcrumb","itemListElement":[{"@type":"ListItem","position":1,"name":"In\u00edcio","item":"https:\/\/www.blogsoestado.com\/danielmatos\/"},{"@type":"ListItem","position":2,"name":"Suzano comemora cinco anos da inaugura\u00e7\u00e3o de f\u00e1brica no Maranh\u00e3o"}]},{"@type":"WebSite","@id":"https:\/\/www.blogsoestado.com\/danielmatos\/#website","url":"https:\/\/www.blogsoestado.com\/danielmatos\/","name":"Daniel Matos","description":"","potentialAction":[{"@type":"SearchAction","target":{"@type":"EntryPoint","urlTemplate":"https:\/\/www.blogsoestado.com\/danielmatos\/?s={search_term_string}"},"query-input":{"@type":"PropertyValueSpecification","valueRequired":true,"valueName":"search_term_string"}}],"inLanguage":"pt-BR"}]}},"jetpack_featured_media_url":"","_links":{"self":[{"href":"https:\/\/www.blogsoestado.com\/danielmatos\/wp-json\/wp\/v2\/posts\/61303","targetHints":{"allow":["GET"]}}],"collection":[{"href":"https:\/\/www.blogsoestado.com\/danielmatos\/wp-json\/wp\/v2\/posts"}],"about":[{"href":"https:\/\/www.blogsoestado.com\/danielmatos\/wp-json\/wp\/v2\/types\/post"}],"replies":[{"embeddable":true,"href":"https:\/\/www.blogsoestado.com\/danielmatos\/wp-json\/wp\/v2\/comments?post=61303"}],"version-history":[{"count":0,"href":"https:\/\/www.blogsoestado.com\/danielmatos\/wp-json\/wp\/v2\/posts\/61303\/revisions"}],"wp:attachment":[{"href":"https:\/\/www.blogsoestado.com\/danielmatos\/wp-json\/wp\/v2\/media?parent=61303"}],"wp:term":[{"taxonomy":"category","embeddable":true,"href":"https:\/\/www.blogsoestado.com\/danielmatos\/wp-json\/wp\/v2\/categories?post=61303"},{"taxonomy":"post_tag","embeddable":true,"href":"https:\/\/www.blogsoestado.com\/danielmatos\/wp-json\/wp\/v2\/tags?post=61303"}],"curies":[{"name":"wp","href":"https:\/\/api.w.org\/{rel}","templated":true}]}}